{"id":9713,"date":"2018-06-15T13:14:11","date_gmt":"2018-06-15T11:14:11","guid":{"rendered":"https:\/\/marekkuchcinski.pl\/?p=9713"},"modified":"2018-06-15T13:14:11","modified_gmt":"2018-06-15T11:14:11","slug":"podsumowanie-64-posiedzenia-sejmu","status":"publish","type":"post","link":"https:\/\/marekkuchcinski.pl\/hu\/wydarzenia\/podsumowanie-64-posiedzenia-sejmu\/","title":{"rendered":"A Szejm 64. \u00fcl\u00e9s\u00e9nek \u00f6sszefoglal\u00f3ja"},"content":{"rendered":"<p>A Szejm \u00e1ltal ma elfogadott rendelkez\u00e9seknek k\u00f6sz\u00f6nhet\u0151en a k\u00f6zhivatalok \u00e9s port\u00e1lok, bankok \u00e9s online boltok egyetlen jelsz\u00f3val \u00e9s bejelentkez\u00e9ssel lesznek el\u00e9rhet\u0151k;<\/p>\n<p>A szejm elfogadta az olyan szem\u00e9lyek ingyenes jogi seg\u00edts\u00e9gny\u00fajt\u00e1s\u00e1r\u00f3l sz\u00f3l\u00f3 t\u00f6rv\u00e9ny m\u00f3dos\u00edt\u00e1s\u00e1nak eln\u00f6ki tervezet\u00e9t, akiknek anyagi helyzet\u00fck vagy \u00e9lethelyzet\u00fck miatt nincs lehet\u0151s\u00e9g\u00fck ilyen seg\u00edts\u00e9g ig\u00e9nybev\u00e9tel\u00e9re. A c\u00e9l a hat\u00e1ly kiterjeszt\u00e9se \u00e9s a rendszer \u00e9sszer\u0171s\u00edt\u00e9se. A jogi tan\u00e1csad\u00f3k sz\u00e1m\u00e1t n\u00f6velni fogj\u00e1k.<span class=\"text_exposed_show\">Az ingyenes jogi seg\u00edts\u00e9gny\u00fajt\u00e1s mellett ingyenes polg\u00e1ri tan\u00e1csad\u00e1s \u00e9s k\u00f6zvet\u00edt\u00e9s is lesz;<\/span><\/p>\n<div class=\"text_exposed_show\">\n<p>Annak \u00e9rdek\u00e9ben, hogy a lengyel \u00e9lelmiszeripari term\u00e9kek \u00e1lland\u00f3 jelenl\u00e9t\u00e9t biztos\u00edts\u00e1k a nem eur\u00f3pai piacokon, \u00e9s korl\u00e1tozz\u00e1k azokat az incidenseket, amelyek k\u00e1ros\u00edtj\u00e1k Lengyelorsz\u00e1g megb\u00edzhat\u00f3 termel\u0151 \u00e9s export\u0151r k\u00e9p\u00e9t, a szejm elfogadta a t\u00f6rv\u00e9nyt m\u00f3dos\u00edt\u00f3 korm\u00e1nyzati t\u00f6rv\u00e9nyjavaslatot;<\/p>\n<p>A szejm elfogadta a Lengyel K\u00f6zt\u00e1rsas\u00e1g eln\u00f6k\u00e9nek a visszanyert f\u00fcggetlens\u00e9g centen\u00e1riumi eml\u00e9k\u00e9rm\u00e9nek alap\u00edt\u00e1s\u00e1r\u00f3l sz\u00f3l\u00f3 t\u00f6rv\u00e9ny\u00e9t. A d\u00edjat a Lengyel K\u00f6zt\u00e1rsas\u00e1g f\u00fcggetlens\u00e9g\u00e9nek visszaszerz\u00e9s\u00e9hez \u00e9s meger\u0151s\u00edt\u00e9s\u00e9hez kapcsol\u00f3d\u00f3 szem\u00e9lyek kapj\u00e1k. A Lengyel K\u00f6zt\u00e1rsas\u00e1g eln\u00f6k\u00e9nek jogalkot\u00e1si kezdem\u00e9nyez\u00e9se a lengyel f\u00fcggetlens\u00e9g visszaszerz\u00e9s\u00e9nek 100. \u00e9vfordul\u00f3j\u00e1nak meg\u00fcnnepl\u00e9s\u00e9re ir\u00e1nyul, amely id\u00e9nre esik;<\/p>\n<p>A Szejm jav\u00edtotta a szoci\u00e1lis p\u00e1rbesz\u00e9det nemzeti \u00e9s region\u00e1lis szinten;<\/p>\n<p>A Harmadik Birodalom \u00e9s a Szovjetuni\u00f3 \u00e1ltal k\u00e9nyszermunk\u00e1ra deport\u00e1lt emberek \u00faj jogosults\u00e1gokat kapnak. \u0150k soron k\u00edv\u00fcl hozz\u00e1f\u00e9rhetnek az eg\u00e9szs\u00e9g\u00fcgyi szolg\u00e1ltat\u00e1sokhoz \u00e9s a gy\u00f3gyszert\u00e1ri gy\u00f3gyszer\u00e9szeti szolg\u00e1ltat\u00e1sokhoz, els\u0151bbs\u00e9get \u00e9lveznek a szoci\u00e1lis otthonban val\u00f3 elhelyez\u00e9shez;<\/p>\n<p>A parlament a k\u00f6z\u00fati \u00e1rufuvaroz\u00e1s hat\u00e9konyabb nyomon k\u00f6vet\u00e9s\u00e9t biztos\u00edtotta a lok\u00e1torok vagy k\u00fcls\u0151 helymeghat\u00e1roz\u00f3 rendszerek alkalmaz\u00e1s\u00e1val. Az \u00faj rendeletek hozz\u00e1j\u00e1rulnak a h\u00e9a- \u00e9s j\u00f6ved\u00e9kiad\u00f3-beszed\u00e9s ad\u00f3rendszer\u00e9nek szigor\u00edt\u00e1s\u00e1hoz;<\/p>\n<p>A Szejm m\u00f3dos\u00edtotta a vad\u00e1szati k\u00e1rok becsl\u00e9si mechanizmus\u00e1t. A k\u00e1rfelm\u00e9r\u0151 csoportokban a telep\u00fcl\u00e9sek vagy azok alegys\u00e9geinek k\u00e9pvisel\u0151it a tartom\u00e1nyi mez\u0151gazdas\u00e1gi tan\u00e1csad\u00f3 k\u00f6zpontok k\u00e9pvisel\u0151i helyettes\u00edtik, azaz a vad\u00e1szter\u00fclet kezel\u0151j\u00e9nek vagy b\u00e9rl\u0151j\u00e9nek k\u00e9pvisel\u0151je; a k\u00e1resem\u00e9nynek helysz\u00edn\u00e9\u00fcl szolg\u00e1l\u00f3 mez\u0151gazdas\u00e1gi f\u00f6ldter\u00fclet tulajdonosa vagy birtokosa; \u00e9s a tartom\u00e1nyi mez\u0151gazdas\u00e1gi tan\u00e1csad\u00f3 k\u00f6zpont k\u00e9pvisel\u0151je;<\/p>\n<p>A Szejm m\u00f3dos\u00edtotta a v\u00e1laszt\u00e1si t\u00f6rv\u00e9nyt;<\/p>\n<p>A Stefan Wyszynski B\u00edboros Egyetemen orvosi kar j\u00f6n l\u00e9tre;<\/p>\n<p>A szejm hat\u00e1rozatot fogadott el az orosz b\u00f6rt\u00f6n\u00f6kben politikai okokb\u00f3l fogva tartott ukr\u00e1n \u00e1llampolg\u00e1rok szabadon bocs\u00e1t\u00e1s\u00e1r\u00f3l<\/p>\n<p><a href=\"https:\/\/marekkuchcinski.pl\/wp-content\/uploads\/2018\/06\/KKB_0897.jpg\"><img fetchpriority=\"high\" decoding=\"async\" class=\"alignnone size-full wp-image-9714\" src=\"https:\/\/marekkuchcinski.pl\/wp-content\/uploads\/2018\/06\/KKB_0897.jpg\" alt=\"KKB_0897\" width=\"1703\" height=\"991\" srcset=\"https:\/\/marekkuchcinski.pl\/wp-content\/uploads\/2018\/06\/KKB_0897.jpg 1703w, https:\/\/marekkuchcinski.pl\/wp-content\/uploads\/2018\/06\/KKB_0897-300x175.jpg 300w, https:\/\/marekkuchcinski.pl\/wp-content\/uploads\/2018\/06\/KKB_0897-768x447.jpg 768w, https:\/\/marekkuchcinski.pl\/wp-content\/uploads\/2018\/06\/KKB_0897-1024x596.jpg 1024w\" sizes=\"(max-width: 1703px) 100vw, 1703px\" \/><\/a> <a href=\"https:\/\/marekkuchcinski.pl\/wp-content\/uploads\/2018\/06\/KKB_0948.jpg\"><img decoding=\"async\" class=\"alignnone size-full wp-image-9717\" src=\"https:\/\/marekkuchcinski.pl\/wp-content\/uploads\/2018\/06\/KKB_0948.jpg\" alt=\"KKB_0948\" width=\"2880\" height=\"1920\" srcset=\"https:\/\/marekkuchcinski.pl\/wp-content\/uploads\/2018\/06\/KKB_0948.jpg 2048w, https:\/\/marekkuchcinski.pl\/wp-content\/uploads\/2018\/06\/KKB_0948-300x200.jpg 300w, https:\/\/marekkuchcinski.pl\/wp-content\/uploads\/2018\/06\/KKB_0948-768x512.jpg 768w, https:\/\/marekkuchcinski.pl\/wp-content\/uploads\/2018\/06\/KKB_0948-1024x683.jpg 1024w\" sizes=\"(max-width: 2880px) 100vw, 2880px\" \/><\/a><a href=\"https:\/\/marekkuchcinski.pl\/wp-content\/uploads\/2018\/06\/64-pis.jpg\"><img decoding=\"async\" class=\"alignnone  wp-image-9719\" src=\"https:\/\/marekkuchcinski.pl\/wp-content\/uploads\/2018\/06\/64-pis.jpg\" alt=\"64 pis\" width=\"1052\" height=\"701\" srcset=\"https:\/\/marekkuchcinski.pl\/wp-content\/uploads\/2018\/06\/64-pis.jpg 800w, https:\/\/marekkuchcinski.pl\/wp-content\/uploads\/2018\/06\/64-pis-300x200.jpg 300w, https:\/\/marekkuchcinski.pl\/wp-content\/uploads\/2018\/06\/64-pis-768x512.jpg 768w\" sizes=\"(max-width: 1052px) 100vw, 1052px\" \/><\/a><\/p>\n<\/div>\n<p><a href=\"https:\/\/marekkuchcinski.pl\/wp-content\/uploads\/2018\/06\/64-3.jpg\"><img loading=\"lazy\" decoding=\"async\" class=\"alignnone size-full wp-image-9722\" src=\"https:\/\/marekkuchcinski.pl\/wp-content\/uploads\/2018\/06\/64-3.jpg\" alt=\"64 3\" width=\"2238\" height=\"1368\" srcset=\"https:\/\/marekkuchcinski.pl\/wp-content\/uploads\/2018\/06\/64-3.jpg 2048w, https:\/\/marekkuchcinski.pl\/wp-content\/uploads\/2018\/06\/64-3-300x183.jpg 300w, https:\/\/marekkuchcinski.pl\/wp-content\/uploads\/2018\/06\/64-3-768x469.jpg 768w, https:\/\/marekkuchcinski.pl\/wp-content\/uploads\/2018\/06\/64-3-1024x626.jpg 1024w\" sizes=\"(max-width: 2238px) 100vw, 2238px\" \/><\/a> <a href=\"https:\/\/marekkuchcinski.pl\/wp-content\/uploads\/2018\/06\/64-2.jpg\"><img loading=\"lazy\" decoding=\"async\" class=\"alignnone size-full wp-image-9723\" src=\"https:\/\/marekkuchcinski.pl\/wp-content\/uploads\/2018\/06\/64-2.jpg\" alt=\"64 2\" width=\"2736\" height=\"1824\" srcset=\"https:\/\/marekkuchcinski.pl\/wp-content\/uploads\/2018\/06\/64-2.jpg 2048w, https:\/\/marekkuchcinski.pl\/wp-content\/uploads\/2018\/06\/64-2-300x200.jpg 300w, https:\/\/marekkuchcinski.pl\/wp-content\/uploads\/2018\/06\/64-2-768x512.jpg 768w, https:\/\/marekkuchcinski.pl\/wp-content\/uploads\/2018\/06\/64-2-1024x683.jpg 1024w\" sizes=\"(max-width: 2736px) 100vw, 2736px\" \/><\/a> <a href=\"https:\/\/marekkuchcinski.pl\/wp-content\/uploads\/2018\/06\/64-1.jpg\"><img loading=\"lazy\" decoding=\"async\" class=\"alignnone size-full wp-image-9724\" src=\"https:\/\/marekkuchcinski.pl\/wp-content\/uploads\/2018\/06\/64-1.jpg\" alt=\"64 1\" width=\"2736\" height=\"1824\" srcset=\"https:\/\/marekkuchcinski.pl\/wp-content\/uploads\/2018\/06\/64-1.jpg 2048w, https:\/\/marekkuchcinski.pl\/wp-content\/uploads\/2018\/06\/64-1-300x200.jpg 300w, https:\/\/marekkuchcinski.pl\/wp-content\/uploads\/2018\/06\/64-1-768x512.jpg 768w, https:\/\/marekkuchcinski.pl\/wp-content\/uploads\/2018\/06\/64-1-1024x683.jpg 1024w\" sizes=\"(max-width: 2736px) 100vw, 2736px\" \/><\/a> <a href=\"https:\/\/marekkuchcinski.pl\/wp-content\/uploads\/2018\/06\/64-6.jpg\"><img loading=\"lazy\" decoding=\"async\" class=\"alignnone size-full wp-image-9725\" src=\"https:\/\/marekkuchcinski.pl\/wp-content\/uploads\/2018\/06\/64-6.jpg\" alt=\"64 6\" width=\"1930\" height=\"1328\" srcset=\"https:\/\/marekkuchcinski.pl\/wp-content\/uploads\/2018\/06\/64-6.jpg 1930w, https:\/\/marekkuchcinski.pl\/wp-content\/uploads\/2018\/06\/64-6-300x206.jpg 300w, https:\/\/marekkuchcinski.pl\/wp-content\/uploads\/2018\/06\/64-6-768x528.jpg 768w, https:\/\/marekkuchcinski.pl\/wp-content\/uploads\/2018\/06\/64-6-1024x705.jpg 1024w\" sizes=\"(max-width: 1930px) 100vw, 1930px\" \/><\/a> <a href=\"https:\/\/marekkuchcinski.pl\/wp-content\/uploads\/2018\/06\/64-7.jpg\"><img loading=\"lazy\" decoding=\"async\" class=\"alignnone size-full wp-image-9726\" src=\"https:\/\/marekkuchcinski.pl\/wp-content\/uploads\/2018\/06\/64-7.jpg\" alt=\"64 7\" width=\"2160\" height=\"1368\" srcset=\"https:\/\/marekkuchcinski.pl\/wp-content\/uploads\/2018\/06\/64-7.jpg 2048w, https:\/\/marekkuchcinski.pl\/wp-content\/uploads\/2018\/06\/64-7-300x190.jpg 300w, https:\/\/marekkuchcinski.pl\/wp-content\/uploads\/2018\/06\/64-7-768x486.jpg 768w, https:\/\/marekkuchcinski.pl\/wp-content\/uploads\/2018\/06\/64-7-1024x649.jpg 1024w\" sizes=\"(max-width: 2160px) 100vw, 2160px\" \/><\/a><\/p>","protected":false},"excerpt":{"rendered":"<p>Dzi\u0119ki przyj\u0119tym dzi\u015b przez Sejm przepisom za pomoc\u0105 jednego has\u0142a i loginu mo\u017cliwy b\u0119dzie dost\u0119p do urz\u0119d\u00f3w i portali publicznych, bank\u00f3w i sklep\u00f3w internetowych; Sejm przyj\u0105\u0142 prezydencki projekt nowelizacji ustawy o nieodp\u0142atnej pomocy prawnej dla os\u00f3b, kt\u00f3re z uwagi na sw\u00f3j status materialny lub sytuacj\u0119 \u017cyciow\u0105 nie maj\u0105 mo\u017cliwo\u015bci, by tak\u0105 pomoc otrzyma\u0107. Celem jest [&hellip;]<\/p>\n","protected":false},"author":6,"featured_media":9714,"comment_status":"open","ping_status":"open","sticky":false,"template":"","format":"standard","meta":{"ngg_post_thumbnail":0,"footnotes":""},"categories":[81,3],"tags":[],"class_list":["post-9713","post","type-post","status-publish","format-standard","has-post-thumbnail","hentry","category-wiesci-z-sejmu","category-wydarzenia"],"_links":{"self":[{"href":"https:\/\/marekkuchcinski.pl\/hu\/wp-json\/wp\/v2\/posts\/9713","targetHints":{"allow":["GET"]}}],"collection":[{"href":"https:\/\/marekkuchcinski.pl\/hu\/wp-json\/wp\/v2\/posts"}],"about":[{"href":"https:\/\/marekkuchcinski.pl\/hu\/wp-json\/wp\/v2\/types\/post"}],"author":[{"embeddable":true,"href":"https:\/\/marekkuchcinski.pl\/hu\/wp-json\/wp\/v2\/users\/6"}],"replies":[{"embeddable":true,"href":"https:\/\/marekkuchcinski.pl\/hu\/wp-json\/wp\/v2\/comments?post=9713"}],"version-history":[{"count":4,"href":"https:\/\/marekkuchcinski.pl\/hu\/wp-json\/wp\/v2\/posts\/9713\/revisions"}],"predecessor-version":[{"id":9727,"href":"https:\/\/marekkuchcinski.pl\/hu\/wp-json\/wp\/v2\/posts\/9713\/revisions\/9727"}],"wp:featuredmedia":[{"embeddable":true,"href":"https:\/\/marekkuchcinski.pl\/hu\/wp-json\/wp\/v2\/media\/9714"}],"wp:attachment":[{"href":"https:\/\/marekkuchcinski.pl\/hu\/wp-json\/wp\/v2\/media?parent=9713"}],"wp:term":[{"taxonomy":"category","embeddable":true,"href":"https:\/\/marekkuchcinski.pl\/hu\/wp-json\/wp\/v2\/categories?post=9713"},{"taxonomy":"post_tag","embeddable":true,"href":"https:\/\/marekkuchcinski.pl\/hu\/wp-json\/wp\/v2\/tags?post=9713"}],"curies":[{"name":"wp","href":"https:\/\/api.w.org\/{rel}","templated":true}]}}