{"id":9705,"date":"2018-06-05T21:56:46","date_gmt":"2018-06-05T19:56:46","guid":{"rendered":"https:\/\/marekkuchcinski.pl\/?p=9705"},"modified":"2018-06-14T13:36:04","modified_gmt":"2018-06-14T11:36:04","slug":"marszalek-sejmu-wreczyl-akty-powolania-nowym-czlonkom-trybunalu-stanu","status":"publish","type":"post","link":"https:\/\/marekkuchcinski.pl\/hu\/wydarzenia\/marszalek-sejmu-wreczyl-akty-powolania-nowym-czlonkom-trybunalu-stanu\/","title":{"rendered":"A Szejm eln\u00f6ke \u00e1tadja az \u00c1llami T\u00f6rv\u00e9nysz\u00e9k \u00faj tagjainak a kinevez\u00e9si okiratokat."},"content":{"rendered":"<p><strong>Czes\u0142aw K\u0142ak professzor \u00e9s Maciej Zaborowski jel\u00f6l\u00e9s\u00e9t, amely a Szejm Igazs\u00e1g\u00fcgyi \u00e9s Emberi Jogi Bizotts\u00e1g\u00e1t\u00f3l pozit\u00edv v\u00e9lem\u00e9nyt kapott, a Szejm a t\u00f6rv\u00e9nyes k\u00e9pvisel\u0151i l\u00e9tsz\u00e1m legal\u00e1bb fel\u00e9nek jelenl\u00e9t\u00e9ben abszol\u00fat szavazatt\u00f6bbs\u00e9ggel v\u00e1lasztotta meg. J\u00fanius 5-\u00e9n Marek Kuchci\u0144ski, a Szejm marsallja \u00e1tadta az \u00c1llami T\u00f6rv\u00e9nysz\u00e9k tagjainak kinevez\u00e9si okm\u00e1nyait.<\/strong><\/p>\n<p>Prof. Czes\u0142aw K\u0142akot a Jog \u00e9s Igazs\u00e1goss\u00e1g p\u00e1rt javasolta az Alkotm\u00e1nyb\u00edr\u00f3s\u00e1gba janu\u00e1rban bev\u00e1lasztott Jaros\u0142aw Wyrembak hely\u00e9re. A b\u00fcntet\u0151jog, a b\u00fcntet\u0151elj\u00e1r\u00e1s, a kriminol\u00f3gia, az emberi jogok v\u00e9delme \u00e9s a bels\u0151 biztons\u00e1g jogi aspektusainak szak\u00e9rt\u0151je. T\u00f6bb mint 140 tudom\u00e1nyos publik\u00e1ci\u00f3 szerz\u0151je, k\u00f6zt\u00fck k\u00e9t eredeti monogr\u00e1fia \u00e9s tudom\u00e1nyos cikkek szerz\u0151je. Jelenleg a WSPiA Rzesz\u00f3wi Fels\u0151oktat\u00e1si Egyetem Jogi \u00e9s Biztons\u00e1gi F\u0151iskol\u00e1j\u00e1nak d\u00e9k\u00e1nja \u00e9s igazgat\u00f3ja, valamint a Belbiztons\u00e1gi Kriminalisztikai \u00e9s Kriminol\u00f3giai Tansz\u00e9k vezet\u0151je.<\/p>\n<p>Maciej Zaborowskit a janu\u00e1rban elhunyt Bogus\u0142aw Banaszak professzor hely\u00e9re nevezt\u00e9k ki.<br \/>\n\u00dcgyv\u00e9d, k\u00f6zvet\u00edt\u0151 \u00e9s t\u00e1rsadalmi aktivista. A Vars\u00f3i Egyetem jogi \u00e9s k\u00f6zigazgat\u00e1si kar\u00e1n szerzett diplom\u00e1t. A Vars\u00f3i Egyetemen szellemi tulajdonjogb\u00f3l, valamint a Stefan Wyszy\u0144ski B\u00edboros Egyetem bizony\u00edt\u00e1si jogb\u00f3l v\u00e9gzett posztgradu\u00e1lis tanulm\u00e1nyokat. Emellett elv\u00e9gezte az Amerikai Jogi Tanulm\u00e1nyok K\u00f6zpontj\u00e1t \u00e9s a lengyelorsz\u00e1gi Vezet\u0151i Akad\u00e9mi\u00e1t. Jelenleg a b\u00fcntet\u0151jogr\u00f3l sz\u00f3l\u00f3 doktori disszert\u00e1ci\u00f3j\u00e1nak meg\u00edr\u00e1sa van folyamatban.<\/p>\n<p><a href=\"https:\/\/marekkuchcinski.pl\/wp-content\/uploads\/2018\/06\/ts1.jpg\"><img fetchpriority=\"high\" decoding=\"async\" class=\"alignnone size-full wp-image-9710\" src=\"https:\/\/marekkuchcinski.pl\/wp-content\/uploads\/2018\/06\/ts1.jpg\" alt=\"ts1\" width=\"4862\" height=\"3241\" srcset=\"https:\/\/marekkuchcinski.pl\/wp-content\/uploads\/2018\/06\/ts1.jpg 2048w, https:\/\/marekkuchcinski.pl\/wp-content\/uploads\/2018\/06\/ts1-300x200.jpg 300w, https:\/\/marekkuchcinski.pl\/wp-content\/uploads\/2018\/06\/ts1-768x512.jpg 768w, https:\/\/marekkuchcinski.pl\/wp-content\/uploads\/2018\/06\/ts1-1024x683.jpg 1024w\" sizes=\"(max-width: 4862px) 100vw, 4862px\" \/><\/a> <a href=\"https:\/\/marekkuchcinski.pl\/wp-content\/uploads\/2018\/06\/ts2.jpg\"><img decoding=\"async\" class=\"alignnone size-full wp-image-9711\" src=\"https:\/\/marekkuchcinski.pl\/wp-content\/uploads\/2018\/06\/ts2.jpg\" alt=\"ts2\" width=\"5059\" height=\"3373\" srcset=\"https:\/\/marekkuchcinski.pl\/wp-content\/uploads\/2018\/06\/ts2.jpg 2048w, https:\/\/marekkuchcinski.pl\/wp-content\/uploads\/2018\/06\/ts2-300x200.jpg 300w, https:\/\/marekkuchcinski.pl\/wp-content\/uploads\/2018\/06\/ts2-768x512.jpg 768w, https:\/\/marekkuchcinski.pl\/wp-content\/uploads\/2018\/06\/ts2-1024x683.jpg 1024w\" sizes=\"(max-width: 5059px) 100vw, 5059px\" \/><\/a><\/p>\n<p>&nbsp;<\/p>","protected":false},"excerpt":{"rendered":"<p>Kandydatury prof. Czes\u0142awa K\u0142aka i Macieja Zaborowskiego pozytywnie zaopiniowane przez sejmow\u0105 komisj\u0119 sprawiedliwo\u015bci i praw cz\u0142owieka Sejm wybra\u0142 bezwzgl\u0119dn\u0105 wi\u0119kszo\u015bci\u0105 g\u0142os\u00f3w w obecno\u015bci co najmniej po\u0142owy ustawowej liczby pos\u0142\u00f3w. 5 czerwca marsza\u0142ek Sejmu Marek Kuchci\u0144ski wr\u0119czy\u0142 akty powo\u0142ania na cz\u0142onk\u00f3w Trybuna\u0142u Stanu. Prof. Czes\u0142aw K\u0142ak zosta\u0142 zg\u0142oszony przez PiS w miejsce Jaros\u0142awa Wyrembaka wybranego w [&hellip;]<\/p>\n","protected":false},"author":6,"featured_media":9709,"comment_status":"open","ping_status":"open","sticky":false,"template":"","format":"standard","meta":{"ngg_post_thumbnail":0,"footnotes":""},"categories":[81,3],"tags":[],"class_list":["post-9705","post","type-post","status-publish","format-standard","has-post-thumbnail","hentry","category-wiesci-z-sejmu","category-wydarzenia"],"_links":{"self":[{"href":"https:\/\/marekkuchcinski.pl\/hu\/wp-json\/wp\/v2\/posts\/9705","targetHints":{"allow":["GET"]}}],"collection":[{"href":"https:\/\/marekkuchcinski.pl\/hu\/wp-json\/wp\/v2\/posts"}],"about":[{"href":"https:\/\/marekkuchcinski.pl\/hu\/wp-json\/wp\/v2\/types\/post"}],"author":[{"embeddable":true,"href":"https:\/\/marekkuchcinski.pl\/hu\/wp-json\/wp\/v2\/users\/6"}],"replies":[{"embeddable":true,"href":"https:\/\/marekkuchcinski.pl\/hu\/wp-json\/wp\/v2\/comments?post=9705"}],"version-history":[{"count":4,"href":"https:\/\/marekkuchcinski.pl\/hu\/wp-json\/wp\/v2\/posts\/9705\/revisions"}],"predecessor-version":[{"id":9712,"href":"https:\/\/marekkuchcinski.pl\/hu\/wp-json\/wp\/v2\/posts\/9705\/revisions\/9712"}],"wp:featuredmedia":[{"embeddable":true,"href":"https:\/\/marekkuchcinski.pl\/hu\/wp-json\/wp\/v2\/media\/9709"}],"wp:attachment":[{"href":"https:\/\/marekkuchcinski.pl\/hu\/wp-json\/wp\/v2\/media?parent=9705"}],"wp:term":[{"taxonomy":"category","embeddable":true,"href":"https:\/\/marekkuchcinski.pl\/hu\/wp-json\/wp\/v2\/categories?post=9705"},{"taxonomy":"post_tag","embeddable":true,"href":"https:\/\/marekkuchcinski.pl\/hu\/wp-json\/wp\/v2\/tags?post=9705"}],"curies":[{"name":"wp","href":"https:\/\/api.w.org\/{rel}","templated":true}]}}