{"id":9666,"date":"2018-06-08T16:46:49","date_gmt":"2018-06-08T14:46:49","guid":{"rendered":"https:\/\/marekkuchcinski.pl\/?p=9666"},"modified":"2018-06-08T16:46:49","modified_gmt":"2018-06-08T14:46:49","slug":"9-czerwca-marszalek-sejmu-spotka-sie-mieszkancami-ryk-rejowca-fabrycznego","status":"publish","type":"post","link":"https:\/\/marekkuchcinski.pl\/hu\/wydarzenia\/9-czerwca-marszalek-sejmu-spotka-sie-mieszkancami-ryk-rejowca-fabrycznego\/","title":{"rendered":"J\u00fanius 9-\u00e9n a Szejm eln\u00f6ke tal\u00e1lkozik Ryki \u00e9s Rejowiec Fabryczny lakosaival"},"content":{"rendered":"<h4 class=\"entry-title\">A \"Lengyelorsz\u00e1g egy\" kamp\u00e1ny r\u00e9szek\u00e9nt Lengyelorsz\u00e1g-szerte tal\u00e1lkoz\u00f3kat tartanak a Jog \u00e9s Igazs\u00e1goss\u00e1g parlamenti k\u00e9pvisel\u0151ivel. A Marek Kuchci\u0144ski k\u00e9pvisel\u0151vel, a lengyel szejm eln\u00f6k\u00e9vel folytatott megbesz\u00e9l\u00e9sekre j\u00fanius 9-\u00e9n, szombaton Ryki \u00e9s Rejowiec Fabryczny v\u00e1ros\u00e1ba v\u00e1rjuk \u00d6n\u00f6ket.<\/h4>\n<p><a href=\"https:\/\/marekkuchcinski.pl\/wp-content\/uploads\/2018\/06\/MMK1-1.jpg\"><img fetchpriority=\"high\" decoding=\"async\" class=\"alignnone size-full wp-image-9667\" src=\"https:\/\/marekkuchcinski.pl\/wp-content\/uploads\/2018\/06\/MMK1-1.jpg\" alt=\"MMK1 (1)\" width=\"2835\" height=\"2004\" srcset=\"https:\/\/marekkuchcinski.pl\/wp-content\/uploads\/2018\/06\/MMK1-1.jpg 2048w, https:\/\/marekkuchcinski.pl\/wp-content\/uploads\/2018\/06\/MMK1-1-300x212.jpg 300w, https:\/\/marekkuchcinski.pl\/wp-content\/uploads\/2018\/06\/MMK1-1-768x543.jpg 768w, https:\/\/marekkuchcinski.pl\/wp-content\/uploads\/2018\/06\/MMK1-1-1024x724.jpg 1024w\" sizes=\"(max-width: 2835px) 100vw, 2835px\" \/><\/a><\/p>","protected":false},"excerpt":{"rendered":"<p>A \"Lengyelorsz\u00e1g egy\" kamp\u00e1ny r\u00e9szek\u00e9nt Lengyelorsz\u00e1g-szerte tal\u00e1lkoz\u00f3kat tartanak a Jog \u00e9s Igazs\u00e1goss\u00e1g parlamenti k\u00e9pvisel\u0151ivel. A Marek Kuchci\u0144ski k\u00e9pvisel\u0151vel, a lengyel szejm eln\u00f6k\u00e9vel folytatott megbesz\u00e9l\u00e9sekre j\u00fanius 9-\u00e9n, szombaton Ryki \u00e9s Rejowiec Fabryczny v\u00e1ros\u00e1ba v\u00e1rjuk \u00d6n\u00f6ket.<\/p>","protected":false},"author":6,"featured_media":9667,"comment_status":"open","ping_status":"open","sticky":false,"template":"","format":"standard","meta":{"ngg_post_thumbnail":0,"footnotes":""},"categories":[82,3],"tags":[],"class_list":["post-9666","post","type-post","status-publish","format-standard","has-post-thumbnail","hentry","category-prawo-i-sprawiedliwosc","category-wydarzenia"],"_links":{"self":[{"href":"https:\/\/marekkuchcinski.pl\/hu\/wp-json\/wp\/v2\/posts\/9666","targetHints":{"allow":["GET"]}}],"collection":[{"href":"https:\/\/marekkuchcinski.pl\/hu\/wp-json\/wp\/v2\/posts"}],"about":[{"href":"https:\/\/marekkuchcinski.pl\/hu\/wp-json\/wp\/v2\/types\/post"}],"author":[{"embeddable":true,"href":"https:\/\/marekkuchcinski.pl\/hu\/wp-json\/wp\/v2\/users\/6"}],"replies":[{"embeddable":true,"href":"https:\/\/marekkuchcinski.pl\/hu\/wp-json\/wp\/v2\/comments?post=9666"}],"version-history":[{"count":1,"href":"https:\/\/marekkuchcinski.pl\/hu\/wp-json\/wp\/v2\/posts\/9666\/revisions"}],"predecessor-version":[{"id":9668,"href":"https:\/\/marekkuchcinski.pl\/hu\/wp-json\/wp\/v2\/posts\/9666\/revisions\/9668"}],"wp:featuredmedia":[{"embeddable":true,"href":"https:\/\/marekkuchcinski.pl\/hu\/wp-json\/wp\/v2\/media\/9667"}],"wp:attachment":[{"href":"https:\/\/marekkuchcinski.pl\/hu\/wp-json\/wp\/v2\/media?parent=9666"}],"wp:term":[{"taxonomy":"category","embeddable":true,"href":"https:\/\/marekkuchcinski.pl\/hu\/wp-json\/wp\/v2\/categories?post=9666"},{"taxonomy":"post_tag","embeddable":true,"href":"https:\/\/marekkuchcinski.pl\/hu\/wp-json\/wp\/v2\/tags?post=9666"}],"curies":[{"name":"wp","href":"https:\/\/api.w.org\/{rel}","templated":true}]}}