{"id":9662,"date":"2018-06-08T15:17:34","date_gmt":"2018-06-08T13:17:34","guid":{"rendered":"https:\/\/marekkuchcinski.pl\/?p=9662"},"modified":"2019-04-17T16:35:17","modified_gmt":"2019-04-17T14:35:17","slug":"via-carpatia-wpisana-projektu-rozporzadzenia-cef","status":"publish","type":"post","link":"https:\/\/marekkuchcinski.pl\/hu\/wydarzenia\/via-carpatia-wpisana-projektu-rozporzadzenia-cef\/","title":{"rendered":"A Via Carpatia beker\u00fclt a CEF rendelettervezetbe"},"content":{"rendered":"<div class=\"view-news-zajawka\">\n<blockquote><p>- A Via Carpatia \u00fatvonalnak a CEF (Eur\u00f3pai H\u00e1l\u00f3zatfinansz\u00edroz\u00e1si Eszk\u00f6z) programr\u00f3l sz\u00f3l\u00f3 rendelettervezetbe val\u00f3 felv\u00e9tele nagyon j\u00f3 h\u00edr Lengyelorsz\u00e1g sz\u00e1m\u00e1ra. A lengyel korm\u00e1ny el\u0151tt m\u00e9g sok munka, t\u00e1rgyal\u00e1s \u00e9s er\u0151fesz\u00edt\u00e9s \u00e1ll, de m\u00e1r ma l\u00e1thatjuk, hogy \u00e9szrevett\u00e9k er\u0151fesz\u00edt\u00e9seinket egy olyan \u00fatvonal l\u00e9trehoz\u00e1s\u00e1ra, amely \u00f6sszek\u00f6ti \u00c9szak- \u00e9s D\u00e9l-Eur\u00f3p\u00e1t, ugyanakkor aktiviz\u00e1lja annak keleti r\u00e9sz\u00e9t. Szeretn\u00e9k k\u00f6sz\u00f6netet mondani partnereinknek az Eur\u00f3pai Bizotts\u00e1gt\u00f3l, de minden parlamenti k\u00e9pvisel\u0151nek \u00e9s eur\u00f3pai parlamenti k\u00e9pvisel\u0151nek is, akik r\u00e9szt vesznek ebben a projektben. K\u00fcl\u00f6n k\u00f6sz\u00f6netet szeretn\u00e9k mondani Marek Kuchci\u0144ski szejmeln\u00f6knek \u00e9s Tomasz Por\u0119ba eur\u00f3pai parlamenti k\u00e9pvisel\u0151nek\" - mondta Andrzej Adamczyk infrastruktur\u00e1lis miniszter.<\/p><\/blockquote>\n<\/div>\n<div class=\"view-news-content\">\n<p>2018. j\u00fanius 6.  Az Eur\u00f3pai Bizotts\u00e1g k\u00f6zz\u00e9tette az \u00faj CEF-rendelet tervezet\u00e9t, amelyben a Via Carpatia folyos\u00f3 szerepel az I. mell\u00e9kletben, amely t\u00f6bbek k\u00f6z\u00f6tt meghat\u00e1rozza a TEN-T kieg\u00e9sz\u00edt\u0151 h\u00e1l\u00f3zat kiv\u00e1lasztott szakaszainak \u00fatvonal\u00e1t.<\/p>\n<blockquote><p>- A Via Carpatia \u00fatvonalfolyos\u00f3nak a CEF-rendelet tervezet\u00e9be val\u00f3 felv\u00e9tele \u00fajabb bizony\u00edt\u00e9ka annak, hogy az eur\u00f3pai partnereinkkel val\u00f3 egy\u00fcttm\u0171k\u00f6d\u00e9s sikeres. Ahol a l\u00e9nyegi \u00e9rveket megfelel\u0151 m\u00f3don mutatj\u00e1k be, ott lehets\u00e9ges a megegyez\u00e9s. Erre p\u00e9lda az Eur\u00f3pai Parlament K\u00f6zleked\u00e9si \u00e9s Idegenforgalmi Bizotts\u00e1g\u00e1nak szavaz\u00e1sa, amely \u00fagy d\u00f6nt\u00f6tt, hogy a nemzetk\u00f6zi fuvaroz\u00e1st kiz\u00e1rja a munkav\u00e1llal\u00f3k kik\u00fcldet\u00e9s\u00e9r\u0151l sz\u00f3l\u00f3 ir\u00e1nyelv hat\u00e1lya al\u00f3l. Vannak m\u00e9g olyan ter\u00fcletek, amelyekben meg\u00e1llapod\u00e1sra t\u00f6reksz\u00fcnk, de m\u00e1r most z\u00f6ld utat l\u00e1tunk ahhoz, hogy figyelembe vegy\u00fck nemcsak a lengyel v\u00e1llalkoz\u00f3k, hanem sz\u00e1mos m\u00e1s eur\u00f3pai orsz\u00e1g fuvaroz\u00f3inak \u00e9rveit is - hangs\u00falyozta Adamczyk miniszter.<\/p><\/blockquote>\n<p>A Via Carpatia Lengyelorsz\u00e1g infrastruktur\u00e1lis priorit\u00e1sa. A teljes \u00fatvonal megval\u00f3s\u00edt\u00e1s\u00e1hoz m\u00e1r biztos\u00edtottak p\u00e9nz\u00fcgyi forr\u00e1sokat. Lengyel ter\u00fcleten a Via Carpatia halad v\u00e9gig az \u00fatvonalon: S61 az \u00e1llamhat\u00e1r - August\u00f3w - E\u0142k szakaszon, S16 az E\u0142k - Knyszyn szakaszon \u00e9s S19 Knyszyn - Dobrzyniewo Du\u017ce - Choroszcz - Siemiatycze - S12 (Lublin Rudnik), S12 (Lublin S\u0142awinek) - Nisko - A4 (Rzesz\u00f3w Wsch\u00f3d), A4 (Rzesz\u00f3w Zach\u00f3d) - Barwinek - \u00e1llamhat\u00e1r. Az \u00fatvonal lengyelorsz\u00e1gi szakasz\u00e1nak hossza \u00f6sszesen 1533 km (bele\u00e9rtve a balti kik\u00f6t\u0151k \u00e9s az ukr\u00e1n hat\u00e1r fel\u00e9 vezet\u0151 el\u00e1gaz\u00e1sokat, azaz az S12 \u00e9s S17 utakat).<\/p>\n<blockquote><p>- A Via Carpatia \u00fatvonal meg\u00e9p\u00edt\u00e9s\u00e9nek \u00f6tlet\u00e9t 2006-ban Lech Kaczy\u0144ski eln\u00f6k kezdem\u00e9nyezte. Ma m\u00e1r form\u00e1t \u00f6lt, \u00e9s konkr\u00e9t korm\u00e1nyk\u00f6zi \u00e9s uni\u00f3s dokumentumokk\u00e1 v\u00e1lik, k\u00f6sz\u00f6nhet\u0151en azoknak az embereknek, akik sz\u00e1m\u00e1ra ez egy olyan strat\u00e9giai v\u00e1llalkoz\u00e1s, amely orsz\u00e1gunk gazdas\u00e1gi fejl\u0151d\u00e9s\u00e9hez vezet - tette hozz\u00e1 az infrastruktur\u00e1lis miniszter.<\/p><\/blockquote>\n<p>A Via Carpatia egy kulcsfontoss\u00e1g\u00fa transzeur\u00f3pai k\u00f6zleked\u00e9si folyos\u00f3, amely \u00faj \u00f6sszek\u00f6ttet\u00e9ss\u00e9 v\u00e1lhat \u00c9szak- \u00e9s D\u00e9l-Eur\u00f3pa k\u00f6z\u00f6tt, integr\u00e1lva Litv\u00e1nia, Lengyelorsz\u00e1g, Szlov\u00e1kia, Ukrajna, Magyarorsz\u00e1g, Rom\u00e1nia, Bulg\u00e1ria, G\u00f6r\u00f6gorsz\u00e1g \u00e9s T\u00f6r\u00f6korsz\u00e1g k\u00f6zleked\u00e9si rendszereit. A beruh\u00e1z\u00e1s megval\u00f3s\u00edt\u00e1s\u00e1b\u00f3l sz\u00e1rmaz\u00f3 el\u0151ny\u00f6k k\u00f6z\u00e9 tartozik t\u00f6bbek k\u00f6z\u00f6tt a kev\u00e9sb\u00e9 fejlett r\u00e9gi\u00f3k bevon\u00e1sa a nemzetk\u00f6zi csere f\u0151 \u00e1ram\u00e1ba \u00e9s fejl\u0151d\u00e9si potenci\u00e1ljuk kihaszn\u00e1l\u00e1sa. Ezen t\u00falmen\u0151en a Via Carpatia lehet\u0151s\u00e9get teremt az EU-n bel\u00fcli \u00e9s k\u00edv\u00fcli orsz\u00e1gok, p\u00e9ld\u00e1ul a balk\u00e1ni orsz\u00e1gok (pl. Szerbia, Bosznia-Hercegovina, Horv\u00e1torsz\u00e1g) fel\u00e9 t\u00f6rt\u00e9n\u0151 nyit\u00e1sra. Az \u00fatvonal megval\u00f3s\u00edt\u00e1sa tov\u00e1bbi lehet\u0151s\u00e9geket teremt k\u00f6zleked\u00e9si termin\u00e1lok \u00e9s logisztikai k\u00f6zpontok elhelyez\u00e9s\u00e9re Lengyelorsz\u00e1gban. A Lublinb\u00f3l Vars\u00f3n kereszt\u00fcl a H\u00e1romsz\u00e9kre vezet\u0151 \u00fatvonalnak a Via Carpatia \u00fatvonalba val\u00f3 bevon\u00e1s\u00e1nak k\u00f6sz\u00f6nhet\u0151en megteremt\u0151dnek a felt\u00e9telek a gda\u0144ski \u00e9s gdyniai kik\u00f6t\u0151k fejleszt\u00e9s\u00e9hez.<\/p>\n<p><em>Infrastruktur\u00e1lis Miniszt\u00e9rium&nbsp;<\/em><\/p>\n<p><em>https:\/\/mi.gov.pl\/2-514324a4ec938-1798419-p_1.htm<\/em><\/p>\n<p><a href=\"https:\/\/marekkuchcinski.pl\/wp-content\/uploads\/2018\/06\/ViaCarpatiaPLBiH.jpg\"><img fetchpriority=\"high\" decoding=\"async\" class=\"alignnone size-full wp-image-9663\" src=\"https:\/\/marekkuchcinski.pl\/wp-content\/uploads\/2018\/06\/ViaCarpatiaPLBiH.jpg\" alt=\"ViaCarpatiaPLBiH\" width=\"2125\" height=\"3306\" srcset=\"https:\/\/marekkuchcinski.pl\/wp-content\/uploads\/2018\/06\/ViaCarpatiaPLBiH.jpg 1316w, https:\/\/marekkuchcinski.pl\/wp-content\/uploads\/2018\/06\/ViaCarpatiaPLBiH-193x300.jpg 193w, https:\/\/marekkuchcinski.pl\/wp-content\/uploads\/2018\/06\/ViaCarpatiaPLBiH-768x1195.jpg 768w, https:\/\/marekkuchcinski.pl\/wp-content\/uploads\/2018\/06\/ViaCarpatiaPLBiH-658x1024.jpg 658w\" sizes=\"(max-width: 2125px) 100vw, 2125px\" \/><\/a><\/p>\n<\/div>","protected":false},"excerpt":{"rendered":"<p>&#8211; Wpisanie trasy Via Carpatia do projektu rozporz\u0105dzenia w sprawie programu CEF (Connecting Europe Facility &#8211; \u0141\u0105cz\u0105c Europ\u0119) to bardzo dobra wiadomo\u015b\u0107 dla Polski. Przed polskim rz\u0105dem&nbsp; jeszcze wiele pracy, negocjacji i stara\u0144, ale ju\u017c dzi\u015b widzimy, \u017ce zosta\u0142y dostrze\u017cone nasze starania o to, aby powsta\u0142a trasa, kt\u00f3ra po\u0142\u0105czy p\u00f3\u0142nocn\u0105 i po\u0142udniow\u0105 Europ\u0119, jednocze\u015bnie aktywizuj\u0105c [&hellip;]<\/p>","protected":false},"author":6,"featured_media":9664,"comment_status":"open","ping_status":"open","sticky":false,"template":"","format":"standard","meta":{"ngg_post_thumbnail":0,"footnotes":""},"categories":[49,82,3],"tags":[],"class_list":["post-9662","post","type-post","status-publish","format-standard","has-post-thumbnail","hentry","category-podkarpacie","category-prawo-i-sprawiedliwosc","category-wydarzenia"],"yoast_head":"<!-- This site is optimized with the Yoast SEO plugin v24.7 - https:\/\/yoast.com\/wordpress\/plugins\/seo\/ -->\n<title>Via Carpatia wpisana do projektu rozporz\u0105dzenia CEF &#8211; Marek Kuchci\u0144ski<\/title>\n<meta name=\"robots\" content=\"index, follow, max-snippet:-1, max-image-preview:large, max-video-preview:-1\" \/>\n<link rel=\"canonical\" href=\"https:\/\/marekkuchcinski.pl\/hu\/wydarzenia\/via-carpatia-wpisana-projektu-rozporzadzenia-cef\/\" \/>\n<meta property=\"og:locale\" content=\"hu_HU\" \/>\n<meta property=\"og:type\" content=\"article\" \/>\n<meta property=\"og:title\" content=\"Via Carpatia wpisana do projektu rozporz\u0105dzenia CEF &#8211; Marek Kuchci\u0144ski\" \/>\n<meta property=\"og:description\" content=\"&#8211; Wpisanie trasy Via Carpatia do projektu rozporz\u0105dzenia w sprawie programu CEF (Connecting Europe Facility &#8211; \u0141\u0105cz\u0105c Europ\u0119) to bardzo dobra wiadomo\u015b\u0107 dla Polski. Przed polskim rz\u0105dem&nbsp; jeszcze wiele pracy, negocjacji i stara\u0144, ale ju\u017c dzi\u015b widzimy, \u017ce zosta\u0142y dostrze\u017cone nasze starania o to, aby powsta\u0142a trasa, kt\u00f3ra po\u0142\u0105czy p\u00f3\u0142nocn\u0105 i po\u0142udniow\u0105 Europ\u0119, jednocze\u015bnie aktywizuj\u0105c [&hellip;]\" \/>\n<meta property=\"og:url\" content=\"https:\/\/marekkuchcinski.pl\/hu\/wydarzenia\/via-carpatia-wpisana-projektu-rozporzadzenia-cef\/\" \/>\n<meta property=\"og:site_name\" content=\"Marek Kuchci\u0144ski\" \/>\n<meta property=\"article:published_time\" content=\"2018-06-08T13:17:34+00:00\" \/>\n<meta property=\"article:modified_time\" content=\"2019-04-17T14:35:17+00:00\" \/>\n<meta property=\"og:image\" content=\"https:\/\/marekkuchcinski.pl\/wp-content\/uploads\/2018\/06\/KU288184.jpg\" \/>\n\t<meta property=\"og:image:width\" content=\"1486\" \/>\n\t<meta property=\"og:image:height\" content=\"867\" \/>\n\t<meta property=\"og:image:type\" content=\"image\/jpeg\" \/>\n<meta name=\"author\" content=\"admin\" \/>\n<meta name=\"twitter:card\" content=\"summary_large_image\" \/>\n<meta name=\"twitter:label1\" content=\"Szerz\u0151:\" \/>\n\t<meta name=\"twitter:data1\" content=\"admin\" \/>\n\t<meta name=\"twitter:label2\" content=\"Becs\u00fclt olvas\u00e1si id\u0151\" \/>\n\t<meta name=\"twitter:data2\" content=\"3 perc\" \/>\n<script type=\"application\/ld+json\" class=\"yoast-schema-graph\">{\"@context\":\"https:\/\/schema.org\",\"@graph\":[{\"@type\":\"Article\",\"@id\":\"https:\/\/marekkuchcinski.pl\/en\/wydarzenia\/via-carpatia-wpisana-projektu-rozporzadzenia-cef\/#article\",\"isPartOf\":{\"@id\":\"https:\/\/marekkuchcinski.pl\/en\/wydarzenia\/via-carpatia-wpisana-projektu-rozporzadzenia-cef\/\"},\"author\":{\"name\":\"admin\",\"@id\":\"https:\/\/marekkuchcinski.pl\/#\/schema\/person\/6f62700996b4d950b6ea2d1183b6c6be\"},\"headline\":\"Via Carpatia wpisana do projektu rozporz\u0105dzenia CEF\",\"datePublished\":\"2018-06-08T13:17:34+00:00\",\"dateModified\":\"2019-04-17T14:35:17+00:00\",\"mainEntityOfPage\":{\"@id\":\"https:\/\/marekkuchcinski.pl\/en\/wydarzenia\/via-carpatia-wpisana-projektu-rozporzadzenia-cef\/\"},\"wordCount\":608,\"commentCount\":0,\"publisher\":{\"@id\":\"https:\/\/marekkuchcinski.pl\/#organization\"},\"image\":{\"@id\":\"https:\/\/marekkuchcinski.pl\/en\/wydarzenia\/via-carpatia-wpisana-projektu-rozporzadzenia-cef\/#primaryimage\"},\"thumbnailUrl\":\"https:\/\/marekkuchcinski.pl\/wp-content\/uploads\/2018\/06\/KU288184.jpg\",\"articleSection\":[\"Podkarpacie\",\"Prawo i Sprawiedliwo\u015b\u0107\",\"Wydarzenia\"],\"inLanguage\":\"hu\",\"potentialAction\":[{\"@type\":\"CommentAction\",\"name\":\"Comment\",\"target\":[\"https:\/\/marekkuchcinski.pl\/en\/wydarzenia\/via-carpatia-wpisana-projektu-rozporzadzenia-cef\/#respond\"]}]},{\"@type\":\"WebPage\",\"@id\":\"https:\/\/marekkuchcinski.pl\/en\/wydarzenia\/via-carpatia-wpisana-projektu-rozporzadzenia-cef\/\",\"url\":\"https:\/\/marekkuchcinski.pl\/en\/wydarzenia\/via-carpatia-wpisana-projektu-rozporzadzenia-cef\/\",\"name\":\"Via Carpatia wpisana do projektu rozporz\u0105dzenia CEF &#8211; Marek Kuchci\u0144ski\",\"isPartOf\":{\"@id\":\"https:\/\/marekkuchcinski.pl\/#website\"},\"primaryImageOfPage\":{\"@id\":\"https:\/\/marekkuchcinski.pl\/en\/wydarzenia\/via-carpatia-wpisana-projektu-rozporzadzenia-cef\/#primaryimage\"},\"image\":{\"@id\":\"https:\/\/marekkuchcinski.pl\/en\/wydarzenia\/via-carpatia-wpisana-projektu-rozporzadzenia-cef\/#primaryimage\"},\"thumbnailUrl\":\"https:\/\/marekkuchcinski.pl\/wp-content\/uploads\/2018\/06\/KU288184.jpg\",\"datePublished\":\"2018-06-08T13:17:34+00:00\",\"dateModified\":\"2019-04-17T14:35:17+00:00\",\"breadcrumb\":{\"@id\":\"https:\/\/marekkuchcinski.pl\/en\/wydarzenia\/via-carpatia-wpisana-projektu-rozporzadzenia-cef\/#breadcrumb\"},\"inLanguage\":\"hu\",\"potentialAction\":[{\"@type\":\"ReadAction\",\"target\":[\"https:\/\/marekkuchcinski.pl\/en\/wydarzenia\/via-carpatia-wpisana-projektu-rozporzadzenia-cef\/\"]}]},{\"@type\":\"ImageObject\",\"inLanguage\":\"hu\",\"@id\":\"https:\/\/marekkuchcinski.pl\/en\/wydarzenia\/via-carpatia-wpisana-projektu-rozporzadzenia-cef\/#primaryimage\",\"url\":\"https:\/\/marekkuchcinski.pl\/wp-content\/uploads\/2018\/06\/KU288184.jpg\",\"contentUrl\":\"https:\/\/marekkuchcinski.pl\/wp-content\/uploads\/2018\/06\/KU288184.jpg\",\"width\":1486,\"height\":867},{\"@type\":\"BreadcrumbList\",\"@id\":\"https:\/\/marekkuchcinski.pl\/en\/wydarzenia\/via-carpatia-wpisana-projektu-rozporzadzenia-cef\/#breadcrumb\",\"itemListElement\":[{\"@type\":\"ListItem\",\"position\":1,\"name\":\"Strona g\u0142\u00f3wna\",\"item\":\"https:\/\/marekkuchcinski.pl\/\"},{\"@type\":\"ListItem\",\"position\":2,\"name\":\"Via Carpatia wpisana do projektu rozporz\u0105dzenia CEF\"}]},{\"@type\":\"WebSite\",\"@id\":\"https:\/\/marekkuchcinski.pl\/#website\",\"url\":\"https:\/\/marekkuchcinski.pl\/\",\"name\":\"Marek Kuchci\u0144ski\",\"description\":\"Pose\u0142 na sejm RP &ndash; okr\u0119g nr 22\",\"publisher\":{\"@id\":\"https:\/\/marekkuchcinski.pl\/#organization\"},\"potentialAction\":[{\"@type\":\"SearchAction\",\"target\":{\"@type\":\"EntryPoint\",\"urlTemplate\":\"https:\/\/marekkuchcinski.pl\/?s={search_term_string}\"},\"query-input\":{\"@type\":\"PropertyValueSpecification\",\"valueRequired\":true,\"valueName\":\"search_term_string\"}}],\"inLanguage\":\"hu\"},{\"@type\":\"Organization\",\"@id\":\"https:\/\/marekkuchcinski.pl\/#organization\",\"name\":\"Marek Kuchci\u0144ski\",\"url\":\"https:\/\/marekkuchcinski.pl\/\",\"logo\":{\"@type\":\"ImageObject\",\"inLanguage\":\"hu\",\"@id\":\"https:\/\/marekkuchcinski.pl\/#\/schema\/logo\/image\/\",\"url\":\"https:\/\/marekkuchcinski.pl\/wp-content\/uploads\/2022\/09\/Marek.jpg\",\"contentUrl\":\"https:\/\/marekkuchcinski.pl\/wp-content\/uploads\/2022\/09\/Marek.jpg\",\"width\":1600,\"height\":971,\"caption\":\"Marek Kuchci\u0144ski\"},\"image\":{\"@id\":\"https:\/\/marekkuchcinski.pl\/#\/schema\/logo\/image\/\"}},{\"@type\":\"Person\",\"@id\":\"https:\/\/marekkuchcinski.pl\/#\/schema\/person\/6f62700996b4d950b6ea2d1183b6c6be\",\"name\":\"admin\",\"image\":{\"@type\":\"ImageObject\",\"inLanguage\":\"hu\",\"@id\":\"https:\/\/marekkuchcinski.pl\/#\/schema\/person\/image\/\",\"url\":\"https:\/\/secure.gravatar.com\/avatar\/4bab693b9d55c3d6b52c0296a8765085?s=96&d=mm&r=g\",\"contentUrl\":\"https:\/\/secure.gravatar.com\/avatar\/4bab693b9d55c3d6b52c0296a8765085?s=96&d=mm&r=g\",\"caption\":\"admin\"},\"url\":\"https:\/\/marekkuchcinski.pl\/hu\/author\/marta-olejnik\/\"}]}<\/script>\n<!-- \/ Yoast SEO plugin. -->","yoast_head_json":{"title":"Via Carpatia wpisana do projektu rozporz\u0105dzenia CEF &#8211; Marek Kuchci\u0144ski","robots":{"index":"index","follow":"follow","max-snippet":"max-snippet:-1","max-image-preview":"max-image-preview:large","max-video-preview":"max-video-preview:-1"},"canonical":"https:\/\/marekkuchcinski.pl\/hu\/wydarzenia\/via-carpatia-wpisana-projektu-rozporzadzenia-cef\/","og_locale":"hu_HU","og_type":"article","og_title":"Via Carpatia wpisana do projektu rozporz\u0105dzenia CEF &#8211; Marek Kuchci\u0144ski","og_description":"&#8211; Wpisanie trasy Via Carpatia do projektu rozporz\u0105dzenia w sprawie programu CEF (Connecting Europe Facility &#8211; \u0141\u0105cz\u0105c Europ\u0119) to bardzo dobra wiadomo\u015b\u0107 dla Polski. Przed polskim rz\u0105dem&nbsp; jeszcze wiele pracy, negocjacji i stara\u0144, ale ju\u017c dzi\u015b widzimy, \u017ce zosta\u0142y dostrze\u017cone nasze starania o to, aby powsta\u0142a trasa, kt\u00f3ra po\u0142\u0105czy p\u00f3\u0142nocn\u0105 i po\u0142udniow\u0105 Europ\u0119, jednocze\u015bnie aktywizuj\u0105c [&hellip;]","og_url":"https:\/\/marekkuchcinski.pl\/hu\/wydarzenia\/via-carpatia-wpisana-projektu-rozporzadzenia-cef\/","og_site_name":"Marek Kuchci\u0144ski","article_published_time":"2018-06-08T13:17:34+00:00","article_modified_time":"2019-04-17T14:35:17+00:00","og_image":[{"width":1486,"height":867,"url":"https:\/\/marekkuchcinski.pl\/wp-content\/uploads\/2018\/06\/KU288184.jpg","type":"image\/jpeg"}],"author":"admin","twitter_card":"summary_large_image","twitter_misc":{"Szerz\u0151:":"admin","Becs\u00fclt olvas\u00e1si id\u0151":"3 perc"},"schema":{"@context":"https:\/\/schema.org","@graph":[{"@type":"Article","@id":"https:\/\/marekkuchcinski.pl\/en\/wydarzenia\/via-carpatia-wpisana-projektu-rozporzadzenia-cef\/#article","isPartOf":{"@id":"https:\/\/marekkuchcinski.pl\/en\/wydarzenia\/via-carpatia-wpisana-projektu-rozporzadzenia-cef\/"},"author":{"name":"admin","@id":"https:\/\/marekkuchcinski.pl\/#\/schema\/person\/6f62700996b4d950b6ea2d1183b6c6be"},"headline":"Via Carpatia wpisana do projektu rozporz\u0105dzenia CEF","datePublished":"2018-06-08T13:17:34+00:00","dateModified":"2019-04-17T14:35:17+00:00","mainEntityOfPage":{"@id":"https:\/\/marekkuchcinski.pl\/en\/wydarzenia\/via-carpatia-wpisana-projektu-rozporzadzenia-cef\/"},"wordCount":608,"commentCount":0,"publisher":{"@id":"https:\/\/marekkuchcinski.pl\/#organization"},"image":{"@id":"https:\/\/marekkuchcinski.pl\/en\/wydarzenia\/via-carpatia-wpisana-projektu-rozporzadzenia-cef\/#primaryimage"},"thumbnailUrl":"https:\/\/marekkuchcinski.pl\/wp-content\/uploads\/2018\/06\/KU288184.jpg","articleSection":["Podkarpacie","Prawo i Sprawiedliwo\u015b\u0107","Wydarzenia"],"inLanguage":"hu","potentialAction":[{"@type":"CommentAction","name":"Comment","target":["https:\/\/marekkuchcinski.pl\/en\/wydarzenia\/via-carpatia-wpisana-projektu-rozporzadzenia-cef\/#respond"]}]},{"@type":"WebPage","@id":"https:\/\/marekkuchcinski.pl\/en\/wydarzenia\/via-carpatia-wpisana-projektu-rozporzadzenia-cef\/","url":"https:\/\/marekkuchcinski.pl\/en\/wydarzenia\/via-carpatia-wpisana-projektu-rozporzadzenia-cef\/","name":"Via Carpatia wpisana do projektu rozporz\u0105dzenia CEF &#8211; Marek Kuchci\u0144ski","isPartOf":{"@id":"https:\/\/marekkuchcinski.pl\/#website"},"primaryImageOfPage":{"@id":"https:\/\/marekkuchcinski.pl\/en\/wydarzenia\/via-carpatia-wpisana-projektu-rozporzadzenia-cef\/#primaryimage"},"image":{"@id":"https:\/\/marekkuchcinski.pl\/en\/wydarzenia\/via-carpatia-wpisana-projektu-rozporzadzenia-cef\/#primaryimage"},"thumbnailUrl":"https:\/\/marekkuchcinski.pl\/wp-content\/uploads\/2018\/06\/KU288184.jpg","datePublished":"2018-06-08T13:17:34+00:00","dateModified":"2019-04-17T14:35:17+00:00","breadcrumb":{"@id":"https:\/\/marekkuchcinski.pl\/en\/wydarzenia\/via-carpatia-wpisana-projektu-rozporzadzenia-cef\/#breadcrumb"},"inLanguage":"hu","potentialAction":[{"@type":"ReadAction","target":["https:\/\/marekkuchcinski.pl\/en\/wydarzenia\/via-carpatia-wpisana-projektu-rozporzadzenia-cef\/"]}]},{"@type":"ImageObject","inLanguage":"hu","@id":"https:\/\/marekkuchcinski.pl\/en\/wydarzenia\/via-carpatia-wpisana-projektu-rozporzadzenia-cef\/#primaryimage","url":"https:\/\/marekkuchcinski.pl\/wp-content\/uploads\/2018\/06\/KU288184.jpg","contentUrl":"https:\/\/marekkuchcinski.pl\/wp-content\/uploads\/2018\/06\/KU288184.jpg","width":1486,"height":867},{"@type":"BreadcrumbList","@id":"https:\/\/marekkuchcinski.pl\/en\/wydarzenia\/via-carpatia-wpisana-projektu-rozporzadzenia-cef\/#breadcrumb","itemListElement":[{"@type":"ListItem","position":1,"name":"Strona g\u0142\u00f3wna","item":"https:\/\/marekkuchcinski.pl\/"},{"@type":"ListItem","position":2,"name":"Via Carpatia wpisana do projektu rozporz\u0105dzenia CEF"}]},{"@type":"WebSite","@id":"https:\/\/marekkuchcinski.pl\/#website","url":"https:\/\/marekkuchcinski.pl\/","name":"Marek Kuchci\u0144ski","description":"Pose\u0142 na sejm RP &ndash; okr\u0119g nr 22","publisher":{"@id":"https:\/\/marekkuchcinski.pl\/#organization"},"potentialAction":[{"@type":"SearchAction","target":{"@type":"EntryPoint","urlTemplate":"https:\/\/marekkuchcinski.pl\/?s={search_term_string}"},"query-input":{"@type":"PropertyValueSpecification","valueRequired":true,"valueName":"search_term_string"}}],"inLanguage":"hu"},{"@type":"Organization","@id":"https:\/\/marekkuchcinski.pl\/#organization","name":"Marek Kuchci\u0144ski","url":"https:\/\/marekkuchcinski.pl\/","logo":{"@type":"ImageObject","inLanguage":"hu","@id":"https:\/\/marekkuchcinski.pl\/#\/schema\/logo\/image\/","url":"https:\/\/marekkuchcinski.pl\/wp-content\/uploads\/2022\/09\/Marek.jpg","contentUrl":"https:\/\/marekkuchcinski.pl\/wp-content\/uploads\/2022\/09\/Marek.jpg","width":1600,"height":971,"caption":"Marek Kuchci\u0144ski"},"image":{"@id":"https:\/\/marekkuchcinski.pl\/#\/schema\/logo\/image\/"}},{"@type":"Person","@id":"https:\/\/marekkuchcinski.pl\/#\/schema\/person\/6f62700996b4d950b6ea2d1183b6c6be","name":"admin","image":{"@type":"ImageObject","inLanguage":"hu","@id":"https:\/\/marekkuchcinski.pl\/#\/schema\/person\/image\/","url":"https:\/\/secure.gravatar.com\/avatar\/4bab693b9d55c3d6b52c0296a8765085?s=96&d=mm&r=g","contentUrl":"https:\/\/secure.gravatar.com\/avatar\/4bab693b9d55c3d6b52c0296a8765085?s=96&d=mm&r=g","caption":"admin"},"url":"https:\/\/marekkuchcinski.pl\/hu\/author\/marta-olejnik\/"}]}},"_links":{"self":[{"href":"https:\/\/marekkuchcinski.pl\/hu\/wp-json\/wp\/v2\/posts\/9662","targetHints":{"allow":["GET"]}}],"collection":[{"href":"https:\/\/marekkuchcinski.pl\/hu\/wp-json\/wp\/v2\/posts"}],"about":[{"href":"https:\/\/marekkuchcinski.pl\/hu\/wp-json\/wp\/v2\/types\/post"}],"author":[{"embeddable":true,"href":"https:\/\/marekkuchcinski.pl\/hu\/wp-json\/wp\/v2\/users\/6"}],"replies":[{"embeddable":true,"href":"https:\/\/marekkuchcinski.pl\/hu\/wp-json\/wp\/v2\/comments?post=9662"}],"version-history":[{"count":2,"href":"https:\/\/marekkuchcinski.pl\/hu\/wp-json\/wp\/v2\/posts\/9662\/revisions"}],"predecessor-version":[{"id":14950,"href":"https:\/\/marekkuchcinski.pl\/hu\/wp-json\/wp\/v2\/posts\/9662\/revisions\/14950"}],"wp:featuredmedia":[{"embeddable":true,"href":"https:\/\/marekkuchcinski.pl\/hu\/wp-json\/wp\/v2\/media\/9664"}],"wp:attachment":[{"href":"https:\/\/marekkuchcinski.pl\/hu\/wp-json\/wp\/v2\/media?parent=9662"}],"wp:term":[{"taxonomy":"category","embeddable":true,"href":"https:\/\/marekkuchcinski.pl\/hu\/wp-json\/wp\/v2\/categories?post=9662"},{"taxonomy":"post_tag","embeddable":true,"href":"https:\/\/marekkuchcinski.pl\/hu\/wp-json\/wp\/v2\/tags?post=9662"}],"curies":[{"name":"wp","href":"https:\/\/api.w.org\/{rel}","templated":true}]}}