{"id":9650,"date":"2018-06-08T12:39:27","date_gmt":"2018-06-08T10:39:27","guid":{"rendered":"https:\/\/marekkuchcinski.pl\/?p=9650"},"modified":"2018-06-08T12:39:44","modified_gmt":"2018-06-08T10:39:44","slug":"podsumowanie-63-posiedzenia-sejmu","status":"publish","type":"post","link":"https:\/\/marekkuchcinski.pl\/hu\/wydarzenia\/podsumowanie-63-posiedzenia-sejmu\/","title":{"rendered":"A Szejm 63. \u00fcl\u00e9s\u00e9nek \u00f6sszefoglal\u00f3ja"},"content":{"rendered":"<p dir=\"ltr\">A Szejm a 63. \u00fcl\u00e9s\u00e9n 21 t\u00f6rv\u00e9nyt fogadott el. Elutas\u00edtotta tov\u00e1bb\u00e1<strong>\u00a0bizalmatlans\u00e1gi szavaz\u00e1s a Minisztertan\u00e1cs szoci\u00e1lis bizotts\u00e1g\u00e1nak vezet\u0151je, Beata Szyd\u0142o \u00e9s a csal\u00e1d-, munka- \u00e9s szoci\u00e1lpolitikai miniszter, El\u017cbieta Rafalska ellen.<\/strong><\/p>\n<p dir=\"ltr\">A biokomponensekr\u0151l \u00e9s bio\u00fczemanyagokr\u00f3l sz\u00f3l\u00f3 \u00faj t\u00f6rv\u00e9ny el\u0151\u00edrja az alacsony kibocs\u00e1t\u00e1s\u00fa k\u00f6zleked\u00e9si alap (LETF) l\u00e9trehoz\u00e1s\u00e1t \u00e9s a kibocs\u00e1t\u00e1si d\u00edj bevezet\u00e9s\u00e9t az al\u00e1bbiak finansz\u00edroz\u00e1s\u00e1ra\u00a0<u><strong>t\u00f6bbek k\u00f6z\u00f6tt az elektromobilit\u00e1s fejleszt\u00e9s\u00e9vel kapcsolatos projektek Lengyelorsz\u00e1gban<\/strong><\/u>. A d\u00edjb\u00f3l befoly\u00f3 \u00f6sszegek 85%-a a Nemzeti K\u00f6rnyezetv\u00e9delmi \u00e9s V\u00edzgazd\u00e1lkod\u00e1si Alapba ker\u00fcl, 15%-a pedig a Nemzeti K\u00f6rnyezetv\u00e9delmi \u00e9s V\u00edzgazd\u00e1lkod\u00e1si Alapba. - az FNT-hez.\u00a0<u><strong>A t\u00f6rv\u00e9ny azt is lehet\u0151v\u00e9 teszi majd, hogy a helyi \u00f6nkorm\u00e1nyzatok tiszta k\u00f6zleked\u00e9si \u00f6vezeteket hozzanak l\u00e9tre a v\u00e1rosokban.<\/strong><\/u>amelyre a hagyom\u00e1nyos meghajt\u00e1s\u00fa j\u00e1rm\u0171vek behajt\u00e1sa korl\u00e1tozhat\u00f3.<\/p>\n<p dir=\"ltr\">A Szejm m\u00f3dos\u00edtotta a Visztula-k\u00f6p\u00f6nyeg elterel\u00e9s\u00e9r\u0151l sz\u00f3l\u00f3 t\u00f6rv\u00e9nyjavaslatot, amelyet a v\u00edz\u00fcgyi t\u00f6rv\u00e9ny hat\u00e1lyos rendelkez\u00e9seihez igaz\u00edtott. A v\u00e1ltoz\u00e1sok \u00e9rtelm\u00e9ben a j\u00f3v\u00e1hagy\u00e1sok \u00e9s a v\u00edzjogi enged\u00e9lyek kiad\u00e1s\u00e1\u00e9rt a lengyel v\u00edz\u00fcgy, nem pedig a vajdas\u00e1gi marsallok felel\u0151sek.\u00a0<strong><u>Nowy \u015awiatban ki\u00e1ss\u00e1k a Vistula-ny\u00e1rsat, hogy a legfeljebb 4 m\u00e9teres mer\u00fcl\u00e9s\u0171 haj\u00f3k be tudjanak haj\u00f3zni az Elbl\u0105g kik\u00f6t\u0151be.<\/u>.<\/strong>\u00a0A csatorn\u00e1n 100 m\u00e9ter hossz\u00fa \u00e9s 20 m\u00e9ter sz\u00e9les haj\u00f3k is \u00e1thaladhatnak majd.<\/p>\n<p dir=\"ltr\">A k\u00e9pvisel\u0151k megszavazt\u00e1k az \u00e1llamh\u00e1ztart\u00e1si t\u00f6rv\u00e9ny m\u00f3dos\u00edt\u00e1s\u00e1t, amely jav\u00edtja a<strong>\u00a0<u>a lengyel jognak a 2011. \u00e9vi uni\u00f3s p\u00e9nz\u00fcgyi ir\u00e1nyelvvel val\u00f3 \u00f6sszehangol\u00e1sa<\/u><\/strong><u>.<\/u>\u00a0Az ir\u00e1nyelv \u00e1ltal el\u0151\u00edrtaknak megfelel\u0151en a t\u00f6rv\u00e9nytervezet t\u00f6bbek k\u00f6z\u00f6tt el\u0151\u00edrja, hogy a k\u00f6lts\u00e9gvet\u00e9si t\u00f6rv\u00e9nytervezet indokol\u00e1s\u00e1ban az uni\u00f3s tag\u00e1llamok \u00e1ltal az Eur\u00f3pai Bizotts\u00e1g \u00e9s az Eur\u00f3pai Statisztikai Hivatal r\u00e9sz\u00e9re t\u00f6rt\u00e9n\u0151 statisztikai adatszolg\u00e1ltat\u00e1s sor\u00e1n alkalmazott m\u00f3dszertan szerint kell megadni az \u00e1llamh\u00e1ztart\u00e1si egyenlegre \u00e9s az \u00e1llamad\u00f3ss\u00e1gra vonatkoz\u00f3 adatokat.<\/p>\n<p dir=\"ltr\">A k\u00f6zhaszn\u00fa tev\u00e9kenys\u00e9gr\u0151l \u00e9s az \u00f6nk\u00e9ntess\u00e9gr\u0151l sz\u00f3l\u00f3 t\u00f6rv\u00e9ny m\u00f3dos\u00edt\u00e1sait fogadt\u00e1k el a k\u00e9pvisel\u0151k\u00a0<strong><u>50%-r\u00f3l 80%-ra n\u0151<\/u>.<\/strong>\u00a0a ny\u00fajtott t\u00e1mogat\u00e1s lehets\u00e9ges \u00e9rt\u00e9ke. A Minisztertan\u00e1cs v\u00e9lem\u00e9nye szerint a bevezetett megold\u00e1s lehet\u0151v\u00e9 teszi a k\u00f6vetkez\u0151k miatt fontos feladatok v\u00e9grehajt\u00e1s\u00e1nak jav\u00edt\u00e1s\u00e1t<strong>\u00a0<u>fontos k\u00f6z\u00e9rdekb\u0151l, fontos t\u00e1rsadalmi \u00e9rdekb\u0151l vagy az emberi \u00e9let vagy eg\u00e9szs\u00e9g v\u00e9delm\u00e9hez sz\u00fcks\u00e9gesek<\/u>.<\/strong><\/p>\n<p dir=\"ltr\">A Szejm elfogadta a k\u00f6z\u00fati k\u00f6zleked\u00e9sr\u0151l sz\u00f3l\u00f3 t\u00f6rv\u00e9ny m\u00f3dos\u00edt\u00e1s\u00e1t, amely a lengyel jognak az uni\u00f3s szab\u00e1lyoz\u00e1shoz val\u00f3 hozz\u00e1igaz\u00edt\u00e1s\u00e1t szolg\u00e1lja. A m\u00f3dos\u00edt\u00e1s a k\u00f6vetkez\u0151ket \u00edrja el\u0151<u>\u00a0<strong>a lengyel fuvaroz\u00e1si piac jobb fel\u00fcgyelete \u00e9s a fuvaroz\u00f3k k\u00f6z\u00f6tti tisztess\u00e9gtelen verseny megsz\u00fcntet\u00e9se, valamint a bels\u0151 piac nagyobb v\u00e9delme a nem uni\u00f3s fuvaroz\u00f3k tisztess\u00e9gtelen verseny\u00e9vel szemben<\/strong><\/u>. A beny\u00fajtott javaslatok \u00f6sszhangba hozz\u00e1k a lengyel jogot az uni\u00f3s megold\u00e1sokkal.<\/p>\n<p dir=\"ltr\"><u><strong>Az 1995 el\u0151tt \u00e9p\u00fclt lak\u00e1sok eset\u00e9ben a tulajdonjog ig\u00e9nyl\u00e9s\u00e9nek lehet\u0151v\u00e9 t\u00e9tele.<\/strong><\/u>A lak\u00e1stulajdonr\u00f3l sz\u00f3l\u00f3 t\u00f6rv\u00e9ny m\u00f3dos\u00edt\u00e1sa, amelyet a Szejm elfogadott, rendelkezik err\u0151l a lehet\u0151s\u00e9gr\u0151l. A bevezetett v\u00e1ltoztat\u00e1sok c\u00e9lja a nemzeti ingatlanvagyonr\u00f3l sz\u00f3l\u00f3 t\u00f6rv\u00e9ny hat\u00e1lybal\u00e9p\u00e9se ut\u00e1n keletkezett jogh\u00e9zag megsz\u00fcntet\u00e9se.<\/p>\n<p dir=\"ltr\">Az \u00faj t\u00f6rv\u00e9ny a\u00a0<strong><u>a k\u00f6z\u00fati k\u00f6zleked\u00e9sben haszn\u00e1lt tachogr\u00e1fok a rendszer biztons\u00e1g\u00e1nak jav\u00edt\u00e1sa, az ellen\u0151rz\u00e9s hat\u00e9konys\u00e1g\u00e1nak n\u00f6vel\u00e9se \u00e9s a k\u00f6z\u00fati k\u00f6zleked\u00e9sre vonatkoz\u00f3 szoci\u00e1lis jogszab\u00e1lyok \u00e9rv\u00e9nyes\u00edt\u00e9se \u00e9rdek\u00e9ben<\/u>.<\/strong>\u00a0A t\u00f6rv\u00e9ny c\u00e9lja tov\u00e1bb\u00e1 a tachogr\u00e1f-rendszer biztons\u00e1g\u00e1nak n\u00f6vel\u00e9se a berendez\u00e9s \u00e1ltal r\u00f6gz\u00edtett adatok manipul\u00e1l\u00e1s\u00e1nak korl\u00e1toz\u00e1s\u00e1val, valamint a tachogr\u00e1f-berendez\u00e9sek telep\u00edt\u00e9s\u00e9t, jav\u00edt\u00e1s\u00e1t, ellen\u0151rz\u00e9s\u00e9t \u00e9s vizsg\u00e1lat\u00e1t v\u00e9gz\u0151 m\u0171helyek megb\u00edzhat\u00f3s\u00e1g\u00e1nak n\u00f6vel\u00e9se.<\/p>\n<p dir=\"ltr\">Az al\u00e1bbiakr\u00f3l sz\u00f3l\u00f3 t\u00f6rv\u00e9ny m\u00f3dos\u00edt\u00e1sa<strong>\u00a0<u>beruh\u00e1z\u00e1sok a \u015awinouj\u015bcie-i g\u00e1zkik\u00f6t\u0151ben<\/u><\/strong>amelyet a H\u00e1z szerd\u00e1n megszavazott, \u00e9s amelynek c\u00e9lja, hogy\u00a0<u><strong>a g\u00e1zkik\u00f6t\u0151 fejleszt\u00e9s\u00e9nek jav\u00edt\u00e1sa \u00e9s Lengyelorsz\u00e1g \u00f6sszekapcsol\u00e1sa a norv\u00e9g kontinent\u00e1lis talapzat g\u00e1zmez\u0151ivel<\/strong><\/u>. A bevezetett v\u00e1ltoz\u00e1sok a \u015awinouj\u015bcie-i termin\u00e1l b\u0151v\u00edt\u00e9si terveivel, valamint a lengyelorsz\u00e1gi sz\u00e1ll\u00edt\u00e1si elemek \u00e9s a Baltic Pipe g\u00e1zvezet\u00e9k \u00e9p\u00edt\u00e9s\u00e9vel kapcsolatosak.<\/p>\n<p dir=\"ltr\">A k\u00e9pvisel\u0151k elfogadt\u00e1k a meg\u00fajul\u00f3 energiaforr\u00e1sokr\u00f3l sz\u00f3l\u00f3 t\u00f6rv\u00e9ny m\u00f3dos\u00edt\u00e1s\u00e1t. C\u00e9lja, hogy a 2015. febru\u00e1r 20-i t\u00f6rv\u00e9ny teljes m\u00e9rt\u00e9kben megfeleljen az \u00e1llami t\u00e1mogat\u00e1sokra vonatkoz\u00f3 szab\u00e1lyoknak, amelyek betart\u00e1s\u00e1ra a lengyel f\u00e9l k\u00f6telezetts\u00e9get v\u00e1llalt az Eur\u00f3pai Bizotts\u00e1g el\u0151tt. A jogszab\u00e1ly v\u00e1rhat\u00f3an hozz\u00e1j\u00e1rul a k\u00f6vetkez\u0151kh\u00f6z\u00a0<u><strong>a meg\u00fajul\u00f3 energiaforr\u00e1sok (RES) hat\u00e9kony felhaszn\u00e1l\u00e1sa, valamint a mez\u0151gazdas\u00e1gb\u00f3l sz\u00e1rmaz\u00f3 mell\u00e9kterm\u00e9kek \u00e9s a mez\u0151gazdas\u00e1gi nyersanyagokat energetikai c\u00e9lokra felhaszn\u00e1l\u00f3 ipar\u00e1gak fokozott felhaszn\u00e1l\u00e1sa.<\/strong><\/u><\/p>\n<p dir=\"ltr\">A szejm m\u00f3dos\u00edtotta a gy\u00f3gyszer\u00e9szeti t\u00f6rv\u00e9nyt, amelynek c\u00e9lja a k\u00f6zeg\u00e9szs\u00e9g\u00fcgy hat\u00e9konyabb v\u00e9delme a gy\u00f3gyszerek gy\u00e1rt\u00e1sa \u00e9s kereskedelme feletti fel\u00fcgyeleti rendszer meger\u0151s\u00edt\u00e9s\u00e9vel,\u00a0<strong><u>a gy\u00f3gyszerek k\u00fclf\u00f6ldre t\u00f6rt\u00e9n\u0151 kivitel\u00e9nek korl\u00e1toz\u00e1sa annak \u00e9rdek\u00e9ben, hogy a lengyelorsz\u00e1gi betegek sz\u00e1m\u00e1ra el\u00e9rhet\u0151bb\u00e9 v\u00e1ljanak<\/u>\u00a0<\/strong>\u00e9s az \u00faj gy\u00f3gyszeres ter\u00e1pi\u00e1khoz val\u00f3 jobb hozz\u00e1f\u00e9r\u00e9s.<\/p>\n<p dir=\"ltr\">A k\u00e9pvisel\u0151k m\u00f3dos\u00edtott\u00e1k a Nemzeti Szabads\u00e1g Int\u00e9zet - Civil T\u00e1rsadalomfejleszt\u00e9si K\u00f6zpontr\u00f3l sz\u00f3l\u00f3 t\u00f6rv\u00e9nyt is, amely finansz\u00edroz\u00e1st biztos\u00edt az int\u00e9zet rendszerszint\u0171 \u00e9s szervezeti \u00e1talak\u00edt\u00e1s\u00e1hoz, valamint lehet\u0151v\u00e9 teszi az int\u00e9zet sz\u00e9khely\u00e9\u00fcl szolg\u00e1l\u00f3 \u00e9p\u00fclet \u00e1talak\u00edt\u00e1s\u00e1t.<\/p>\n<p dir=\"ltr\">A Szejm hozz\u00e1j\u00e1rul\u00e1s\u00e1t adta a Lengyel K\u00f6zt\u00e1rsas\u00e1g \u00e9s a T\u00f6r\u00f6k K\u00f6zt\u00e1rsas\u00e1g k\u00f6z\u00f6tti, a szoci\u00e1lis biztons\u00e1gr\u00f3l sz\u00f3l\u00f3 meg\u00e1llapod\u00e1s eln\u00f6k \u00e1ltali ratifik\u00e1l\u00e1s\u00e1hoz. A meg\u00e1llapod\u00e1s c\u00e9lja, hogy megoldja a k\u00e9t orsz\u00e1g polg\u00e1rainak jelent\u0151s probl\u00e9m\u00e1it a szoci\u00e1lis biztons\u00e1g ter\u00fclet\u00e9n, valamint hogy jobb felt\u00e9teleket teremtsen a lengyel-t\u00f6r\u00f6k gazdas\u00e1gi egy\u00fcttm\u0171k\u00f6d\u00e9s fejleszt\u00e9s\u00e9hez. A H\u00e1z egyet\u00e9rtett tov\u00e1bb\u00e1 az Eur\u00f3pai Uni\u00f3 \u00e9s az Afganiszt\u00e1ni Iszl\u00e1m K\u00f6zt\u00e1rsas\u00e1g k\u00f6z\u00f6tti partners\u00e9gi \u00e9s fejleszt\u00e9si egy\u00fcttm\u0171k\u00f6d\u00e9si meg\u00e1llapod\u00e1s eln\u00f6k \u00e1ltali ratifik\u00e1l\u00e1s\u00e1val. A szejm tov\u00e1bb\u00e1 hozz\u00e1j\u00e1rult az Eur\u00f3pai Uni\u00f3 \u00e9s az Eur\u00f3pai Atomenergia-k\u00f6z\u00f6ss\u00e9g, valamint az \u00d6rm\u00e9ny K\u00f6zt\u00e1rsas\u00e1g k\u00f6z\u00f6tti \u00e1tfog\u00f3 \u00e9s meger\u0151s\u00edtett partners\u00e9gi meg\u00e1llapod\u00e1s eln\u00f6k \u00e1ltali ratifik\u00e1l\u00e1s\u00e1hoz. A meg\u00e1llapod\u00e1s c\u00e9lja az EU \u00e9s Jerev\u00e1n k\u00f6z\u00f6tti politikai \u00e9s kereskedelmi egy\u00fcttm\u0171k\u00f6d\u00e9s meger\u0151s\u00edt\u00e9se.<\/p>\n<p dir=\"ltr\">M\u00f3dos\u00edtott\u00e1k a szakszervezeti t\u00f6rv\u00e9nyt. A t\u00f6rv\u00e9ny c\u00e9lja t\u00f6bbek k\u00f6z\u00f6tt az Alkotm\u00e1nyb\u00edr\u00f3s\u00e1g 2015. j\u00fanius 2-i \u00edt\u00e9let\u00e9nek v\u00e9grehajt\u00e1sa a szakszervezetek alap\u00edt\u00e1s\u00e1hoz \u00e9s a szakszervezetekhez val\u00f3 csatlakoz\u00e1shoz val\u00f3 jog szubjekt\u00edv hat\u00e1ly\u00e1nak kiterjeszt\u00e9s\u00e9vel.\u00a0<u><strong>A m\u00f3dos\u00edt\u00e1s bevezeti az \u00fagynevezett szakszervezeti koal\u00edci\u00f3t, azaz a szakszervezetek megalak\u00edt\u00e1s\u00e1nak \u00e9s a hozz\u00e1juk val\u00f3 csatlakoz\u00e1snak a lehet\u0151s\u00e9g\u00e9t, amely \"a munkav\u00e1llal\u00f3k \u00e9s a munkaviszonyt\u00f3l elt\u00e9r\u0151 munkaviszony alapj\u00e1n fizetett munk\u00e1t v\u00e9gz\u0151 szem\u00e9lyek\" sz\u00e1m\u00e1ra lesz el\u00e9rhet\u0151. Ez k\u00fcl\u00f6n\u00f6sen a polg\u00e1ri jogi szerz\u0151d\u00e9sek alapj\u00e1n munk\u00e1t v\u00e9gz\u0151 szem\u00e9lyekre vonatkozik.<\/strong><\/u><\/p>\n<p dir=\"ltr\">A Szejm elfogadta a term\u00e9szetes szem\u00e9lyek v\u00e1llalkoz\u00e1s\u00e1nak \u00f6r\u00f6k\u00f6s\u00f6d\u00e9s\u00e9r\u0151l sz\u00f3l\u00f3 t\u00f6rv\u00e9nyt.\u00a0<u><strong>A t\u00f6rv\u00e9ny lehet\u0151v\u00e9 teszi az egy\u00e9ni v\u00e1llalkoz\u00e1sok z\u00f6kken\u0151mentes m\u0171k\u00f6d\u00e9s\u00e9t a tulajdonosok hal\u00e1la ut\u00e1n is.<\/strong><\/u>. Az egyszem\u00e9lyes t\u00e1rsas\u00e1g a legn\u00e9pszer\u0171bb v\u00e1llalkoz\u00e1si forma - az ilyen v\u00e1llalkoz\u00e1sok teszik ki a lengyel v\u00e1llalkoz\u00f3k mintegy 80 sz\u00e1zal\u00e9k\u00e1t.<\/p>\n<p dir=\"ltr\">A Szejm j\u00f3v\u00e1hagyta az Eur\u00f3pai Molekul\u00e1ris Biol\u00f3giai Laborat\u00f3rium l\u00e9trehoz\u00e1s\u00e1r\u00f3l sz\u00f3l\u00f3 meg\u00e1llapod\u00e1s eln\u00f6k \u00e1ltali ratifik\u00e1l\u00e1s\u00e1t, amely lehet\u0151v\u00e9 teszi a lengyel tud\u00f3sok sz\u00e1m\u00e1ra, hogy teljes m\u00e9rt\u00e9kben kihaszn\u00e1lj\u00e1k az EMBL kutat\u00e1si infrastrukt\u00far\u00e1j\u00e1t. Ilyen p\u00e9ld\u00e1ul a szervezet strukt\u00far\u00e1in bel\u00fcli foglalkoztat\u00e1s.<\/p>\n<p dir=\"ltr\">A Parlament egy szavaz\u00e1si blokkban elfogadta a Lengyel K\u00f6zt\u00e1rsas\u00e1g \u00e9s a Lengyel K\u00f6zt\u00e1rsas\u00e1g k\u00f6z\u00f6tti, a beruh\u00e1z\u00e1sok el\u0151mozd\u00edt\u00e1s\u00e1r\u00f3l \u00e9s k\u00f6lcs\u00f6n\u00f6s v\u00e9delm\u00e9r\u0151l sz\u00f3l\u00f3 meg\u00e1llapod\u00e1sok egyoldal\u00fa felmond\u00e1s\u00e1r\u00f3l sz\u00f3l\u00f3 t\u00f6rv\u00e9nycsomagot. G\u00f6r\u00f6g K\u00f6zt\u00e1rsas\u00e1g, Spanyol Kir\u00e1lys\u00e1g, Finn K\u00f6zt\u00e1rsas\u00e1g korm\u00e1nya, N\u00e9metorsz\u00e1gi Sz\u00f6vets\u00e9gi K\u00f6zt\u00e1rsas\u00e1g, Bolg\u00e1r K\u00f6zt\u00e1rsas\u00e1g korm\u00e1nya, Nagy-Britannia \u00e9s \u00c9szak-\u00cdrorsz\u00e1g Egyes\u00fclt Kir\u00e1lys\u00e1g\u00e1nak korm\u00e1nya, Osztr\u00e1k K\u00f6zt\u00e1rsas\u00e1g, Litv\u00e1n K\u00f6zt\u00e1rsas\u00e1g, Horv\u00e1t K\u00f6zt\u00e1rsas\u00e1g, Magyar K\u00f6zt\u00e1rsas\u00e1g, Sv\u00e9d Kir\u00e1lys\u00e1g korm\u00e1nya \u00e9s Lett K\u00f6zt\u00e1rsas\u00e1g korm\u00e1nya. A megl\u00e9v\u0151 meg\u00e1llapod\u00e1sokat az Eur\u00f3pai Bizotts\u00e1g az uni\u00f3s joggal val\u00f3 \u00f6sszeegyeztethetetlens\u00e9g\u00fck miatt t\u00e1madja.<\/p>\n<p dir=\"ltr\">A szejm k\u00f6zfelki\u00e1lt\u00e1ssal elfogadott egy \u00e1ll\u00e1sfoglal\u00e1st, amely megeml\u00e9kezik a 200. \u00e9vfordul\u00f3r\u00f3l.\u00a0<u><strong>Jan Henryk D\u0105browski t\u00e1bornok, kiv\u00e1l\u00f3 katonai parancsnok. Az olaszorsz\u00e1gi lengyel l\u00e9gi\u00f3 alap\u00edt\u00f3ja, a Ko\u015bciuszko-felkel\u00e9s r\u00e9sztvev\u0151je \u00e9s a Vars\u00f3i Hercegs\u00e9g hadsereg\u00e9nek t\u00e1bornoka volt.<\/strong><\/u>. Meghalt 1818. j\u00fanius 6-\u00e1n Winna G\u00f3r\u00e1ban. Mint az \u00e1ll\u00e1sfoglal\u00e1s-tervezet szerz\u0151i hangs\u00falyozt\u00e1k, Dabrowski t\u00e1bornok, mint a l\u00e9gi\u00f3 alap\u00edt\u00f3j\u00e1nak eredm\u00e9nyei \"a lengyel \u00fcgy visszat\u00e9r\u00e9s\u00e9t okozt\u00e1k a nemzetk\u00f6zi sz\u00ednt\u00e9rre\". Felid\u00e9zt\u00e9k azt is, hogy a J\u00f3zef Wybicki \u00e1ltal kompon\u00e1lt \"Az olaszorsz\u00e1gi lengyel l\u00e9gi\u00f3sok dala\" c\u00edm\u0171 dal - az \u00fagynevezett \"Mazurka Dabrowskiego\" - \"a f\u00fcggetlens\u00e9g visszanyer\u00e9se ut\u00e1n a nemzeti himnusz lett\".<\/p>\n<p dir=\"ltr\">A tagok j\u00f3v\u00e1hagyt\u00e1k\u00a0<u><strong>\u00e1ll\u00e1sfoglal\u00e1s az EU koh\u00e9zi\u00f3s politik\u00e1j\u00e1nak j\u00f6v\u0151beli form\u00e1j\u00e1r\u00f3l<\/strong><\/u>. A dokumentum hangs\u00falyozza, hogy ez az Uni\u00f3 kulcsfontoss\u00e1g\u00fa beruh\u00e1z\u00e1si politik\u00e1ja, \u00e9s az uni\u00f3s k\u00f6lts\u00e9gvet\u00e9s jelent\u0151s r\u00e9sz\u00e9t kell k\u00e9peznie, valamennyi r\u00e9gi\u00f3ra kiterjed\u0151en.\u00a0<u><strong>A legalacsonyabb fejletts\u00e9gi szint\u0171 tartom\u00e1nyoknak megfelel\u0151 t\u00e1mogat\u00e1sban kell r\u00e9szes\u00fclni\u00fck, \u00e9s a GDP-nek kell maradnia a p\u00e9nzeszk\u00f6z\u00f6k eloszt\u00e1s\u00e1nak alapmutat\u00f3j\u00e1nak. Az \u00e1ll\u00e1sfoglal\u00e1sban a szejm kifejezi meggy\u0151z\u0151d\u00e9s\u00e9t, hogy az EU k\u00f6lts\u00e9gvet\u00e9s\u00e9t \u00fagy kell kialak\u00edtani, hogy az ne hozzon l\u00e9tre t\u00f6bbsebess\u00e9ges Eur\u00f3p\u00e1t.<\/strong><\/u><\/p>\n<p dir=\"ltr\"><em>sz\u00f6veg: A Szejm Kancell\u00e1ri\u00e1ja\/ F\u00c1K<\/em><\/p>\n<p dir=\"ltr\"><em>Fot\u00f3: K. Bia\u0142osk\u00f3rski, R. Zambrzycki\/ Szejm<\/em><\/p>\n<p dir=\"ltr\"><img fetchpriority=\"high\" decoding=\"async\" class=\"alignnone size-full wp-image-9651\" src=\"https:\/\/marekkuchcinski.pl\/wp-content\/uploads\/2018\/06\/63-posie.jpg\" alt=\"63 posie\" width=\"3360\" height=\"2240\" srcset=\"https:\/\/marekkuchcinski.pl\/wp-content\/uploads\/2018\/06\/63-posie.jpg 2048w, https:\/\/marekkuchcinski.pl\/wp-content\/uploads\/2018\/06\/63-posie-300x200.jpg 300w, https:\/\/marekkuchcinski.pl\/wp-content\/uploads\/2018\/06\/63-posie-768x512.jpg 768w, https:\/\/marekkuchcinski.pl\/wp-content\/uploads\/2018\/06\/63-posie-1024x683.jpg 1024w\" sizes=\"(max-width: 3360px) 100vw, 3360px\" \/> <img decoding=\"async\" class=\"alignnone size-full wp-image-9652\" src=\"https:\/\/marekkuchcinski.pl\/wp-content\/uploads\/2018\/06\/63-poooo.jpg\" alt=\"63 poooo\" width=\"3360\" height=\"2240\" srcset=\"https:\/\/marekkuchcinski.pl\/wp-content\/uploads\/2018\/06\/63-poooo.jpg 2048w, https:\/\/marekkuchcinski.pl\/wp-content\/uploads\/2018\/06\/63-poooo-300x200.jpg 300w, https:\/\/marekkuchcinski.pl\/wp-content\/uploads\/2018\/06\/63-poooo-768x512.jpg 768w, https:\/\/marekkuchcinski.pl\/wp-content\/uploads\/2018\/06\/63-poooo-1024x683.jpg 1024w\" sizes=\"(max-width: 3360px) 100vw, 3360px\" \/> <img decoding=\"async\" class=\"alignnone size-full wp-image-9653\" src=\"https:\/\/marekkuchcinski.pl\/wp-content\/uploads\/2018\/06\/63-poo.jpg\" alt=\"63 poo\" width=\"3360\" height=\"2240\" srcset=\"https:\/\/marekkuchcinski.pl\/wp-content\/uploads\/2018\/06\/63-poo.jpg 2048w, https:\/\/marekkuchcinski.pl\/wp-content\/uploads\/2018\/06\/63-poo-300x200.jpg 300w, https:\/\/marekkuchcinski.pl\/wp-content\/uploads\/2018\/06\/63-poo-768x512.jpg 768w, https:\/\/marekkuchcinski.pl\/wp-content\/uploads\/2018\/06\/63-poo-1024x683.jpg 1024w\" sizes=\"(max-width: 3360px) 100vw, 3360px\" \/> <img loading=\"lazy\" decoding=\"async\" class=\"alignnone size-full wp-image-9654\" src=\"https:\/\/marekkuchcinski.pl\/wp-content\/uploads\/2018\/06\/63-pse.jpg\" alt=\"63 pse\" width=\"2880\" height=\"1920\" srcset=\"https:\/\/marekkuchcinski.pl\/wp-content\/uploads\/2018\/06\/63-pse.jpg 2048w, https:\/\/marekkuchcinski.pl\/wp-content\/uploads\/2018\/06\/63-pse-300x200.jpg 300w, https:\/\/marekkuchcinski.pl\/wp-content\/uploads\/2018\/06\/63-pse-768x512.jpg 768w, https:\/\/marekkuchcinski.pl\/wp-content\/uploads\/2018\/06\/63-pse-1024x683.jpg 1024w\" sizes=\"(max-width: 2880px) 100vw, 2880px\" \/><\/p>","protected":false},"excerpt":{"rendered":"<p>W czasie 63. posiedzenia Sejm przyj\u0105\u0142 21 ustaw. Odrzuci\u0142 tak\u017ce\u00a0wotum nieufno\u015bci wobec szefowej Komitetu Spo\u0142ecznego Rady Ministr\u00f3w Beaty Szyd\u0142o i minister rodziny, pracy i polityki spo\u0142ecznej\u00a0El\u017cbiety Rafalskiej. Nowe prawo dot. biokomponent\u00f3w i biopaliw zak\u0142ada stworzenie Funduszu Niskoemisyjnego Transportu (FNT) oraz wprowadzenie op\u0142aty emisyjnej, z kt\u00f3rej finansowane maj\u0105 by\u0107\u00a0projekty zwi\u0105zane m.in. z rozwojem elektromobilno\u015bci w Polsce. [&hellip;]<\/p>","protected":false},"author":6,"featured_media":9651,"comment_status":"open","ping_status":"open","sticky":false,"template":"","format":"standard","meta":{"ngg_post_thumbnail":0,"footnotes":""},"categories":[81,3],"tags":[],"class_list":["post-9650","post","type-post","status-publish","format-standard","has-post-thumbnail","hentry","category-wiesci-z-sejmu","category-wydarzenia"],"yoast_head":"<!-- This site is optimized with the Yoast SEO plugin v24.7 - https:\/\/yoast.com\/wordpress\/plugins\/seo\/ -->\n<title>Podsumowanie 63. posiedzenia Sejmu &#8211; Marek Kuchci\u0144ski<\/title>\n<meta name=\"robots\" content=\"index, follow, max-snippet:-1, max-image-preview:large, max-video-preview:-1\" \/>\n<link rel=\"canonical\" href=\"https:\/\/marekkuchcinski.pl\/hu\/wydarzenia\/podsumowanie-63-posiedzenia-sejmu\/\" \/>\n<meta property=\"og:locale\" content=\"hu_HU\" \/>\n<meta property=\"og:type\" content=\"article\" \/>\n<meta property=\"og:title\" content=\"Podsumowanie 63. posiedzenia Sejmu &#8211; Marek Kuchci\u0144ski\" \/>\n<meta property=\"og:description\" content=\"W czasie 63. posiedzenia Sejm przyj\u0105\u0142 21 ustaw. Odrzuci\u0142 tak\u017ce\u00a0wotum nieufno\u015bci wobec szefowej Komitetu Spo\u0142ecznego Rady Ministr\u00f3w Beaty Szyd\u0142o i minister rodziny, pracy i polityki spo\u0142ecznej\u00a0El\u017cbiety Rafalskiej. Nowe prawo dot. biokomponent\u00f3w i biopaliw zak\u0142ada stworzenie Funduszu Niskoemisyjnego Transportu (FNT) oraz wprowadzenie op\u0142aty emisyjnej, z kt\u00f3rej finansowane maj\u0105 by\u0107\u00a0projekty zwi\u0105zane m.in. z rozwojem elektromobilno\u015bci w Polsce. [&hellip;]\" \/>\n<meta property=\"og:url\" content=\"https:\/\/marekkuchcinski.pl\/hu\/wydarzenia\/podsumowanie-63-posiedzenia-sejmu\/\" \/>\n<meta property=\"og:site_name\" content=\"Marek Kuchci\u0144ski\" \/>\n<meta property=\"article:published_time\" content=\"2018-06-08T10:39:27+00:00\" \/>\n<meta property=\"article:modified_time\" content=\"2018-06-08T10:39:44+00:00\" \/>\n<meta property=\"og:image\" content=\"https:\/\/marekkuchcinski.pl\/wp-content\/uploads\/2018\/06\/63-posie.jpg\" \/>\n\t<meta property=\"og:image:width\" content=\"2048\" \/>\n\t<meta property=\"og:image:height\" content=\"1365\" \/>\n\t<meta property=\"og:image:type\" content=\"image\/jpeg\" \/>\n<meta name=\"author\" content=\"admin\" \/>\n<meta name=\"twitter:card\" content=\"summary_large_image\" \/>\n<meta name=\"twitter:label1\" content=\"Szerz\u0151:\" \/>\n\t<meta name=\"twitter:data1\" content=\"admin\" \/>\n\t<meta name=\"twitter:label2\" content=\"Becs\u00fclt olvas\u00e1si id\u0151\" \/>\n\t<meta name=\"twitter:data2\" content=\"7 perc\" \/>\n<script type=\"application\/ld+json\" class=\"yoast-schema-graph\">{\"@context\":\"https:\/\/schema.org\",\"@graph\":[{\"@type\":\"Article\",\"@id\":\"https:\/\/marekkuchcinski.pl\/uk\/wydarzenia\/podsumowanie-63-posiedzenia-sejmu\/#article\",\"isPartOf\":{\"@id\":\"https:\/\/marekkuchcinski.pl\/uk\/wydarzenia\/podsumowanie-63-posiedzenia-sejmu\/\"},\"author\":{\"name\":\"admin\",\"@id\":\"https:\/\/marekkuchcinski.pl\/#\/schema\/person\/6f62700996b4d950b6ea2d1183b6c6be\"},\"headline\":\"Podsumowanie 63. posiedzenia Sejmu\",\"datePublished\":\"2018-06-08T10:39:27+00:00\",\"dateModified\":\"2018-06-08T10:39:44+00:00\",\"mainEntityOfPage\":{\"@id\":\"https:\/\/marekkuchcinski.pl\/uk\/wydarzenia\/podsumowanie-63-posiedzenia-sejmu\/\"},\"wordCount\":1360,\"commentCount\":0,\"publisher\":{\"@id\":\"https:\/\/marekkuchcinski.pl\/#organization\"},\"image\":{\"@id\":\"https:\/\/marekkuchcinski.pl\/uk\/wydarzenia\/podsumowanie-63-posiedzenia-sejmu\/#primaryimage\"},\"thumbnailUrl\":\"https:\/\/marekkuchcinski.pl\/wp-content\/uploads\/2018\/06\/63-posie.jpg\",\"articleSection\":[\"Wie\u015bci z Sejmu\",\"Wydarzenia\"],\"inLanguage\":\"hu\",\"potentialAction\":[{\"@type\":\"CommentAction\",\"name\":\"Comment\",\"target\":[\"https:\/\/marekkuchcinski.pl\/uk\/wydarzenia\/podsumowanie-63-posiedzenia-sejmu\/#respond\"]}]},{\"@type\":\"WebPage\",\"@id\":\"https:\/\/marekkuchcinski.pl\/uk\/wydarzenia\/podsumowanie-63-posiedzenia-sejmu\/\",\"url\":\"https:\/\/marekkuchcinski.pl\/uk\/wydarzenia\/podsumowanie-63-posiedzenia-sejmu\/\",\"name\":\"Podsumowanie 63. posiedzenia Sejmu &#8211; Marek Kuchci\u0144ski\",\"isPartOf\":{\"@id\":\"https:\/\/marekkuchcinski.pl\/#website\"},\"primaryImageOfPage\":{\"@id\":\"https:\/\/marekkuchcinski.pl\/uk\/wydarzenia\/podsumowanie-63-posiedzenia-sejmu\/#primaryimage\"},\"image\":{\"@id\":\"https:\/\/marekkuchcinski.pl\/uk\/wydarzenia\/podsumowanie-63-posiedzenia-sejmu\/#primaryimage\"},\"thumbnailUrl\":\"https:\/\/marekkuchcinski.pl\/wp-content\/uploads\/2018\/06\/63-posie.jpg\",\"datePublished\":\"2018-06-08T10:39:27+00:00\",\"dateModified\":\"2018-06-08T10:39:44+00:00\",\"breadcrumb\":{\"@id\":\"https:\/\/marekkuchcinski.pl\/uk\/wydarzenia\/podsumowanie-63-posiedzenia-sejmu\/#breadcrumb\"},\"inLanguage\":\"hu\",\"potentialAction\":[{\"@type\":\"ReadAction\",\"target\":[\"https:\/\/marekkuchcinski.pl\/uk\/wydarzenia\/podsumowanie-63-posiedzenia-sejmu\/\"]}]},{\"@type\":\"ImageObject\",\"inLanguage\":\"hu\",\"@id\":\"https:\/\/marekkuchcinski.pl\/uk\/wydarzenia\/podsumowanie-63-posiedzenia-sejmu\/#primaryimage\",\"url\":\"https:\/\/marekkuchcinski.pl\/wp-content\/uploads\/2018\/06\/63-posie.jpg\",\"contentUrl\":\"https:\/\/marekkuchcinski.pl\/wp-content\/uploads\/2018\/06\/63-posie.jpg\",\"width\":2048,\"height\":1365},{\"@type\":\"BreadcrumbList\",\"@id\":\"https:\/\/marekkuchcinski.pl\/uk\/wydarzenia\/podsumowanie-63-posiedzenia-sejmu\/#breadcrumb\",\"itemListElement\":[{\"@type\":\"ListItem\",\"position\":1,\"name\":\"Strona g\u0142\u00f3wna\",\"item\":\"https:\/\/marekkuchcinski.pl\/\"},{\"@type\":\"ListItem\",\"position\":2,\"name\":\"Podsumowanie 63. posiedzenia Sejmu\"}]},{\"@type\":\"WebSite\",\"@id\":\"https:\/\/marekkuchcinski.pl\/#website\",\"url\":\"https:\/\/marekkuchcinski.pl\/\",\"name\":\"Marek Kuchci\u0144ski\",\"description\":\"Pose\u0142 na sejm RP &ndash; okr\u0119g nr 22\",\"publisher\":{\"@id\":\"https:\/\/marekkuchcinski.pl\/#organization\"},\"potentialAction\":[{\"@type\":\"SearchAction\",\"target\":{\"@type\":\"EntryPoint\",\"urlTemplate\":\"https:\/\/marekkuchcinski.pl\/?s={search_term_string}\"},\"query-input\":{\"@type\":\"PropertyValueSpecification\",\"valueRequired\":true,\"valueName\":\"search_term_string\"}}],\"inLanguage\":\"hu\"},{\"@type\":\"Organization\",\"@id\":\"https:\/\/marekkuchcinski.pl\/#organization\",\"name\":\"Marek Kuchci\u0144ski\",\"url\":\"https:\/\/marekkuchcinski.pl\/\",\"logo\":{\"@type\":\"ImageObject\",\"inLanguage\":\"hu\",\"@id\":\"https:\/\/marekkuchcinski.pl\/#\/schema\/logo\/image\/\",\"url\":\"https:\/\/marekkuchcinski.pl\/wp-content\/uploads\/2022\/09\/Marek.jpg\",\"contentUrl\":\"https:\/\/marekkuchcinski.pl\/wp-content\/uploads\/2022\/09\/Marek.jpg\",\"width\":1600,\"height\":971,\"caption\":\"Marek Kuchci\u0144ski\"},\"image\":{\"@id\":\"https:\/\/marekkuchcinski.pl\/#\/schema\/logo\/image\/\"}},{\"@type\":\"Person\",\"@id\":\"https:\/\/marekkuchcinski.pl\/#\/schema\/person\/6f62700996b4d950b6ea2d1183b6c6be\",\"name\":\"admin\",\"image\":{\"@type\":\"ImageObject\",\"inLanguage\":\"hu\",\"@id\":\"https:\/\/marekkuchcinski.pl\/#\/schema\/person\/image\/\",\"url\":\"https:\/\/secure.gravatar.com\/avatar\/4bab693b9d55c3d6b52c0296a8765085?s=96&d=mm&r=g\",\"contentUrl\":\"https:\/\/secure.gravatar.com\/avatar\/4bab693b9d55c3d6b52c0296a8765085?s=96&d=mm&r=g\",\"caption\":\"admin\"},\"url\":\"https:\/\/marekkuchcinski.pl\/hu\/author\/marta-olejnik\/\"}]}<\/script>\n<!-- \/ Yoast SEO plugin. -->","yoast_head_json":{"title":"Podsumowanie 63. posiedzenia Sejmu &#8211; Marek Kuchci\u0144ski","robots":{"index":"index","follow":"follow","max-snippet":"max-snippet:-1","max-image-preview":"max-image-preview:large","max-video-preview":"max-video-preview:-1"},"canonical":"https:\/\/marekkuchcinski.pl\/hu\/wydarzenia\/podsumowanie-63-posiedzenia-sejmu\/","og_locale":"hu_HU","og_type":"article","og_title":"Podsumowanie 63. posiedzenia Sejmu &#8211; Marek Kuchci\u0144ski","og_description":"W czasie 63. posiedzenia Sejm przyj\u0105\u0142 21 ustaw. Odrzuci\u0142 tak\u017ce\u00a0wotum nieufno\u015bci wobec szefowej Komitetu Spo\u0142ecznego Rady Ministr\u00f3w Beaty Szyd\u0142o i minister rodziny, pracy i polityki spo\u0142ecznej\u00a0El\u017cbiety Rafalskiej. Nowe prawo dot. biokomponent\u00f3w i biopaliw zak\u0142ada stworzenie Funduszu Niskoemisyjnego Transportu (FNT) oraz wprowadzenie op\u0142aty emisyjnej, z kt\u00f3rej finansowane maj\u0105 by\u0107\u00a0projekty zwi\u0105zane m.in. z rozwojem elektromobilno\u015bci w Polsce. [&hellip;]","og_url":"https:\/\/marekkuchcinski.pl\/hu\/wydarzenia\/podsumowanie-63-posiedzenia-sejmu\/","og_site_name":"Marek Kuchci\u0144ski","article_published_time":"2018-06-08T10:39:27+00:00","article_modified_time":"2018-06-08T10:39:44+00:00","og_image":[{"width":2048,"height":1365,"url":"https:\/\/marekkuchcinski.pl\/wp-content\/uploads\/2018\/06\/63-posie.jpg","type":"image\/jpeg"}],"author":"admin","twitter_card":"summary_large_image","twitter_misc":{"Szerz\u0151:":"admin","Becs\u00fclt olvas\u00e1si id\u0151":"7 perc"},"schema":{"@context":"https:\/\/schema.org","@graph":[{"@type":"Article","@id":"https:\/\/marekkuchcinski.pl\/uk\/wydarzenia\/podsumowanie-63-posiedzenia-sejmu\/#article","isPartOf":{"@id":"https:\/\/marekkuchcinski.pl\/uk\/wydarzenia\/podsumowanie-63-posiedzenia-sejmu\/"},"author":{"name":"admin","@id":"https:\/\/marekkuchcinski.pl\/#\/schema\/person\/6f62700996b4d950b6ea2d1183b6c6be"},"headline":"Podsumowanie 63. posiedzenia Sejmu","datePublished":"2018-06-08T10:39:27+00:00","dateModified":"2018-06-08T10:39:44+00:00","mainEntityOfPage":{"@id":"https:\/\/marekkuchcinski.pl\/uk\/wydarzenia\/podsumowanie-63-posiedzenia-sejmu\/"},"wordCount":1360,"commentCount":0,"publisher":{"@id":"https:\/\/marekkuchcinski.pl\/#organization"},"image":{"@id":"https:\/\/marekkuchcinski.pl\/uk\/wydarzenia\/podsumowanie-63-posiedzenia-sejmu\/#primaryimage"},"thumbnailUrl":"https:\/\/marekkuchcinski.pl\/wp-content\/uploads\/2018\/06\/63-posie.jpg","articleSection":["Wie\u015bci z Sejmu","Wydarzenia"],"inLanguage":"hu","potentialAction":[{"@type":"CommentAction","name":"Comment","target":["https:\/\/marekkuchcinski.pl\/uk\/wydarzenia\/podsumowanie-63-posiedzenia-sejmu\/#respond"]}]},{"@type":"WebPage","@id":"https:\/\/marekkuchcinski.pl\/uk\/wydarzenia\/podsumowanie-63-posiedzenia-sejmu\/","url":"https:\/\/marekkuchcinski.pl\/uk\/wydarzenia\/podsumowanie-63-posiedzenia-sejmu\/","name":"Podsumowanie 63. posiedzenia Sejmu &#8211; Marek Kuchci\u0144ski","isPartOf":{"@id":"https:\/\/marekkuchcinski.pl\/#website"},"primaryImageOfPage":{"@id":"https:\/\/marekkuchcinski.pl\/uk\/wydarzenia\/podsumowanie-63-posiedzenia-sejmu\/#primaryimage"},"image":{"@id":"https:\/\/marekkuchcinski.pl\/uk\/wydarzenia\/podsumowanie-63-posiedzenia-sejmu\/#primaryimage"},"thumbnailUrl":"https:\/\/marekkuchcinski.pl\/wp-content\/uploads\/2018\/06\/63-posie.jpg","datePublished":"2018-06-08T10:39:27+00:00","dateModified":"2018-06-08T10:39:44+00:00","breadcrumb":{"@id":"https:\/\/marekkuchcinski.pl\/uk\/wydarzenia\/podsumowanie-63-posiedzenia-sejmu\/#breadcrumb"},"inLanguage":"hu","potentialAction":[{"@type":"ReadAction","target":["https:\/\/marekkuchcinski.pl\/uk\/wydarzenia\/podsumowanie-63-posiedzenia-sejmu\/"]}]},{"@type":"ImageObject","inLanguage":"hu","@id":"https:\/\/marekkuchcinski.pl\/uk\/wydarzenia\/podsumowanie-63-posiedzenia-sejmu\/#primaryimage","url":"https:\/\/marekkuchcinski.pl\/wp-content\/uploads\/2018\/06\/63-posie.jpg","contentUrl":"https:\/\/marekkuchcinski.pl\/wp-content\/uploads\/2018\/06\/63-posie.jpg","width":2048,"height":1365},{"@type":"BreadcrumbList","@id":"https:\/\/marekkuchcinski.pl\/uk\/wydarzenia\/podsumowanie-63-posiedzenia-sejmu\/#breadcrumb","itemListElement":[{"@type":"ListItem","position":1,"name":"Strona g\u0142\u00f3wna","item":"https:\/\/marekkuchcinski.pl\/"},{"@type":"ListItem","position":2,"name":"Podsumowanie 63. posiedzenia Sejmu"}]},{"@type":"WebSite","@id":"https:\/\/marekkuchcinski.pl\/#website","url":"https:\/\/marekkuchcinski.pl\/","name":"Marek Kuchci\u0144ski","description":"Pose\u0142 na sejm RP &ndash; okr\u0119g nr 22","publisher":{"@id":"https:\/\/marekkuchcinski.pl\/#organization"},"potentialAction":[{"@type":"SearchAction","target":{"@type":"EntryPoint","urlTemplate":"https:\/\/marekkuchcinski.pl\/?s={search_term_string}"},"query-input":{"@type":"PropertyValueSpecification","valueRequired":true,"valueName":"search_term_string"}}],"inLanguage":"hu"},{"@type":"Organization","@id":"https:\/\/marekkuchcinski.pl\/#organization","name":"Marek Kuchci\u0144ski","url":"https:\/\/marekkuchcinski.pl\/","logo":{"@type":"ImageObject","inLanguage":"hu","@id":"https:\/\/marekkuchcinski.pl\/#\/schema\/logo\/image\/","url":"https:\/\/marekkuchcinski.pl\/wp-content\/uploads\/2022\/09\/Marek.jpg","contentUrl":"https:\/\/marekkuchcinski.pl\/wp-content\/uploads\/2022\/09\/Marek.jpg","width":1600,"height":971,"caption":"Marek Kuchci\u0144ski"},"image":{"@id":"https:\/\/marekkuchcinski.pl\/#\/schema\/logo\/image\/"}},{"@type":"Person","@id":"https:\/\/marekkuchcinski.pl\/#\/schema\/person\/6f62700996b4d950b6ea2d1183b6c6be","name":"admin","image":{"@type":"ImageObject","inLanguage":"hu","@id":"https:\/\/marekkuchcinski.pl\/#\/schema\/person\/image\/","url":"https:\/\/secure.gravatar.com\/avatar\/4bab693b9d55c3d6b52c0296a8765085?s=96&d=mm&r=g","contentUrl":"https:\/\/secure.gravatar.com\/avatar\/4bab693b9d55c3d6b52c0296a8765085?s=96&d=mm&r=g","caption":"admin"},"url":"https:\/\/marekkuchcinski.pl\/hu\/author\/marta-olejnik\/"}]}},"_links":{"self":[{"href":"https:\/\/marekkuchcinski.pl\/hu\/wp-json\/wp\/v2\/posts\/9650","targetHints":{"allow":["GET"]}}],"collection":[{"href":"https:\/\/marekkuchcinski.pl\/hu\/wp-json\/wp\/v2\/posts"}],"about":[{"href":"https:\/\/marekkuchcinski.pl\/hu\/wp-json\/wp\/v2\/types\/post"}],"author":[{"embeddable":true,"href":"https:\/\/marekkuchcinski.pl\/hu\/wp-json\/wp\/v2\/users\/6"}],"replies":[{"embeddable":true,"href":"https:\/\/marekkuchcinski.pl\/hu\/wp-json\/wp\/v2\/comments?post=9650"}],"version-history":[{"count":7,"href":"https:\/\/marekkuchcinski.pl\/hu\/wp-json\/wp\/v2\/posts\/9650\/revisions"}],"predecessor-version":[{"id":9661,"href":"https:\/\/marekkuchcinski.pl\/hu\/wp-json\/wp\/v2\/posts\/9650\/revisions\/9661"}],"wp:featuredmedia":[{"embeddable":true,"href":"https:\/\/marekkuchcinski.pl\/hu\/wp-json\/wp\/v2\/media\/9651"}],"wp:attachment":[{"href":"https:\/\/marekkuchcinski.pl\/hu\/wp-json\/wp\/v2\/media?parent=9650"}],"wp:term":[{"taxonomy":"category","embeddable":true,"href":"https:\/\/marekkuchcinski.pl\/hu\/wp-json\/wp\/v2\/categories?post=9650"},{"taxonomy":"post_tag","embeddable":true,"href":"https:\/\/marekkuchcinski.pl\/hu\/wp-json\/wp\/v2\/tags?post=9650"}],"curies":[{"name":"wp","href":"https:\/\/api.w.org\/{rel}","templated":true}]}}