{"id":9617,"date":"2018-06-06T16:25:12","date_gmt":"2018-06-06T14:25:12","guid":{"rendered":"https:\/\/marekkuchcinski.pl\/?p=9617"},"modified":"2018-06-11T11:47:35","modified_gmt":"2018-06-11T09:47:35","slug":"podsumowanie-miesiaca-maj","status":"publish","type":"post","link":"https:\/\/marekkuchcinski.pl\/hu\/prawo-i-sprawiedliwosc\/podsumowanie-miesiaca-maj\/","title":{"rendered":"A h\u00f3nap \u00f6sszefoglal\u00f3ja: M\u00c1JUS"},"content":{"rendered":"<p style=\"text-align: center;\"><span style=\"color: #31729e;\"><strong>szerda, m\u00e1jus 2.<\/strong><\/span><\/p>\n<ul>\n<li><strong>LEV\u00c9L: <span style=\"color: #ff0000;\"><a style=\"color: #ff0000;\" href=\"https:\/\/marekkuchcinski.pl\/wp-content\/uploads\/2018\/06\/Dzie\u0144-Flagi.pdf\">Z\u00e1szl\u00f3 napja<\/a><\/span><\/strong><\/li>\n<\/ul>\n<p style=\"text-align: center;\"><span style=\"color: #2b6a78;\">\u00a0\u00a0\u00a0\u00a0 <span style=\"color: #3175a8;\"><strong>m\u00e1jus 3., cs\u00fct\u00f6rt\u00f6k<\/strong><\/span><\/span><\/p>\n<ul>\n<li style=\"text-align: left;\"><strong>Przemy\u015bl: A m\u00e1jus 3-i alkotm\u00e1ny \u00fcnnepe.\u00a0<\/strong>- A m\u00e1jus 3-i alkotm\u00e1ny a n\u00e9gy\u00e9ves szejm munk\u00e1ja volt, de egyben a lengyel \u00e1llam megjav\u00edt\u00e1s\u00e1ra tett sok\u00e9ves er\u0151fesz\u00edt\u00e9sek cs\u00facspontja, a v\u00e1ls\u00e1gba s\u00fcllyedt \u00e1llamuk megjav\u00edt\u00e1s\u00e1ra t\u00f6rekv\u0151 lengyelek kollekt\u00edv b\u00f6lcsess\u00e9g\u00e9nek kifejez\u0151d\u00e9se, \u00e9s annak bizony\u00edt\u00e9ka, hogy a kir\u00e1ly szem\u00e9ly\u00e9ben a k\u00f6zt\u00e1rsas\u00e1g fels\u00e9ge \u00e9s a k\u00e9pvisel\u0151k \u00e9s szen\u00e1torok \u00e1ltal k\u00e9pviselt nemzet k\u00f6z\u00f6tt kompromisszumot lehet k\u00f6tni\" - mondta Marek Kuchci\u0144ski. Az Alkotm\u00e1ny eml\u00e9km\u0171v\u00e9n\u00e9l tartott \u00fcnneps\u00e9gen r\u00e9szt vett Andrzej Matusiewicz parlamenti k\u00e9pvisel\u0151, Marek Rz\u0105sa parlamenti k\u00e9pvisel\u0151, Ewa Leniart, Podkarpacie vajd\u00e1ja, Lucyna Podhalicz vajda-helyettes, W\u0142adys\u0142aw Ortyl vajdas\u00e1gi marsall, Piotr Pilch marsall-helyettes \u00e9s Robert Choma, Przemy\u015bl polg\u00e1rmestere is.<\/li>\n<\/ul>\n<p><a href=\"https:\/\/marekkuchcinski.pl\/wp-content\/uploads\/2018\/06\/KU316639.jpg\"><img fetchpriority=\"high\" decoding=\"async\" class=\"alignnone size-full wp-image-9618\" src=\"https:\/\/marekkuchcinski.pl\/wp-content\/uploads\/2018\/06\/KU316639.jpg\" alt=\"KU316639\" width=\"2736\" height=\"1824\" srcset=\"https:\/\/marekkuchcinski.pl\/wp-content\/uploads\/2018\/06\/KU316639.jpg 2048w, https:\/\/marekkuchcinski.pl\/wp-content\/uploads\/2018\/06\/KU316639-300x200.jpg 300w, https:\/\/marekkuchcinski.pl\/wp-content\/uploads\/2018\/06\/KU316639-768x512.jpg 768w, https:\/\/marekkuchcinski.pl\/wp-content\/uploads\/2018\/06\/KU316639-1024x683.jpg 1024w\" sizes=\"(max-width: 2736px) 100vw, 2736px\" \/><\/a><\/p>\n<ul>\n<li><strong>Przemy\u015bl: A Szejm eln\u00f6ke megkapta a Przemy\u015bl v\u00e1ros d\u00edszpolg\u00e1ri c\u00edm\u00e9t.\u00a0<\/strong>A marsall biztos\u00edtott arr\u00f3l, hogy a visegr\u00e1di orsz\u00e1gokkal \u00e9s a K\u00e1rp\u00e1tok makror\u00e9gi\u00f3val kapcsolatos sz\u00e1mos nemzetk\u00f6zi kezdem\u00e9nyez\u00e9s keret\u00e9ben Lengyelorsz\u00e1g k\u00f6z\u00e9p- \u00e9s kelet-eur\u00f3pai fejl\u0151d\u00e9s\u00e9t c\u00e9lz\u00f3 \u00faj parlamenti politika megteremt\u00e9s\u00e9vel \u00e9s kidolgoz\u00e1s\u00e1val Przemy\u015bl szerep\u00e9t is er\u0151s\u00edteni k\u00edv\u00e1nja. Az \u00fcnneps\u00e9gen a marsallt elk\u00eds\u00e9rte Krystyna Wr\u00f3blewska parlamenti k\u00e9pvisel\u0151, Anna Schmidt-Rodziewicz, Andrzej Matusiewicz parlamenti k\u00e9pvisel\u0151, Andrzej Szlachta parlamenti k\u00e9pvisel\u0151, Ewa Leniart, Podkarpacie vajd\u00e1ja, Lucyna Podhalicz alpolg\u00e1rmester, W\u0142adys\u0142aw Ortyl vajdas\u00e1gi marsall, Robert Choma, Przemy\u015bl v\u00e1ros eln\u00f6ke. A d\u00edjazott tisztelet\u00e9re Dr. Jan Musia\u0142 volt szen\u00e1tor mondott laud\u00e1ci\u00f3t.<\/li>\n<\/ul>\n<p><a href=\"https:\/\/marekkuchcinski.pl\/wp-content\/uploads\/2018\/06\/KU317068.jpg\"><img decoding=\"async\" class=\"alignnone size-full wp-image-9619\" src=\"https:\/\/marekkuchcinski.pl\/wp-content\/uploads\/2018\/06\/KU317068.jpg\" alt=\"KU317068\" width=\"2736\" height=\"1824\" srcset=\"https:\/\/marekkuchcinski.pl\/wp-content\/uploads\/2018\/06\/KU317068.jpg 2048w, https:\/\/marekkuchcinski.pl\/wp-content\/uploads\/2018\/06\/KU317068-300x200.jpg 300w, https:\/\/marekkuchcinski.pl\/wp-content\/uploads\/2018\/06\/KU317068-768x512.jpg 768w, https:\/\/marekkuchcinski.pl\/wp-content\/uploads\/2018\/06\/KU317068-1024x683.jpg 1024w\" sizes=\"(max-width: 2736px) 100vw, 2736px\" \/><\/a><\/p>\n<p style=\"text-align: center;\"><span style=\"color: #3175a8;\"><strong>m\u00e1jus 7., h\u00e9tf\u0151<\/strong><\/span><\/p>\n<ul>\n<li><strong>A Szejm kancell\u00e1ri\u00e1j\u00e1nak vezet\u00e9se<\/strong><\/li>\n<\/ul>\n<p style=\"text-align: center;\"><span style=\"color: #3175a8;\"><strong>m\u00e1jus 8., kedd - m\u00e1jus 10., cs\u00fct\u00f6rt\u00f6k<\/strong><\/span><\/p>\n<ul>\n<li><strong>A Szejm Eln\u00f6ks\u00e9ge<\/strong><\/li>\n<li><strong>Senior egyezm\u00e9ny<\/strong><\/li>\n<li><strong>A Parlament 62. \u00fcl\u00e9se.\u00a0<\/strong>A k\u00f6zponti vas\u00fati kik\u00f6t\u0151r\u0151l sz\u00f3l\u00f3 t\u00f6rv\u00e9ny \u00e9s az \u00faj beruh\u00e1z\u00e1sok t\u00e1mogat\u00e1s\u00e1r\u00f3l sz\u00f3l\u00f3 t\u00f6rv\u00e9ny elfogad\u00e1sa, valamint a fogyat\u00e9kkal \u00e9l\u0151k szakmai \u00e9s szoci\u00e1lis rehabilit\u00e1ci\u00f3j\u00e1r\u00f3l \u00e9s foglalkoztat\u00e1s\u00e1r\u00f3l sz\u00f3l\u00f3 t\u00f6rv\u00e9ny m\u00f3dos\u00edt\u00e1sa voltak a 62. szejm harmadik \u00e9s egyben utols\u00f3 \u00fcl\u00e9snapj\u00e1nak legfontosabb pontjai. A szejm m\u00f3dos\u00edtotta a k\u00e9pvisel\u0151i \u00e9s szen\u00e1tori mand\u00e1tum gyakorl\u00e1s\u00e1r\u00f3l sz\u00f3l\u00f3 t\u00f6rv\u00e9nyt, amely 20%-kal cs\u00f6kkenti a k\u00e9pvisel\u0151i \u00e9s szen\u00e1tori javadalmaz\u00e1st, a szem\u00e9lyes adatok v\u00e9delm\u00e9r\u0151l sz\u00f3l\u00f3 t\u00f6rv\u00e9nyt, m\u00f3dos\u00edtotta a Legfels\u0151bb B\u00edr\u00f3s\u00e1gr\u00f3l sz\u00f3l\u00f3 t\u00f6rv\u00e9nyeket, a betegs\u00e9g \u00e9s anyas\u00e1g eset\u00e9n j\u00e1r\u00f3 t\u00e1rsadalombiztos\u00edt\u00e1si p\u00e9nzbeli ell\u00e1t\u00e1sokr\u00f3l \u00e9s n\u00e9h\u00e1ny m\u00e1s t\u00f6rv\u00e9nyt, az oktat\u00e1si t\u00f6rv\u00e9nyt, a munkav\u00e1llal\u00f3i nyugd\u00edjrendszerekr\u0151l, a megfelel\u0151s\u00e9g\u00e9rt\u00e9kel\u00e9si rendszerr\u0151l \u00e9s a piacfel\u00fcgyeleti rendszerekr\u0151l sz\u00f3l\u00f3 t\u00f6rv\u00e9nyt, a PIT-r\u0151l \u00e9s a CIT-r\u0151l sz\u00f3l\u00f3 t\u00f6rv\u00e9nyt, valamint az \u00faj beruh\u00e1z\u00e1sok t\u00e1mogat\u00e1s\u00e1r\u00f3l sz\u00f3l\u00f3 t\u00f6rv\u00e9nyt. Az EP-k\u00e9pvisel\u0151k emellett nem \u00e9rtettek egyet Marek Kuchci\u0144ski felment\u00e9s\u00e9vel a Szejm eln\u00f6ki tiszts\u00e9g\u00e9b\u0151l.<\/li>\n<\/ul>\n<p><a href=\"https:\/\/marekkuchcinski.pl\/wp-content\/uploads\/2018\/06\/KU317901-\u2014-kopia.jpg\"><img decoding=\"async\" class=\"alignnone size-full wp-image-9620\" src=\"https:\/\/marekkuchcinski.pl\/wp-content\/uploads\/2018\/06\/KU317901-\u2014-kopia.jpg\" alt=\"KU317901-\u2014-kopia\" width=\"2736\" height=\"1824\" srcset=\"https:\/\/marekkuchcinski.pl\/wp-content\/uploads\/2018\/06\/KU317901-\u2014-kopia.jpg 2048w, https:\/\/marekkuchcinski.pl\/wp-content\/uploads\/2018\/06\/KU317901-\u2014-kopia-300x200.jpg 300w, https:\/\/marekkuchcinski.pl\/wp-content\/uploads\/2018\/06\/KU317901-\u2014-kopia-768x512.jpg 768w, https:\/\/marekkuchcinski.pl\/wp-content\/uploads\/2018\/06\/KU317901-\u2014-kopia-1024x683.jpg 1024w\" sizes=\"(max-width: 2736px) 100vw, 2736px\" \/><\/a><\/p>\n<p style=\"text-align: center;\"><span style=\"color: #3175a8;\"><strong>m\u00e1jus 9., szerda<\/strong><\/span><\/p>\n<ul>\n<li><strong>Agnieszka \u015acigaj k\u00e9pvisel\u0151nek az Orsz\u00e1gos Munka\u00fcgyi Fel\u00fcgyelet tagj\u00e1v\u00e1 t\u00f6rt\u00e9n\u0151 kinevez\u00e9s\u00e9nek ismertet\u00e9se<\/strong><\/li>\n<\/ul>\n<p><a href=\"https:\/\/marekkuchcinski.pl\/wp-content\/uploads\/2018\/06\/KU328393.jpg\"><img loading=\"lazy\" decoding=\"async\" class=\"alignnone size-full wp-image-9638\" src=\"https:\/\/marekkuchcinski.pl\/wp-content\/uploads\/2018\/06\/KU328393.jpg\" alt=\"KU328393\" width=\"1800\" height=\"1200\" srcset=\"https:\/\/marekkuchcinski.pl\/wp-content\/uploads\/2018\/06\/KU328393.jpg 1800w, https:\/\/marekkuchcinski.pl\/wp-content\/uploads\/2018\/06\/KU328393-300x200.jpg 300w, https:\/\/marekkuchcinski.pl\/wp-content\/uploads\/2018\/06\/KU328393-768x512.jpg 768w, https:\/\/marekkuchcinski.pl\/wp-content\/uploads\/2018\/06\/KU328393-1024x683.jpg 1024w\" sizes=\"(max-width: 1800px) 100vw, 1800px\" \/><\/a><\/p>\n<p style=\"text-align: center;\"><span style=\"color: #3175a8;\"><strong>cs\u00fct\u00f6rt\u00f6k, m\u00e1jus 10.<\/strong><\/span><\/p>\n<ul>\n<li><strong>Szentmise a Sz\u0171z M\u00e1ria mennybev\u00e9tele \u00e9s Szent J\u00f3zsef h\u00e1zast\u00e1rsa tisztelet\u00e9re a szmolenszki katasztr\u00f3fa \u00e1ldozatai\u00e9rt a szemin\u00e1riumi templomban.<\/strong><\/li>\n<li><strong>Vir\u00e1gok elhelyez\u00e9se a szmolenszki eml\u00e9km\u0171n\u00e9l a Pow\u0105zki temet\u0151ben<\/strong><\/li>\n<\/ul>\n<p><a href=\"https:\/\/marekkuchcinski.pl\/wp-content\/uploads\/2018\/06\/Pow\u0105zki.jpg\"><img loading=\"lazy\" decoding=\"async\" class=\"aligncenter wp-image-9622\" src=\"https:\/\/marekkuchcinski.pl\/wp-content\/uploads\/2018\/06\/Pow\u0105zki.jpg\" alt=\"Pow\u0105zki\" width=\"1235\" height=\"839\" srcset=\"https:\/\/marekkuchcinski.pl\/wp-content\/uploads\/2018\/06\/Pow\u0105zki.jpg 599w, https:\/\/marekkuchcinski.pl\/wp-content\/uploads\/2018\/06\/Pow\u0105zki-300x204.jpg 300w\" sizes=\"(max-width: 1235px) 100vw, 1235px\" \/><\/a><\/p>\n<ul>\n<li><strong>A Szejm eln\u00f6k\u00e9nek r\u00e9szv\u00e9tele a Nemzeti Eml\u00e9kezet Gondnoka d\u00edj \u00e1tad\u00e1s\u00e1nak \u00fcnneps\u00e9g\u00e9n.<\/strong> A Kustosz Pami\u0119ci-d\u00edj idei nyertesei a k\u00f6vetkez\u0151k:Bogus\u0142aw Nizie\u0144ski - \u00fcgyv\u00e9d, b\u00edr\u00f3, t\u00e1rsadalmi aktivista, honv\u00e9d, Marlena Piekarska-Olsz\u00f3wka - a \"Willa Jasny Dom\" Alap\u00edtv\u00e1ny eln\u00f6ke, a II. vil\u00e1gh\u00e1bor\u00fa ut\u00e1ni antikommunista f\u00fcggetlens\u00e9gi f\u00f6ldalatti mozgalomr\u00f3l sz\u00f3l\u00f3 ismeretek n\u00e9pszer\u0171s\u00edt\u0151je, Anna Rastawicka - az Ezer\u00e9ves Pr\u00edm\u00e1s tan\u00edt\u00e1s\u00e1nak terjeszt\u0151je, A Lvovi Lengyel N\u00e9psz\u00ednh\u00e1z - amely \u00e9vek \u00f3ta bemutatja az anyanyelvi kult\u00fara gazdag \u00f6r\u00f6ks\u00e9g\u00e9t, folytatva a nemzeti sz\u00ednh\u00e1zi hagyom\u00e1nyt, A Pieniacka Ac\u00e9lm\u0171vek Egyes\u00fclet - amely a Pieniacka Ac\u00e9lm\u0171vek t\u00fal\u00e9l\u0151it, csal\u00e1dtagjaikat \u00e9s mag\u00e1nszem\u00e9lyeket t\u00f6m\u00f6r\u00edti, akik er\u0151fesz\u00edt\u00e9seket tesznek a b\u0171nt\u00e9ny \u00e1ldozatainak m\u00e9lt\u00f3 megeml\u00e9kez\u00e9se \u00e9rdek\u00e9ben.<\/li>\n<\/ul>\n<p><a href=\"https:\/\/marekkuchcinski.pl\/wp-content\/uploads\/2018\/06\/32191277_2074418652774353_4423198681402966016_o.jpg\"><img loading=\"lazy\" decoding=\"async\" class=\"alignnone size-full wp-image-9623\" src=\"https:\/\/marekkuchcinski.pl\/wp-content\/uploads\/2018\/06\/32191277_2074418652774353_4423198681402966016_o.jpg\" alt=\"32191277_2074418652774353_4423198681402966016_o\" width=\"2000\" height=\"1333\" srcset=\"https:\/\/marekkuchcinski.pl\/wp-content\/uploads\/2018\/06\/32191277_2074418652774353_4423198681402966016_o.jpg 2000w, https:\/\/marekkuchcinski.pl\/wp-content\/uploads\/2018\/06\/32191277_2074418652774353_4423198681402966016_o-300x200.jpg 300w, https:\/\/marekkuchcinski.pl\/wp-content\/uploads\/2018\/06\/32191277_2074418652774353_4423198681402966016_o-768x512.jpg 768w, https:\/\/marekkuchcinski.pl\/wp-content\/uploads\/2018\/06\/32191277_2074418652774353_4423198681402966016_o-1024x682.jpg 1024w\" sizes=\"(max-width: 2000px) 100vw, 2000px\" \/><\/a><\/p>\n<ul>\n<li><strong>Tal\u00e1lkoz\u00f3 a Podkarpatszkaja r\u00e9gi\u00f3 parlamenti k\u00e9pvisel\u0151ivel<\/strong><\/li>\n<li><strong>Senior egyezm\u00e9ny<\/strong><\/li>\n<li><strong>A Szejm kancell\u00e1ri\u00e1j\u00e1nak vezet\u00e9se<\/strong><\/li>\n<li><strong>Szavazatok<\/strong><\/li>\n<li><strong>Tal\u00e1lkoz\u00f3 Milosz Zeman cseh eln\u00f6kkel.\u00a0<\/strong>- \u00d6r\u00fcl\u00f6k, hogy a cseh parlamenttel egy\u00fctt osztjuk az Uni\u00f3nak a haz\u00e1k, a szuver\u00e9n \u00e1llamok, \u00e9s nem az egyes\u00fclt nemzetek Eur\u00f3p\u00e1jak\u00e9nt val\u00f3 fejl\u0151d\u00e9s\u00e9r\u0151l alkotott n\u00e9zeteinket\" - hangs\u00falyozta a szejm eln\u00f6ke. A besz\u00e9lget\u00e9s k\u00f6z\u00e9ppontj\u00e1ban a Lengyelorsz\u00e1g \u00e9s a Cseh K\u00f6zt\u00e1rsas\u00e1g k\u00f6z\u00f6tt parlamenti szinten egyre intenz\u00edvebb\u00e9 v\u00e1l\u00f3 kapcsolatok \u00e1lltak. Az Eur\u00f3pai Uni\u00f3 reformj\u00e1nak \u00e9s a visegr\u00e1di orsz\u00e1gok parlamentjei k\u00f6z\u00f6tti egy\u00fcttm\u0171k\u00f6d\u00e9s meger\u0151s\u00edt\u00e9s\u00e9nek sz\u00fcks\u00e9gess\u00e9ge. A Szejm eln\u00f6ke felh\u00edvta a figyelmet a k\u00f6z\u00e9p- \u00e9s kelet-eur\u00f3pai r\u00e9gi\u00f3 eg\u00e9sz\u00e9re kiterjed\u0151 egy\u00fcttm\u0171k\u00f6d\u00e9s er\u0151s\u00edt\u00e9se \u00e9rdek\u00e9ben parlamenti szinten v\u00e9gzett tev\u00e9kenys\u00e9gekre is.<\/li>\n<\/ul>\n<p><a href=\"https:\/\/marekkuchcinski.pl\/wp-content\/uploads\/2018\/06\/KU328814.jpg\"><img loading=\"lazy\" decoding=\"async\" class=\"alignnone size-full wp-image-9624\" src=\"https:\/\/marekkuchcinski.pl\/wp-content\/uploads\/2018\/06\/KU328814.jpg\" alt=\"KU328814\" width=\"1506\" height=\"808\" srcset=\"https:\/\/marekkuchcinski.pl\/wp-content\/uploads\/2018\/06\/KU328814.jpg 1506w, https:\/\/marekkuchcinski.pl\/wp-content\/uploads\/2018\/06\/KU328814-300x161.jpg 300w, https:\/\/marekkuchcinski.pl\/wp-content\/uploads\/2018\/06\/KU328814-768x412.jpg 768w, https:\/\/marekkuchcinski.pl\/wp-content\/uploads\/2018\/06\/KU328814-1024x549.jpg 1024w\" sizes=\"(max-width: 1506px) 100vw, 1506px\" \/><\/a><\/p>\n<p style=\"text-align: center;\"><span style=\"color: #31729e;\"><strong>m\u00e1jus 11., p\u00e9ntek<\/strong><\/span><\/p>\n<ul>\n<li><strong>A Szejm Eln\u00f6ks\u00e9ge<\/strong><\/li>\n<li><strong>Id\u0151sek tal\u00e1lkoz\u00f3ja<\/strong><\/li>\n<li><strong>Tal\u00e1lkoz\u00f3 Ryszard Terleckivel, a Szejm aleln\u00f6k\u00e9vel \u00e9s Jan Malicki igazgat\u00f3val<\/strong><\/li>\n<li><strong>Tal\u00e1lkoz\u00f3 W\u0142adys\u0142aw Ortyllal, a Podkarpatszkaja r\u00e9gi\u00f3 marsallj\u00e1val<\/strong><\/li>\n<\/ul>\n<p style=\"text-align: center;\"><span style=\"color: #31729e;\"><strong>szombat, m\u00e1jus 12.<\/strong><\/span><\/p>\n<ul>\n<li><strong>A Podkarpacie Gyermek- \u00e9s Ifj\u00fas\u00e1gi Liga alpesi s\u00edel\u00e9sben - d\u00edj\u00e1tad\u00f3 \u00fcnneps\u00e9g \u00f6sszefoglal\u00e1sa \u00e9s k\u00f6vetkeztet\u00e9sei<\/strong><\/li>\n<\/ul>\n<p><a href=\"https:\/\/marekkuchcinski.pl\/wp-content\/uploads\/2018\/06\/32266771_2075056576043894_3783368821973188608_n.jpg\"><img loading=\"lazy\" decoding=\"async\" class=\"alignnone size-full wp-image-9625\" src=\"https:\/\/marekkuchcinski.pl\/wp-content\/uploads\/2018\/06\/32266771_2075056576043894_3783368821973188608_n.jpg\" alt=\"32266771_2075056576043894_3783368821973188608_n\" width=\"953\" height=\"742\" srcset=\"https:\/\/marekkuchcinski.pl\/wp-content\/uploads\/2018\/06\/32266771_2075056576043894_3783368821973188608_n.jpg 953w, https:\/\/marekkuchcinski.pl\/wp-content\/uploads\/2018\/06\/32266771_2075056576043894_3783368821973188608_n-300x234.jpg 300w, https:\/\/marekkuchcinski.pl\/wp-content\/uploads\/2018\/06\/32266771_2075056576043894_3783368821973188608_n-768x598.jpg 768w\" sizes=\"(max-width: 953px) 100vw, 953px\" \/><\/a><\/p>\n<p style=\"text-align: center;\"><span style=\"color: #31729e;\"><strong>vas\u00e1rnap, m\u00e1jus 13.<\/strong><\/span><\/p>\n<ul>\n<li><strong>Kra\u015bnik \u00e9s Pu\u0142awy: tal\u00e1lkoz\u00f3 a lakosokkal a \"Lengyelorsz\u00e1g egy\" akci\u00f3 keret\u00e9ben.<\/strong> A tal\u00e1lkoz\u00f3 sor\u00e1n megvitatott t\u00e9m\u00e1k k\u00f6z\u00f6tt szerepelt a \"Morawiecki \u00f6t\u00f6s\", a fogyat\u00e9kkal \u00e9l\u0151kkel kapcsolatos javaslatok, a t\u00f6rt\u00e9nelempolitika \u00e9s a helyi k\u00e9rd\u00e9sek, mint p\u00e9ld\u00e1ul a kra\u015bniki sajt\u00f3csap\u00e1gygy\u00e1r elad\u00e1sa, a lak\u00e1ssz\u00f6vetkezetek \u00e9s a kiskertek. A h\u00e1zeln\u00f6k t\u00f6bbek k\u00f6z\u00f6tt azt mondta, hogy arra fogja k\u00e9rni az eln\u00f6k\u00f6t, hogy v\u00e9t\u00f3zza meg a degrad\u00e1ci\u00f3s t\u00f6rv\u00e9nyjavaslatot. Amikor a nyugd\u00edjakr\u00f3l k\u00e9rdezt\u00e9k, azt mondta, hogy most van itt az ideje megfontolni az index\u00e1l\u00e1s m\u00e9rt\u00e9k\u00e9nek megv\u00e1ltoztat\u00e1s\u00e1t.<\/li>\n<\/ul>\n<p><a href=\"https:\/\/marekkuchcinski.pl\/wp-content\/uploads\/2018\/06\/IMG_9700-Copy.jpg\"><img loading=\"lazy\" decoding=\"async\" class=\"alignnone size-full wp-image-9626\" src=\"https:\/\/marekkuchcinski.pl\/wp-content\/uploads\/2018\/06\/IMG_9700-Copy.jpg\" alt=\"IMG_9700 (Copy)\" width=\"2160\" height=\"1484\" srcset=\"https:\/\/marekkuchcinski.pl\/wp-content\/uploads\/2018\/06\/IMG_9700-Copy.jpg 2048w, https:\/\/marekkuchcinski.pl\/wp-content\/uploads\/2018\/06\/IMG_9700-Copy-300x206.jpg 300w, https:\/\/marekkuchcinski.pl\/wp-content\/uploads\/2018\/06\/IMG_9700-Copy-768x528.jpg 768w, https:\/\/marekkuchcinski.pl\/wp-content\/uploads\/2018\/06\/IMG_9700-Copy-1024x704.jpg 1024w\" sizes=\"(max-width: 2160px) 100vw, 2160px\" \/><\/a><\/p>\n<ul>\n<li><strong>Az \"Ez\u00fcst N\u00e9gysz\u00f6g\" Nemzetk\u00f6zi K\u00e1rp\u00e1taljai Fest\u00e9szeti Trienn\u00e1l\u00e9t \u00f6sszefoglal\u00f3 ki\u00e1ll\u00edt\u00e1s megnyit\u00f3j\u00e1ra a Krasiczyn v\u00e1rbeli ARP Gal\u00e9ri\u00e1ban ker\u00fclt sor.<\/strong>\", amelyet tizedik alkalommal rendez a przemy\u015bli Kort\u00e1rs M\u0171v\u00e9szeti Gal\u00e9ria. - A \"Eur\u00f3pa j\u00f6v\u0151je. Az \"Egys\u00e9g a sokf\u00e9les\u00e9gben\" megmutatja, hogy az emberek mennyire k\u00fcl\u00f6nb\u00f6z\u0151ek, \u00e9s m\u00e9gis mennyire j\u00f3l tudnak egy\u00fcttm\u0171k\u00f6dni, hogyan tudnak egy k\u00f6z\u00f6s eszme k\u00f6r\u00fcl egyes\u00fclni. Ilyen egy\u00fcttm\u0171k\u00f6d\u00e9sre t\u00f6reksz\u00fcnk a V4-orsz\u00e1gok politikai f\u00f3rum\u00e1n, a K\u00e1rp\u00e1talj\u00e1n. De term\u00e9szetesen ez az egy\u00fcttm\u0171k\u00f6d\u00e9s a k\u00e9pz\u0151m\u0171v\u00e9szetben, a zen\u00e9ben \u00e9s az irodalomban a legszebb. Ezt a legjobban az 'Ez\u00fcst N\u00e9gyoldal\u00fas\u00e1gon' lehet l\u00e1tni, amelyet m\u00e1r \u00e9vek \u00f3ta rendeznek\" - mondta Marek Kuchci\u0144ski.<a href=\"https:\/\/marekkuchcinski.pl\/wp-content\/uploads\/2018\/06\/fot_G_Karnas__11777.jpg\"><img loading=\"lazy\" decoding=\"async\" class=\"alignnone size-full wp-image-9627\" src=\"https:\/\/marekkuchcinski.pl\/wp-content\/uploads\/2018\/06\/fot_G_Karnas__11777.jpg\" alt=\"fot_G_Karnas__11777\" width=\"4928\" height=\"3264\" srcset=\"https:\/\/marekkuchcinski.pl\/wp-content\/uploads\/2018\/06\/fot_G_Karnas__11777.jpg 2048w, https:\/\/marekkuchcinski.pl\/wp-content\/uploads\/2018\/06\/fot_G_Karnas__11777-300x199.jpg 300w, https:\/\/marekkuchcinski.pl\/wp-content\/uploads\/2018\/06\/fot_G_Karnas__11777-768x509.jpg 768w, https:\/\/marekkuchcinski.pl\/wp-content\/uploads\/2018\/06\/fot_G_Karnas__11777-1024x678.jpg 1024w\" sizes=\"(max-width: 4928px) 100vw, 4928px\" \/><\/a><\/li>\n<\/ul>\n<p style=\"text-align: center;\"><span style=\"color: #31729e;\"><strong>h\u00e9tf\u0151, m\u00e1jus 14.<\/strong><\/span><\/p>\n<ul>\n<li><strong>Tal\u00e1lkoz\u00f3 Orb\u00e1n Viktor magyar minisztereln\u00f6kkel.<\/strong> Orb\u00e1n Viktor minisztereln\u00f6k els\u0151 k\u00fclf\u00f6ldi l\u00e1togat\u00e1sa a harmadik egym\u00e1st k\u00f6vet\u0151 v\u00e1laszt\u00e1si gy\u0151zelem ut\u00e1n - j\u00f3 bar\u00e1ti besz\u00e9lget\u00e9s a k\u00f6vetkez\u0151 n\u00e9gy \u00e9v kiv\u00e1l\u00f3 lengyel-magyar egy\u00fcttm\u0171k\u00f6d\u00e9s\u00e9r\u0151l<\/li>\n<\/ul>\n<p><a href=\"https:\/\/marekkuchcinski.pl\/wp-content\/uploads\/2018\/06\/DdK9IC6WkAI_eEq.jpg\"><img loading=\"lazy\" decoding=\"async\" class=\"alignnone size-full wp-image-9628\" src=\"https:\/\/marekkuchcinski.pl\/wp-content\/uploads\/2018\/06\/DdK9IC6WkAI_eEq.jpg\" alt=\"DdK9IC6WkAI_eEq\" width=\"1200\" height=\"800\" srcset=\"https:\/\/marekkuchcinski.pl\/wp-content\/uploads\/2018\/06\/DdK9IC6WkAI_eEq.jpg 1200w, https:\/\/marekkuchcinski.pl\/wp-content\/uploads\/2018\/06\/DdK9IC6WkAI_eEq-300x200.jpg 300w, https:\/\/marekkuchcinski.pl\/wp-content\/uploads\/2018\/06\/DdK9IC6WkAI_eEq-768x512.jpg 768w, https:\/\/marekkuchcinski.pl\/wp-content\/uploads\/2018\/06\/DdK9IC6WkAI_eEq-1024x683.jpg 1024w\" sizes=\"(max-width: 1200px) 100vw, 1200px\" \/><\/a><\/p>\n<p style=\"text-align: center;\"><span style=\"color: #31729e;\"><strong>szerda, m\u00e1jus 16.<\/strong><\/span><\/p>\n<ul>\n<li><strong>A Szejm kancell\u00e1ri\u00e1j\u00e1nak vezet\u00e9se<\/strong><\/li>\n<\/ul>\n<p style=\"text-align: center;\"><span style=\"color: #31729e;\"><strong>cs\u00fct\u00f6rt\u00f6k, m\u00e1jus 17.<\/strong><\/span><\/p>\n<ul>\n<li><strong>A Szejm Eln\u00f6ks\u00e9ge<\/strong><\/li>\n<\/ul>\n<p style=\"text-align: center;\"><span style=\"color: #31729e;\"><strong>m\u00e1jus 18., p\u00e9ntek<\/strong><\/span><\/p>\n<ul>\n<li><strong>A Szejm eln\u00f6ke \u00e1tadta a \"B\u00e1tors\u00e1g \u00e9s hiteless\u00e9g\" kit\u00fcntet\u00e9st<\/strong> Anca-Maria Cernea rom\u00e1n orvos, t\u00e1rsadalmi aktivista \u00e9s a Katolikus Orvosok Rom\u00e1niai Sz\u00f6vets\u00e9g\u00e9nek eln\u00f6ke - a lengyel kult\u00fara b\u00e1tor \u00e9s hiteles k\u00fclf\u00f6ldi n\u00e9pszer\u0171s\u00edt\u00e9s\u00e9\u00e9rt, valamint az orsz\u00e1gunkr\u00f3l alkotott pozit\u00edv k\u00e9p kialak\u00edt\u00e1s\u00e1hoz val\u00f3 hozz\u00e1j\u00e1rul\u00e1s\u00e1\u00e9rt.<\/li>\n<\/ul>\n<p><a href=\"https:\/\/marekkuchcinski.pl\/wp-content\/uploads\/2018\/06\/32725600_2077757162440502_7274627099850178560_n-1.jpg\"><img loading=\"lazy\" decoding=\"async\" class=\"alignnone wp-image-9629\" src=\"https:\/\/marekkuchcinski.pl\/wp-content\/uploads\/2018\/06\/32725600_2077757162440502_7274627099850178560_n-1.jpg\" alt=\"32725600_2077757162440502_7274627099850178560_n\" width=\"1583\" height=\"1055\" srcset=\"https:\/\/marekkuchcinski.pl\/wp-content\/uploads\/2018\/06\/32725600_2077757162440502_7274627099850178560_n-1.jpg 960w, https:\/\/marekkuchcinski.pl\/wp-content\/uploads\/2018\/06\/32725600_2077757162440502_7274627099850178560_n-1-300x200.jpg 300w, https:\/\/marekkuchcinski.pl\/wp-content\/uploads\/2018\/06\/32725600_2077757162440502_7274627099850178560_n-1-768x512.jpg 768w\" sizes=\"(max-width: 1583px) 100vw, 1583px\" \/><\/a><\/p>\n<p style=\"text-align: center;\"><span style=\"color: #31729e;\"><strong>szombat, m\u00e1jus 19.<\/strong><\/span><\/p>\n<ul>\n<li><strong>A Szejm eln\u00f6k\u00e9nek r\u00e9szv\u00e9tele a \u0141a\u0144cut-i zenei fesztiv\u00e1l megnyit\u00f3j\u00e1n.<\/strong> - Az embernek az a benyom\u00e1sa, hogy a zene, mint itt bemutatott m\u0171v\u00e9szet, megsz\u0171nt egyfajta kamarazene lenni, kiz\u00e1r\u00f3lag a magas kult\u00fara szempontj\u00e1b\u00f3l, a befogad\u00f3k egy sz\u0171k csoportj\u00e1nak c\u00edmezve, hanem egy bizonyos \u00e9letform\u00e1v\u00e1 v\u00e1lt, \u00e9s az eg\u00e9sz t\u00e1rsadalom, az eg\u00e9sz nemzet \u00e9let\u00e9t befoly\u00e1solja. Ez a nyitotts\u00e1g lehet\u0151s\u00e9geket \u00e9s lehet\u0151s\u00e9geket biztos\u00edt a Lengyel K\u00f6zt\u00e1rsas\u00e1g minden polg\u00e1ra, hallgat\u00f3ja sz\u00e1m\u00e1ra\" - mondta Marek Kuchci\u0144ski.<\/li>\n<\/ul>\n<p><a href=\"https:\/\/marekkuchcinski.pl\/wp-content\/uploads\/2018\/06\/60E0DF05-9FCA-452F-8F92-E79648706E23.jpeg\"><img loading=\"lazy\" decoding=\"async\" class=\"alignnone size-full wp-image-9630\" src=\"https:\/\/marekkuchcinski.pl\/wp-content\/uploads\/2018\/06\/60E0DF05-9FCA-452F-8F92-E79648706E23.jpeg\" alt=\"60E0DF05-9FCA-452F-8F92-E79648706E23\" width=\"1920\" height=\"1280\" srcset=\"https:\/\/marekkuchcinski.pl\/wp-content\/uploads\/2018\/06\/60E0DF05-9FCA-452F-8F92-E79648706E23.jpeg 1920w, https:\/\/marekkuchcinski.pl\/wp-content\/uploads\/2018\/06\/60E0DF05-9FCA-452F-8F92-E79648706E23-300x200.jpeg 300w, https:\/\/marekkuchcinski.pl\/wp-content\/uploads\/2018\/06\/60E0DF05-9FCA-452F-8F92-E79648706E23-768x512.jpeg 768w, https:\/\/marekkuchcinski.pl\/wp-content\/uploads\/2018\/06\/60E0DF05-9FCA-452F-8F92-E79648706E23-1024x683.jpeg 1024w\" sizes=\"(max-width: 1920px) 100vw, 1920px\" \/><\/a><\/p>\n<p style=\"text-align: center;\"><span style=\"color: #31729e;\"><strong>vas\u00e1rnap, m\u00e1jus 20.<\/strong><\/span><\/p>\n<ul>\n<li><strong><strong>Tal\u00e1lkoz\u00f3 Jedli\u0144sk \u00e9s Koprzywnica telep\u00fcl\u00e9sek lakosaival. <\/strong><\/strong>Marek Kuchci\u0144ski hangs\u00falyozta, hogy a Jog \u00e9s Igazs\u00e1goss\u00e1g korm\u00e1ny\u00e1nak 2,5 \u00e9ve alatt sikeresen v\u00e9grehajtott\u00e1k a kamp\u00e1ny sor\u00e1n bejelentett programokat \u00e9s reformokat. Utalt Mateusz Morawiecki minisztereln\u00f6k nemr\u00e9g bejelentett programj\u00e1ra is, mindenekel\u0151tt az \"Akad\u00e1lymentes\u00edt\u00e9s Plusz\" csomag javaslataira, amely az elk\u00f6vetkez\u0151 \u00e9vekben 23 milli\u00e1rd zloty elk\u00fcl\u00f6n\u00edt\u00e9s\u00e9t ir\u00e1nyozza el\u0151 a fogyat\u00e9kkal \u00e9l\u0151k, id\u0151sek vagy kisgyermekes sz\u00fcl\u0151k mindennapi \u00e9let\u00e9t megk\u00f6nny\u00edt\u0151 megold\u00e1sokra. - Ezek olyan javaslatok, amelyek c\u00e9lja k\u00fcl\u00f6nb\u00f6z\u0151 tev\u00e9kenys\u00e9gek elind\u00edt\u00e1sa a helyi \u00e9p\u00edt\u00e9szetben, az infrastrukt\u00far\u00e1ban\" - mondta Kuchci\u0144ski. A sandomierzi r\u00e9gi\u00f3 Lengyelorsz\u00e1g egyik legnagyobb almatermel\u0151je \u00e9s -export\u0151re. A szejm eln\u00f6k\u00e9vel val\u00f3 tal\u00e1lkoz\u00f3 sor\u00e1n a lakosok a t\u00f6bb \u00e9vsz\u00e1zados gy\u00fcm\u00f6lcstermeszt\u00e9si hagyom\u00e1nyok t\u00e1mogat\u00e1s\u00e1t k\u00e9rt\u00e9k. Sz\u00f3 esett az infrastrukt\u00fara jav\u00edt\u00e1s\u00e1r\u00f3l, a korm\u00e1ny \u00fatalapj\u00e1r\u00f3l - 5 milli\u00e1rd zloty, amely a k\u00f6zs\u00e9gi \u00e9s ker\u00fcleti \u00f6nkorm\u00e1nyzatoknak jut - az utak jav\u00edt\u00e1s\u00e1ra \u00e9s \u00fajj\u00e1\u00e9p\u00edt\u00e9s\u00e9re.  A lakosok egy Visztula feletti h\u00edd \u00e9p\u00edt\u00e9s\u00e9ben voltak \u00e9rdekeltek, amely \u00f6sszek\u00f6tn\u00e9 Koprzywnica r\u00e9gi\u00f3t Podkarpacie vajdas\u00e1ggal. A szejm eln\u00f6ke biztos\u00edtotta, hogy ha ilyen ig\u00e9ny bizony\u00edt\u00e1st nyer, t\u00e1mogatni fogja azt.<\/li>\n<\/ul>\n<p><a href=\"https:\/\/marekkuchcinski.pl\/wp-content\/uploads\/2018\/06\/IMG_9400.jpg\"><img loading=\"lazy\" decoding=\"async\" class=\"alignnone size-full wp-image-9641\" src=\"https:\/\/marekkuchcinski.pl\/wp-content\/uploads\/2018\/06\/IMG_9400.jpg\" alt=\"IMG_9400\" width=\"1800\" height=\"1200\" srcset=\"https:\/\/marekkuchcinski.pl\/wp-content\/uploads\/2018\/06\/IMG_9400.jpg 1800w, https:\/\/marekkuchcinski.pl\/wp-content\/uploads\/2018\/06\/IMG_9400-300x200.jpg 300w, https:\/\/marekkuchcinski.pl\/wp-content\/uploads\/2018\/06\/IMG_9400-768x512.jpg 768w, https:\/\/marekkuchcinski.pl\/wp-content\/uploads\/2018\/06\/IMG_9400-1024x683.jpg 1024w\" sizes=\"(max-width: 1800px) 100vw, 1800px\" \/><\/a><\/p>\n<ul>\n<li><strong>Vir\u00e1gok elhelyez\u00e9se a II. vil\u00e1gh\u00e1bor\u00faban meggyilkoltaknak eml\u00e9ket \u00e1ll\u00edt\u00f3 Hal\u00e1lfaln\u00e1l<\/strong><\/li>\n<li><strong>Vir\u00e1gok elhelyez\u00e9se a n\u00e9hai Lech Kaczy\u0144ski eln\u00f6k koprzywnicai l\u00e1togat\u00e1s\u00e1ra eml\u00e9keztet\u0151 eml\u00e9kt\u00e1bl\u00e1n\u00e1l<\/strong><\/li>\n<li><strong>Vacsora a tal\u00e1lkoz\u00f3 szervez\u0151ivel \u00e9s Wies\u0142aw Surma pl\u00e9b\u00e1nossal<\/strong><\/li>\n<li><strong>Megnyit\u00f3 besz\u00e9d a f\u00fcggetlens\u00e9g helyre\u00e1ll\u00edt\u00e1s\u00e1nak 100. \u00e9vfordul\u00f3j\u00e1n tartott fut\u00e1son<\/strong><\/li>\n<\/ul>\n<p style=\"text-align: center;\"><span style=\"color: #31729e;\"><strong>szerda, m\u00e1jus 23.<\/strong><\/span><\/p>\n<ul>\n<li><strong>Pr\u00e1ga: A minisztereln\u00f6k \u00e9s a k\u00e9pvisel\u0151h\u00e1z eln\u00f6ke k\u00f6z\u00f6tti tal\u00e1lkoz\u00f3.<\/strong> A politikusok egyet\u00e9rtettek abban, hogy els\u0151sorban Lengyelorsz\u00e1gnak \u00e9s a Cseh K\u00f6zt\u00e1rsas\u00e1gnak kell foglalkoznia az uni\u00f3s k\u00f6lts\u00e9gvet\u00e9s fenntart\u00e1s\u00e1val a koh\u00e9zi\u00f3s politika \u00e9s a k\u00f6z\u00f6s agr\u00e1rpolitika tekintet\u00e9ben. - Nem \u00e9rt\u00fcnk egyet az uni\u00f3s forr\u00e1sok Kelet-Eur\u00f3p\u00e1b\u00f3l D\u00e9l-Eur\u00f3p\u00e1ba t\u00f6rt\u00e9n\u0151 \u00e1tcsoportos\u00edt\u00e1s\u00e1val. Lengyelorsz\u00e1gnak \u00e9s a Cseh K\u00f6zt\u00e1rsas\u00e1gnak nagyon hat\u00e1rozottan hangs\u00falyoznia kell, hogy nem \u00e9rt egyet egy ilyen l\u00e9p\u00e9ssel, mert az a mi orsz\u00e1gaink \u00e9s a visegr\u00e1di csoport rov\u00e1s\u00e1ra megy. Ebben a k\u00e9rd\u00e9sben egy hangon kell besz\u00e9ln\u00fcnk\" - mondta Marek Kuchci\u0144ski. A szejm eln\u00f6ke tal\u00e1lkozott Milan \u0160t\u011bch cseh szen\u00e1tusi eln\u00f6kkel \u00e9s Dominik Duka b\u00edboros, pr\u00e1gai \u00e9rsekkel is.<\/li>\n<\/ul>\n<p><a href=\"https:\/\/marekkuchcinski.pl\/wp-content\/uploads\/2018\/06\/20180525_095527.jpg\"><img loading=\"lazy\" decoding=\"async\" class=\"alignnone size-full wp-image-9635\" src=\"https:\/\/marekkuchcinski.pl\/wp-content\/uploads\/2018\/06\/20180525_095527.jpg\" alt=\"20180525_095527\" width=\"2411\" height=\"1570\" srcset=\"https:\/\/marekkuchcinski.pl\/wp-content\/uploads\/2018\/06\/20180525_095527.jpg 2048w, https:\/\/marekkuchcinski.pl\/wp-content\/uploads\/2018\/06\/20180525_095527-300x195.jpg 300w, https:\/\/marekkuchcinski.pl\/wp-content\/uploads\/2018\/06\/20180525_095527-768x500.jpg 768w, https:\/\/marekkuchcinski.pl\/wp-content\/uploads\/2018\/06\/20180525_095527-1024x667.jpg 1024w\" sizes=\"(max-width: 2411px) 100vw, 2411px\" \/><\/a><\/p>\n<p style=\"text-align: center;\"><span style=\"color: #31729e;\"><strong>szombat, m\u00e1jus 26.<\/strong><\/span><\/p>\n<ul>\n<li><strong>Tal\u00e1lkoz\u00f3 Nowy S\u0105cz \u00e9s Sanok lakosaival.<\/strong> A tal\u00e1lkoz\u00f3k sor\u00e1n a h\u00e1zeln\u00f6k hangs\u00falyozta, hogy a Jog \u00e9s Igazs\u00e1goss\u00e1g nagy jelent\u0151s\u00e9get tulajdon\u00edt a csal\u00e1dbar\u00e1t politik\u00e1nak. A Jog \u00e9s Igazs\u00e1goss\u00e1g korm\u00e1nya 2,5 \u00e9v alatt bevezette a Csal\u00e1d 500+ programot, az ingyenes gy\u00f3gyszereket az id\u0151sek sz\u00e1m\u00e1ra, cs\u00f6kkentette a nyugd\u00edjkorhat\u00e1rt, korl\u00e1tozta a vas\u00e1rnapi kereskedelmet, n\u00f6velte a tart\u00e1sd\u00edj behajt\u00e1s\u00e1nak hat\u00e9konys\u00e1g\u00e1t. Emellett reformot hajtott v\u00e9gre az oktat\u00e1sban, az ad\u00f3igazgat\u00e1sban, harcot ind\u00edtott a vad reprivatiz\u00e1ci\u00f3 ellen. A h\u00e1zeln\u00f6k eml\u00e9keztetett arra, hogy n\u00e9h\u00e1ny h\u00f3nappal ezel\u0151tt Mateusz Morawiecki minisztereln\u00f6k egy vars\u00f3i nemzeti kongresszuson ismertette a Lengyelorsz\u00e1g megv\u00e1ltoztat\u00e1s\u00e1t c\u00e9lz\u00f3 int\u00e9zked\u00e9si programj\u00e1t. A k\u00f6vetel\u00e9sek k\u00f6z\u00f6tt szerepel a kisv\u00e1llalkoz\u00e1sokra vonatkoz\u00f3 szja 15-r\u0151l 9 sz\u00e1zal\u00e9kra cs\u00f6kkent\u00e9se, ami a legalacsonyabb szint az Eur\u00f3pai Uni\u00f3ban, a bev\u00e9telek ar\u00e1ny\u00e1ban kisz\u00e1m\u00edtott kis t\u00e1rsadalombiztos\u00edt\u00e1si alap bevezet\u00e9se a havi 2,5 minim\u00e1lb\u00e9rig terjed\u0151 forgalmat bonyol\u00edt\u00f3 v\u00e1llalatok sz\u00e1m\u00e1ra, 300 zloty-s seg\u00e9ly a tan\u00e9v elej\u00e9n minden \u00e1ltal\u00e1nos \u00e9s k\u00f6z\u00e9piskol\u00e1t kezd\u0151 di\u00e1k sz\u00e1m\u00e1ra, \u00faj alap a helyi utak \u00e9p\u00edt\u00e9s\u00e9re legal\u00e1bb 5 milli\u00e1rd zloty \u00e9rt\u00e9kben, ami t\u00f6bb ezer kilom\u00e9ternyi fel\u00faj\u00edtott utat jelent a falvakban, kisv\u00e1rosokban, k\u00f6zs\u00e9gekben \u00e9s j\u00e1r\u00e1sokban, valamint a fogyat\u00e9kkal \u00e9l\u0151k akad\u00e1lymentes\u00edt\u00e9s\u00e9t c\u00e9lz\u00f3 Accessibility+ program (t\u00f6bb mint 20 milli\u00e1rd zloty 8 \u00e9v alatt).<\/li>\n<\/ul>\n<p><a href=\"https:\/\/marekkuchcinski.pl\/wp-content\/uploads\/2018\/06\/20180526_175535.jpg\"><img loading=\"lazy\" decoding=\"async\" class=\"alignnone size-full wp-image-9632\" src=\"https:\/\/marekkuchcinski.pl\/wp-content\/uploads\/2018\/06\/20180526_175535.jpg\" alt=\"20180526_175535\" width=\"1980\" height=\"1155\" srcset=\"https:\/\/marekkuchcinski.pl\/wp-content\/uploads\/2018\/06\/20180526_175535.jpg 1980w, https:\/\/marekkuchcinski.pl\/wp-content\/uploads\/2018\/06\/20180526_175535-300x175.jpg 300w, https:\/\/marekkuchcinski.pl\/wp-content\/uploads\/2018\/06\/20180526_175535-768x448.jpg 768w, https:\/\/marekkuchcinski.pl\/wp-content\/uploads\/2018\/06\/20180526_175535-1024x597.jpg 1024w\" sizes=\"(max-width: 1980px) 100vw, 1980px\" \/><\/a><\/p>\n<p style=\"text-align: center;\"><span style=\"color: #31729e;\"><strong>m\u00e1jus 28., h\u00e9tf\u0151<\/strong><\/span><\/p>\n<ul>\n<li><strong>A NATO Parlamenti K\u00f6zgy\u0171l\u00e9s tavaszi plen\u00e1ris \u00fcl\u00e9se.<\/strong> Amint a Szejm eln\u00f6ke hangs\u00falyozta, a tal\u00e1lkoz\u00f3 c\u00e9lja a politikai \u00e9s biztons\u00e1gi helyzet \u00e9rt\u00e9kel\u00e9se, valamint a j\u00f6v\u0151re vonatkoz\u00f3 feladatok meghat\u00e1roz\u00e1sa volt, ami a mi hozz\u00e1j\u00e1rul\u00e1sunkat jelenti majd a Sz\u00f6vets\u00e9g j\u00faliusi cs\u00facstal\u00e1lkoz\u00f3j\u00e1hoz. Kuchci\u0144ski h\u00e1zeln\u00f6k szerint az atlanti k\u00f6z\u00f6ss\u00e9g biztons\u00e1gi helyzet\u00e9nek elemz\u00e9se nem ad okot optimizmusra. - A hagyom\u00e1nyos katonai fenyeget\u00e9sek sz\u00e1mos r\u00e9gi\u00f3ban visszat\u00e9rtek, \u00e9s most ez a lista \u00faj, hibrid jelleg\u0171 \u00e9s a kiberbiztons\u00e1g ter\u00fclet\u00e9n jelentkez\u0151 fenyeget\u00e9sekkel \"gazdagodott\". A sz\u00f6vets\u00e9g keleti sz\u00e1rny\u00e1n egy\u00e9rtelm\u0171en \u00e9szrevessz\u00fck \u0151ket\" - mondta.<\/li>\n<\/ul>\n<p><a href=\"https:\/\/marekkuchcinski.pl\/wp-content\/uploads\/2018\/06\/RZ__1640.jpg\"><img loading=\"lazy\" decoding=\"async\" class=\"alignnone size-full wp-image-9633\" src=\"https:\/\/marekkuchcinski.pl\/wp-content\/uploads\/2018\/06\/RZ__1640.jpg\" alt=\"RZ__1640\" width=\"2497\" height=\"1479\" srcset=\"https:\/\/marekkuchcinski.pl\/wp-content\/uploads\/2018\/06\/RZ__1640.jpg 2048w, https:\/\/marekkuchcinski.pl\/wp-content\/uploads\/2018\/06\/RZ__1640-300x178.jpg 300w, https:\/\/marekkuchcinski.pl\/wp-content\/uploads\/2018\/06\/RZ__1640-768x455.jpg 768w, https:\/\/marekkuchcinski.pl\/wp-content\/uploads\/2018\/06\/RZ__1640-1024x607.jpg 1024w\" sizes=\"(max-width: 2497px) 100vw, 2497px\" \/><\/a><\/p>\n<p style=\"text-align: center;\"><span style=\"color: #31729e;\"><strong>kedd, m\u00e1jus 29.<\/strong><\/span><\/p>\n<ul>\n<li><strong>L\u00e1togat\u00e1s Sv\u00e9dorsz\u00e1gban.<\/strong> A szejm eln\u00f6ke egynapos stockholmi l\u00e1togat\u00e1sa sor\u00e1n tal\u00e1lkozott Carl XVI Gustav sv\u00e9d kir\u00e1llyal, Urban Ahlin, a Riksdag eln\u00f6k\u00e9vel, Ewa Thalen Finne, a Rikstag els\u0151 aleln\u00f6k\u00e9vel, Margot Wallstroem k\u00fcl\u00fcgyminiszterrel \u00e9s Peter Hultqvist v\u00e9delmi miniszterrel. Marek Kuchci\u0144ski eml\u00e9keztetett a Sv\u00e9dorsz\u00e1g \u00e1ltal Lengyelorsz\u00e1gnak a hadi\u00e1llapot idej\u00e9n tan\u00fas\u00edtott szolidarit\u00e1sra, \u00e9s hangs\u00falyozta az orsz\u00e1gaink k\u00f6z\u00f6tt r\u00e9g\u00f3ta fenn\u00e1ll\u00f3 j\u00f3 kapcsolatokat. A marsall szerint ez j\u00f3 alap a k\u00f6z\u00f6s kezdem\u00e9nyez\u00e9sekhez. A megbesz\u00e9l\u00e9sek f\u0151 t\u00e9m\u00e1i k\u00f6z\u00f6tt szerepelt a biztons\u00e1g k\u00e9rd\u00e9se: az energiabiztons\u00e1g - az \u00c9szaki \u00c1ramlat 2 \u00e9p\u00edt\u00e9s\u00e9vel \u00f6sszef\u00fcgg\u00e9sben - \u00e9s az orosz agresszi\u00f3 elleni v\u00e9delem, azaz a balti orsz\u00e1gok \u00e9s a NATO egy\u00fcttm\u0171k\u00f6d\u00e9se, valamint a keleti partners\u00e9g meger\u0151s\u00edt\u00e9se.<\/li>\n<\/ul>\n<p><a href=\"https:\/\/marekkuchcinski.pl\/wp-content\/uploads\/2018\/06\/KU333691.jpg\"><img loading=\"lazy\" decoding=\"async\" class=\"alignnone size-full wp-image-9634\" src=\"https:\/\/marekkuchcinski.pl\/wp-content\/uploads\/2018\/06\/KU333691.jpg\" alt=\"KU333691\" width=\"1800\" height=\"1200\" srcset=\"https:\/\/marekkuchcinski.pl\/wp-content\/uploads\/2018\/06\/KU333691.jpg 1800w, https:\/\/marekkuchcinski.pl\/wp-content\/uploads\/2018\/06\/KU333691-300x200.jpg 300w, https:\/\/marekkuchcinski.pl\/wp-content\/uploads\/2018\/06\/KU333691-768x512.jpg 768w, https:\/\/marekkuchcinski.pl\/wp-content\/uploads\/2018\/06\/KU333691-1024x683.jpg 1024w\" sizes=\"(max-width: 1800px) 100vw, 1800px\" \/><\/a><\/p>\n<p style=\"text-align: center;\"><span style=\"color: #31729e;\"><strong>szerda, m\u00e1jus 30.<\/strong><\/span><\/p>\n<ul>\n<li><strong>Telefonbesz\u00e9lget\u00e9s a horv\u00e1t parlament eln\u00f6k\u00e9vel<\/strong><\/li>\n<\/ul>\n<p style=\"text-align: center;\"><span style=\"color: #31729e;\"><strong>m\u00e1jus 31., cs\u00fct\u00f6rt\u00f6k<\/strong><\/span><\/p>\n<ul>\n<li><strong>Przemy\u015bl: Corpus Christi.<\/strong> A Szejm eln\u00f6k\u00e9nek r\u00e9szv\u00e9tele a mis\u00e9n<\/li>\n<\/ul>\n<p>&nbsp;<\/p>\n<p>&nbsp;<\/p>\n<p>&nbsp;<\/p>\n<p>&nbsp;<\/p>\n<p>&nbsp;<\/p>\n<p>&nbsp;<\/p>\n<p>&nbsp;<\/p>\n<p>&nbsp;<\/p>\n<p>&nbsp;<\/p>\n<p>&nbsp;<\/p>\n<p>&nbsp;<\/p>\n<p>&nbsp;<\/p>\n<p>&nbsp;<\/p>\n<p>&nbsp;<\/p>\n<p>&nbsp;<\/p>\n<p>&nbsp;<\/p>","protected":false},"excerpt":{"rendered":"<p>\u015broda, 2 maja LIST: Dzie\u0144 Flagi \u00a0\u00a0\u00a0\u00a0 czwartek, 3 maja Przemy\u015bl: Obchody \u015awi\u0119ta Konstytucji 3 maja.\u00a0\u2013 Konstytucja 3 maja by\u0142a dzie\u0142em Sejmu Czteroletniego, ale by\u0142a tak\u017ce zwie\u0144czeniem wieloletnich wysi\u0142k\u00f3w naprawy pa\u0144stwa polskiego, wyrazem m\u0105dro\u015bci zbiorowej Polak\u00f3w, d\u0105\u017c\u0105cych do naprawy w\u0142asnego pa\u0144stwa pogr\u0105\u017conego w kryzysie oraz\u00a0dowodem na mo\u017cliwo\u015b\u0107 zawarcia kompromisu mi\u0119dzy majestatem Rzeczypospolitej w osobie kr\u00f3la [&hellip;]<\/p>","protected":false},"author":6,"featured_media":9642,"comment_status":"open","ping_status":"open","sticky":false,"template":"","format":"standard","meta":{"ngg_post_thumbnail":0,"footnotes":""},"categories":[127,82,3],"tags":[],"class_list":["post-9617","post","type-post","status-publish","format-standard","has-post-thumbnail","hentry","category-podsumowaniemiesiaca","category-prawo-i-sprawiedliwosc","category-wydarzenia"],"yoast_head":"<!-- This site is optimized with the Yoast SEO plugin v24.7 - https:\/\/yoast.com\/wordpress\/plugins\/seo\/ -->\n<title>Podsumowanie miesi\u0105ca: MAJ &#8211; Marek Kuchci\u0144ski<\/title>\n<meta name=\"robots\" content=\"index, follow, max-snippet:-1, max-image-preview:large, max-video-preview:-1\" \/>\n<link rel=\"canonical\" href=\"https:\/\/marekkuchcinski.pl\/hu\/prawo-i-sprawiedliwosc\/podsumowanie-miesiaca-maj\/\" \/>\n<meta property=\"og:locale\" content=\"hu_HU\" \/>\n<meta property=\"og:type\" content=\"article\" \/>\n<meta property=\"og:title\" content=\"Podsumowanie miesi\u0105ca: MAJ &#8211; Marek Kuchci\u0144ski\" \/>\n<meta property=\"og:description\" content=\"\u015broda, 2 maja LIST: Dzie\u0144 Flagi \u00a0\u00a0\u00a0\u00a0 czwartek, 3 maja Przemy\u015bl: Obchody \u015awi\u0119ta Konstytucji 3 maja.\u00a0\u2013 Konstytucja 3 maja by\u0142a dzie\u0142em Sejmu Czteroletniego, ale by\u0142a tak\u017ce zwie\u0144czeniem wieloletnich wysi\u0142k\u00f3w naprawy pa\u0144stwa polskiego, wyrazem m\u0105dro\u015bci zbiorowej Polak\u00f3w, d\u0105\u017c\u0105cych do naprawy w\u0142asnego pa\u0144stwa pogr\u0105\u017conego w kryzysie oraz\u00a0dowodem na mo\u017cliwo\u015b\u0107 zawarcia kompromisu mi\u0119dzy majestatem Rzeczypospolitej w osobie kr\u00f3la [&hellip;]\" \/>\n<meta property=\"og:url\" content=\"https:\/\/marekkuchcinski.pl\/hu\/prawo-i-sprawiedliwosc\/podsumowanie-miesiaca-maj\/\" \/>\n<meta property=\"og:site_name\" content=\"Marek Kuchci\u0144ski\" \/>\n<meta property=\"article:published_time\" content=\"2018-06-06T14:25:12+00:00\" \/>\n<meta property=\"article:modified_time\" content=\"2018-06-11T09:47:35+00:00\" \/>\n<meta property=\"og:image\" content=\"https:\/\/marekkuchcinski.pl\/wp-content\/uploads\/2018\/06\/KU317068-1.jpg\" \/>\n\t<meta property=\"og:image:width\" content=\"1901\" \/>\n\t<meta property=\"og:image:height\" content=\"1342\" \/>\n\t<meta property=\"og:image:type\" content=\"image\/jpeg\" \/>\n<meta name=\"author\" content=\"admin\" \/>\n<meta name=\"twitter:card\" content=\"summary_large_image\" \/>\n<meta name=\"twitter:label1\" content=\"Szerz\u0151:\" \/>\n\t<meta name=\"twitter:data1\" content=\"admin\" \/>\n\t<meta name=\"twitter:label2\" content=\"Becs\u00fclt olvas\u00e1si id\u0151\" \/>\n\t<meta name=\"twitter:data2\" content=\"10 perc\" \/>\n<script type=\"application\/ld+json\" class=\"yoast-schema-graph\">{\"@context\":\"https:\/\/schema.org\",\"@graph\":[{\"@type\":\"Article\",\"@id\":\"https:\/\/marekkuchcinski.pl\/prawo-i-sprawiedliwosc\/podsumowanie-miesiaca-maj\/#article\",\"isPartOf\":{\"@id\":\"https:\/\/marekkuchcinski.pl\/prawo-i-sprawiedliwosc\/podsumowanie-miesiaca-maj\/\"},\"author\":{\"name\":\"admin\",\"@id\":\"https:\/\/marekkuchcinski.pl\/#\/schema\/person\/6f62700996b4d950b6ea2d1183b6c6be\"},\"headline\":\"Podsumowanie miesi\u0105ca: MAJ\",\"datePublished\":\"2018-06-06T14:25:12+00:00\",\"dateModified\":\"2018-06-11T09:47:35+00:00\",\"mainEntityOfPage\":{\"@id\":\"https:\/\/marekkuchcinski.pl\/prawo-i-sprawiedliwosc\/podsumowanie-miesiaca-maj\/\"},\"wordCount\":1967,\"commentCount\":0,\"publisher\":{\"@id\":\"https:\/\/marekkuchcinski.pl\/#organization\"},\"image\":{\"@id\":\"https:\/\/marekkuchcinski.pl\/prawo-i-sprawiedliwosc\/podsumowanie-miesiaca-maj\/#primaryimage\"},\"thumbnailUrl\":\"https:\/\/marekkuchcinski.pl\/wp-content\/uploads\/2018\/06\/KU317068-1.jpg\",\"articleSection\":[\"Podsumowanie miesi\u0105ca\",\"Prawo i Sprawiedliwo\u015b\u0107\",\"Wydarzenia\"],\"inLanguage\":\"hu\",\"potentialAction\":[{\"@type\":\"CommentAction\",\"name\":\"Comment\",\"target\":[\"https:\/\/marekkuchcinski.pl\/prawo-i-sprawiedliwosc\/podsumowanie-miesiaca-maj\/#respond\"]}]},{\"@type\":\"WebPage\",\"@id\":\"https:\/\/marekkuchcinski.pl\/prawo-i-sprawiedliwosc\/podsumowanie-miesiaca-maj\/\",\"url\":\"https:\/\/marekkuchcinski.pl\/prawo-i-sprawiedliwosc\/podsumowanie-miesiaca-maj\/\",\"name\":\"Podsumowanie miesi\u0105ca: MAJ &#8211; Marek Kuchci\u0144ski\",\"isPartOf\":{\"@id\":\"https:\/\/marekkuchcinski.pl\/#website\"},\"primaryImageOfPage\":{\"@id\":\"https:\/\/marekkuchcinski.pl\/prawo-i-sprawiedliwosc\/podsumowanie-miesiaca-maj\/#primaryimage\"},\"image\":{\"@id\":\"https:\/\/marekkuchcinski.pl\/prawo-i-sprawiedliwosc\/podsumowanie-miesiaca-maj\/#primaryimage\"},\"thumbnailUrl\":\"https:\/\/marekkuchcinski.pl\/wp-content\/uploads\/2018\/06\/KU317068-1.jpg\",\"datePublished\":\"2018-06-06T14:25:12+00:00\",\"dateModified\":\"2018-06-11T09:47:35+00:00\",\"breadcrumb\":{\"@id\":\"https:\/\/marekkuchcinski.pl\/prawo-i-sprawiedliwosc\/podsumowanie-miesiaca-maj\/#breadcrumb\"},\"inLanguage\":\"hu\",\"potentialAction\":[{\"@type\":\"ReadAction\",\"target\":[\"https:\/\/marekkuchcinski.pl\/prawo-i-sprawiedliwosc\/podsumowanie-miesiaca-maj\/\"]}]},{\"@type\":\"ImageObject\",\"inLanguage\":\"hu\",\"@id\":\"https:\/\/marekkuchcinski.pl\/prawo-i-sprawiedliwosc\/podsumowanie-miesiaca-maj\/#primaryimage\",\"url\":\"https:\/\/marekkuchcinski.pl\/wp-content\/uploads\/2018\/06\/KU317068-1.jpg\",\"contentUrl\":\"https:\/\/marekkuchcinski.pl\/wp-content\/uploads\/2018\/06\/KU317068-1.jpg\",\"width\":1901,\"height\":1342},{\"@type\":\"BreadcrumbList\",\"@id\":\"https:\/\/marekkuchcinski.pl\/prawo-i-sprawiedliwosc\/podsumowanie-miesiaca-maj\/#breadcrumb\",\"itemListElement\":[{\"@type\":\"ListItem\",\"position\":1,\"name\":\"Strona g\u0142\u00f3wna\",\"item\":\"https:\/\/marekkuchcinski.pl\/\"},{\"@type\":\"ListItem\",\"position\":2,\"name\":\"Podsumowanie miesi\u0105ca: MAJ\"}]},{\"@type\":\"WebSite\",\"@id\":\"https:\/\/marekkuchcinski.pl\/#website\",\"url\":\"https:\/\/marekkuchcinski.pl\/\",\"name\":\"Marek Kuchci\u0144ski\",\"description\":\"Pose\u0142 na sejm RP &ndash; okr\u0119g nr 22\",\"publisher\":{\"@id\":\"https:\/\/marekkuchcinski.pl\/#organization\"},\"potentialAction\":[{\"@type\":\"SearchAction\",\"target\":{\"@type\":\"EntryPoint\",\"urlTemplate\":\"https:\/\/marekkuchcinski.pl\/?s={search_term_string}\"},\"query-input\":{\"@type\":\"PropertyValueSpecification\",\"valueRequired\":true,\"valueName\":\"search_term_string\"}}],\"inLanguage\":\"hu\"},{\"@type\":\"Organization\",\"@id\":\"https:\/\/marekkuchcinski.pl\/#organization\",\"name\":\"Marek Kuchci\u0144ski\",\"url\":\"https:\/\/marekkuchcinski.pl\/\",\"logo\":{\"@type\":\"ImageObject\",\"inLanguage\":\"hu\",\"@id\":\"https:\/\/marekkuchcinski.pl\/#\/schema\/logo\/image\/\",\"url\":\"https:\/\/marekkuchcinski.pl\/wp-content\/uploads\/2022\/09\/Marek.jpg\",\"contentUrl\":\"https:\/\/marekkuchcinski.pl\/wp-content\/uploads\/2022\/09\/Marek.jpg\",\"width\":1600,\"height\":971,\"caption\":\"Marek Kuchci\u0144ski\"},\"image\":{\"@id\":\"https:\/\/marekkuchcinski.pl\/#\/schema\/logo\/image\/\"}},{\"@type\":\"Person\",\"@id\":\"https:\/\/marekkuchcinski.pl\/#\/schema\/person\/6f62700996b4d950b6ea2d1183b6c6be\",\"name\":\"admin\",\"image\":{\"@type\":\"ImageObject\",\"inLanguage\":\"hu\",\"@id\":\"https:\/\/marekkuchcinski.pl\/#\/schema\/person\/image\/\",\"url\":\"https:\/\/secure.gravatar.com\/avatar\/4bab693b9d55c3d6b52c0296a8765085?s=96&d=mm&r=g\",\"contentUrl\":\"https:\/\/secure.gravatar.com\/avatar\/4bab693b9d55c3d6b52c0296a8765085?s=96&d=mm&r=g\",\"caption\":\"admin\"},\"url\":\"https:\/\/marekkuchcinski.pl\/hu\/author\/marta-olejnik\/\"}]}<\/script>\n<!-- \/ Yoast SEO plugin. -->","yoast_head_json":{"title":"Podsumowanie miesi\u0105ca: MAJ &#8211; Marek Kuchci\u0144ski","robots":{"index":"index","follow":"follow","max-snippet":"max-snippet:-1","max-image-preview":"max-image-preview:large","max-video-preview":"max-video-preview:-1"},"canonical":"https:\/\/marekkuchcinski.pl\/hu\/prawo-i-sprawiedliwosc\/podsumowanie-miesiaca-maj\/","og_locale":"hu_HU","og_type":"article","og_title":"Podsumowanie miesi\u0105ca: MAJ &#8211; Marek Kuchci\u0144ski","og_description":"\u015broda, 2 maja LIST: Dzie\u0144 Flagi \u00a0\u00a0\u00a0\u00a0 czwartek, 3 maja Przemy\u015bl: Obchody \u015awi\u0119ta Konstytucji 3 maja.\u00a0\u2013 Konstytucja 3 maja by\u0142a dzie\u0142em Sejmu Czteroletniego, ale by\u0142a tak\u017ce zwie\u0144czeniem wieloletnich wysi\u0142k\u00f3w naprawy pa\u0144stwa polskiego, wyrazem m\u0105dro\u015bci zbiorowej Polak\u00f3w, d\u0105\u017c\u0105cych do naprawy w\u0142asnego pa\u0144stwa pogr\u0105\u017conego w kryzysie oraz\u00a0dowodem na mo\u017cliwo\u015b\u0107 zawarcia kompromisu mi\u0119dzy majestatem Rzeczypospolitej w osobie kr\u00f3la [&hellip;]","og_url":"https:\/\/marekkuchcinski.pl\/hu\/prawo-i-sprawiedliwosc\/podsumowanie-miesiaca-maj\/","og_site_name":"Marek Kuchci\u0144ski","article_published_time":"2018-06-06T14:25:12+00:00","article_modified_time":"2018-06-11T09:47:35+00:00","og_image":[{"width":1901,"height":1342,"url":"https:\/\/marekkuchcinski.pl\/wp-content\/uploads\/2018\/06\/KU317068-1.jpg","type":"image\/jpeg"}],"author":"admin","twitter_card":"summary_large_image","twitter_misc":{"Szerz\u0151:":"admin","Becs\u00fclt olvas\u00e1si id\u0151":"10 perc"},"schema":{"@context":"https:\/\/schema.org","@graph":[{"@type":"Article","@id":"https:\/\/marekkuchcinski.pl\/prawo-i-sprawiedliwosc\/podsumowanie-miesiaca-maj\/#article","isPartOf":{"@id":"https:\/\/marekkuchcinski.pl\/prawo-i-sprawiedliwosc\/podsumowanie-miesiaca-maj\/"},"author":{"name":"admin","@id":"https:\/\/marekkuchcinski.pl\/#\/schema\/person\/6f62700996b4d950b6ea2d1183b6c6be"},"headline":"Podsumowanie miesi\u0105ca: MAJ","datePublished":"2018-06-06T14:25:12+00:00","dateModified":"2018-06-11T09:47:35+00:00","mainEntityOfPage":{"@id":"https:\/\/marekkuchcinski.pl\/prawo-i-sprawiedliwosc\/podsumowanie-miesiaca-maj\/"},"wordCount":1967,"commentCount":0,"publisher":{"@id":"https:\/\/marekkuchcinski.pl\/#organization"},"image":{"@id":"https:\/\/marekkuchcinski.pl\/prawo-i-sprawiedliwosc\/podsumowanie-miesiaca-maj\/#primaryimage"},"thumbnailUrl":"https:\/\/marekkuchcinski.pl\/wp-content\/uploads\/2018\/06\/KU317068-1.jpg","articleSection":["Podsumowanie miesi\u0105ca","Prawo i Sprawiedliwo\u015b\u0107","Wydarzenia"],"inLanguage":"hu","potentialAction":[{"@type":"CommentAction","name":"Comment","target":["https:\/\/marekkuchcinski.pl\/prawo-i-sprawiedliwosc\/podsumowanie-miesiaca-maj\/#respond"]}]},{"@type":"WebPage","@id":"https:\/\/marekkuchcinski.pl\/prawo-i-sprawiedliwosc\/podsumowanie-miesiaca-maj\/","url":"https:\/\/marekkuchcinski.pl\/prawo-i-sprawiedliwosc\/podsumowanie-miesiaca-maj\/","name":"Podsumowanie miesi\u0105ca: MAJ &#8211; Marek Kuchci\u0144ski","isPartOf":{"@id":"https:\/\/marekkuchcinski.pl\/#website"},"primaryImageOfPage":{"@id":"https:\/\/marekkuchcinski.pl\/prawo-i-sprawiedliwosc\/podsumowanie-miesiaca-maj\/#primaryimage"},"image":{"@id":"https:\/\/marekkuchcinski.pl\/prawo-i-sprawiedliwosc\/podsumowanie-miesiaca-maj\/#primaryimage"},"thumbnailUrl":"https:\/\/marekkuchcinski.pl\/wp-content\/uploads\/2018\/06\/KU317068-1.jpg","datePublished":"2018-06-06T14:25:12+00:00","dateModified":"2018-06-11T09:47:35+00:00","breadcrumb":{"@id":"https:\/\/marekkuchcinski.pl\/prawo-i-sprawiedliwosc\/podsumowanie-miesiaca-maj\/#breadcrumb"},"inLanguage":"hu","potentialAction":[{"@type":"ReadAction","target":["https:\/\/marekkuchcinski.pl\/prawo-i-sprawiedliwosc\/podsumowanie-miesiaca-maj\/"]}]},{"@type":"ImageObject","inLanguage":"hu","@id":"https:\/\/marekkuchcinski.pl\/prawo-i-sprawiedliwosc\/podsumowanie-miesiaca-maj\/#primaryimage","url":"https:\/\/marekkuchcinski.pl\/wp-content\/uploads\/2018\/06\/KU317068-1.jpg","contentUrl":"https:\/\/marekkuchcinski.pl\/wp-content\/uploads\/2018\/06\/KU317068-1.jpg","width":1901,"height":1342},{"@type":"BreadcrumbList","@id":"https:\/\/marekkuchcinski.pl\/prawo-i-sprawiedliwosc\/podsumowanie-miesiaca-maj\/#breadcrumb","itemListElement":[{"@type":"ListItem","position":1,"name":"Strona g\u0142\u00f3wna","item":"https:\/\/marekkuchcinski.pl\/"},{"@type":"ListItem","position":2,"name":"Podsumowanie miesi\u0105ca: MAJ"}]},{"@type":"WebSite","@id":"https:\/\/marekkuchcinski.pl\/#website","url":"https:\/\/marekkuchcinski.pl\/","name":"Marek Kuchci\u0144ski","description":"Pose\u0142 na sejm RP &ndash; okr\u0119g nr 22","publisher":{"@id":"https:\/\/marekkuchcinski.pl\/#organization"},"potentialAction":[{"@type":"SearchAction","target":{"@type":"EntryPoint","urlTemplate":"https:\/\/marekkuchcinski.pl\/?s={search_term_string}"},"query-input":{"@type":"PropertyValueSpecification","valueRequired":true,"valueName":"search_term_string"}}],"inLanguage":"hu"},{"@type":"Organization","@id":"https:\/\/marekkuchcinski.pl\/#organization","name":"Marek Kuchci\u0144ski","url":"https:\/\/marekkuchcinski.pl\/","logo":{"@type":"ImageObject","inLanguage":"hu","@id":"https:\/\/marekkuchcinski.pl\/#\/schema\/logo\/image\/","url":"https:\/\/marekkuchcinski.pl\/wp-content\/uploads\/2022\/09\/Marek.jpg","contentUrl":"https:\/\/marekkuchcinski.pl\/wp-content\/uploads\/2022\/09\/Marek.jpg","width":1600,"height":971,"caption":"Marek Kuchci\u0144ski"},"image":{"@id":"https:\/\/marekkuchcinski.pl\/#\/schema\/logo\/image\/"}},{"@type":"Person","@id":"https:\/\/marekkuchcinski.pl\/#\/schema\/person\/6f62700996b4d950b6ea2d1183b6c6be","name":"admin","image":{"@type":"ImageObject","inLanguage":"hu","@id":"https:\/\/marekkuchcinski.pl\/#\/schema\/person\/image\/","url":"https:\/\/secure.gravatar.com\/avatar\/4bab693b9d55c3d6b52c0296a8765085?s=96&d=mm&r=g","contentUrl":"https:\/\/secure.gravatar.com\/avatar\/4bab693b9d55c3d6b52c0296a8765085?s=96&d=mm&r=g","caption":"admin"},"url":"https:\/\/marekkuchcinski.pl\/hu\/author\/marta-olejnik\/"}]}},"_links":{"self":[{"href":"https:\/\/marekkuchcinski.pl\/hu\/wp-json\/wp\/v2\/posts\/9617","targetHints":{"allow":["GET"]}}],"collection":[{"href":"https:\/\/marekkuchcinski.pl\/hu\/wp-json\/wp\/v2\/posts"}],"about":[{"href":"https:\/\/marekkuchcinski.pl\/hu\/wp-json\/wp\/v2\/types\/post"}],"author":[{"embeddable":true,"href":"https:\/\/marekkuchcinski.pl\/hu\/wp-json\/wp\/v2\/users\/6"}],"replies":[{"embeddable":true,"href":"https:\/\/marekkuchcinski.pl\/hu\/wp-json\/wp\/v2\/comments?post=9617"}],"version-history":[{"count":11,"href":"https:\/\/marekkuchcinski.pl\/hu\/wp-json\/wp\/v2\/posts\/9617\/revisions"}],"predecessor-version":[{"id":9677,"href":"https:\/\/marekkuchcinski.pl\/hu\/wp-json\/wp\/v2\/posts\/9617\/revisions\/9677"}],"wp:featuredmedia":[{"embeddable":true,"href":"https:\/\/marekkuchcinski.pl\/hu\/wp-json\/wp\/v2\/media\/9642"}],"wp:attachment":[{"href":"https:\/\/marekkuchcinski.pl\/hu\/wp-json\/wp\/v2\/media?parent=9617"}],"wp:term":[{"taxonomy":"category","embeddable":true,"href":"https:\/\/marekkuchcinski.pl\/hu\/wp-json\/wp\/v2\/categories?post=9617"},{"taxonomy":"post_tag","embeddable":true,"href":"https:\/\/marekkuchcinski.pl\/hu\/wp-json\/wp\/v2\/tags?post=9617"}],"curies":[{"name":"wp","href":"https:\/\/api.w.org\/{rel}","templated":true}]}}