{"id":9596,"date":"2018-06-04T13:07:59","date_gmt":"2018-06-04T11:07:59","guid":{"rendered":"https:\/\/marekkuchcinski.pl\/?p=9596"},"modified":"2018-06-04T13:11:46","modified_gmt":"2018-06-04T11:11:46","slug":"dziekujemy-niepodleglosc-swieto-dziekczynienia-udzialem-marszalka-sejmu","status":"publish","type":"post","link":"https:\/\/marekkuchcinski.pl\/hu\/wydarzenia\/dziekujemy-niepodleglosc-swieto-dziekczynienia-udzialem-marszalka-sejmu\/","title":{"rendered":"\"K\u00f6sz\u00f6net a f\u00fcggetlens\u00e9g\u00e9rt\" - H\u00e1laad\u00e1s napja a Szejm eln\u00f6k\u00e9nek r\u00e9szv\u00e9tel\u00e9vel"},"content":{"rendered":"<p>Az Isteni Gondvisel\u00e9s templom\u00e1ban meggy\u00fajtott\u00e1k a IX. Pius \u00e1ltal a lengyeleknek aj\u00e1nd\u00e9kozott 150 \u00e9ves gyerty\u00e1t. A p\u00e1pa k\u00edv\u00e1ns\u00e1ga az volt, hogy a szabad Vars\u00f3ban gy\u00fajts\u00e1k meg. A h\u00e1laad\u00e1s sor\u00e1n az eln\u00f6k, a szejm eln\u00f6ke, a parlamenti k\u00e9pvisel\u0151k, a korm\u00e1ny tagjai, a veter\u00e1nok \u00e9s a paps\u00e1g h\u00e1l\u00e1t adott Istennek a f\u00fcggetlens\u00e9g\u00e9rt.<\/p>\n<p>A f\u00fcggetlens\u00e9g centen\u00e1riumi \u00e9v\u00e9ben a szentmis\u00e9t Wojciech Polak lengyel pr\u00edm\u00e1s \u00e9rsek eln\u00f6klet\u00e9vel celebr\u00e1lt\u00e1k, a h\u00e1laad\u00e1s \u00e9s az isteni gondvisel\u00e9sre b\u00edz\u00e1s aktus\u00e1t Kazimierz Nycz vars\u00f3i metropolita \u00e9rsek v\u00e9gezte, a szentbesz\u00e9det Grzegorz Ry\u015b \u00e9rsek mondta, aki hangs\u00falyozta, hogy a felszabadul\u00e1s \u00fcnnepl\u00e9s\u00e9nek m\u00e9rc\u00e9je nemcsak a szabads\u00e1g saj\u00e1t meg\u00e9l\u00e9se, hanem az is, hogy ezt az aj\u00e1nd\u00e9kot meg tudjuk osztani m\u00e1sokkal.<\/p>\n<p>Andrzej Duda eln\u00f6k azt mondta, hogy sok\u00e1ig kellett v\u00e1rni a f\u00fcggetlens\u00e9gre, de a lengyelek meg\u00e9lt\u00e9k, hogy egy \u00fajj\u00e1sz\u00fcletett, szabad \u00e9s ism\u00e9t f\u00fcggetlen haz\u00e1t l\u00e1thassanak. - Ma az a megtiszteltet\u00e9s \u00e9rt, hogy m\u00e1sodszor is meggy\u00fajthatom, ism\u00e9t a szabad, f\u00fcggetlen \u00e9s szuver\u00e9n Lengyelorsz\u00e1gban\" - mondta az eln\u00f6k.<\/p>\n<p>A t\u0171z, amely meggy\u00fajtotta a gyerty\u00e1t, az Ismeretlen Katona s\u00edrj\u00e1b\u00f3l sz\u00e1rmazott. El\u0151sz\u00f6r 1920-ban gy\u00fajtotta meg Wojciech Tr\u0105mpczy\u0144ski, a t\u00f6rv\u00e9nyhoz\u00f3 szejm eln\u00f6ke.<\/p>\n<p>A szentmise ut\u00e1n Andrzej Duda \u00e9s Marek Kuchci\u0144ski r\u00e9szt vett az Isteni Gondvisel\u00e9s templom\u00e1nak \u00e9p\u00edt\u00e9s\u00e9hez hozz\u00e1j\u00e1rul\u00f3 egyh\u00e1zmegy\u00e9kre eml\u00e9keztet\u0151 eml\u00e9kt\u00e1bl\u00e1k \u00fcnnep\u00e9lyes leleplez\u00e9s\u00e9n. A n\u00e9gy\u00e9ves szejm \u00fagy d\u00f6nt\u00f6tt, hogy a templomot a m\u00e1jus 3-i alkotm\u00e1ny elfogad\u00e1s\u00e1nak nemzeti \u00e1ldozatk\u00e9nt \u00e9p\u00edti fel.<\/p>\n<p><a href=\"https:\/\/marekkuchcinski.pl\/wp-content\/uploads\/2018\/06\/KB__0228.jpg\"><img fetchpriority=\"high\" decoding=\"async\" class=\"alignnone size-full wp-image-9597\" src=\"https:\/\/marekkuchcinski.pl\/wp-content\/uploads\/2018\/06\/KB__0228.jpg\" alt=\"KB__0228\" width=\"1800\" height=\"1200\" srcset=\"https:\/\/marekkuchcinski.pl\/wp-content\/uploads\/2018\/06\/KB__0228.jpg 1800w, https:\/\/marekkuchcinski.pl\/wp-content\/uploads\/2018\/06\/KB__0228-300x200.jpg 300w, https:\/\/marekkuchcinski.pl\/wp-content\/uploads\/2018\/06\/KB__0228-768x512.jpg 768w, https:\/\/marekkuchcinski.pl\/wp-content\/uploads\/2018\/06\/KB__0228-1024x683.jpg 1024w\" sizes=\"(max-width: 1800px) 100vw, 1800px\" \/><\/a> <a href=\"https:\/\/marekkuchcinski.pl\/wp-content\/uploads\/2018\/06\/KB__0377.jpg\"><img decoding=\"async\" class=\"alignnone size-full wp-image-9598\" src=\"https:\/\/marekkuchcinski.pl\/wp-content\/uploads\/2018\/06\/KB__0377.jpg\" alt=\"KB__0377\" width=\"1090\" height=\"772\" srcset=\"https:\/\/marekkuchcinski.pl\/wp-content\/uploads\/2018\/06\/KB__0377.jpg 1090w, https:\/\/marekkuchcinski.pl\/wp-content\/uploads\/2018\/06\/KB__0377-300x212.jpg 300w, https:\/\/marekkuchcinski.pl\/wp-content\/uploads\/2018\/06\/KB__0377-768x544.jpg 768w, https:\/\/marekkuchcinski.pl\/wp-content\/uploads\/2018\/06\/KB__0377-1024x725.jpg 1024w\" sizes=\"(max-width: 1090px) 100vw, 1090px\" \/><\/a> <a href=\"https:\/\/marekkuchcinski.pl\/wp-content\/uploads\/2018\/06\/KB__0580.jpg\"><img decoding=\"async\" class=\"alignnone size-full wp-image-9599\" src=\"https:\/\/marekkuchcinski.pl\/wp-content\/uploads\/2018\/06\/KB__0580.jpg\" alt=\"KB__0580\" width=\"1800\" height=\"1200\" srcset=\"https:\/\/marekkuchcinski.pl\/wp-content\/uploads\/2018\/06\/KB__0580.jpg 1800w, https:\/\/marekkuchcinski.pl\/wp-content\/uploads\/2018\/06\/KB__0580-300x200.jpg 300w, https:\/\/marekkuchcinski.pl\/wp-content\/uploads\/2018\/06\/KB__0580-768x512.jpg 768w, https:\/\/marekkuchcinski.pl\/wp-content\/uploads\/2018\/06\/KB__0580-1024x683.jpg 1024w\" sizes=\"(max-width: 1800px) 100vw, 1800px\" \/><\/a> <a href=\"https:\/\/marekkuchcinski.pl\/wp-content\/uploads\/2018\/06\/KB__0607.jpg\"><img loading=\"lazy\" decoding=\"async\" class=\"alignnone size-full wp-image-9600\" src=\"https:\/\/marekkuchcinski.pl\/wp-content\/uploads\/2018\/06\/KB__0607.jpg\" alt=\"KB__0607\" width=\"1800\" height=\"1200\" srcset=\"https:\/\/marekkuchcinski.pl\/wp-content\/uploads\/2018\/06\/KB__0607.jpg 1800w, https:\/\/marekkuchcinski.pl\/wp-content\/uploads\/2018\/06\/KB__0607-300x200.jpg 300w, https:\/\/marekkuchcinski.pl\/wp-content\/uploads\/2018\/06\/KB__0607-768x512.jpg 768w, https:\/\/marekkuchcinski.pl\/wp-content\/uploads\/2018\/06\/KB__0607-1024x683.jpg 1024w\" sizes=\"(max-width: 1800px) 100vw, 1800px\" \/><\/a> <a href=\"https:\/\/marekkuchcinski.pl\/wp-content\/uploads\/2018\/06\/KB__0685.jpg\"><img loading=\"lazy\" decoding=\"async\" class=\"alignnone size-full wp-image-9601\" src=\"https:\/\/marekkuchcinski.pl\/wp-content\/uploads\/2018\/06\/KB__0685.jpg\" alt=\"KB__0685\" width=\"1800\" height=\"1200\" srcset=\"https:\/\/marekkuchcinski.pl\/wp-content\/uploads\/2018\/06\/KB__0685.jpg 1800w, https:\/\/marekkuchcinski.pl\/wp-content\/uploads\/2018\/06\/KB__0685-300x200.jpg 300w, https:\/\/marekkuchcinski.pl\/wp-content\/uploads\/2018\/06\/KB__0685-768x512.jpg 768w, https:\/\/marekkuchcinski.pl\/wp-content\/uploads\/2018\/06\/KB__0685-1024x683.jpg 1024w\" sizes=\"(max-width: 1800px) 100vw, 1800px\" \/><\/a> <a href=\"https:\/\/marekkuchcinski.pl\/wp-content\/uploads\/2018\/06\/KKB_0058.jpg\"><img loading=\"lazy\" decoding=\"async\" class=\"alignnone size-full wp-image-9602\" src=\"https:\/\/marekkuchcinski.pl\/wp-content\/uploads\/2018\/06\/KKB_0058.jpg\" alt=\"KKB_0058\" width=\"1800\" height=\"1200\" srcset=\"https:\/\/marekkuchcinski.pl\/wp-content\/uploads\/2018\/06\/KKB_0058.jpg 1800w, https:\/\/marekkuchcinski.pl\/wp-content\/uploads\/2018\/06\/KKB_0058-300x200.jpg 300w, https:\/\/marekkuchcinski.pl\/wp-content\/uploads\/2018\/06\/KKB_0058-768x512.jpg 768w, https:\/\/marekkuchcinski.pl\/wp-content\/uploads\/2018\/06\/KKB_0058-1024x683.jpg 1024w\" sizes=\"(max-width: 1800px) 100vw, 1800px\" \/><\/a> <a href=\"https:\/\/marekkuchcinski.pl\/wp-content\/uploads\/2018\/06\/KKB_0407.jpg\"><img loading=\"lazy\" decoding=\"async\" class=\"alignnone size-full wp-image-9603\" src=\"https:\/\/marekkuchcinski.pl\/wp-content\/uploads\/2018\/06\/KKB_0407.jpg\" alt=\"KKB_0407\" width=\"1800\" height=\"1200\" srcset=\"https:\/\/marekkuchcinski.pl\/wp-content\/uploads\/2018\/06\/KKB_0407.jpg 1800w, https:\/\/marekkuchcinski.pl\/wp-content\/uploads\/2018\/06\/KKB_0407-300x200.jpg 300w, https:\/\/marekkuchcinski.pl\/wp-content\/uploads\/2018\/06\/KKB_0407-768x512.jpg 768w, https:\/\/marekkuchcinski.pl\/wp-content\/uploads\/2018\/06\/KKB_0407-1024x683.jpg 1024w\" sizes=\"(max-width: 1800px) 100vw, 1800px\" \/><\/a> <a href=\"https:\/\/marekkuchcinski.pl\/wp-content\/uploads\/2018\/06\/KKB_0568.jpg\"><img loading=\"lazy\" decoding=\"async\" class=\"alignnone size-full wp-image-9604\" src=\"https:\/\/marekkuchcinski.pl\/wp-content\/uploads\/2018\/06\/KKB_0568.jpg\" alt=\"KKB_0568\" width=\"1534\" height=\"1114\" srcset=\"https:\/\/marekkuchcinski.pl\/wp-content\/uploads\/2018\/06\/KKB_0568.jpg 1534w, https:\/\/marekkuchcinski.pl\/wp-content\/uploads\/2018\/06\/KKB_0568-300x218.jpg 300w, https:\/\/marekkuchcinski.pl\/wp-content\/uploads\/2018\/06\/KKB_0568-768x558.jpg 768w, https:\/\/marekkuchcinski.pl\/wp-content\/uploads\/2018\/06\/KKB_0568-1024x744.jpg 1024w\" sizes=\"(max-width: 1534px) 100vw, 1534px\" \/><\/a> <a href=\"https:\/\/marekkuchcinski.pl\/wp-content\/uploads\/2018\/06\/KKB_0715.jpg\"><img loading=\"lazy\" decoding=\"async\" class=\"alignnone size-full wp-image-9605\" src=\"https:\/\/marekkuchcinski.pl\/wp-content\/uploads\/2018\/06\/KKB_0715.jpg\" alt=\"KKB_0715\" width=\"1800\" height=\"1200\" srcset=\"https:\/\/marekkuchcinski.pl\/wp-content\/uploads\/2018\/06\/KKB_0715.jpg 1800w, https:\/\/marekkuchcinski.pl\/wp-content\/uploads\/2018\/06\/KKB_0715-300x200.jpg 300w, https:\/\/marekkuchcinski.pl\/wp-content\/uploads\/2018\/06\/KKB_0715-768x512.jpg 768w, https:\/\/marekkuchcinski.pl\/wp-content\/uploads\/2018\/06\/KKB_0715-1024x683.jpg 1024w\" sizes=\"(max-width: 1800px) 100vw, 1800px\" \/><\/a> <a href=\"https:\/\/marekkuchcinski.pl\/wp-content\/uploads\/2018\/06\/KKB_1053.jpg\"><img loading=\"lazy\" decoding=\"async\" class=\"alignnone size-full wp-image-9606\" src=\"https:\/\/marekkuchcinski.pl\/wp-content\/uploads\/2018\/06\/KKB_1053.jpg\" alt=\"KKB_1053\" width=\"1800\" height=\"1200\" srcset=\"https:\/\/marekkuchcinski.pl\/wp-content\/uploads\/2018\/06\/KKB_1053.jpg 1800w, https:\/\/marekkuchcinski.pl\/wp-content\/uploads\/2018\/06\/KKB_1053-300x200.jpg 300w, https:\/\/marekkuchcinski.pl\/wp-content\/uploads\/2018\/06\/KKB_1053-768x512.jpg 768w, https:\/\/marekkuchcinski.pl\/wp-content\/uploads\/2018\/06\/KKB_1053-1024x683.jpg 1024w\" sizes=\"(max-width: 1800px) 100vw, 1800px\" \/><\/a> <a href=\"https:\/\/marekkuchcinski.pl\/wp-content\/uploads\/2018\/06\/KKB_1092.jpg\"><img loading=\"lazy\" decoding=\"async\" class=\"alignnone size-full wp-image-9607\" src=\"https:\/\/marekkuchcinski.pl\/wp-content\/uploads\/2018\/06\/KKB_1092.jpg\" alt=\"KKB_1092\" width=\"1800\" height=\"1200\" srcset=\"https:\/\/marekkuchcinski.pl\/wp-content\/uploads\/2018\/06\/KKB_1092.jpg 1800w, https:\/\/marekkuchcinski.pl\/wp-content\/uploads\/2018\/06\/KKB_1092-300x200.jpg 300w, https:\/\/marekkuchcinski.pl\/wp-content\/uploads\/2018\/06\/KKB_1092-768x512.jpg 768w, https:\/\/marekkuchcinski.pl\/wp-content\/uploads\/2018\/06\/KKB_1092-1024x683.jpg 1024w\" sizes=\"(max-width: 1800px) 100vw, 1800px\" \/><\/a> <a href=\"https:\/\/marekkuchcinski.pl\/wp-content\/uploads\/2018\/06\/KKB_1141.jpg\"><img loading=\"lazy\" decoding=\"async\" class=\"alignnone size-full wp-image-9608\" src=\"https:\/\/marekkuchcinski.pl\/wp-content\/uploads\/2018\/06\/KKB_1141.jpg\" alt=\"KKB_1141\" width=\"1800\" height=\"1200\" srcset=\"https:\/\/marekkuchcinski.pl\/wp-content\/uploads\/2018\/06\/KKB_1141.jpg 1800w, https:\/\/marekkuchcinski.pl\/wp-content\/uploads\/2018\/06\/KKB_1141-300x200.jpg 300w, https:\/\/marekkuchcinski.pl\/wp-content\/uploads\/2018\/06\/KKB_1141-768x512.jpg 768w, https:\/\/marekkuchcinski.pl\/wp-content\/uploads\/2018\/06\/KKB_1141-1024x683.jpg 1024w\" sizes=\"(max-width: 1800px) 100vw, 1800px\" \/><\/a> <a href=\"https:\/\/marekkuchcinski.pl\/wp-content\/uploads\/2018\/06\/KKB_1197.jpg\"><img loading=\"lazy\" decoding=\"async\" class=\"alignnone size-full wp-image-9609\" src=\"https:\/\/marekkuchcinski.pl\/wp-content\/uploads\/2018\/06\/KKB_1197.jpg\" alt=\"KKB_1197\" width=\"1800\" height=\"1200\" srcset=\"https:\/\/marekkuchcinski.pl\/wp-content\/uploads\/2018\/06\/KKB_1197.jpg 1800w, https:\/\/marekkuchcinski.pl\/wp-content\/uploads\/2018\/06\/KKB_1197-300x200.jpg 300w, https:\/\/marekkuchcinski.pl\/wp-content\/uploads\/2018\/06\/KKB_1197-768x512.jpg 768w, https:\/\/marekkuchcinski.pl\/wp-content\/uploads\/2018\/06\/KKB_1197-1024x683.jpg 1024w\" sizes=\"(max-width: 1800px) 100vw, 1800px\" \/><\/a><\/p>\n<p><a href=\"https:\/\/marekkuchcinski.pl\/wp-content\/uploads\/2018\/06\/KKB_1227.jpg\"><img loading=\"lazy\" decoding=\"async\" class=\"alignnone size-full wp-image-9610\" src=\"https:\/\/marekkuchcinski.pl\/wp-content\/uploads\/2018\/06\/KKB_1227.jpg\" alt=\"KKB_1227\" width=\"1800\" height=\"1200\" srcset=\"https:\/\/marekkuchcinski.pl\/wp-content\/uploads\/2018\/06\/KKB_1227.jpg 1800w, https:\/\/marekkuchcinski.pl\/wp-content\/uploads\/2018\/06\/KKB_1227-300x200.jpg 300w, https:\/\/marekkuchcinski.pl\/wp-content\/uploads\/2018\/06\/KKB_1227-768x512.jpg 768w, https:\/\/marekkuchcinski.pl\/wp-content\/uploads\/2018\/06\/KKB_1227-1024x683.jpg 1024w\" sizes=\"(max-width: 1800px) 100vw, 1800px\" \/><\/a><em>Fot\u00f3: Krzysztof Bia\u0142osk\u00f3rski\/ Szejm<\/em><\/p>","protected":false},"excerpt":{"rendered":"<p>W \u015awi\u0105tyni Opatrzno\u015bci Bo\u017cej zap\u0142on\u0119\u0142a 150-letnia \u015bwieca podarowana Polakom przez Piusa IX. \u017byczeniem papie\u017ca by\u0142o rozpalenie jej w wolnej Warszawie. Podczas \u015awi\u0119ta Dzi\u0119kczynienia prezydent, marsza\u0142ek Sejmu, parlamentarzy\u015bci, cz\u0142onkowie rz\u0105du, kombatanci i duchowni dzi\u0119kowali Bogu za niepodleg\u0142o\u015b\u0107. Msza \u015bw. w roku stulecia niepodleg\u0142o\u015bci celebrowana by\u0142a pod przewodnictwem Prymasa Polski arcybiskupa Wojciecha Polaka, aktu Dzi\u0119kczynienia i Zawierzenia [&hellip;]<\/p>\n","protected":false},"author":6,"featured_media":9598,"comment_status":"open","ping_status":"open","sticky":false,"template":"","format":"standard","meta":{"ngg_post_thumbnail":0,"footnotes":""},"categories":[77,3],"tags":[],"class_list":["post-9596","post","type-post","status-publish","format-standard","has-post-thumbnail","hentry","category-wazne-daty","category-wydarzenia"],"_links":{"self":[{"href":"https:\/\/marekkuchcinski.pl\/hu\/wp-json\/wp\/v2\/posts\/9596","targetHints":{"allow":["GET"]}}],"collection":[{"href":"https:\/\/marekkuchcinski.pl\/hu\/wp-json\/wp\/v2\/posts"}],"about":[{"href":"https:\/\/marekkuchcinski.pl\/hu\/wp-json\/wp\/v2\/types\/post"}],"author":[{"embeddable":true,"href":"https:\/\/marekkuchcinski.pl\/hu\/wp-json\/wp\/v2\/users\/6"}],"replies":[{"embeddable":true,"href":"https:\/\/marekkuchcinski.pl\/hu\/wp-json\/wp\/v2\/comments?post=9596"}],"version-history":[{"count":3,"href":"https:\/\/marekkuchcinski.pl\/hu\/wp-json\/wp\/v2\/posts\/9596\/revisions"}],"predecessor-version":[{"id":9613,"href":"https:\/\/marekkuchcinski.pl\/hu\/wp-json\/wp\/v2\/posts\/9596\/revisions\/9613"}],"wp:featuredmedia":[{"embeddable":true,"href":"https:\/\/marekkuchcinski.pl\/hu\/wp-json\/wp\/v2\/media\/9598"}],"wp:attachment":[{"href":"https:\/\/marekkuchcinski.pl\/hu\/wp-json\/wp\/v2\/media?parent=9596"}],"wp:term":[{"taxonomy":"category","embeddable":true,"href":"https:\/\/marekkuchcinski.pl\/hu\/wp-json\/wp\/v2\/categories?post=9596"},{"taxonomy":"post_tag","embeddable":true,"href":"https:\/\/marekkuchcinski.pl\/hu\/wp-json\/wp\/v2\/tags?post=9596"}],"curies":[{"name":"wp","href":"https:\/\/api.w.org\/{rel}","templated":true}]}}