{"id":9565,"date":"2018-05-28T14:43:57","date_gmt":"2018-05-28T12:43:57","guid":{"rendered":"https:\/\/marekkuchcinski.pl\/?p=9565"},"modified":"2018-05-28T14:44:53","modified_gmt":"2018-05-28T12:44:53","slug":"marszalek-sejmu-szczytu-nato-parlamenty-panstw-czlonkowskich-maja-odegrania-wazna-role-procesie-wzmacniania-sojuszu-zadaniem-kluczowym-usprawnienie-procedur-decyzyjnych","status":"publish","type":"post","link":"https:\/\/marekkuchcinski.pl\/hu\/wydarzenia\/marszalek-sejmu-szczytu-nato-parlamenty-panstw-czlonkowskich-maja-odegrania-wazna-role-procesie-wzmacniania-sojuszu-zadaniem-kluczowym-usprawnienie-procedur-decyzyjnych\/","title":{"rendered":"A Szejm eln\u00f6ke a NATO-cs\u00facson: a tag\u00e1llamok parlamentjeinek fontos szerep\u00fck van a sz\u00f6vets\u00e9g meger\u0151s\u00edt\u00e9s\u00e9ben. A legfontosabb feladat a d\u00f6nt\u00e9shozatali elj\u00e1r\u00e1sok racionaliz\u00e1l\u00e1sa"},"content":{"rendered":"<p>A NATO Parlamenti K\u00f6zgy\u0171l\u00e9s tavaszi plen\u00e1ris \u00fcl\u00e9s\u00e9t a lengyel Szejmben tartott\u00e1k. Amint azt a Szejm eln\u00f6ke hangs\u00falyozta, az\u00e9rt \u00fclt \u00f6ssze, hogy \u00e9rt\u00e9kelje a politikai \u00e9s biztons\u00e1gi helyzetet, \u00e9s meghat\u00e1rozza a j\u00f6v\u0151re vonatkoz\u00f3 feladatokat, amelyek a Sz\u00f6vets\u00e9g j\u00faliusi cs\u00facstal\u00e1lkoz\u00f3j\u00e1hoz val\u00f3 hozz\u00e1j\u00e1rul\u00e1sunkat k\u00e9pezik.<\/p>\n<p>Kuchci\u0144ski szerint az atlanti k\u00f6z\u00f6ss\u00e9g biztons\u00e1gi helyzet\u00e9nek elemz\u00e9se nem ad okot optimizmusra. - Sz\u00e1mos r\u00e9gi\u00f3ban visszat\u00e9rtek a hagyom\u00e1nyos katonai fenyeget\u00e9sek, \u00e9s most \u00faj, hibrid jelleg\u0171 \u00e9s a kiberbiztons\u00e1g ter\u00fclet\u00e9n jelentkez\u0151 fenyeget\u00e9sekkel \"gazdagodott\" a lista. A sz\u00f6vets\u00e9g keleti sz\u00e1rny\u00e1n egy\u00e9rtelm\u0171en \u00e9szrevessz\u00fck \u0151ket\" - mondta.<\/p>\n<p>Marek Kuchci\u0144ski r\u00e1mutatott, hogy a tag\u00e1llamok parlamentjei fontos szerepet j\u00e1tszanak a sz\u00f6vets\u00e9g meger\u0151s\u00edt\u00e9s\u00e9nek folyamat\u00e1ban. - A mi feladatunk, hogy ezt konkr\u00e9t jogi megold\u00e1sokkal \u00e9s k\u00f6lts\u00e9gvet\u00e9si d\u00f6nt\u00e9sekkel t\u00e1mogassuk. E tekintetben a legfontosabb feladat a d\u00f6nt\u00e9shozatali elj\u00e1r\u00e1sok \u00e9sszer\u0171s\u00edt\u00e9se mind a sz\u00f6vets\u00e9g mint strukt\u00fara, mind pedig az \u00e1llamok szintj\u00e9n\" - mondta.<\/p>\n<p>A h\u00e1zeln\u00f6k hangs\u00falyozta, hogy a jelenlegi nemzetk\u00f6zi helyzetben elengedhetetlen a sz\u00f6vets\u00e9g er\u0151inek \u00e1lland\u00f3 jelenl\u00e9te a keleti sz\u00e1rnyon. - Ez\u00e9rt \u00f6r\u00f6mmel \u00e9s rem\u00e9nykedve \u00fcdv\u00f6z\u00f6lj\u00fck az Egyes\u00fclt \u00c1llamok szen\u00e1tus\u00e1nak ez \u00e9v m\u00e1jus 24-i d\u00f6nt\u00e9s\u00e9t, amely t\u00e1mogatja egy amerikai csapatdand\u00e1r \u00e1lland\u00f3 lengyelorsz\u00e1gi \u00e1llom\u00e1soztat\u00e1s\u00e1t - mondta Kuchci\u0144ski.<\/p>\n<p>A Lengyel K\u00f6zt\u00e1rsas\u00e1g Szejmje az \u00e1llam \u00e9s a korm\u00e1ny politik\u00e1j\u00e1t t\u00e1mogatva l\u00e9p\u00e9seket tesz a sokoldal\u00fa k\u00f6z\u00e9p- \u00e9s kelet-eur\u00f3pai egy\u00fcttm\u0171k\u00f6d\u00e9s \u00e9rdek\u00e9ben. 2016 \u00f3ta szervezz\u00fck a r\u00e9gi\u00f3 orsz\u00e1gai parlamenti eln\u00f6keinek konferenci\u00e1it. Olyan orsz\u00e1gok parlamentjeit foglalja mag\u00e1ban, amelyek a Sz\u00f6vets\u00e9g tagjai, a Paktumban val\u00f3 r\u00e9szv\u00e9telre t\u00f6rekszenek, de a Paktumon k\u00edv\u00fcl maradnak.<\/p>\n<p>A h\u00e1zeln\u00f6k hangs\u00falyozta, hogy a sz\u00f6vets\u00e9g ajtaj\u00e1nak nyitva kell \u00e1llnia minden olyan eur\u00f3pai orsz\u00e1g el\u0151tt, amely osztja k\u00f6z\u00f6ss\u00e9g\u00fcnk \u00e9rt\u00e9keit, \u00e9s kifejezi hajland\u00f3s\u00e1g\u00e1t \u00e9s k\u00e9szs\u00e9g\u00e9t a sz\u00f6vets\u00e9gi tags\u00e1gb\u00f3l ered\u0151 k\u00f6telezetts\u00e9gek v\u00e1llal\u00e1s\u00e1ra. T\u00e1mogatjuk a sz\u00f6vets\u00e9gi nyilatkozatok v\u00e9grehajt\u00e1s\u00e1t Ukrajn\u00e1val \u00e9s Gr\u00fazi\u00e1val kapcsolatban, mivel a sz\u00f6vets\u00e9gen k\u00edv\u00fcl marad\u00e1s vesz\u00e9lyezteti annak stabilit\u00e1s\u00e1t.<\/p>\n<p>A NATO parlamenti cs\u00facstal\u00e1lkoz\u00f3 m\u00e1jus 25-28. k\u00f6z\u00f6tt zajlott. A tag\u00e1llamok, valamint a t\u00e1rsult \u00e9s megfigyel\u0151 \u00e1llamok t\u00f6bb sz\u00e1z parlamenti k\u00e9pvisel\u0151je vit\u00e1zott. - Ez egy nagyon fontos esem\u00e9ny az eg\u00e9sz sz\u00f6vets\u00e9g \u00e9s Lengyelorsz\u00e1g szempontj\u00e1b\u00f3l\" - hangs\u00falyozta Paolo Alli, a ZP NATO eln\u00f6ke. - Lengyelorsz\u00e1g id\u00e9n fontos \u00e9vfordul\u00f3kat \u00fcnnepel: A f\u00fcggetlens\u00e9g visszanyer\u00e9s\u00e9nek 100. \u00e9s a lengyel parlamentarizmus 550. \u00e9vfordul\u00f3ja. Ezek olyan alkalmak, amelyek k\u00fcl\u00f6nleges jelent\u0151s\u00e9get adnak a vars\u00f3i tal\u00e1lkoz\u00f3nknak\" - jegyezte meg. Az olasz politikus hangs\u00falyozta, hogy a NATO er\u0151s szolidarit\u00e1st tan\u00fas\u00edtott Lengyelorsz\u00e1ggal. Elmondta, hogy a keleten felmer\u00fclt \u00faj kih\u00edv\u00e1sokhoz val\u00f3 alkalmazkod\u00e1s meger\u0151s\u00edtette az elrettent\u0151 er\u0151t \u00e9s a kollekt\u00edv v\u00e9delmi k\u00e9pess\u00e9geket. - T\u00f6bb harccsoportunk van a Baltikumban \u00e9s Lengyelorsz\u00e1gban. Az amerikai kontingens jelenl\u00e9te a Lengyelorsz\u00e1ggal val\u00f3 szolidarit\u00e1sunk egy\u00e9rtelm\u0171 bizony\u00edt\u00e9ka - hangs\u00falyozta a ZP NATO vezet\u0151je, Paolo Alli. - Tiszt\u00e1ban vagyunk azzal, hogy Lengyelorsz\u00e1g keleti hat\u00e1ra a NATO keleti hat\u00e1ra. A szolidarit\u00e1s nem csak egy \u00fcres sz\u00f3, hanem valami nagyon konkr\u00e9t \u00e9s gyakorlatias dolog\" - magyar\u00e1zta.<\/p>\n<p><em>Fot\u00f3: Rafa\u0142 Zambrzycki<\/em><\/p>\n<p><a href=\"https:\/\/marekkuchcinski.pl\/wp-content\/uploads\/2018\/05\/RZ__1507.jpg\"><img fetchpriority=\"high\" decoding=\"async\" class=\"alignnone size-full wp-image-9567\" src=\"https:\/\/marekkuchcinski.pl\/wp-content\/uploads\/2018\/05\/RZ__1507.jpg\" alt=\"RZ__1507\" width=\"3360\" height=\"2240\" srcset=\"https:\/\/marekkuchcinski.pl\/wp-content\/uploads\/2018\/05\/RZ__1507.jpg 2048w, https:\/\/marekkuchcinski.pl\/wp-content\/uploads\/2018\/05\/RZ__1507-300x200.jpg 300w, https:\/\/marekkuchcinski.pl\/wp-content\/uploads\/2018\/05\/RZ__1507-768x512.jpg 768w, https:\/\/marekkuchcinski.pl\/wp-content\/uploads\/2018\/05\/RZ__1507-1024x683.jpg 1024w\" sizes=\"(max-width: 3360px) 100vw, 3360px\" \/><\/a> <a href=\"https:\/\/marekkuchcinski.pl\/wp-content\/uploads\/2018\/05\/RZ__1542.jpg\"><img decoding=\"async\" class=\"alignnone size-full wp-image-9569\" src=\"https:\/\/marekkuchcinski.pl\/wp-content\/uploads\/2018\/05\/RZ__1542.jpg\" alt=\"RZ__1542\" width=\"3360\" height=\"2240\" srcset=\"https:\/\/marekkuchcinski.pl\/wp-content\/uploads\/2018\/05\/RZ__1542.jpg 2048w, https:\/\/marekkuchcinski.pl\/wp-content\/uploads\/2018\/05\/RZ__1542-300x200.jpg 300w, https:\/\/marekkuchcinski.pl\/wp-content\/uploads\/2018\/05\/RZ__1542-768x512.jpg 768w, https:\/\/marekkuchcinski.pl\/wp-content\/uploads\/2018\/05\/RZ__1542-1024x683.jpg 1024w\" sizes=\"(max-width: 3360px) 100vw, 3360px\" \/><\/a> <a href=\"https:\/\/marekkuchcinski.pl\/wp-content\/uploads\/2018\/05\/RZ__1640.jpg\"><img decoding=\"async\" class=\"alignnone size-full wp-image-9570\" src=\"https:\/\/marekkuchcinski.pl\/wp-content\/uploads\/2018\/05\/RZ__1640.jpg\" alt=\"RZ__1640\" width=\"2497\" height=\"1479\" srcset=\"https:\/\/marekkuchcinski.pl\/wp-content\/uploads\/2018\/05\/RZ__1640.jpg 2048w, https:\/\/marekkuchcinski.pl\/wp-content\/uploads\/2018\/05\/RZ__1640-300x178.jpg 300w, https:\/\/marekkuchcinski.pl\/wp-content\/uploads\/2018\/05\/RZ__1640-768x455.jpg 768w, https:\/\/marekkuchcinski.pl\/wp-content\/uploads\/2018\/05\/RZ__1640-1024x607.jpg 1024w\" sizes=\"(max-width: 2497px) 100vw, 2497px\" \/><\/a><\/p>\n<p>&nbsp;<\/p>\n<p>&nbsp;<\/p>\n<p>&nbsp;<\/p>","protected":false},"excerpt":{"rendered":"<p>W Sejmie RP odby\u0142a si\u0119 wiosenna sesja plenarna Zgromadzenia Parlamentarnego NATO. Jak podkre\u015bli\u0142 marsza\u0142ek Sejmu, zebrano si\u0119, by oceni\u0107 sytuacj\u0119 polityczn\u0105 i sytuacj\u0119 w dziedzinie bezpiecze\u0144stwa oraz okre\u015bli\u0107 zadania na przysz\u0142o\u015b\u0107, co stanowi\u0107 b\u0119dzie nasz wk\u0142ad do lipcowego szczytu Sojuszu. Wed\u0142ug Kuchci\u0144skiego analiza stanu bezpiecze\u0144stwa wsp\u00f3lnoty atlantyckiej nie napawa optymizmem. \u2013 W wielu regionach powr\u00f3ci\u0142y [&hellip;]<\/p>\n","protected":false},"author":6,"featured_media":9570,"comment_status":"open","ping_status":"open","sticky":false,"template":"","format":"standard","meta":{"ngg_post_thumbnail":0,"footnotes":""},"categories":[81,50,3],"tags":[],"class_list":["post-9565","post","type-post","status-publish","format-standard","has-post-thumbnail","hentry","category-wiesci-z-sejmu","category-wspolpraca-miedzynarodowa","category-wydarzenia"],"_links":{"self":[{"href":"https:\/\/marekkuchcinski.pl\/hu\/wp-json\/wp\/v2\/posts\/9565","targetHints":{"allow":["GET"]}}],"collection":[{"href":"https:\/\/marekkuchcinski.pl\/hu\/wp-json\/wp\/v2\/posts"}],"about":[{"href":"https:\/\/marekkuchcinski.pl\/hu\/wp-json\/wp\/v2\/types\/post"}],"author":[{"embeddable":true,"href":"https:\/\/marekkuchcinski.pl\/hu\/wp-json\/wp\/v2\/users\/6"}],"replies":[{"embeddable":true,"href":"https:\/\/marekkuchcinski.pl\/hu\/wp-json\/wp\/v2\/comments?post=9565"}],"version-history":[{"count":3,"href":"https:\/\/marekkuchcinski.pl\/hu\/wp-json\/wp\/v2\/posts\/9565\/revisions"}],"predecessor-version":[{"id":9572,"href":"https:\/\/marekkuchcinski.pl\/hu\/wp-json\/wp\/v2\/posts\/9565\/revisions\/9572"}],"wp:featuredmedia":[{"embeddable":true,"href":"https:\/\/marekkuchcinski.pl\/hu\/wp-json\/wp\/v2\/media\/9570"}],"wp:attachment":[{"href":"https:\/\/marekkuchcinski.pl\/hu\/wp-json\/wp\/v2\/media?parent=9565"}],"wp:term":[{"taxonomy":"category","embeddable":true,"href":"https:\/\/marekkuchcinski.pl\/hu\/wp-json\/wp\/v2\/categories?post=9565"},{"taxonomy":"post_tag","embeddable":true,"href":"https:\/\/marekkuchcinski.pl\/hu\/wp-json\/wp\/v2\/tags?post=9565"}],"curies":[{"name":"wp","href":"https:\/\/api.w.org\/{rel}","templated":true}]}}