{"id":9560,"date":"2018-05-28T13:06:54","date_gmt":"2018-05-28T11:06:54","guid":{"rendered":"https:\/\/marekkuchcinski.pl\/?p=9560"},"modified":"2018-05-28T13:06:54","modified_gmt":"2018-05-28T11:06:54","slug":"nowy-sacz-sanok-spotkanie-marszalka-sejmu-mieszkancami-ramach-konwencji-polska-jedna","status":"publish","type":"post","link":"https:\/\/marekkuchcinski.pl\/hu\/prawo-i-sprawiedliwosc\/nowy-sacz-sanok-spotkanie-marszalka-sejmu-mieszkancami-ramach-konwencji-polska-jedna\/","title":{"rendered":"Nowy S\u0105cz \u00e9s Sanok: a szejm eln\u00f6k\u00e9nek tal\u00e1lkoz\u00f3ja a lakosokkal a \"Lengyelorsz\u00e1g egy\" konvenci\u00f3 keret\u00e9ben"},"content":{"rendered":"<p>Szombaton Marek Kuchci\u0144ski, a szejm eln\u00f6ke tal\u00e1lkozott Nowy S\u0105cz \u00e9s Sanok lakosaival. A tal\u00e1lkoz\u00f3k sor\u00e1n hangs\u00falyozta, hogy a Jog \u00e9s Igazs\u00e1goss\u00e1g p\u00e1rt nagy jelent\u0151s\u00e9get tulajdon\u00edt a csal\u00e1dbar\u00e1t politik\u00e1nak. A Jog \u00e9s Igazs\u00e1goss\u00e1g korm\u00e1nya 2,5 \u00e9v alatt bevezette a Csal\u00e1d 500+ programot, az ingyenes gy\u00f3gyszereket az id\u0151sek sz\u00e1m\u00e1ra, cs\u00f6kkentette a nyugd\u00edjkorhat\u00e1rt, korl\u00e1tozta a vas\u00e1rnapi kereskedelmet \u00e9s n\u00f6velte a tart\u00e1sd\u00edj beszed\u00e9s\u00e9nek hat\u00e9konys\u00e1g\u00e1t. Emellett reformot hajtott v\u00e9gre az oktat\u00e1sban, az ad\u00f3igazgat\u00e1sban, harcot ind\u00edtott a vad reprivatiz\u00e1ci\u00f3 ellen. A h\u00e1zeln\u00f6k eml\u00e9keztetett arra, hogy n\u00e9h\u00e1ny h\u00f3nappal ezel\u0151tt Mateusz Morawiecki minisztereln\u00f6k egy vars\u00f3i nemzeti kongresszuson ismertette a Lengyelorsz\u00e1g megv\u00e1ltoztat\u00e1s\u00e1t c\u00e9lz\u00f3 int\u00e9zked\u00e9si programj\u00e1t. A k\u00f6vetel\u00e9sek k\u00f6z\u00f6tt szerepel a kisv\u00e1llalkoz\u00e1sokra vonatkoz\u00f3 szja 15-r\u0151l 9 sz\u00e1zal\u00e9kra cs\u00f6kkent\u00e9se, ami a legalacsonyabb szint az Eur\u00f3pai Uni\u00f3ban, a bev\u00e9telek ar\u00e1ny\u00e1ban kisz\u00e1m\u00edtott kis t\u00e1rsadalombiztos\u00edt\u00e1si alap bevezet\u00e9se a havi 2,5 minim\u00e1lb\u00e9rig terjed\u0151 forgalmat bonyol\u00edt\u00f3 v\u00e1llalatok sz\u00e1m\u00e1ra, 300 zloty-s seg\u00e9ly a tan\u00e9v elej\u00e9n minden \u00e1ltal\u00e1nos \u00e9s k\u00f6z\u00e9piskol\u00e1t kezd\u0151 di\u00e1k sz\u00e1m\u00e1ra, egy \u00faj alap a helyi utak \u00e9p\u00edt\u00e9s\u00e9re legal\u00e1bb 5 milli\u00e1rd zloty \u00e9rt\u00e9kben, ami t\u00f6bb ezer kilom\u00e9ternyi fel\u00faj\u00edtott utat jelent a falvakban, kisv\u00e1rosokban, k\u00f6zs\u00e9gekben \u00e9s j\u00e1r\u00e1sokban, valamint az akad\u00e1lymentes\u00edt\u00e9s+ program a fogyat\u00e9kkal \u00e9l\u0151k akad\u00e1lymentes\u00edt\u00e9s\u00e9re (t\u00f6bb mint 20 milli\u00e1rd zloty 8 \u00e9v alatt).<\/p>\n<p>Marek Kuchci\u0144ski hangs\u00falyozta, hogy a Jobbik \u00e9s Igazs\u00e1goss\u00e1g p\u00e1rtnak nem fog hi\u00e1nyozni az elt\u00f6k\u00e9lts\u00e9g a v\u00e1ltoz\u00e1sok bevezet\u00e9s\u00e9ben. Ugyanakkor r\u00e1mutatott, hogy tiszt\u00e1ban van azzal, hogy vannak olyan er\u0151k, amelyek Lengyelorsz\u00e1g \u00e1rny\u00e9k\u00e1llam\u00e1v\u00e1 v\u00e1l\u00e1sa m\u00f6g\u00f6tt \u00e1llnak - nem fizetnek ad\u00f3t, megszegik a t\u00f6rv\u00e9nyeket \u00e9s al\u00e1\u00e1ss\u00e1k haz\u00e1nk helyzet\u00e9t.<\/p>\n<p>Kuchci\u0144ski marsall a szejmben a fogyat\u00e9kkal \u00e9l\u0151k tiltakoz\u00e1s\u00e1val kapcsolatos k\u00e9rd\u00e9sekre utalva hangs\u00falyozta, hogy nem igaz, hogy nem gondoskodnak r\u00f3luk, \u00e9s annak meg\u00edt\u00e9l\u00e9se, hogy a hat\u00f3s\u00e1gok megszegt\u00e9k-e a t\u00f6rv\u00e9nyt, az Alkotm\u00e1nyb\u00edr\u00f3s\u00e1gra tartozik. - Ez egy nagyon neh\u00e9z \u00e9s szomor\u00fa \u00fcgy - mondta a h\u00e1zeln\u00f6k. - Ezeket az embereket a politikusok puszt\u00e1n politikai c\u00e9lokra haszn\u00e1lj\u00e1k - \u00e9rt\u00e9kelte.  Hozz\u00e1tette, hogy Lengyelorsz\u00e1gban 4,7 milli\u00f3 fogyat\u00e9kkal \u00e9l\u0151 ember \u00e9l, \u00e9s a k\u00e9rd\u00e9st szisztematikusan kell megk\u00f6zel\u00edteni. - Eddig, \u00e9vtizedeken \u00e1t, a Lengyel N\u00e9pk\u00f6zt\u00e1rsas\u00e1g idej\u00e9t\u0151l kezdve, de el\u0151deink korm\u00e1nyai alatt is, a fogyat\u00e9kkal \u00e9l\u0151kkel nem foglalkoztak rendszerszer\u0171en, valahol egy fi\u00f3kba rejtett\u00e9k \u0151ket, elk\u00fcldt\u00e9k \u0151ket, szemet hunytak felett\u00fck - hangs\u00falyozta Kuchci\u0144ski.<\/p>\n<p>A Nowy Sacz-i V\u00e1rosi Kultur\u00e1lis K\u00f6zpontban Nowy Sacz \u00e9s S\u0105cz lakosain k\u00edv\u00fcl jelen voltak J\u00f3zef Le\u015bniak parlamenti k\u00e9pvisel\u0151, Wies\u0142aw Janczyk parlamenti k\u00e9pvisel\u0151, Jan Duda parlamenti k\u00e9pvisel\u0151, Ryszard Nowak - Nowy S\u0105cz v\u00e1ros eln\u00f6ke, Jerzy Gwi\u017cd\u017c \u00e9s Wojciech Piech - Nowy S\u0105cz v\u00e1ros aleln\u00f6kei, Janusz Kwiatkowski - Nowy S\u0105cz v\u00e1ros tan\u00e1cs\u00e1nak eln\u00f6ke, Krzysztof G\u0142uc - a PiS egyik javasolt Nowy S\u0105cz-i eln\u00f6kjel\u00f6ltje, valamint Patryk Wicher - a Jog \u00e9s Igazs\u00e1goss\u00e1g v\u00e1rosi strukt\u00far\u00e1inak vezet\u0151je.<\/p>\n<p>Sanokban, a Sport- \u00e9s Didaktikai K\u00f6zpontban Marek Kuchci\u0144ski mellett jelen volt Piotr Babinetz parlamenti k\u00e9pvisel\u0151, Piotr Uruski parlamenti k\u00e9pvisel\u0151, W\u0142adys\u0142aw Ortyl, a K\u00e1rp\u00e1taljai Vajdas\u00e1g marsallja, Tadeusz Pi\u00f3ro, Sanok polg\u00e1rmestere.<\/p>\n<p><span style=\"color: #33cccc;\"><em>http:\/\/rzeszow.tvp.pl\/37381922\/kolejna-odslona-kampanii-pis-na-podkarpaciu<\/em><\/span><\/p>\n<p><a href=\"https:\/\/marekkuchcinski.pl\/wp-content\/uploads\/2018\/05\/20180526_175535.jpg\"><img fetchpriority=\"high\" decoding=\"async\" class=\"alignnone size-full wp-image-9562\" src=\"https:\/\/marekkuchcinski.pl\/wp-content\/uploads\/2018\/05\/20180526_175535.jpg\" alt=\"20180526_175535\" width=\"1980\" height=\"1155\" srcset=\"https:\/\/marekkuchcinski.pl\/wp-content\/uploads\/2018\/05\/20180526_175535.jpg 1980w, https:\/\/marekkuchcinski.pl\/wp-content\/uploads\/2018\/05\/20180526_175535-300x175.jpg 300w, https:\/\/marekkuchcinski.pl\/wp-content\/uploads\/2018\/05\/20180526_175535-768x448.jpg 768w, https:\/\/marekkuchcinski.pl\/wp-content\/uploads\/2018\/05\/20180526_175535-1024x597.jpg 1024w\" sizes=\"(max-width: 1980px) 100vw, 1980px\" \/><\/a><\/p>\n<p>&nbsp;<\/p>\n<p>&nbsp;<\/p>\n<p>&nbsp;<\/p>\n<p>&nbsp;<\/p>\n<p>&nbsp;<\/p>\n<p>&nbsp;<\/p>\n<p>&nbsp;<\/p>\n<p>&nbsp;<\/p>","protected":false},"excerpt":{"rendered":"<p>W sobot\u0119 marsza\u0142ek Sejmu Marek Kuchci\u0144ski spotka\u0142 si\u0119 z mieszka\u0144cami Nowego S\u0105cza i Sanoka. W czasie spotka\u0144 podkre\u015bli\u0142, i\u017c Prawo i Sprawiedliwo\u015b\u0107 przywi\u0105zuje ogromn\u0105 wag\u0119 do polityki prorodzinnej. Rz\u0105d PiS w ci\u0105gu 2,5 roku wprowadzi\u0142 program Rodzina 500+, bezp\u0142atne leki dla senior\u00f3w, obni\u017cy\u0142 wiek emerytalny, ograniczy\u0142 handel w niedziel\u0119, zwi\u0119kszy\u0142 skuteczno\u015bci \u015bci\u0105gania aliment\u00f3w. Ponadto przeprowadzono [&hellip;]<\/p>","protected":false},"author":6,"featured_media":9562,"comment_status":"open","ping_status":"open","sticky":false,"template":"","format":"standard","meta":{"ngg_post_thumbnail":0,"footnotes":""},"categories":[49,82,3],"tags":[],"class_list":["post-9560","post","type-post","status-publish","format-standard","has-post-thumbnail","hentry","category-podkarpacie","category-prawo-i-sprawiedliwosc","category-wydarzenia"],"yoast_head":"<!-- This site is optimized with the Yoast SEO plugin v24.7 - https:\/\/yoast.com\/wordpress\/plugins\/seo\/ -->\n<title>Nowy S\u0105cz i Sanok: spotkanie marsza\u0142ka Sejmu z mieszka\u0144cami w ramach konwencji \u201ePolska jest jedna&quot; &#8211; Marek Kuchci\u0144ski<\/title>\n<meta name=\"robots\" content=\"index, follow, max-snippet:-1, max-image-preview:large, max-video-preview:-1\" \/>\n<link rel=\"canonical\" href=\"https:\/\/marekkuchcinski.pl\/hu\/prawo-i-sprawiedliwosc\/nowy-sacz-sanok-spotkanie-marszalka-sejmu-mieszkancami-ramach-konwencji-polska-jedna\/\" \/>\n<meta property=\"og:locale\" content=\"hu_HU\" \/>\n<meta property=\"og:type\" content=\"article\" \/>\n<meta property=\"og:title\" content=\"Nowy S\u0105cz i Sanok: spotkanie marsza\u0142ka Sejmu z mieszka\u0144cami w ramach konwencji \u201ePolska jest jedna&quot; &#8211; Marek Kuchci\u0144ski\" \/>\n<meta property=\"og:description\" content=\"W sobot\u0119 marsza\u0142ek Sejmu Marek Kuchci\u0144ski spotka\u0142 si\u0119 z mieszka\u0144cami Nowego S\u0105cza i Sanoka. W czasie spotka\u0144 podkre\u015bli\u0142, i\u017c Prawo i Sprawiedliwo\u015b\u0107 przywi\u0105zuje ogromn\u0105 wag\u0119 do polityki prorodzinnej. Rz\u0105d PiS w ci\u0105gu 2,5 roku wprowadzi\u0142 program Rodzina 500+, bezp\u0142atne leki dla senior\u00f3w, obni\u017cy\u0142 wiek emerytalny, ograniczy\u0142 handel w niedziel\u0119, zwi\u0119kszy\u0142 skuteczno\u015bci \u015bci\u0105gania aliment\u00f3w. Ponadto przeprowadzono [&hellip;]\" \/>\n<meta property=\"og:url\" content=\"https:\/\/marekkuchcinski.pl\/hu\/prawo-i-sprawiedliwosc\/nowy-sacz-sanok-spotkanie-marszalka-sejmu-mieszkancami-ramach-konwencji-polska-jedna\/\" \/>\n<meta property=\"og:site_name\" content=\"Marek Kuchci\u0144ski\" \/>\n<meta property=\"article:published_time\" content=\"2018-05-28T11:06:54+00:00\" \/>\n<meta property=\"og:image\" content=\"https:\/\/marekkuchcinski.pl\/wp-content\/uploads\/2018\/05\/20180526_175535.jpg\" \/>\n\t<meta property=\"og:image:width\" content=\"1980\" \/>\n\t<meta property=\"og:image:height\" content=\"1155\" \/>\n\t<meta property=\"og:image:type\" content=\"image\/jpeg\" \/>\n<meta name=\"author\" content=\"admin\" \/>\n<meta name=\"twitter:card\" content=\"summary_large_image\" \/>\n<meta name=\"twitter:label1\" content=\"Szerz\u0151:\" \/>\n\t<meta name=\"twitter:data1\" content=\"admin\" \/>\n\t<meta name=\"twitter:label2\" content=\"Becs\u00fclt olvas\u00e1si id\u0151\" \/>\n\t<meta name=\"twitter:data2\" content=\"3 perc\" \/>\n<script type=\"application\/ld+json\" class=\"yoast-schema-graph\">{\"@context\":\"https:\/\/schema.org\",\"@graph\":[{\"@type\":\"Article\",\"@id\":\"https:\/\/marekkuchcinski.pl\/prawo-i-sprawiedliwosc\/nowy-sacz-sanok-spotkanie-marszalka-sejmu-mieszkancami-ramach-konwencji-polska-jedna\/#article\",\"isPartOf\":{\"@id\":\"https:\/\/marekkuchcinski.pl\/prawo-i-sprawiedliwosc\/nowy-sacz-sanok-spotkanie-marszalka-sejmu-mieszkancami-ramach-konwencji-polska-jedna\/\"},\"author\":{\"name\":\"admin\",\"@id\":\"https:\/\/marekkuchcinski.pl\/#\/schema\/person\/6f62700996b4d950b6ea2d1183b6c6be\"},\"headline\":\"Nowy S\u0105cz i Sanok: spotkanie marsza\u0142ka Sejmu z mieszka\u0144cami w ramach konwencji \u201ePolska jest jedna&#8221;\",\"datePublished\":\"2018-05-28T11:06:54+00:00\",\"mainEntityOfPage\":{\"@id\":\"https:\/\/marekkuchcinski.pl\/prawo-i-sprawiedliwosc\/nowy-sacz-sanok-spotkanie-marszalka-sejmu-mieszkancami-ramach-konwencji-polska-jedna\/\"},\"wordCount\":551,\"commentCount\":0,\"publisher\":{\"@id\":\"https:\/\/marekkuchcinski.pl\/#organization\"},\"image\":{\"@id\":\"https:\/\/marekkuchcinski.pl\/prawo-i-sprawiedliwosc\/nowy-sacz-sanok-spotkanie-marszalka-sejmu-mieszkancami-ramach-konwencji-polska-jedna\/#primaryimage\"},\"thumbnailUrl\":\"https:\/\/marekkuchcinski.pl\/wp-content\/uploads\/2018\/05\/20180526_175535.jpg\",\"articleSection\":[\"Podkarpacie\",\"Prawo i Sprawiedliwo\u015b\u0107\",\"Wydarzenia\"],\"inLanguage\":\"hu\",\"potentialAction\":[{\"@type\":\"CommentAction\",\"name\":\"Comment\",\"target\":[\"https:\/\/marekkuchcinski.pl\/prawo-i-sprawiedliwosc\/nowy-sacz-sanok-spotkanie-marszalka-sejmu-mieszkancami-ramach-konwencji-polska-jedna\/#respond\"]}]},{\"@type\":\"WebPage\",\"@id\":\"https:\/\/marekkuchcinski.pl\/prawo-i-sprawiedliwosc\/nowy-sacz-sanok-spotkanie-marszalka-sejmu-mieszkancami-ramach-konwencji-polska-jedna\/\",\"url\":\"https:\/\/marekkuchcinski.pl\/prawo-i-sprawiedliwosc\/nowy-sacz-sanok-spotkanie-marszalka-sejmu-mieszkancami-ramach-konwencji-polska-jedna\/\",\"name\":\"Nowy S\u0105cz i Sanok: spotkanie marsza\u0142ka Sejmu z mieszka\u0144cami w ramach konwencji \u201ePolska jest jedna\\\" &#8211; Marek Kuchci\u0144ski\",\"isPartOf\":{\"@id\":\"https:\/\/marekkuchcinski.pl\/#website\"},\"primaryImageOfPage\":{\"@id\":\"https:\/\/marekkuchcinski.pl\/prawo-i-sprawiedliwosc\/nowy-sacz-sanok-spotkanie-marszalka-sejmu-mieszkancami-ramach-konwencji-polska-jedna\/#primaryimage\"},\"image\":{\"@id\":\"https:\/\/marekkuchcinski.pl\/prawo-i-sprawiedliwosc\/nowy-sacz-sanok-spotkanie-marszalka-sejmu-mieszkancami-ramach-konwencji-polska-jedna\/#primaryimage\"},\"thumbnailUrl\":\"https:\/\/marekkuchcinski.pl\/wp-content\/uploads\/2018\/05\/20180526_175535.jpg\",\"datePublished\":\"2018-05-28T11:06:54+00:00\",\"breadcrumb\":{\"@id\":\"https:\/\/marekkuchcinski.pl\/prawo-i-sprawiedliwosc\/nowy-sacz-sanok-spotkanie-marszalka-sejmu-mieszkancami-ramach-konwencji-polska-jedna\/#breadcrumb\"},\"inLanguage\":\"hu\",\"potentialAction\":[{\"@type\":\"ReadAction\",\"target\":[\"https:\/\/marekkuchcinski.pl\/prawo-i-sprawiedliwosc\/nowy-sacz-sanok-spotkanie-marszalka-sejmu-mieszkancami-ramach-konwencji-polska-jedna\/\"]}]},{\"@type\":\"ImageObject\",\"inLanguage\":\"hu\",\"@id\":\"https:\/\/marekkuchcinski.pl\/prawo-i-sprawiedliwosc\/nowy-sacz-sanok-spotkanie-marszalka-sejmu-mieszkancami-ramach-konwencji-polska-jedna\/#primaryimage\",\"url\":\"https:\/\/marekkuchcinski.pl\/wp-content\/uploads\/2018\/05\/20180526_175535.jpg\",\"contentUrl\":\"https:\/\/marekkuchcinski.pl\/wp-content\/uploads\/2018\/05\/20180526_175535.jpg\",\"width\":1980,\"height\":1155},{\"@type\":\"BreadcrumbList\",\"@id\":\"https:\/\/marekkuchcinski.pl\/prawo-i-sprawiedliwosc\/nowy-sacz-sanok-spotkanie-marszalka-sejmu-mieszkancami-ramach-konwencji-polska-jedna\/#breadcrumb\",\"itemListElement\":[{\"@type\":\"ListItem\",\"position\":1,\"name\":\"Strona g\u0142\u00f3wna\",\"item\":\"https:\/\/marekkuchcinski.pl\/\"},{\"@type\":\"ListItem\",\"position\":2,\"name\":\"Nowy S\u0105cz i Sanok: spotkanie marsza\u0142ka Sejmu z mieszka\u0144cami w ramach konwencji \u201ePolska jest jedna&#8221;\"}]},{\"@type\":\"WebSite\",\"@id\":\"https:\/\/marekkuchcinski.pl\/#website\",\"url\":\"https:\/\/marekkuchcinski.pl\/\",\"name\":\"Marek Kuchci\u0144ski\",\"description\":\"Pose\u0142 na sejm RP &ndash; okr\u0119g nr 22\",\"publisher\":{\"@id\":\"https:\/\/marekkuchcinski.pl\/#organization\"},\"potentialAction\":[{\"@type\":\"SearchAction\",\"target\":{\"@type\":\"EntryPoint\",\"urlTemplate\":\"https:\/\/marekkuchcinski.pl\/?s={search_term_string}\"},\"query-input\":{\"@type\":\"PropertyValueSpecification\",\"valueRequired\":true,\"valueName\":\"search_term_string\"}}],\"inLanguage\":\"hu\"},{\"@type\":\"Organization\",\"@id\":\"https:\/\/marekkuchcinski.pl\/#organization\",\"name\":\"Marek Kuchci\u0144ski\",\"url\":\"https:\/\/marekkuchcinski.pl\/\",\"logo\":{\"@type\":\"ImageObject\",\"inLanguage\":\"hu\",\"@id\":\"https:\/\/marekkuchcinski.pl\/#\/schema\/logo\/image\/\",\"url\":\"https:\/\/marekkuchcinski.pl\/wp-content\/uploads\/2022\/09\/Marek.jpg\",\"contentUrl\":\"https:\/\/marekkuchcinski.pl\/wp-content\/uploads\/2022\/09\/Marek.jpg\",\"width\":1600,\"height\":971,\"caption\":\"Marek Kuchci\u0144ski\"},\"image\":{\"@id\":\"https:\/\/marekkuchcinski.pl\/#\/schema\/logo\/image\/\"}},{\"@type\":\"Person\",\"@id\":\"https:\/\/marekkuchcinski.pl\/#\/schema\/person\/6f62700996b4d950b6ea2d1183b6c6be\",\"name\":\"admin\",\"image\":{\"@type\":\"ImageObject\",\"inLanguage\":\"hu\",\"@id\":\"https:\/\/marekkuchcinski.pl\/#\/schema\/person\/image\/\",\"url\":\"https:\/\/secure.gravatar.com\/avatar\/4bab693b9d55c3d6b52c0296a8765085?s=96&d=mm&r=g\",\"contentUrl\":\"https:\/\/secure.gravatar.com\/avatar\/4bab693b9d55c3d6b52c0296a8765085?s=96&d=mm&r=g\",\"caption\":\"admin\"},\"url\":\"https:\/\/marekkuchcinski.pl\/hu\/author\/marta-olejnik\/\"}]}<\/script>\n<!-- \/ Yoast SEO plugin. -->","yoast_head_json":{"title":"Nowy S\u0105cz i Sanok: spotkanie marsza\u0142ka Sejmu z mieszka\u0144cami w ramach konwencji \u201ePolska jest jedna\" &#8211; Marek Kuchci\u0144ski","robots":{"index":"index","follow":"follow","max-snippet":"max-snippet:-1","max-image-preview":"max-image-preview:large","max-video-preview":"max-video-preview:-1"},"canonical":"https:\/\/marekkuchcinski.pl\/hu\/prawo-i-sprawiedliwosc\/nowy-sacz-sanok-spotkanie-marszalka-sejmu-mieszkancami-ramach-konwencji-polska-jedna\/","og_locale":"hu_HU","og_type":"article","og_title":"Nowy S\u0105cz i Sanok: spotkanie marsza\u0142ka Sejmu z mieszka\u0144cami w ramach konwencji \u201ePolska jest jedna\" &#8211; Marek Kuchci\u0144ski","og_description":"W sobot\u0119 marsza\u0142ek Sejmu Marek Kuchci\u0144ski spotka\u0142 si\u0119 z mieszka\u0144cami Nowego S\u0105cza i Sanoka. W czasie spotka\u0144 podkre\u015bli\u0142, i\u017c Prawo i Sprawiedliwo\u015b\u0107 przywi\u0105zuje ogromn\u0105 wag\u0119 do polityki prorodzinnej. Rz\u0105d PiS w ci\u0105gu 2,5 roku wprowadzi\u0142 program Rodzina 500+, bezp\u0142atne leki dla senior\u00f3w, obni\u017cy\u0142 wiek emerytalny, ograniczy\u0142 handel w niedziel\u0119, zwi\u0119kszy\u0142 skuteczno\u015bci \u015bci\u0105gania aliment\u00f3w. Ponadto przeprowadzono [&hellip;]","og_url":"https:\/\/marekkuchcinski.pl\/hu\/prawo-i-sprawiedliwosc\/nowy-sacz-sanok-spotkanie-marszalka-sejmu-mieszkancami-ramach-konwencji-polska-jedna\/","og_site_name":"Marek Kuchci\u0144ski","article_published_time":"2018-05-28T11:06:54+00:00","og_image":[{"width":1980,"height":1155,"url":"https:\/\/marekkuchcinski.pl\/wp-content\/uploads\/2018\/05\/20180526_175535.jpg","type":"image\/jpeg"}],"author":"admin","twitter_card":"summary_large_image","twitter_misc":{"Szerz\u0151:":"admin","Becs\u00fclt olvas\u00e1si id\u0151":"3 perc"},"schema":{"@context":"https:\/\/schema.org","@graph":[{"@type":"Article","@id":"https:\/\/marekkuchcinski.pl\/prawo-i-sprawiedliwosc\/nowy-sacz-sanok-spotkanie-marszalka-sejmu-mieszkancami-ramach-konwencji-polska-jedna\/#article","isPartOf":{"@id":"https:\/\/marekkuchcinski.pl\/prawo-i-sprawiedliwosc\/nowy-sacz-sanok-spotkanie-marszalka-sejmu-mieszkancami-ramach-konwencji-polska-jedna\/"},"author":{"name":"admin","@id":"https:\/\/marekkuchcinski.pl\/#\/schema\/person\/6f62700996b4d950b6ea2d1183b6c6be"},"headline":"Nowy S\u0105cz i Sanok: spotkanie marsza\u0142ka Sejmu z mieszka\u0144cami w ramach konwencji \u201ePolska jest jedna&#8221;","datePublished":"2018-05-28T11:06:54+00:00","mainEntityOfPage":{"@id":"https:\/\/marekkuchcinski.pl\/prawo-i-sprawiedliwosc\/nowy-sacz-sanok-spotkanie-marszalka-sejmu-mieszkancami-ramach-konwencji-polska-jedna\/"},"wordCount":551,"commentCount":0,"publisher":{"@id":"https:\/\/marekkuchcinski.pl\/#organization"},"image":{"@id":"https:\/\/marekkuchcinski.pl\/prawo-i-sprawiedliwosc\/nowy-sacz-sanok-spotkanie-marszalka-sejmu-mieszkancami-ramach-konwencji-polska-jedna\/#primaryimage"},"thumbnailUrl":"https:\/\/marekkuchcinski.pl\/wp-content\/uploads\/2018\/05\/20180526_175535.jpg","articleSection":["Podkarpacie","Prawo i Sprawiedliwo\u015b\u0107","Wydarzenia"],"inLanguage":"hu","potentialAction":[{"@type":"CommentAction","name":"Comment","target":["https:\/\/marekkuchcinski.pl\/prawo-i-sprawiedliwosc\/nowy-sacz-sanok-spotkanie-marszalka-sejmu-mieszkancami-ramach-konwencji-polska-jedna\/#respond"]}]},{"@type":"WebPage","@id":"https:\/\/marekkuchcinski.pl\/prawo-i-sprawiedliwosc\/nowy-sacz-sanok-spotkanie-marszalka-sejmu-mieszkancami-ramach-konwencji-polska-jedna\/","url":"https:\/\/marekkuchcinski.pl\/prawo-i-sprawiedliwosc\/nowy-sacz-sanok-spotkanie-marszalka-sejmu-mieszkancami-ramach-konwencji-polska-jedna\/","name":"Nowy S\u0105cz i Sanok: spotkanie marsza\u0142ka Sejmu z mieszka\u0144cami w ramach konwencji \u201ePolska jest jedna\" &#8211; Marek Kuchci\u0144ski","isPartOf":{"@id":"https:\/\/marekkuchcinski.pl\/#website"},"primaryImageOfPage":{"@id":"https:\/\/marekkuchcinski.pl\/prawo-i-sprawiedliwosc\/nowy-sacz-sanok-spotkanie-marszalka-sejmu-mieszkancami-ramach-konwencji-polska-jedna\/#primaryimage"},"image":{"@id":"https:\/\/marekkuchcinski.pl\/prawo-i-sprawiedliwosc\/nowy-sacz-sanok-spotkanie-marszalka-sejmu-mieszkancami-ramach-konwencji-polska-jedna\/#primaryimage"},"thumbnailUrl":"https:\/\/marekkuchcinski.pl\/wp-content\/uploads\/2018\/05\/20180526_175535.jpg","datePublished":"2018-05-28T11:06:54+00:00","breadcrumb":{"@id":"https:\/\/marekkuchcinski.pl\/prawo-i-sprawiedliwosc\/nowy-sacz-sanok-spotkanie-marszalka-sejmu-mieszkancami-ramach-konwencji-polska-jedna\/#breadcrumb"},"inLanguage":"hu","potentialAction":[{"@type":"ReadAction","target":["https:\/\/marekkuchcinski.pl\/prawo-i-sprawiedliwosc\/nowy-sacz-sanok-spotkanie-marszalka-sejmu-mieszkancami-ramach-konwencji-polska-jedna\/"]}]},{"@type":"ImageObject","inLanguage":"hu","@id":"https:\/\/marekkuchcinski.pl\/prawo-i-sprawiedliwosc\/nowy-sacz-sanok-spotkanie-marszalka-sejmu-mieszkancami-ramach-konwencji-polska-jedna\/#primaryimage","url":"https:\/\/marekkuchcinski.pl\/wp-content\/uploads\/2018\/05\/20180526_175535.jpg","contentUrl":"https:\/\/marekkuchcinski.pl\/wp-content\/uploads\/2018\/05\/20180526_175535.jpg","width":1980,"height":1155},{"@type":"BreadcrumbList","@id":"https:\/\/marekkuchcinski.pl\/prawo-i-sprawiedliwosc\/nowy-sacz-sanok-spotkanie-marszalka-sejmu-mieszkancami-ramach-konwencji-polska-jedna\/#breadcrumb","itemListElement":[{"@type":"ListItem","position":1,"name":"Strona g\u0142\u00f3wna","item":"https:\/\/marekkuchcinski.pl\/"},{"@type":"ListItem","position":2,"name":"Nowy S\u0105cz i Sanok: spotkanie marsza\u0142ka Sejmu z mieszka\u0144cami w ramach konwencji \u201ePolska jest jedna&#8221;"}]},{"@type":"WebSite","@id":"https:\/\/marekkuchcinski.pl\/#website","url":"https:\/\/marekkuchcinski.pl\/","name":"Marek Kuchci\u0144ski","description":"Pose\u0142 na sejm RP &ndash; okr\u0119g nr 22","publisher":{"@id":"https:\/\/marekkuchcinski.pl\/#organization"},"potentialAction":[{"@type":"SearchAction","target":{"@type":"EntryPoint","urlTemplate":"https:\/\/marekkuchcinski.pl\/?s={search_term_string}"},"query-input":{"@type":"PropertyValueSpecification","valueRequired":true,"valueName":"search_term_string"}}],"inLanguage":"hu"},{"@type":"Organization","@id":"https:\/\/marekkuchcinski.pl\/#organization","name":"Marek Kuchci\u0144ski","url":"https:\/\/marekkuchcinski.pl\/","logo":{"@type":"ImageObject","inLanguage":"hu","@id":"https:\/\/marekkuchcinski.pl\/#\/schema\/logo\/image\/","url":"https:\/\/marekkuchcinski.pl\/wp-content\/uploads\/2022\/09\/Marek.jpg","contentUrl":"https:\/\/marekkuchcinski.pl\/wp-content\/uploads\/2022\/09\/Marek.jpg","width":1600,"height":971,"caption":"Marek Kuchci\u0144ski"},"image":{"@id":"https:\/\/marekkuchcinski.pl\/#\/schema\/logo\/image\/"}},{"@type":"Person","@id":"https:\/\/marekkuchcinski.pl\/#\/schema\/person\/6f62700996b4d950b6ea2d1183b6c6be","name":"admin","image":{"@type":"ImageObject","inLanguage":"hu","@id":"https:\/\/marekkuchcinski.pl\/#\/schema\/person\/image\/","url":"https:\/\/secure.gravatar.com\/avatar\/4bab693b9d55c3d6b52c0296a8765085?s=96&d=mm&r=g","contentUrl":"https:\/\/secure.gravatar.com\/avatar\/4bab693b9d55c3d6b52c0296a8765085?s=96&d=mm&r=g","caption":"admin"},"url":"https:\/\/marekkuchcinski.pl\/hu\/author\/marta-olejnik\/"}]}},"_links":{"self":[{"href":"https:\/\/marekkuchcinski.pl\/hu\/wp-json\/wp\/v2\/posts\/9560","targetHints":{"allow":["GET"]}}],"collection":[{"href":"https:\/\/marekkuchcinski.pl\/hu\/wp-json\/wp\/v2\/posts"}],"about":[{"href":"https:\/\/marekkuchcinski.pl\/hu\/wp-json\/wp\/v2\/types\/post"}],"author":[{"embeddable":true,"href":"https:\/\/marekkuchcinski.pl\/hu\/wp-json\/wp\/v2\/users\/6"}],"replies":[{"embeddable":true,"href":"https:\/\/marekkuchcinski.pl\/hu\/wp-json\/wp\/v2\/comments?post=9560"}],"version-history":[{"count":2,"href":"https:\/\/marekkuchcinski.pl\/hu\/wp-json\/wp\/v2\/posts\/9560\/revisions"}],"predecessor-version":[{"id":9564,"href":"https:\/\/marekkuchcinski.pl\/hu\/wp-json\/wp\/v2\/posts\/9560\/revisions\/9564"}],"wp:featuredmedia":[{"embeddable":true,"href":"https:\/\/marekkuchcinski.pl\/hu\/wp-json\/wp\/v2\/media\/9562"}],"wp:attachment":[{"href":"https:\/\/marekkuchcinski.pl\/hu\/wp-json\/wp\/v2\/media?parent=9560"}],"wp:term":[{"taxonomy":"category","embeddable":true,"href":"https:\/\/marekkuchcinski.pl\/hu\/wp-json\/wp\/v2\/categories?post=9560"},{"taxonomy":"post_tag","embeddable":true,"href":"https:\/\/marekkuchcinski.pl\/hu\/wp-json\/wp\/v2\/tags?post=9560"}],"curies":[{"name":"wp","href":"https:\/\/api.w.org\/{rel}","templated":true}]}}