{"id":9542,"date":"2018-05-28T10:17:59","date_gmt":"2018-05-28T08:17:59","guid":{"rendered":"https:\/\/marekkuchcinski.pl\/?p=9542"},"modified":"2018-05-28T10:17:59","modified_gmt":"2018-05-28T08:17:59","slug":"oficjalna-wizyta-marszalka-sejmu-pradze","status":"publish","type":"post","link":"https:\/\/marekkuchcinski.pl\/hu\/wydarzenia\/oficjalna-wizyta-marszalka-sejmu-pradze\/","title":{"rendered":"A Szejm eln\u00f6k\u00e9nek hivatalos l\u00e1togat\u00e1sa Pr\u00e1g\u00e1ban"},"content":{"rendered":"<p dir=\"ltr\"><em>- Nem \u00e9rt\u00fcnk egyet az uni\u00f3s forr\u00e1sok Kelet-Eur\u00f3p\u00e1b\u00f3l D\u00e9l-Eur\u00f3p\u00e1ba t\u00f6rt\u00e9n\u0151 \u00e1tcsoportos\u00edt\u00e1s\u00e1val. Lengyelorsz\u00e1gnak \u00e9s a Cseh K\u00f6zt\u00e1rsas\u00e1gnak nagyon hat\u00e1rozottan hangs\u00falyoznia kell, hogy nem \u00e9rt egyet az ilyen l\u00e9p\u00e9sekkel, mert ez a mi orsz\u00e1gaink \u00e9s a visegr\u00e1di csoport rov\u00e1s\u00e1ra megy. Egy hangon kellene besz\u00e9ln\u00fcnk ebben a k\u00e9rd\u00e9sben.<\/em>\u00a0- Marek Kuchci\u0144ski, a Szejm eln\u00f6ke cs\u00fct\u00f6rt\u00f6k\u00f6n hivatalos csehorsz\u00e1gi l\u00e1togat\u00e1sa sor\u00e1n kijelentette.<\/p>\n<p dir=\"ltr\">Radek Vondr\u00e1\u010dek, a k\u00e9pvisel\u0151h\u00e1z eln\u00f6ke hangs\u00falyozta, hogy az uni\u00f3s forr\u00e1sok foly\u00f3s\u00edt\u00e1s\u00e1t nem szabad \u00f6sszekapcsolni t\u00f6bbek k\u00f6z\u00f6tt a tag\u00e1llamok jog\u00e1llamis\u00e1g\u00e1nak k\u00e9rd\u00e9s\u00e9vel. - \u00dagy v\u00e9lj\u00fck, hogy az uni\u00f3s p\u00e9nzeszk\u00f6z\u00f6k foly\u00f3s\u00edt\u00e1s\u00e1nak felt\u00e9telrendszer\u00e9t nem szabad m\u00e1s k\u00e9rd\u00e9sekhez k\u00f6tni. Nem \u00fcdv\u00f6z\u00f6lj\u00fck ezt, \u00e9s nem fogadjuk t\u00e1rt karokkal, fenntart\u00e1saink vannak ezzel kapcsolatban\" - jelentette ki. Vondr\u00e1\u010dek szerint a visegr\u00e1di csoportnak, amelynek tagjai a lengyel \u00e9s a cseh parlamenti k\u00f6lts\u00e9gvet\u00e9si \u00e9s gazdas\u00e1gi bizotts\u00e1gok tagjai, k\u00f6z\u00f6s \u00e1ll\u00e1spontot kellene kialak\u00edtania az EU k\u00f6lts\u00e9gvet\u00e9s\u00e9r\u0151l. - Mindig j\u00f3, ha van egy k\u00f6z\u00f6s \u00e1ll\u00e1spont - mondta a k\u00e9pvisel\u0151h\u00e1z eln\u00f6ke.<\/p>\n<p dir=\"ltr\">Mindk\u00e9t politikus egyet\u00e9rtett abban, hogy Lengyelorsz\u00e1gnak \u00e9s a Cseh K\u00f6zt\u00e1rsas\u00e1gnak els\u0151sorban az uni\u00f3s k\u00f6lts\u00e9gvet\u00e9s fenntart\u00e1s\u00e1val kell foglalkoznia a koh\u00e9zi\u00f3s politika \u00e9s a k\u00f6z\u00f6s agr\u00e1rpolitika tekintet\u00e9ben.<\/p>\n<p dir=\"ltr\">A szejm eln\u00f6ke cs\u00fct\u00f6rt\u00f6k\u00f6n tal\u00e1lkozott Milan \u0160t\u011bch\u00e1val, a cseh szen\u00e1tus eln\u00f6k\u00e9vel \u00e9s Dominik Duka b\u00edboros, pr\u00e1gai \u00e9rsekkel is. Marek Kuchci\u0144ski szint\u00e9n vir\u00e1got helyezett el Tom\u00e1\u0161 G. Masaryk eml\u00e9km\u0171ve el\u0151tt, valamint a Szent Vitus, Vencel \u00e9s Adalbert f\u0151sz\u00e9kesegyh\u00e1zban - Josef Beran b\u00edboros \u00e9s Szent Adalbert s\u00edrj\u00e1n\u00e1l.<br \/>\nA l\u00e1togat\u00e1s els\u0151 napj\u00e1n Kuchci\u0144ski marsall tal\u00e1lkozott Andrej Babi\u0161 cseh minisztereln\u00f6kkel. A politikusok t\u00f6bbek k\u00f6z\u00f6tt megvitatt\u00e1k a visegr\u00e1di csoport k\u00f6z\u00f6s \u00e1ll\u00e1spontj\u00e1nak sz\u00fcks\u00e9gess\u00e9g\u00e9t az uni\u00f3s f\u00f3rumon, a migr\u00e1ci\u00f3s v\u00e1ls\u00e1got \u00e9s a hat\u00e1rokon \u00e1tny\u00fal\u00f3 egy\u00fcttm\u0171k\u00f6d\u00e9st.<\/p>\n<p dir=\"ltr\"><em>text: http:\/\/marszalek.sejm.pl\/marszalek8.nsf\/wydarzenia.xsp?id=358BACACE14601B5C125829800519D41<\/em><\/p>\n<p><em>Fot\u00f3: Pawe\u0142 Kula<\/em><\/p>\n<p><a href=\"https:\/\/marekkuchcinski.pl\/wp-content\/uploads\/2018\/05\/KU325837.jpg\"><img fetchpriority=\"high\" decoding=\"async\" class=\"alignnone size-full wp-image-9556\" src=\"https:\/\/marekkuchcinski.pl\/wp-content\/uploads\/2018\/05\/KU325837.jpg\" alt=\"KU325837\" width=\"1800\" height=\"1200\" srcset=\"https:\/\/marekkuchcinski.pl\/wp-content\/uploads\/2018\/05\/KU325837.jpg 1800w, https:\/\/marekkuchcinski.pl\/wp-content\/uploads\/2018\/05\/KU325837-300x200.jpg 300w, https:\/\/marekkuchcinski.pl\/wp-content\/uploads\/2018\/05\/KU325837-768x512.jpg 768w, https:\/\/marekkuchcinski.pl\/wp-content\/uploads\/2018\/05\/KU325837-1024x683.jpg 1024w\" sizes=\"(max-width: 1800px) 100vw, 1800px\" \/><\/a><a href=\"https:\/\/marekkuchcinski.pl\/wp-content\/uploads\/2018\/05\/20180525_095527.jpg\"><img decoding=\"async\" class=\"alignnone size-full wp-image-9554\" src=\"https:\/\/marekkuchcinski.pl\/wp-content\/uploads\/2018\/05\/20180525_095527.jpg\" alt=\"_20180525_095527\" width=\"2411\" height=\"1570\" srcset=\"https:\/\/marekkuchcinski.pl\/wp-content\/uploads\/2018\/05\/20180525_095527.jpg 2048w, https:\/\/marekkuchcinski.pl\/wp-content\/uploads\/2018\/05\/20180525_095527-300x195.jpg 300w, https:\/\/marekkuchcinski.pl\/wp-content\/uploads\/2018\/05\/20180525_095527-768x500.jpg 768w, https:\/\/marekkuchcinski.pl\/wp-content\/uploads\/2018\/05\/20180525_095527-1024x667.jpg 1024w\" sizes=\"(max-width: 2411px) 100vw, 2411px\" \/><\/a><a href=\"https:\/\/marekkuchcinski.pl\/wp-content\/uploads\/2018\/05\/20180524095322_KU326820.jpg\"><img decoding=\"async\" class=\"alignnone size-full wp-image-9545\" src=\"https:\/\/marekkuchcinski.pl\/wp-content\/uploads\/2018\/05\/20180524095322_KU326820.jpg\" alt=\"20180524095322_KU326820\" width=\"2736\" height=\"1824\" srcset=\"https:\/\/marekkuchcinski.pl\/wp-content\/uploads\/2018\/05\/20180524095322_KU326820.jpg 2048w, https:\/\/marekkuchcinski.pl\/wp-content\/uploads\/2018\/05\/20180524095322_KU326820-300x200.jpg 300w, https:\/\/marekkuchcinski.pl\/wp-content\/uploads\/2018\/05\/20180524095322_KU326820-768x512.jpg 768w, https:\/\/marekkuchcinski.pl\/wp-content\/uploads\/2018\/05\/20180524095322_KU326820-1024x683.jpg 1024w\" sizes=\"(max-width: 2736px) 100vw, 2736px\" \/><\/a> <a href=\"https:\/\/marekkuchcinski.pl\/wp-content\/uploads\/2018\/05\/20180524102130_KU327289.jpg\"><img loading=\"lazy\" decoding=\"async\" class=\"alignnone size-full wp-image-9546\" src=\"https:\/\/marekkuchcinski.pl\/wp-content\/uploads\/2018\/05\/20180524102130_KU327289.jpg\" alt=\"20180524102130_KU327289\" width=\"2736\" height=\"1824\" srcset=\"https:\/\/marekkuchcinski.pl\/wp-content\/uploads\/2018\/05\/20180524102130_KU327289.jpg 2048w, https:\/\/marekkuchcinski.pl\/wp-content\/uploads\/2018\/05\/20180524102130_KU327289-300x200.jpg 300w, https:\/\/marekkuchcinski.pl\/wp-content\/uploads\/2018\/05\/20180524102130_KU327289-768x512.jpg 768w, https:\/\/marekkuchcinski.pl\/wp-content\/uploads\/2018\/05\/20180524102130_KU327289-1024x683.jpg 1024w\" sizes=\"(max-width: 2736px) 100vw, 2736px\" \/><\/a> <a href=\"https:\/\/marekkuchcinski.pl\/wp-content\/uploads\/2018\/05\/DSC_6074.jpg\"><img loading=\"lazy\" decoding=\"async\" class=\"alignnone size-full wp-image-9548\" src=\"https:\/\/marekkuchcinski.pl\/wp-content\/uploads\/2018\/05\/DSC_6074.jpg\" alt=\"DSC_6074\" width=\"5504\" height=\"3096\" srcset=\"https:\/\/marekkuchcinski.pl\/wp-content\/uploads\/2018\/05\/DSC_6074.jpg 2048w, https:\/\/marekkuchcinski.pl\/wp-content\/uploads\/2018\/05\/DSC_6074-300x169.jpg 300w, https:\/\/marekkuchcinski.pl\/wp-content\/uploads\/2018\/05\/DSC_6074-768x432.jpg 768w, https:\/\/marekkuchcinski.pl\/wp-content\/uploads\/2018\/05\/DSC_6074-1024x576.jpg 1024w\" sizes=\"(max-width: 5504px) 100vw, 5504px\" \/><\/a> <a href=\"https:\/\/marekkuchcinski.pl\/wp-content\/uploads\/2018\/05\/KU329933.jpg\"><img loading=\"lazy\" decoding=\"async\" class=\"alignnone size-full wp-image-9549\" src=\"https:\/\/marekkuchcinski.pl\/wp-content\/uploads\/2018\/05\/KU329933.jpg\" alt=\"KU329933\" width=\"1800\" height=\"1200\" srcset=\"https:\/\/marekkuchcinski.pl\/wp-content\/uploads\/2018\/05\/KU329933.jpg 1800w, https:\/\/marekkuchcinski.pl\/wp-content\/uploads\/2018\/05\/KU329933-300x200.jpg 300w, https:\/\/marekkuchcinski.pl\/wp-content\/uploads\/2018\/05\/KU329933-768x512.jpg 768w, https:\/\/marekkuchcinski.pl\/wp-content\/uploads\/2018\/05\/KU329933-1024x683.jpg 1024w\" sizes=\"(max-width: 1800px) 100vw, 1800px\" \/><\/a> <a href=\"https:\/\/marekkuchcinski.pl\/wp-content\/uploads\/2018\/05\/PSX_20180524_105816.jpg\"><img loading=\"lazy\" decoding=\"async\" class=\"alignnone size-full wp-image-9550\" src=\"https:\/\/marekkuchcinski.pl\/wp-content\/uploads\/2018\/05\/PSX_20180524_105816.jpg\" alt=\"PSX_20180524_105816\" width=\"2670\" height=\"1402\" srcset=\"https:\/\/marekkuchcinski.pl\/wp-content\/uploads\/2018\/05\/PSX_20180524_105816.jpg 2048w, https:\/\/marekkuchcinski.pl\/wp-content\/uploads\/2018\/05\/PSX_20180524_105816-300x158.jpg 300w, https:\/\/marekkuchcinski.pl\/wp-content\/uploads\/2018\/05\/PSX_20180524_105816-768x403.jpg 768w, https:\/\/marekkuchcinski.pl\/wp-content\/uploads\/2018\/05\/PSX_20180524_105816-1024x538.jpg 1024w\" sizes=\"(max-width: 2670px) 100vw, 2670px\" \/><\/a><\/p>","protected":false},"excerpt":{"rendered":"<p>&#8211; Nie godzimy si\u0119 na przeniesienie \u015brodk\u00f3w unijnych z Europy Wschodniej do Po\u0142udniowej. Polska i Czechy powinny bardzo mocno zaakcentowa\u0107 brak zgody na takie kroki, poniewa\u017c to si\u0119 odb\u0119dzie kosztem naszych pa\u0144stw i Grupy Wyszehradzkiej. W tej kwestii powinni\u015bmy m\u00f3wi\u0107 jednym g\u0142osem\u00a0&#8211; powiedzia\u0142 w czwartek marsza\u0142ek Sejmu Marek Kuchci\u0144ski podczas wizyty oficjalnej w Republice Czeskiej. [&hellip;]<\/p>\n","protected":false},"author":6,"featured_media":9554,"comment_status":"open","ping_status":"open","sticky":false,"template":"","format":"standard","meta":{"ngg_post_thumbnail":0,"footnotes":""},"categories":[50,3],"tags":[],"class_list":["post-9542","post","type-post","status-publish","format-standard","has-post-thumbnail","hentry","category-wspolpraca-miedzynarodowa","category-wydarzenia"],"_links":{"self":[{"href":"https:\/\/marekkuchcinski.pl\/hu\/wp-json\/wp\/v2\/posts\/9542","targetHints":{"allow":["GET"]}}],"collection":[{"href":"https:\/\/marekkuchcinski.pl\/hu\/wp-json\/wp\/v2\/posts"}],"about":[{"href":"https:\/\/marekkuchcinski.pl\/hu\/wp-json\/wp\/v2\/types\/post"}],"author":[{"embeddable":true,"href":"https:\/\/marekkuchcinski.pl\/hu\/wp-json\/wp\/v2\/users\/6"}],"replies":[{"embeddable":true,"href":"https:\/\/marekkuchcinski.pl\/hu\/wp-json\/wp\/v2\/comments?post=9542"}],"version-history":[{"count":4,"href":"https:\/\/marekkuchcinski.pl\/hu\/wp-json\/wp\/v2\/posts\/9542\/revisions"}],"predecessor-version":[{"id":9559,"href":"https:\/\/marekkuchcinski.pl\/hu\/wp-json\/wp\/v2\/posts\/9542\/revisions\/9559"}],"wp:featuredmedia":[{"embeddable":true,"href":"https:\/\/marekkuchcinski.pl\/hu\/wp-json\/wp\/v2\/media\/9554"}],"wp:attachment":[{"href":"https:\/\/marekkuchcinski.pl\/hu\/wp-json\/wp\/v2\/media?parent=9542"}],"wp:term":[{"taxonomy":"category","embeddable":true,"href":"https:\/\/marekkuchcinski.pl\/hu\/wp-json\/wp\/v2\/categories?post=9542"},{"taxonomy":"post_tag","embeddable":true,"href":"https:\/\/marekkuchcinski.pl\/hu\/wp-json\/wp\/v2\/tags?post=9542"}],"curies":[{"name":"wp","href":"https:\/\/api.w.org\/{rel}","templated":true}]}}