{"id":9473,"date":"2018-05-11T13:06:27","date_gmt":"2018-05-11T11:06:27","guid":{"rendered":"https:\/\/marekkuchcinski.pl\/?p=9473"},"modified":"2018-05-11T13:06:27","modified_gmt":"2018-05-11T11:06:27","slug":"13-maja-marszalek-sejmu-spotka-sie-mieszkancami-krasnika-pulaw","status":"publish","type":"post","link":"https:\/\/marekkuchcinski.pl\/hu\/wydarzenia\/13-maja-marszalek-sejmu-spotka-sie-mieszkancami-krasnika-pulaw\/","title":{"rendered":"M\u00e1jus 13-\u00e1n a Szejm eln\u00f6ke tal\u00e1lkozik Kra\u015bnik \u00e9s Pu\u0142awy lakosaival."},"content":{"rendered":"<header class=\"entry-header\">\n<h4 class=\"entry-title\">Lengyelorsz\u00e1g-szerte tal\u00e1lkoz\u00f3kat tartanak a Jog \u00e9s Igazs\u00e1goss\u00e1g parlamenti k\u00e9pvisel\u0151ivel. A Marek Kuchci\u0144skival, a Szejm eln\u00f6k\u00e9vel val\u00f3 tal\u00e1lkoz\u00f3ra vas\u00e1rnap Kra\u015bnikba \u00e9s Pu\u0142awyba h\u00edvjuk \u00d6n\u00f6ket.<\/h4>\n<p><a href=\"https:\/\/marekkuchcinski.pl\/wp-content\/uploads\/2018\/05\/MMK1-1.jpg\"><img fetchpriority=\"high\" decoding=\"async\" class=\"alignnone size-full wp-image-9475\" src=\"https:\/\/marekkuchcinski.pl\/wp-content\/uploads\/2018\/05\/MMK1-1.jpg\" alt=\"MMK1\" width=\"2835\" height=\"2004\" srcset=\"https:\/\/marekkuchcinski.pl\/wp-content\/uploads\/2018\/05\/MMK1-1.jpg 2048w, https:\/\/marekkuchcinski.pl\/wp-content\/uploads\/2018\/05\/MMK1-1-300x212.jpg 300w, https:\/\/marekkuchcinski.pl\/wp-content\/uploads\/2018\/05\/MMK1-1-768x543.jpg 768w, https:\/\/marekkuchcinski.pl\/wp-content\/uploads\/2018\/05\/MMK1-1-1024x724.jpg 1024w\" sizes=\"(max-width: 2835px) 100vw, 2835px\" \/><\/a><\/p>\n<\/header>","protected":false},"excerpt":{"rendered":"<p>Lengyelorsz\u00e1g-szerte tal\u00e1lkoz\u00f3kat tartanak a Jog \u00e9s Igazs\u00e1goss\u00e1g parlamenti k\u00e9pvisel\u0151ivel. A Marek Kuchci\u0144skival, a Szejm eln\u00f6k\u00e9vel val\u00f3 tal\u00e1lkoz\u00f3ra vas\u00e1rnap Kra\u015bnikba \u00e9s Pu\u0142awyba h\u00edvjuk \u00d6n\u00f6ket.<\/p>","protected":false},"author":6,"featured_media":9475,"comment_status":"open","ping_status":"open","sticky":false,"template":"","format":"standard","meta":{"ngg_post_thumbnail":0,"footnotes":""},"categories":[82,3],"tags":[],"class_list":["post-9473","post","type-post","status-publish","format-standard","has-post-thumbnail","hentry","category-prawo-i-sprawiedliwosc","category-wydarzenia"],"_links":{"self":[{"href":"https:\/\/marekkuchcinski.pl\/hu\/wp-json\/wp\/v2\/posts\/9473","targetHints":{"allow":["GET"]}}],"collection":[{"href":"https:\/\/marekkuchcinski.pl\/hu\/wp-json\/wp\/v2\/posts"}],"about":[{"href":"https:\/\/marekkuchcinski.pl\/hu\/wp-json\/wp\/v2\/types\/post"}],"author":[{"embeddable":true,"href":"https:\/\/marekkuchcinski.pl\/hu\/wp-json\/wp\/v2\/users\/6"}],"replies":[{"embeddable":true,"href":"https:\/\/marekkuchcinski.pl\/hu\/wp-json\/wp\/v2\/comments?post=9473"}],"version-history":[{"count":1,"href":"https:\/\/marekkuchcinski.pl\/hu\/wp-json\/wp\/v2\/posts\/9473\/revisions"}],"predecessor-version":[{"id":9476,"href":"https:\/\/marekkuchcinski.pl\/hu\/wp-json\/wp\/v2\/posts\/9473\/revisions\/9476"}],"wp:featuredmedia":[{"embeddable":true,"href":"https:\/\/marekkuchcinski.pl\/hu\/wp-json\/wp\/v2\/media\/9475"}],"wp:attachment":[{"href":"https:\/\/marekkuchcinski.pl\/hu\/wp-json\/wp\/v2\/media?parent=9473"}],"wp:term":[{"taxonomy":"category","embeddable":true,"href":"https:\/\/marekkuchcinski.pl\/hu\/wp-json\/wp\/v2\/categories?post=9473"},{"taxonomy":"post_tag","embeddable":true,"href":"https:\/\/marekkuchcinski.pl\/hu\/wp-json\/wp\/v2\/tags?post=9473"}],"curies":[{"name":"wp","href":"https:\/\/api.w.org\/{rel}","templated":true}]}}