{"id":9462,"date":"2018-05-11T12:57:12","date_gmt":"2018-05-11T10:57:12","guid":{"rendered":"https:\/\/marekkuchcinski.pl\/?p=9462"},"modified":"2018-05-11T12:57:12","modified_gmt":"2018-05-11T10:57:12","slug":"marszalek-sejmu-marek-kuchcinski-spotkal-sie-prezydentem-czech-miloszem-zemanem","status":"publish","type":"post","link":"https:\/\/marekkuchcinski.pl\/hu\/wydarzenia\/marszalek-sejmu-marek-kuchcinski-spotkal-sie-prezydentem-czech-miloszem-zemanem\/","title":{"rendered":"Marek Kuchci\u0144ski, a szejm eln\u00f6ke tal\u00e1lkozott Milosz Zeman cseh eln\u00f6kkel"},"content":{"rendered":"<p dir=\"ltr\">Az Eur\u00f3pai Uni\u00f3 reformj\u00e1nak sz\u00fcks\u00e9gess\u00e9ge \u00e9s a visegr\u00e1di orsz\u00e1gok parlamentjei k\u00f6z\u00f6tti egy\u00fcttm\u0171k\u00f6d\u00e9s meger\u0151s\u00edt\u00e9se volt a f\u0151 t\u00e9m\u00e1ja Marek Kuchci\u0144ski, a Szejm eln\u00f6ke \u00e9s Milo\u0161 Zeman cseh eln\u00f6k cs\u00fct\u00f6rt\u00f6ki tal\u00e1lkoz\u00f3j\u00e1nak. Szlov\u00e1kia ut\u00e1n Lengyelorsz\u00e1g a m\u00e1sodik orsz\u00e1g, ahov\u00e1 \u00fajrav\u00e1laszt\u00e1sa \u00f3ta hivatalos l\u00e1togat\u00e1st tesz. A tal\u00e1lkoz\u00f3n r\u00e9szt vett t\u00f6bbek k\u00f6z\u00f6tt Grzegorz Janik, a lengyel-cseh parlamenti k\u00e9pvisel\u0151csoport eln\u00f6ke \u00e9s Agnieszka Kaczmarska, a Szejm kancell\u00e1ri\u00e1j\u00e1nak vezet\u0151je is. - \u00d6r\u00fcl\u00f6k, hogy a cseh parlamenttel egy\u00fctt osztjuk a v\u00e9lem\u00e9ny\u00fcnket az Uni\u00f3nak a haz\u00e1k, szuver\u00e9n \u00e1llamok Eur\u00f3p\u00e1jak\u00e9nt, \u00e9s nem egys\u00e9ges nemzetek Eur\u00f3p\u00e1jak\u00e9nt val\u00f3 fejl\u0151d\u00e9s\u00e9r\u0151l\" - hangs\u00falyozta a szejm eln\u00f6ke.<\/p>\n<p dir=\"ltr\">A besz\u00e9lget\u00e9s k\u00f6z\u00e9ppontj\u00e1ban a Lengyelorsz\u00e1g \u00e9s a Cseh K\u00f6zt\u00e1rsas\u00e1g k\u00f6z\u00f6tt parlamenti szinten egyre intenz\u00edvebb\u00e9 v\u00e1l\u00f3 kapcsolatok \u00e1lltak. A Szejm eln\u00f6ke egyebek mellett a legmagasabb parlamenti szinten tervezett k\u00f6lcs\u00f6n\u00f6s l\u00e1togat\u00e1sokat \u00e9s a k\u00e9toldal\u00fa csoportok munk\u00e1j\u00e1t eml\u00edtette. - Nagyon \u00f6r\u00fcl\u00f6k, hogy egy\u00fcttm\u0171k\u00f6d\u00e9s\u00fcnk egy \u00faj min\u0151s\u00e9get nyithat meg - mondta Marek Kuchci\u0144ski.<\/p>\n<p dir=\"ltr\">A Szejm eln\u00f6ke felh\u00edvta a figyelmet a parlamenti szint\u0171 tev\u00e9kenys\u00e9gekre is, amelyek a k\u00f6z\u00e9p- \u00e9s kelet-eur\u00f3pai r\u00e9gi\u00f3 eg\u00e9sz\u00e9t \u00e9rint\u0151 egy\u00fcttm\u0171k\u00f6d\u00e9s meger\u0151s\u00edt\u00e9s\u00e9re ir\u00e1nyulnak, nem csak a visegr\u00e1di csoporton bel\u00fcl. - A V4 meger\u0151s\u00edt\u00e9se nagyon j\u00f3 eredm\u00e9nyeket hozott, ez\u00e9rt ezt az egy\u00fcttm\u0171k\u00f6d\u00e9st el kell m\u00e9ly\u00edten\u00fcnk. \u00c9rdemes \u00e9szaki \u00e9s d\u00e9li szomsz\u00e9dainkkal, k\u00f6zt\u00fck a Cseh K\u00f6zt\u00e1rsas\u00e1ggal k\u00f6z\u00f6sen olyan int\u00e9zked\u00e9seket kidolgozni, amelyek stabilit\u00e1st hoznak Eur\u00f3pa ezen r\u00e9sz\u00e9nek, \u00e9s n\u00f6velik annak jelent\u0151s\u00e9g\u00e9t a \"r\u00e9gi Uni\u00f3\" szempontj\u00e1b\u00f3l - mondta Marek Kuchci\u0144ski.<\/p>\n<p dir=\"ltr\">A politikusok egy\u00f6ntet\u0171en \u00fagy \u00edt\u00e9lt\u00e9k meg, hogy az EU t\u00falterjeszkedik hat\u00e1sk\u00f6r\u00e9n. Zeman eln\u00f6k \u00far felh\u00edvja a figyelmet a szubszidiarit\u00e1s elv\u00e9re a Bia\u0142owie\u017ca erd\u0151 k\u00e9rd\u00e9s\u00e9vel \u00f6sszef\u00fcgg\u00e9sben, amelyet fel k\u00edv\u00e1n keresni. - Az Eur\u00f3pai Uni\u00f3nak nem szabadna beavatkoznia abba, hogy egy \u00e1llam hogyan gazd\u00e1lkodik a term\u00e9szeti er\u0151forr\u00e1saival\" - mondta a cseh eln\u00f6k. M\u00e1sr\u00e9szt - tette hozz\u00e1 - az Uni\u00f3nak sz\u00e1mos feladata van, amelyeket el kell l\u00e1tnia, p\u00e9ld\u00e1ul a k\u00fcls\u0151 hat\u00e1rok v\u00e9delme. - Megpr\u00f3b\u00e1ljuk az EU-t reformra b\u00edrni. \u00dagy v\u00e9lj\u00fck, hogy a Visegr\u00e1di Csoport d\u00f6nt\u0151 szerepet fog j\u00e1tszani ebben a tekintetben. Nem kiz\u00e1rt, hogy id\u0151vel m\u00e1s orsz\u00e1gok is csatlakoznak hozz\u00e1\" - mondta Milo\u0161 Zeman. - T\u00e1mogatnunk kell az ambici\u00f3zus kezdem\u00e9nyez\u00e9seket, amelyek er\u0151s\u00edtik a lengyel-cseh egy\u00fcttm\u0171k\u00f6d\u00e9st, p\u00e9ld\u00e1ul az infrastrukt\u00fara ter\u00fclet\u00e9n - hangs\u00falyozta a Szejm eln\u00f6ke. Megeml\u00edtett\u00e9k a Duna-Oder v\u00edzfolyos\u00f3 k\u00e9rd\u00e9s\u00e9t, amely az \u00e9szak-d\u00e9li tengelyen megval\u00f3sul\u00f3 infrastruktur\u00e1lis projektek p\u00e9ld\u00e1ja. - Ez vonatkozik az energiafolyos\u00f3kra, a k\u00f6zleked\u00e9si folyos\u00f3kra \u00e9s m\u00e1s ter\u00fcletekre is. Sok munka \u00e1ll el\u0151tt\u00fcnk\" - mondta a cseh eln\u00f6k.<\/p>\n<p dir=\"ltr\"><em>Sz\u00f6veg CIS<\/em><\/p>\n<p dir=\"ltr\"><em>Fot\u00f3: P. Kula<\/em><\/p>\n<p dir=\"ltr\"><a href=\"https:\/\/marekkuchcinski.pl\/wp-content\/uploads\/2018\/05\/KU328701.jpg\"><img fetchpriority=\"high\" decoding=\"async\" class=\"alignnone size-full wp-image-9471\" src=\"https:\/\/marekkuchcinski.pl\/wp-content\/uploads\/2018\/05\/KU328701.jpg\" alt=\"KU328701\" width=\"1800\" height=\"1207\" srcset=\"https:\/\/marekkuchcinski.pl\/wp-content\/uploads\/2018\/05\/KU328701.jpg 1800w, https:\/\/marekkuchcinski.pl\/wp-content\/uploads\/2018\/05\/KU328701-300x201.jpg 300w, https:\/\/marekkuchcinski.pl\/wp-content\/uploads\/2018\/05\/KU328701-768x515.jpg 768w, https:\/\/marekkuchcinski.pl\/wp-content\/uploads\/2018\/05\/KU328701-1024x687.jpg 1024w\" sizes=\"(max-width: 1800px) 100vw, 1800px\" \/><\/a><a href=\"https:\/\/marekkuchcinski.pl\/wp-content\/uploads\/2018\/05\/Dc2cgLhX4AEs5Yf.jpg\"><img decoding=\"async\" class=\"alignnone size-full wp-image-9463\" src=\"https:\/\/marekkuchcinski.pl\/wp-content\/uploads\/2018\/05\/Dc2cgLhX4AEs5Yf.jpg\" alt=\"Dc2cgLhX4AEs5Yf\" width=\"1200\" height=\"800\" srcset=\"https:\/\/marekkuchcinski.pl\/wp-content\/uploads\/2018\/05\/Dc2cgLhX4AEs5Yf.jpg 1200w, https:\/\/marekkuchcinski.pl\/wp-content\/uploads\/2018\/05\/Dc2cgLhX4AEs5Yf-300x200.jpg 300w, https:\/\/marekkuchcinski.pl\/wp-content\/uploads\/2018\/05\/Dc2cgLhX4AEs5Yf-768x512.jpg 768w, https:\/\/marekkuchcinski.pl\/wp-content\/uploads\/2018\/05\/Dc2cgLhX4AEs5Yf-1024x683.jpg 1024w\" sizes=\"(max-width: 1200px) 100vw, 1200px\" \/><\/a> <a href=\"https:\/\/marekkuchcinski.pl\/wp-content\/uploads\/2018\/05\/KU328724.jpg\"><img decoding=\"async\" class=\"alignnone size-full wp-image-9464\" src=\"https:\/\/marekkuchcinski.pl\/wp-content\/uploads\/2018\/05\/KU328724.jpg\" alt=\"KU328724\" width=\"1800\" height=\"1200\" srcset=\"https:\/\/marekkuchcinski.pl\/wp-content\/uploads\/2018\/05\/KU328724.jpg 1800w, https:\/\/marekkuchcinski.pl\/wp-content\/uploads\/2018\/05\/KU328724-300x200.jpg 300w, https:\/\/marekkuchcinski.pl\/wp-content\/uploads\/2018\/05\/KU328724-768x512.jpg 768w, https:\/\/marekkuchcinski.pl\/wp-content\/uploads\/2018\/05\/KU328724-1024x683.jpg 1024w\" sizes=\"(max-width: 1800px) 100vw, 1800px\" \/><\/a> <a href=\"https:\/\/marekkuchcinski.pl\/wp-content\/uploads\/2018\/05\/KU328814.jpg\"><img loading=\"lazy\" decoding=\"async\" class=\"alignnone size-full wp-image-9466\" src=\"https:\/\/marekkuchcinski.pl\/wp-content\/uploads\/2018\/05\/KU328814.jpg\" alt=\"KU328814\" width=\"1800\" height=\"1200\" srcset=\"https:\/\/marekkuchcinski.pl\/wp-content\/uploads\/2018\/05\/KU328814.jpg 1800w, https:\/\/marekkuchcinski.pl\/wp-content\/uploads\/2018\/05\/KU328814-300x200.jpg 300w, https:\/\/marekkuchcinski.pl\/wp-content\/uploads\/2018\/05\/KU328814-768x512.jpg 768w, https:\/\/marekkuchcinski.pl\/wp-content\/uploads\/2018\/05\/KU328814-1024x683.jpg 1024w\" sizes=\"(max-width: 1800px) 100vw, 1800px\" \/><\/a> <a href=\"https:\/\/marekkuchcinski.pl\/wp-content\/uploads\/2018\/05\/KU328832.jpg\"><img loading=\"lazy\" decoding=\"async\" class=\"alignnone size-full wp-image-9467\" src=\"https:\/\/marekkuchcinski.pl\/wp-content\/uploads\/2018\/05\/KU328832.jpg\" alt=\"KU328832\" width=\"1800\" height=\"1200\" srcset=\"https:\/\/marekkuchcinski.pl\/wp-content\/uploads\/2018\/05\/KU328832.jpg 1800w, https:\/\/marekkuchcinski.pl\/wp-content\/uploads\/2018\/05\/KU328832-300x200.jpg 300w, https:\/\/marekkuchcinski.pl\/wp-content\/uploads\/2018\/05\/KU328832-768x512.jpg 768w, https:\/\/marekkuchcinski.pl\/wp-content\/uploads\/2018\/05\/KU328832-1024x683.jpg 1024w\" sizes=\"(max-width: 1800px) 100vw, 1800px\" \/><\/a><\/p>","protected":false},"excerpt":{"rendered":"<p>Potrzeba reformy Unii Europejskiej oraz wzmocnienie wsp\u00f3\u0142pracy parlament\u00f3w Grupy Wyszehradzkiej by\u0142y g\u0142\u00f3wnymi tematami czwartkowego spotkania marsza\u0142ka Sejmu Marka Kuchci\u0144skiego z prezydentem Czech Milo\u0161em Zemanem. Polska to drugi po S\u0142owacji kraj, kt\u00f3ry odwiedzi\u0142 on z oficjaln\u0105 wizyt\u0105 od czasu reelekcji. W spotkaniu uczestniczyli te\u017c m.in. przewodnicz\u0105cy Polsko-Czeskiej Grupy Parlamentarnej Grzegorz Janik i szef Kancelarii Sejmu Agnieszka [&hellip;]<\/p>\n","protected":false},"author":6,"featured_media":9471,"comment_status":"open","ping_status":"open","sticky":false,"template":"","format":"standard","meta":{"ngg_post_thumbnail":0,"footnotes":""},"categories":[81,50,3],"tags":[],"class_list":["post-9462","post","type-post","status-publish","format-standard","has-post-thumbnail","hentry","category-wiesci-z-sejmu","category-wspolpraca-miedzynarodowa","category-wydarzenia"],"_links":{"self":[{"href":"https:\/\/marekkuchcinski.pl\/hu\/wp-json\/wp\/v2\/posts\/9462","targetHints":{"allow":["GET"]}}],"collection":[{"href":"https:\/\/marekkuchcinski.pl\/hu\/wp-json\/wp\/v2\/posts"}],"about":[{"href":"https:\/\/marekkuchcinski.pl\/hu\/wp-json\/wp\/v2\/types\/post"}],"author":[{"embeddable":true,"href":"https:\/\/marekkuchcinski.pl\/hu\/wp-json\/wp\/v2\/users\/6"}],"replies":[{"embeddable":true,"href":"https:\/\/marekkuchcinski.pl\/hu\/wp-json\/wp\/v2\/comments?post=9462"}],"version-history":[{"count":3,"href":"https:\/\/marekkuchcinski.pl\/hu\/wp-json\/wp\/v2\/posts\/9462\/revisions"}],"predecessor-version":[{"id":9472,"href":"https:\/\/marekkuchcinski.pl\/hu\/wp-json\/wp\/v2\/posts\/9462\/revisions\/9472"}],"wp:featuredmedia":[{"embeddable":true,"href":"https:\/\/marekkuchcinski.pl\/hu\/wp-json\/wp\/v2\/media\/9471"}],"wp:attachment":[{"href":"https:\/\/marekkuchcinski.pl\/hu\/wp-json\/wp\/v2\/media?parent=9462"}],"wp:term":[{"taxonomy":"category","embeddable":true,"href":"https:\/\/marekkuchcinski.pl\/hu\/wp-json\/wp\/v2\/categories?post=9462"},{"taxonomy":"post_tag","embeddable":true,"href":"https:\/\/marekkuchcinski.pl\/hu\/wp-json\/wp\/v2\/tags?post=9462"}],"curies":[{"name":"wp","href":"https:\/\/api.w.org\/{rel}","templated":true}]}}