{"id":9445,"date":"2018-05-07T11:07:34","date_gmt":"2018-05-07T09:07:34","guid":{"rendered":"https:\/\/marekkuchcinski.pl\/?p=9445"},"modified":"2018-05-07T11:18:01","modified_gmt":"2018-05-07T09:18:01","slug":"73-rocznica-bitwy-kurylowka","status":"publish","type":"post","link":"https:\/\/marekkuchcinski.pl\/hu\/wydarzenia\/73-rocznica-bitwy-kurylowka\/","title":{"rendered":"A kury\u0142\u00f3wkai csata 73. \u00e9vfordul\u00f3ja"},"content":{"rendered":"<p style=\"text-align: left;\">1945. m\u00e1jus 6-8. k\u00f6z\u00f6tt harcra ker\u00fclt sor a lengyel f\u00f6ldalatti NOW-NZW egys\u00e9gek \u00e9s az NKVD csapatai k\u00f6z\u00f6tt. A Wykl\u0119ccy-katon\u00e1k mind\u00f6ssze 10 embert vesztettek a mintegy 70 enkavudzsi szovjet vesztes\u00e9ggel szemben.<\/p>\n<p style=\"text-align: left;\">Marek Kuchci\u0144ski szejm marsall az \u00e9vfordul\u00f3s \u00fcnneps\u00e9gek r\u00e9sztvev\u0151inek \u00edrt level\u00e9ben hangs\u00falyozta, hogy a kommunizmus hossz\u00fa \u00e9vei alatt a szovjet megsz\u00e1ll\u00f3k elleni harc t\u00e9m\u00e1ja tiltott volt, \u00e9s a h\u0151siess\u00e9g nyomait lelkiismeretesen elt\u00fcntett\u00e9k.  Marek Kuchci\u0144ski szerint az olyan \u00fcnneps\u00e9gek, mint a csat\u00e1ra eml\u00e9kez\u0151 eml\u00e9km\u0171 leleplez\u00e9se, az igazs\u00e1g gy\u0151zelm\u00e9t bizony\u00edtj\u00e1k a hazugs\u00e1g, az eml\u00e9kezet\u00e9t a hallgat\u00e1s parancs\u00e1nak gy\u0151zelm\u00e9r\u0151l. - Nem kell t\u00f6bb\u00e9 az igazs\u00e1got m\u00e9lyen a sz\u00edv\u00fcnkbe temetni \u00e9s hallgatni a f\u00f6ldalatti katon\u00e1k \u00e9s a lengyel t\u00e1rsadalom ellen elk\u00f6vetett b\u0171n\u00f6kr\u0151l\" - \u00edrta a szejm marsallja.<\/p>\n<p style=\"text-align: left;\">Teljes lev\u00e9l:\u00a0<strong><span style=\"color: #33cccc;\"><a style=\"color: #33cccc;\" href=\"https:\/\/marekkuchcinski.pl\/wp-content\/uploads\/2018\/05\/Bitwa-pod-Kury\u0142\u00f3wk\u0105.pdf\">Kury\u0142\u00f3wkai csata<\/a><\/span><\/strong><\/p>\n<h5><em><a href=\"https:\/\/marekkuchcinski.pl\/wp-content\/uploads\/2018\/05\/Kury\u0142\u00f3wka.jpg\"><img fetchpriority=\"high\" decoding=\"async\" class=\"aligncenter wp-image-9446 size-full\" src=\"https:\/\/marekkuchcinski.pl\/wp-content\/uploads\/2018\/05\/Kury\u0142\u00f3wka.jpg\" alt=\"Kury\u0142\u00f3wka\" width=\"532\" height=\"347\" srcset=\"https:\/\/marekkuchcinski.pl\/wp-content\/uploads\/2018\/05\/Kury\u0142\u00f3wka.jpg 532w, https:\/\/marekkuchcinski.pl\/wp-content\/uploads\/2018\/05\/Kury\u0142\u00f3wka-300x196.jpg 300w\" sizes=\"(max-width: 532px) 100vw, 532px\" \/><\/a><\/em><\/h5>\n<h5><em>Parancsnokok<\/em><strong><em>\u00a0NZW gerillaegys\u00e9gek (jobbr\u00f3l): J\u00f3zef Zadzierski \"Wo\u0142yniak\" kapit\u00e1ny, Stanis\u0142aw Pelczar \"Majka\" hadnagy, Bronis\u0142aw Gliniak \"Radwan\" hadnagy<\/em><\/strong><\/h5>","protected":false},"excerpt":{"rendered":"<p>Mi\u0119dzy 6 a 8 maja 1945 roku rozegra\u0142a si\u0119 bitwa mi\u0119dzy oddzia\u0142ami polskiego podziemia NOW-NZW a wojskami NKWD. \u017bo\u0142nierze Wykl\u0119ci stracili tylko 10 ludzi przy sowieckiej stracie wynosz\u0105cej ok. 70 enkawudzist\u00f3w. W li\u015bcie skierowanym\u00a0do uczestnik\u00f3w rocznicowych obchod\u00f3w marsza\u0142ek Sejmu Marek Kuchci\u0144ski podkre\u015bla\u0142, \u017ce przez d\u0142ugie lata komunizmu temat walk z sowieckim naje\u017ad\u017ac\u0105 by\u0142 zakazany, a [&hellip;]<\/p>\n","protected":false},"author":6,"featured_media":9446,"comment_status":"open","ping_status":"open","sticky":false,"template":"","format":"standard","meta":{"ngg_post_thumbnail":0,"footnotes":""},"categories":[49,77,3],"tags":[],"class_list":["post-9445","post","type-post","status-publish","format-standard","has-post-thumbnail","hentry","category-podkarpacie","category-wazne-daty","category-wydarzenia"],"_links":{"self":[{"href":"https:\/\/marekkuchcinski.pl\/hu\/wp-json\/wp\/v2\/posts\/9445","targetHints":{"allow":["GET"]}}],"collection":[{"href":"https:\/\/marekkuchcinski.pl\/hu\/wp-json\/wp\/v2\/posts"}],"about":[{"href":"https:\/\/marekkuchcinski.pl\/hu\/wp-json\/wp\/v2\/types\/post"}],"author":[{"embeddable":true,"href":"https:\/\/marekkuchcinski.pl\/hu\/wp-json\/wp\/v2\/users\/6"}],"replies":[{"embeddable":true,"href":"https:\/\/marekkuchcinski.pl\/hu\/wp-json\/wp\/v2\/comments?post=9445"}],"version-history":[{"count":6,"href":"https:\/\/marekkuchcinski.pl\/hu\/wp-json\/wp\/v2\/posts\/9445\/revisions"}],"predecessor-version":[{"id":9454,"href":"https:\/\/marekkuchcinski.pl\/hu\/wp-json\/wp\/v2\/posts\/9445\/revisions\/9454"}],"wp:featuredmedia":[{"embeddable":true,"href":"https:\/\/marekkuchcinski.pl\/hu\/wp-json\/wp\/v2\/media\/9446"}],"wp:attachment":[{"href":"https:\/\/marekkuchcinski.pl\/hu\/wp-json\/wp\/v2\/media?parent=9445"}],"wp:term":[{"taxonomy":"category","embeddable":true,"href":"https:\/\/marekkuchcinski.pl\/hu\/wp-json\/wp\/v2\/categories?post=9445"},{"taxonomy":"post_tag","embeddable":true,"href":"https:\/\/marekkuchcinski.pl\/hu\/wp-json\/wp\/v2\/tags?post=9445"}],"curies":[{"name":"wp","href":"https:\/\/api.w.org\/{rel}","templated":true}]}}