{"id":9393,"date":"2018-05-03T18:01:43","date_gmt":"2018-05-03T16:01:43","guid":{"rendered":"https:\/\/marekkuchcinski.pl\/?p=9393"},"modified":"2018-05-04T13:52:52","modified_gmt":"2018-05-04T11:52:52","slug":"marszalek-sejmu-konstytucja-3-maja-wyrazem-madrosci-zbiorowej-polakow","status":"publish","type":"post","link":"https:\/\/marekkuchcinski.pl\/hu\/wydarzenia\/marszalek-sejmu-konstytucja-3-maja-wyrazem-madrosci-zbiorowej-polakow\/","title":{"rendered":"A Szejm eln\u00f6ke: A m\u00e1jus 3-i alkotm\u00e1ny a lengyelek kollekt\u00edv b\u00f6lcsess\u00e9g\u00e9nek kifejez\u0151d\u00e9se."},"content":{"rendered":"<p>- A m\u00e1jus 3-i alkotm\u00e1ny a n\u00e9gy\u00e9ves szejm munk\u00e1ja volt, de egyben a lengyel \u00e1llam helyre\u00e1ll\u00edt\u00e1s\u00e1ra tett sok\u00e9ves er\u0151fesz\u00edt\u00e9sek cs\u00facspontja is, a v\u00e1ls\u00e1gba s\u00fcllyedt \u00e1llamuk helyre\u00e1ll\u00edt\u00e1s\u00e1ra t\u00f6rekv\u0151 lengyelek kollekt\u00edv b\u00f6lcsess\u00e9g\u00e9nek kifejez\u0151d\u00e9se, \u00e9s az alkotm\u00e1nyt a lengyel korm\u00e1ny \u00e9s a lengyel korm\u00e1ny is megalkotta.<strong>\u00a0<\/strong>a kir\u00e1ly szem\u00e9ly\u00e9ben a k\u00f6zt\u00e1rsas\u00e1g fels\u00e9ge \u00e9s a parlamenti k\u00e9pvisel\u0151k \u00e9s szen\u00e1torok \u00e1ltal k\u00e9pviselt nemzet k\u00f6z\u00f6tti kompromisszum lehet\u0151s\u00e9g\u00e9nek bizony\u00edt\u00e9ka\" - mondta Marek Kuchci\u0144ski a m\u00e1jus 3-i alkotm\u00e1ny \u00e9vfordul\u00f3ja alkalm\u00e1b\u00f3l rendezett \u00fcnneps\u00e9gen.<\/p>\n<p>A h\u00e1zeln\u00f6k eml\u00e9keztetett arra, hogy a 227 \u00e9vvel ezel\u0151tt elfogadott alkotm\u00e1ny volt az els\u0151 Eur\u00f3p\u00e1ban, \u00e9s ez\u00e9rt nagy hat\u00e1ssal volt az alkotm\u00e1nyoss\u00e1g, valamint a demokr\u00e1cia egyetemes szint\u0171 fejl\u0151d\u00e9s\u00e9re.<\/p>\n<p>Marek Kuchci\u0144ski szerint az alap\u00edt\u00f3k egy meg\u00fajult k\u00f6zt\u00e1rsas\u00e1got \u00e9s nemzetet k\u00e9pzeltek el politikai k\u00f6z\u00f6ss\u00e9gk\u00e9nt, amely mag\u00e1ban foglal minden \u00e1llamot, etnikai, nyelvi, region\u00e1lis \u00e9s vall\u00e1si csoportot. A k\u00f6zt\u00e1rsas\u00e1g jogai \u00e9s szabads\u00e1gai \u00e1ltal kellett, hogy egyes\u00edts\u00e9k \u0151ket.<\/p>\n<p>- A korm\u00e1nyt\u00f6rv\u00e9ny kimondja: \"egy emberi k\u00f6z\u00f6ss\u00e9g minden hatalma a nemzet akarat\u00e1b\u00f3l ered\". \u00cdgy a nemzetet szuver\u00e9nnek ismert\u00e9k el\" - \u00e9rvelt Marek Kuchci\u0144ski.<\/p>\n<p>Az \u00fcnneps\u00e9g sor\u00e1n koszor\u00fakat helyeztek el a przemy\u015bli V\u00e1rhegyen l\u00e9v\u0151 m\u00e1jus 3-i alkotm\u00e1ny eml\u00e9kt\u00e1bl\u00e1j\u00e1n\u00e1l, felolvast\u00e1k az eml\u00e9kez\u00e9s n\u00e9vsor\u00e1t, \u00e9s a l\u00f6v\u00e9szek letett\u00e9k az esk\u00fct.<\/p>\n<p>Az \u00fcnneps\u00e9gen r\u00e9szt vett Andrzej Matusiewicz parlamenti k\u00e9pvisel\u0151, Marek Rz\u0105sa parlamenti k\u00e9pvisel\u0151, Ewa Leniart podkarpatszka vajda, Lucyna Podhalicz vajda-helyettes, W\u0142adys\u0142aw Ortyl vajdas\u00e1gi marsall, Piotr Pilch marsall-helyettes, Robert Choma, Przemy\u015bl polg\u00e1rmestere.<\/p>\n<p><em>Fot\u00f3: Pawe\u0142 Kula \/ Sejm<\/em><\/p>\n<p><a href=\"https:\/\/marekkuchcinski.pl\/wp-content\/uploads\/2018\/05\/KU316231.jpg\"><img fetchpriority=\"high\" decoding=\"async\" class=\"alignnone size-full wp-image-9395\" src=\"https:\/\/marekkuchcinski.pl\/wp-content\/uploads\/2018\/05\/KU316231.jpg\" alt=\"KU316231\" width=\"2736\" height=\"1824\" srcset=\"https:\/\/marekkuchcinski.pl\/wp-content\/uploads\/2018\/05\/KU316231.jpg 2048w, https:\/\/marekkuchcinski.pl\/wp-content\/uploads\/2018\/05\/KU316231-300x200.jpg 300w, https:\/\/marekkuchcinski.pl\/wp-content\/uploads\/2018\/05\/KU316231-768x512.jpg 768w, https:\/\/marekkuchcinski.pl\/wp-content\/uploads\/2018\/05\/KU316231-1024x683.jpg 1024w\" sizes=\"(max-width: 2736px) 100vw, 2736px\" \/><\/a> <a href=\"https:\/\/marekkuchcinski.pl\/wp-content\/uploads\/2018\/05\/KU316560.jpg\"><img decoding=\"async\" class=\"alignnone size-full wp-image-9396\" src=\"https:\/\/marekkuchcinski.pl\/wp-content\/uploads\/2018\/05\/KU316560.jpg\" alt=\"KU316560\" width=\"2736\" height=\"1824\" srcset=\"https:\/\/marekkuchcinski.pl\/wp-content\/uploads\/2018\/05\/KU316560.jpg 2048w, https:\/\/marekkuchcinski.pl\/wp-content\/uploads\/2018\/05\/KU316560-300x200.jpg 300w, https:\/\/marekkuchcinski.pl\/wp-content\/uploads\/2018\/05\/KU316560-768x512.jpg 768w, https:\/\/marekkuchcinski.pl\/wp-content\/uploads\/2018\/05\/KU316560-1024x683.jpg 1024w\" sizes=\"(max-width: 2736px) 100vw, 2736px\" \/><\/a> <a href=\"https:\/\/marekkuchcinski.pl\/wp-content\/uploads\/2018\/05\/KU316593.jpg\"><img decoding=\"async\" class=\"alignnone size-full wp-image-9397\" src=\"https:\/\/marekkuchcinski.pl\/wp-content\/uploads\/2018\/05\/KU316593.jpg\" alt=\"KU316593\" width=\"2736\" height=\"1824\" srcset=\"https:\/\/marekkuchcinski.pl\/wp-content\/uploads\/2018\/05\/KU316593.jpg 2048w, https:\/\/marekkuchcinski.pl\/wp-content\/uploads\/2018\/05\/KU316593-300x200.jpg 300w, https:\/\/marekkuchcinski.pl\/wp-content\/uploads\/2018\/05\/KU316593-768x512.jpg 768w, https:\/\/marekkuchcinski.pl\/wp-content\/uploads\/2018\/05\/KU316593-1024x683.jpg 1024w\" sizes=\"(max-width: 2736px) 100vw, 2736px\" \/><\/a> <a href=\"https:\/\/marekkuchcinski.pl\/wp-content\/uploads\/2018\/05\/KU316601.jpg\"><img loading=\"lazy\" decoding=\"async\" class=\"alignnone size-full wp-image-9398\" src=\"https:\/\/marekkuchcinski.pl\/wp-content\/uploads\/2018\/05\/KU316601.jpg\" alt=\"KU316601\" width=\"2736\" height=\"1824\" srcset=\"https:\/\/marekkuchcinski.pl\/wp-content\/uploads\/2018\/05\/KU316601.jpg 2048w, https:\/\/marekkuchcinski.pl\/wp-content\/uploads\/2018\/05\/KU316601-300x200.jpg 300w, https:\/\/marekkuchcinski.pl\/wp-content\/uploads\/2018\/05\/KU316601-768x512.jpg 768w, https:\/\/marekkuchcinski.pl\/wp-content\/uploads\/2018\/05\/KU316601-1024x683.jpg 1024w\" sizes=\"(max-width: 2736px) 100vw, 2736px\" \/><\/a> <a href=\"https:\/\/marekkuchcinski.pl\/wp-content\/uploads\/2018\/05\/KU316617.jpg\"><img loading=\"lazy\" decoding=\"async\" class=\"alignnone size-full wp-image-9399\" src=\"https:\/\/marekkuchcinski.pl\/wp-content\/uploads\/2018\/05\/KU316617.jpg\" alt=\"KU316617\" width=\"2736\" height=\"1824\" srcset=\"https:\/\/marekkuchcinski.pl\/wp-content\/uploads\/2018\/05\/KU316617.jpg 2048w, https:\/\/marekkuchcinski.pl\/wp-content\/uploads\/2018\/05\/KU316617-300x200.jpg 300w, https:\/\/marekkuchcinski.pl\/wp-content\/uploads\/2018\/05\/KU316617-768x512.jpg 768w, https:\/\/marekkuchcinski.pl\/wp-content\/uploads\/2018\/05\/KU316617-1024x683.jpg 1024w\" sizes=\"(max-width: 2736px) 100vw, 2736px\" \/><\/a> <a href=\"https:\/\/marekkuchcinski.pl\/wp-content\/uploads\/2018\/05\/KU316639.jpg\"><img loading=\"lazy\" decoding=\"async\" class=\"alignnone size-full wp-image-9400\" src=\"https:\/\/marekkuchcinski.pl\/wp-content\/uploads\/2018\/05\/KU316639.jpg\" alt=\"KU316639\" width=\"2736\" height=\"1824\" srcset=\"https:\/\/marekkuchcinski.pl\/wp-content\/uploads\/2018\/05\/KU316639.jpg 2048w, https:\/\/marekkuchcinski.pl\/wp-content\/uploads\/2018\/05\/KU316639-300x200.jpg 300w, https:\/\/marekkuchcinski.pl\/wp-content\/uploads\/2018\/05\/KU316639-768x512.jpg 768w, https:\/\/marekkuchcinski.pl\/wp-content\/uploads\/2018\/05\/KU316639-1024x683.jpg 1024w\" sizes=\"(max-width: 2736px) 100vw, 2736px\" \/><\/a> <a href=\"https:\/\/marekkuchcinski.pl\/wp-content\/uploads\/2018\/05\/KU316758.jpg\"><img loading=\"lazy\" decoding=\"async\" class=\"alignnone size-full wp-image-9401\" src=\"https:\/\/marekkuchcinski.pl\/wp-content\/uploads\/2018\/05\/KU316758.jpg\" alt=\"KU316758\" width=\"2736\" height=\"1824\" srcset=\"https:\/\/marekkuchcinski.pl\/wp-content\/uploads\/2018\/05\/KU316758.jpg 2048w, https:\/\/marekkuchcinski.pl\/wp-content\/uploads\/2018\/05\/KU316758-300x200.jpg 300w, https:\/\/marekkuchcinski.pl\/wp-content\/uploads\/2018\/05\/KU316758-768x512.jpg 768w, https:\/\/marekkuchcinski.pl\/wp-content\/uploads\/2018\/05\/KU316758-1024x683.jpg 1024w\" sizes=\"(max-width: 2736px) 100vw, 2736px\" \/><\/a> <a href=\"https:\/\/marekkuchcinski.pl\/wp-content\/uploads\/2018\/05\/KU316785.jpg\"><img loading=\"lazy\" decoding=\"async\" class=\"alignnone size-full wp-image-9402\" src=\"https:\/\/marekkuchcinski.pl\/wp-content\/uploads\/2018\/05\/KU316785.jpg\" alt=\"KU316785\" width=\"2736\" height=\"1824\" srcset=\"https:\/\/marekkuchcinski.pl\/wp-content\/uploads\/2018\/05\/KU316785.jpg 2048w, https:\/\/marekkuchcinski.pl\/wp-content\/uploads\/2018\/05\/KU316785-300x200.jpg 300w, https:\/\/marekkuchcinski.pl\/wp-content\/uploads\/2018\/05\/KU316785-768x512.jpg 768w, https:\/\/marekkuchcinski.pl\/wp-content\/uploads\/2018\/05\/KU316785-1024x683.jpg 1024w\" sizes=\"(max-width: 2736px) 100vw, 2736px\" \/><\/a> <a href=\"https:\/\/marekkuchcinski.pl\/wp-content\/uploads\/2018\/05\/KU316794.jpg\"><img loading=\"lazy\" decoding=\"async\" class=\"alignnone size-full wp-image-9403\" src=\"https:\/\/marekkuchcinski.pl\/wp-content\/uploads\/2018\/05\/KU316794.jpg\" alt=\"KU316794\" width=\"2736\" height=\"1824\" srcset=\"https:\/\/marekkuchcinski.pl\/wp-content\/uploads\/2018\/05\/KU316794.jpg 2048w, https:\/\/marekkuchcinski.pl\/wp-content\/uploads\/2018\/05\/KU316794-300x200.jpg 300w, https:\/\/marekkuchcinski.pl\/wp-content\/uploads\/2018\/05\/KU316794-768x512.jpg 768w, https:\/\/marekkuchcinski.pl\/wp-content\/uploads\/2018\/05\/KU316794-1024x683.jpg 1024w\" sizes=\"(max-width: 2736px) 100vw, 2736px\" \/><\/a> <a href=\"https:\/\/marekkuchcinski.pl\/wp-content\/uploads\/2018\/05\/KU316818.jpg\"><img loading=\"lazy\" decoding=\"async\" class=\"alignnone size-full wp-image-9405\" src=\"https:\/\/marekkuchcinski.pl\/wp-content\/uploads\/2018\/05\/KU316818.jpg\" alt=\"KU316818\" width=\"2736\" height=\"1824\" srcset=\"https:\/\/marekkuchcinski.pl\/wp-content\/uploads\/2018\/05\/KU316818.jpg 2048w, https:\/\/marekkuchcinski.pl\/wp-content\/uploads\/2018\/05\/KU316818-300x200.jpg 300w, https:\/\/marekkuchcinski.pl\/wp-content\/uploads\/2018\/05\/KU316818-768x512.jpg 768w, https:\/\/marekkuchcinski.pl\/wp-content\/uploads\/2018\/05\/KU316818-1024x683.jpg 1024w\" sizes=\"(max-width: 2736px) 100vw, 2736px\" \/><\/a> <a href=\"https:\/\/marekkuchcinski.pl\/wp-content\/uploads\/2018\/05\/KU316849.jpg\"><img loading=\"lazy\" decoding=\"async\" class=\"alignnone size-full wp-image-9406\" src=\"https:\/\/marekkuchcinski.pl\/wp-content\/uploads\/2018\/05\/KU316849.jpg\" alt=\"KU316849\" width=\"2736\" height=\"1824\" srcset=\"https:\/\/marekkuchcinski.pl\/wp-content\/uploads\/2018\/05\/KU316849.jpg 2048w, https:\/\/marekkuchcinski.pl\/wp-content\/uploads\/2018\/05\/KU316849-300x200.jpg 300w, https:\/\/marekkuchcinski.pl\/wp-content\/uploads\/2018\/05\/KU316849-768x512.jpg 768w, https:\/\/marekkuchcinski.pl\/wp-content\/uploads\/2018\/05\/KU316849-1024x683.jpg 1024w\" sizes=\"(max-width: 2736px) 100vw, 2736px\" \/><\/a> <a href=\"https:\/\/marekkuchcinski.pl\/wp-content\/uploads\/2018\/05\/KU316906.jpg\"><img loading=\"lazy\" decoding=\"async\" class=\"alignnone size-full wp-image-9407\" src=\"https:\/\/marekkuchcinski.pl\/wp-content\/uploads\/2018\/05\/KU316906.jpg\" alt=\"KU316906\" width=\"2736\" height=\"1824\" srcset=\"https:\/\/marekkuchcinski.pl\/wp-content\/uploads\/2018\/05\/KU316906.jpg 2048w, https:\/\/marekkuchcinski.pl\/wp-content\/uploads\/2018\/05\/KU316906-300x200.jpg 300w, https:\/\/marekkuchcinski.pl\/wp-content\/uploads\/2018\/05\/KU316906-768x512.jpg 768w, https:\/\/marekkuchcinski.pl\/wp-content\/uploads\/2018\/05\/KU316906-1024x683.jpg 1024w\" sizes=\"(max-width: 2736px) 100vw, 2736px\" \/><\/a> <a href=\"https:\/\/marekkuchcinski.pl\/wp-content\/uploads\/2018\/05\/KU316933.jpg\"><img loading=\"lazy\" decoding=\"async\" class=\"alignnone size-full wp-image-9408\" src=\"https:\/\/marekkuchcinski.pl\/wp-content\/uploads\/2018\/05\/KU316933.jpg\" alt=\"KU316933\" width=\"2736\" height=\"1824\" srcset=\"https:\/\/marekkuchcinski.pl\/wp-content\/uploads\/2018\/05\/KU316933.jpg 2048w, https:\/\/marekkuchcinski.pl\/wp-content\/uploads\/2018\/05\/KU316933-300x200.jpg 300w, https:\/\/marekkuchcinski.pl\/wp-content\/uploads\/2018\/05\/KU316933-768x512.jpg 768w, https:\/\/marekkuchcinski.pl\/wp-content\/uploads\/2018\/05\/KU316933-1024x683.jpg 1024w\" sizes=\"(max-width: 2736px) 100vw, 2736px\" \/><\/a> <a href=\"https:\/\/marekkuchcinski.pl\/wp-content\/uploads\/2018\/05\/KU316938.jpg\"><img loading=\"lazy\" decoding=\"async\" class=\"alignnone size-full wp-image-9409\" src=\"https:\/\/marekkuchcinski.pl\/wp-content\/uploads\/2018\/05\/KU316938.jpg\" alt=\"KU316938\" width=\"2736\" height=\"1824\" srcset=\"https:\/\/marekkuchcinski.pl\/wp-content\/uploads\/2018\/05\/KU316938.jpg 2048w, https:\/\/marekkuchcinski.pl\/wp-content\/uploads\/2018\/05\/KU316938-300x200.jpg 300w, https:\/\/marekkuchcinski.pl\/wp-content\/uploads\/2018\/05\/KU316938-768x512.jpg 768w, https:\/\/marekkuchcinski.pl\/wp-content\/uploads\/2018\/05\/KU316938-1024x683.jpg 1024w\" sizes=\"(max-width: 2736px) 100vw, 2736px\" \/><\/a> <a href=\"https:\/\/marekkuchcinski.pl\/wp-content\/uploads\/2018\/05\/KU316953.jpg\"><img loading=\"lazy\" decoding=\"async\" class=\"alignnone size-full wp-image-9410\" src=\"https:\/\/marekkuchcinski.pl\/wp-content\/uploads\/2018\/05\/KU316953.jpg\" alt=\"KU316953\" width=\"2736\" height=\"1824\" srcset=\"https:\/\/marekkuchcinski.pl\/wp-content\/uploads\/2018\/05\/KU316953.jpg 2048w, https:\/\/marekkuchcinski.pl\/wp-content\/uploads\/2018\/05\/KU316953-300x200.jpg 300w, https:\/\/marekkuchcinski.pl\/wp-content\/uploads\/2018\/05\/KU316953-768x512.jpg 768w, https:\/\/marekkuchcinski.pl\/wp-content\/uploads\/2018\/05\/KU316953-1024x683.jpg 1024w\" sizes=\"(max-width: 2736px) 100vw, 2736px\" \/><\/a><\/p>\n<p><iframe title=\"A m\u00e1jus 3-i alkotm\u00e1ny \u00e9vfordul\u00f3j\u00e1nak \u00fcnneps\u00e9gei Marek Kuchci\u0144ski, a szejm eln\u00f6k\u00e9nek r\u00e9szv\u00e9tel\u00e9vel\" width=\"800\" height=\"450\" src=\"https:\/\/www.youtube.com\/embed\/P47LbO53yE8?feature=oembed\" frameborder=\"0\" allow=\"accelerometer; autoplay; clipboard-write; encrypted-media; gyroscope; picture-in-picture\" allowfullscreen><\/iframe><\/p>","protected":false},"excerpt":{"rendered":"<p>&#8212; Konstytucja 3 Maja by\u0142a dzie\u0142em Sejmu Czteroletniego, ale by\u0142a tak\u017ce zwie\u0144czeniem wieloletnich wysi\u0142k\u00f3w naprawy pa\u0144stwa polskiego, wyrazem m\u0105dro\u015bci zbiorowej Polak\u00f3w, d\u0105\u017c\u0105cych do naprawy w\u0142asnego pa\u0144stwa pogr\u0105\u017conego w kryzysie oraz\u00a0dowodem na mo\u017cliwo\u015b\u0107 zawarcia kompromisu mi\u0119dzy majestatem Rzeczypospolitej w osobie kr\u00f3la a narodem reprezentowanym przez pos\u0142\u00f3w i senator\u00f3w &#8212; powiedzia\u0142 Marek Kuchci\u0144ski podczas obchod\u00f3w rocznicy uchwalenia [&hellip;]<\/p>\n","protected":false},"author":6,"featured_media":9400,"comment_status":"open","ping_status":"open","sticky":false,"template":"","format":"standard","meta":{"ngg_post_thumbnail":0,"footnotes":""},"categories":[49,77,3],"tags":[],"class_list":["post-9393","post","type-post","status-publish","format-standard","has-post-thumbnail","hentry","category-podkarpacie","category-wazne-daty","category-wydarzenia"],"_links":{"self":[{"href":"https:\/\/marekkuchcinski.pl\/hu\/wp-json\/wp\/v2\/posts\/9393","targetHints":{"allow":["GET"]}}],"collection":[{"href":"https:\/\/marekkuchcinski.pl\/hu\/wp-json\/wp\/v2\/posts"}],"about":[{"href":"https:\/\/marekkuchcinski.pl\/hu\/wp-json\/wp\/v2\/types\/post"}],"author":[{"embeddable":true,"href":"https:\/\/marekkuchcinski.pl\/hu\/wp-json\/wp\/v2\/users\/6"}],"replies":[{"embeddable":true,"href":"https:\/\/marekkuchcinski.pl\/hu\/wp-json\/wp\/v2\/comments?post=9393"}],"version-history":[{"count":8,"href":"https:\/\/marekkuchcinski.pl\/hu\/wp-json\/wp\/v2\/posts\/9393\/revisions"}],"predecessor-version":[{"id":9442,"href":"https:\/\/marekkuchcinski.pl\/hu\/wp-json\/wp\/v2\/posts\/9393\/revisions\/9442"}],"wp:featuredmedia":[{"embeddable":true,"href":"https:\/\/marekkuchcinski.pl\/hu\/wp-json\/wp\/v2\/media\/9400"}],"wp:attachment":[{"href":"https:\/\/marekkuchcinski.pl\/hu\/wp-json\/wp\/v2\/media?parent=9393"}],"wp:term":[{"taxonomy":"category","embeddable":true,"href":"https:\/\/marekkuchcinski.pl\/hu\/wp-json\/wp\/v2\/categories?post=9393"},{"taxonomy":"post_tag","embeddable":true,"href":"https:\/\/marekkuchcinski.pl\/hu\/wp-json\/wp\/v2\/tags?post=9393"}],"curies":[{"name":"wp","href":"https:\/\/api.w.org\/{rel}","templated":true}]}}