{"id":9358,"date":"2018-04-28T12:33:54","date_gmt":"2018-04-28T10:33:54","guid":{"rendered":"https:\/\/marekkuchcinski.pl\/?p=9358"},"modified":"2018-04-28T12:35:46","modified_gmt":"2018-04-28T10:35:46","slug":"kuchcinski-dzieki-sejmowi-bylismy-jestesmy-ludzmi-wolnymi-ktorzy-ksztaltuja-swoj-polityczny-los","status":"publish","type":"post","link":"https:\/\/marekkuchcinski.pl\/hu\/wydarzenia\/kuchcinski-dzieki-sejmowi-bylismy-jestesmy-ludzmi-wolnymi-ktorzy-ksztaltuja-swoj-polityczny-los\/","title":{"rendered":"Kuchci\u0144ski: A Szejmnek k\u00f6sz\u00f6nhet\u0151en szabad emberek voltunk \u00e9s vagyunk, akik maguk alak\u00edtj\u00e1k politikai sorsukat."},"content":{"rendered":"<p><strong>A parlamentarizmus k\u00f6zelg\u0151 550. \u00e9vfordul\u00f3ja alkalm\u00e1b\u00f3l a vars\u00f3i kir\u00e1lyi kast\u00e9lyban tartott\u00e1k az els\u0151 nemzetk\u00f6zi konferenci\u00e1t a Szejm eln\u00f6k\u00e9nek r\u00e9szv\u00e9tel\u00e9vel.<\/strong><\/p>\n<p>- Mindannyian tudjuk, hogy a lengyel Szejm \u00e9s a lengyel parlamentarizmus a vil\u00e1g legr\u00e9gebbi parlamentjei k\u00f6z\u00e9 tartozik. A leg\u00fajabb kutat\u00e1sok szerint 1468-at kell a legmegfelel\u0151bb id\u0151pontnak tekinteni, \u00e9s ez az alapja a mai konferenci\u00e1nak.  \u00c9s lehet, hogy nem ez lesz a v\u00e9gleges d\u00e1tum\" - mondta a szejm eln\u00f6ke, megnyitva a konferenci\u00e1t.<\/p>\n<p>Kiemelte, hogy a szervez\u0151k a lengyel politikai \u00e9let eme alapvet\u0151 int\u00e9zm\u00e9ny\u00e9nek, a parlamentnek az \u00e9vsz\u00e1zados hagyom\u00e1ny\u00e1t k\u00edv\u00e1nt\u00e1k hangs\u00falyozni.<\/p>\n<p>- Azzal foglalkozunk, hogy elismerj\u00fck szerep\u00e9t \u00e9s hat\u00e1s\u00e1t a lengyelek \u00e9s Eur\u00f3pa m\u00e1s nemzetek politikai tudat\u00e1ra, amelyek t\u00f6bb sz\u00e1z \u00e9ven \u00e1t r\u00e9szt vettek a k\u00f6z\u00f6s k\u00f6zt\u00e1rsas\u00e1g \u00e9p\u00edt\u00e9s\u00e9ben. Ennek a politikai tudatoss\u00e1gnak a l\u00e9nyege az a meggy\u0151z\u0151d\u00e9s, hogy szabad emberek voltunk \u00e9s vagyunk, akik maguk alak\u00edtj\u00e1k politikai sorsukat\" - \u00e9rvelt Kuchci\u0144ski. Hangs\u00falyozta, hogy a Nemzetk\u00f6z\u00f6ss\u00e9g soha nem tapasztalt vagy ismert el abszol\u00fat hatalmat, ellent\u00e9tben sok m\u00e1s nyugat-eur\u00f3pai orsz\u00e1ggal, \u00e9s mint h\u00e1zigazd\u00e1k saj\u00e1t otthonunkban, mi magunk is \u00edt\u00e9lkezt\u00fcnk, \u00edt\u00e9lkez\u00fcnk \u00e9s \u00edt\u00e9lkezni fogunk.<\/p>\n<p>A r\u00e9sztvev\u0151k megvitatt\u00e1k t\u00f6bbek k\u00f6z\u00f6tt a parlamenti rendszer eredet\u00e9t (az uralkod\u00f3 \u00e9s a klerik\u00e1lis elit gy\u0171l\u00e9s\u00e9t\u0151l a h\u00e1rom szejm \u00e1llapot\u00e1ig: a kir\u00e1ly, a szen\u00e1torok \u00e9s a k\u00e9pvisel\u0151k), a parlamentarizmust mint a k\u00f6zt\u00e1rsas\u00e1g integr\u00e1ci\u00f3j\u00e1nak t\u00e9nyez\u0151j\u00e9t, a nemess\u00e9g politikai kult\u00far\u00e1j\u00e1t \u00e9s a r\u00e9gi lengyel szejm eredm\u00e9nyeit.<\/p>\n<p>Jelen voltak Beata Mazurek \u00e9s Ryszard Terlecki, a szejm aleln\u00f6kei. Az el\u0151ad\u00f3k k\u00f6z\u00f6tt volt Prof. Andrzej Nowak, Ph.D. (A parlamentarizmus \u00e9s az \u00e1llampolg\u00e1rs\u00e1g helye a lengyel hazafias hagyom\u00e1nyban), Prof. Wojciech Fa\u0142kowski, Ph.D. (Az \u00c1ltal\u00e1nos Szejm megalakul\u00e1s\u00e1nak folyamata), Prof. Wac\u0142aw Uruszczak, Ph. Wac\u0142aw Uruszczak (Az els\u0151 \"k\u00e9tkamar\u00e1s\" \u00e1ltal\u00e1nos szejm Piotrk\u00f3wban 1468. okt\u00f3ber 9-31. k\u00f6z\u00f6tt), Prof. Bagi D\u00e1niel a P\u00e9csi Tudom\u00e1nyegyetemr\u0151l (Az Anjou-korszak \u00e9s a parlamentarizmus kezdetei a Magyar Kir\u00e1lys\u00e1gban), Prof. Dariusz Maki\u0142\u0142a, Ph. UKSW (Az \u00e1llami gy\u0171l\u00e9sek \u00e9s \u00e1llami k\u00e9pviseletek kialakul\u00e1sa Eur\u00f3p\u00e1ban a 13-15. sz\u00e1zadban).<\/p>\n<p><em>Fot\u00f3: Krzysztof Bia\u0142osk\u00f3rski\/ Szejm<\/em><\/p>\n<p><a href=\"https:\/\/marekkuchcinski.pl\/wp-content\/uploads\/2018\/04\/KKB_0378.jpg\"><img fetchpriority=\"high\" decoding=\"async\" class=\"alignnone size-full wp-image-9362\" src=\"https:\/\/marekkuchcinski.pl\/wp-content\/uploads\/2018\/04\/KKB_0378.jpg\" alt=\"KKB_0378\" width=\"2880\" height=\"1920\" srcset=\"https:\/\/marekkuchcinski.pl\/wp-content\/uploads\/2018\/04\/KKB_0378.jpg 2048w, https:\/\/marekkuchcinski.pl\/wp-content\/uploads\/2018\/04\/KKB_0378-300x200.jpg 300w, https:\/\/marekkuchcinski.pl\/wp-content\/uploads\/2018\/04\/KKB_0378-768x512.jpg 768w, https:\/\/marekkuchcinski.pl\/wp-content\/uploads\/2018\/04\/KKB_0378-1024x683.jpg 1024w\" sizes=\"(max-width: 2880px) 100vw, 2880px\" \/><\/a><a href=\"https:\/\/marekkuchcinski.pl\/wp-content\/uploads\/2018\/04\/KKB_0237.jpg\"><img decoding=\"async\" class=\"alignnone size-full wp-image-9359\" src=\"https:\/\/marekkuchcinski.pl\/wp-content\/uploads\/2018\/04\/KKB_0237.jpg\" alt=\"KKB_0237\" width=\"2880\" height=\"1920\" srcset=\"https:\/\/marekkuchcinski.pl\/wp-content\/uploads\/2018\/04\/KKB_0237.jpg 2048w, https:\/\/marekkuchcinski.pl\/wp-content\/uploads\/2018\/04\/KKB_0237-300x200.jpg 300w, https:\/\/marekkuchcinski.pl\/wp-content\/uploads\/2018\/04\/KKB_0237-768x512.jpg 768w, https:\/\/marekkuchcinski.pl\/wp-content\/uploads\/2018\/04\/KKB_0237-1024x683.jpg 1024w\" sizes=\"(max-width: 2880px) 100vw, 2880px\" \/><\/a> <a href=\"https:\/\/marekkuchcinski.pl\/wp-content\/uploads\/2018\/04\/KKB_0295.jpg\"><img decoding=\"async\" class=\"alignnone size-full wp-image-9360\" src=\"https:\/\/marekkuchcinski.pl\/wp-content\/uploads\/2018\/04\/KKB_0295.jpg\" alt=\"KKB_0295\" width=\"2880\" height=\"1920\" srcset=\"https:\/\/marekkuchcinski.pl\/wp-content\/uploads\/2018\/04\/KKB_0295.jpg 2048w, https:\/\/marekkuchcinski.pl\/wp-content\/uploads\/2018\/04\/KKB_0295-300x200.jpg 300w, https:\/\/marekkuchcinski.pl\/wp-content\/uploads\/2018\/04\/KKB_0295-768x512.jpg 768w, https:\/\/marekkuchcinski.pl\/wp-content\/uploads\/2018\/04\/KKB_0295-1024x683.jpg 1024w\" sizes=\"(max-width: 2880px) 100vw, 2880px\" \/><\/a> <a href=\"https:\/\/marekkuchcinski.pl\/wp-content\/uploads\/2018\/04\/KKB_0447.jpg\"><img loading=\"lazy\" decoding=\"async\" class=\"alignnone size-full wp-image-9363\" src=\"https:\/\/marekkuchcinski.pl\/wp-content\/uploads\/2018\/04\/KKB_0447.jpg\" alt=\"KKB_0447\" width=\"2880\" height=\"1920\" srcset=\"https:\/\/marekkuchcinski.pl\/wp-content\/uploads\/2018\/04\/KKB_0447.jpg 2048w, https:\/\/marekkuchcinski.pl\/wp-content\/uploads\/2018\/04\/KKB_0447-300x200.jpg 300w, https:\/\/marekkuchcinski.pl\/wp-content\/uploads\/2018\/04\/KKB_0447-768x512.jpg 768w, https:\/\/marekkuchcinski.pl\/wp-content\/uploads\/2018\/04\/KKB_0447-1024x683.jpg 1024w\" sizes=\"(max-width: 2880px) 100vw, 2880px\" \/><\/a> <a href=\"https:\/\/marekkuchcinski.pl\/wp-content\/uploads\/2018\/04\/KKB_0531.jpg\"><img loading=\"lazy\" decoding=\"async\" class=\"alignnone size-full wp-image-9364\" src=\"https:\/\/marekkuchcinski.pl\/wp-content\/uploads\/2018\/04\/KKB_0531.jpg\" alt=\"KKB_0531\" width=\"2880\" height=\"1920\" srcset=\"https:\/\/marekkuchcinski.pl\/wp-content\/uploads\/2018\/04\/KKB_0531.jpg 2048w, https:\/\/marekkuchcinski.pl\/wp-content\/uploads\/2018\/04\/KKB_0531-300x200.jpg 300w, https:\/\/marekkuchcinski.pl\/wp-content\/uploads\/2018\/04\/KKB_0531-768x512.jpg 768w, https:\/\/marekkuchcinski.pl\/wp-content\/uploads\/2018\/04\/KKB_0531-1024x683.jpg 1024w\" sizes=\"(max-width: 2880px) 100vw, 2880px\" \/><\/a> <a href=\"https:\/\/marekkuchcinski.pl\/wp-content\/uploads\/2018\/04\/KKB_0639.jpg\"><img loading=\"lazy\" decoding=\"async\" class=\"alignnone size-full wp-image-9365\" src=\"https:\/\/marekkuchcinski.pl\/wp-content\/uploads\/2018\/04\/KKB_0639.jpg\" alt=\"KKB_0639\" width=\"2880\" height=\"1920\" srcset=\"https:\/\/marekkuchcinski.pl\/wp-content\/uploads\/2018\/04\/KKB_0639.jpg 2048w, https:\/\/marekkuchcinski.pl\/wp-content\/uploads\/2018\/04\/KKB_0639-300x200.jpg 300w, https:\/\/marekkuchcinski.pl\/wp-content\/uploads\/2018\/04\/KKB_0639-768x512.jpg 768w, https:\/\/marekkuchcinski.pl\/wp-content\/uploads\/2018\/04\/KKB_0639-1024x683.jpg 1024w\" sizes=\"(max-width: 2880px) 100vw, 2880px\" \/><\/a> <a href=\"https:\/\/marekkuchcinski.pl\/wp-content\/uploads\/2018\/04\/KKB_0821.jpg\"><img loading=\"lazy\" decoding=\"async\" class=\"alignnone size-full wp-image-9366\" src=\"https:\/\/marekkuchcinski.pl\/wp-content\/uploads\/2018\/04\/KKB_0821.jpg\" alt=\"KKB_0821\" width=\"2880\" height=\"1920\" srcset=\"https:\/\/marekkuchcinski.pl\/wp-content\/uploads\/2018\/04\/KKB_0821.jpg 2048w, https:\/\/marekkuchcinski.pl\/wp-content\/uploads\/2018\/04\/KKB_0821-300x200.jpg 300w, https:\/\/marekkuchcinski.pl\/wp-content\/uploads\/2018\/04\/KKB_0821-768x512.jpg 768w, https:\/\/marekkuchcinski.pl\/wp-content\/uploads\/2018\/04\/KKB_0821-1024x683.jpg 1024w\" sizes=\"(max-width: 2880px) 100vw, 2880px\" \/><\/a> <a href=\"https:\/\/marekkuchcinski.pl\/wp-content\/uploads\/2018\/04\/KKB_1374.jpg\"><img loading=\"lazy\" decoding=\"async\" class=\"alignnone size-full wp-image-9367\" src=\"https:\/\/marekkuchcinski.pl\/wp-content\/uploads\/2018\/04\/KKB_1374.jpg\" alt=\"KKB_1374\" width=\"2880\" height=\"1920\" srcset=\"https:\/\/marekkuchcinski.pl\/wp-content\/uploads\/2018\/04\/KKB_1374.jpg 2048w, https:\/\/marekkuchcinski.pl\/wp-content\/uploads\/2018\/04\/KKB_1374-300x200.jpg 300w, https:\/\/marekkuchcinski.pl\/wp-content\/uploads\/2018\/04\/KKB_1374-768x512.jpg 768w, https:\/\/marekkuchcinski.pl\/wp-content\/uploads\/2018\/04\/KKB_1374-1024x683.jpg 1024w\" sizes=\"(max-width: 2880px) 100vw, 2880px\" \/><\/a> <a href=\"https:\/\/marekkuchcinski.pl\/wp-content\/uploads\/2018\/04\/KKB_1421.jpg\"><img loading=\"lazy\" decoding=\"async\" class=\"alignnone size-full wp-image-9368\" src=\"https:\/\/marekkuchcinski.pl\/wp-content\/uploads\/2018\/04\/KKB_1421.jpg\" alt=\"KKB_1421\" width=\"2880\" height=\"1920\" srcset=\"https:\/\/marekkuchcinski.pl\/wp-content\/uploads\/2018\/04\/KKB_1421.jpg 2048w, https:\/\/marekkuchcinski.pl\/wp-content\/uploads\/2018\/04\/KKB_1421-300x200.jpg 300w, https:\/\/marekkuchcinski.pl\/wp-content\/uploads\/2018\/04\/KKB_1421-768x512.jpg 768w, https:\/\/marekkuchcinski.pl\/wp-content\/uploads\/2018\/04\/KKB_1421-1024x683.jpg 1024w\" sizes=\"(max-width: 2880px) 100vw, 2880px\" \/><\/a> <a href=\"https:\/\/marekkuchcinski.pl\/wp-content\/uploads\/2018\/04\/KKB_1458.jpg\"><img loading=\"lazy\" decoding=\"async\" class=\"alignnone size-full wp-image-9369\" src=\"https:\/\/marekkuchcinski.pl\/wp-content\/uploads\/2018\/04\/KKB_1458.jpg\" alt=\"KKB_1458\" width=\"2880\" height=\"1920\" srcset=\"https:\/\/marekkuchcinski.pl\/wp-content\/uploads\/2018\/04\/KKB_1458.jpg 2048w, https:\/\/marekkuchcinski.pl\/wp-content\/uploads\/2018\/04\/KKB_1458-300x200.jpg 300w, https:\/\/marekkuchcinski.pl\/wp-content\/uploads\/2018\/04\/KKB_1458-768x512.jpg 768w, https:\/\/marekkuchcinski.pl\/wp-content\/uploads\/2018\/04\/KKB_1458-1024x683.jpg 1024w\" sizes=\"(max-width: 2880px) 100vw, 2880px\" \/><\/a><\/p>","protected":false},"excerpt":{"rendered":"<p>Z okazji zbli\u017caj\u0105cego si\u0119 jubileuszu 550-lecia parlamentaryzmu na Zamku Kr\u00f3lewskim w Warszawie odby\u0142a si\u0119 pierwsza mi\u0119dzynarodowa konferencja z udzia\u0142em marsza\u0142ka Sejmu. &#8212; Wszyscy mamy \u015bwiadomo\u015b\u0107, \u017ce polski Sejm i polski parlamentaryzm nale\u017cy do najstarszych na \u015bwiecie. Ostatnie badania wskazuj\u0105, \u017ce za dat\u0119 najw\u0142a\u015bciwsz\u0105 nale\u017cy uzna\u0107 rok 1468, co stanowi podstaw\u0119 dla dzisiejszej konferencji. \u00a0A by\u0107 [&hellip;]<\/p>\n","protected":false},"author":6,"featured_media":9362,"comment_status":"open","ping_status":"open","sticky":false,"template":"","format":"standard","meta":{"ngg_post_thumbnail":0,"footnotes":""},"categories":[81,50,3],"tags":[],"class_list":["post-9358","post","type-post","status-publish","format-standard","has-post-thumbnail","hentry","category-wiesci-z-sejmu","category-wspolpraca-miedzynarodowa","category-wydarzenia"],"_links":{"self":[{"href":"https:\/\/marekkuchcinski.pl\/hu\/wp-json\/wp\/v2\/posts\/9358","targetHints":{"allow":["GET"]}}],"collection":[{"href":"https:\/\/marekkuchcinski.pl\/hu\/wp-json\/wp\/v2\/posts"}],"about":[{"href":"https:\/\/marekkuchcinski.pl\/hu\/wp-json\/wp\/v2\/types\/post"}],"author":[{"embeddable":true,"href":"https:\/\/marekkuchcinski.pl\/hu\/wp-json\/wp\/v2\/users\/6"}],"replies":[{"embeddable":true,"href":"https:\/\/marekkuchcinski.pl\/hu\/wp-json\/wp\/v2\/comments?post=9358"}],"version-history":[{"count":5,"href":"https:\/\/marekkuchcinski.pl\/hu\/wp-json\/wp\/v2\/posts\/9358\/revisions"}],"predecessor-version":[{"id":9374,"href":"https:\/\/marekkuchcinski.pl\/hu\/wp-json\/wp\/v2\/posts\/9358\/revisions\/9374"}],"wp:featuredmedia":[{"embeddable":true,"href":"https:\/\/marekkuchcinski.pl\/hu\/wp-json\/wp\/v2\/media\/9362"}],"wp:attachment":[{"href":"https:\/\/marekkuchcinski.pl\/hu\/wp-json\/wp\/v2\/media?parent=9358"}],"wp:term":[{"taxonomy":"category","embeddable":true,"href":"https:\/\/marekkuchcinski.pl\/hu\/wp-json\/wp\/v2\/categories?post=9358"},{"taxonomy":"post_tag","embeddable":true,"href":"https:\/\/marekkuchcinski.pl\/hu\/wp-json\/wp\/v2\/tags?post=9358"}],"curies":[{"name":"wp","href":"https:\/\/api.w.org\/{rel}","templated":true}]}}