{"id":9339,"date":"2018-04-28T08:27:01","date_gmt":"2018-04-28T06:27:01","guid":{"rendered":"https:\/\/marekkuchcinski.pl\/?p=9339"},"modified":"2018-04-28T08:55:07","modified_gmt":"2018-04-28T06:55:07","slug":"28-29-kwietnia-marszalek-sejmu-spotka-sie-mieszkancami-zgierza-leczycy-wloclawka","status":"publish","type":"post","link":"https:\/\/marekkuchcinski.pl\/hu\/wydarzenia\/28-29-kwietnia-marszalek-sejmu-spotka-sie-mieszkancami-zgierza-leczycy-wloclawka\/","title":{"rendered":"\u00c1prilis 28-\u00e1n \u00e9s 29-\u00e9n a Szejm eln\u00f6ke tal\u00e1lkozik Zgierz, \u0141\u0119czyca \u00e9s W\u0142oc\u0142awek lakosaival."},"content":{"rendered":"<p>Lengyelorsz\u00e1g-szerte tal\u00e1lkoz\u00f3kat tartanak a Jog \u00e9s Igazs\u00e1goss\u00e1g parlamenti k\u00e9pvisel\u0151ivel. Marek Kuchci\u0144ski parlamenti k\u00e9pvisel\u0151vel, a Szejm eln\u00f6k\u00e9vel val\u00f3 tal\u00e1lkoz\u00f3ra h\u00edvjuk \u00d6n\u00f6ket a h\u00e9tv\u00e9g\u00e9n Zgierzbe, \u0141\u0119czyc\u00e1ba \u00e9s W\u0142oc\u0142awekbe.<\/p>\n<p>&nbsp;<\/p>\n<p><a href=\"https:\/\/marekkuchcinski.pl\/wp-content\/uploads\/2018\/04\/2829-1.jpg\"><img fetchpriority=\"high\" decoding=\"async\" class=\"alignnone size-full wp-image-9344\" src=\"https:\/\/marekkuchcinski.pl\/wp-content\/uploads\/2018\/04\/2829-1.jpg\" alt=\"2829 (1)\" width=\"1022\" height=\"612\" srcset=\"https:\/\/marekkuchcinski.pl\/wp-content\/uploads\/2018\/04\/2829-1.jpg 1022w, https:\/\/marekkuchcinski.pl\/wp-content\/uploads\/2018\/04\/2829-1-300x180.jpg 300w, https:\/\/marekkuchcinski.pl\/wp-content\/uploads\/2018\/04\/2829-1-768x460.jpg 768w\" sizes=\"(max-width: 1022px) 100vw, 1022px\" \/><\/a><\/p>","protected":false},"excerpt":{"rendered":"<p>Lengyelorsz\u00e1g-szerte tal\u00e1lkoz\u00f3kat tartanak a Jog \u00e9s Igazs\u00e1goss\u00e1g parlamenti k\u00e9pvisel\u0151ivel. Marek Kuchci\u0144ski parlamenti k\u00e9pvisel\u0151vel, a Szejm eln\u00f6k\u00e9vel val\u00f3 tal\u00e1lkoz\u00f3ra h\u00edvjuk \u00d6n\u00f6ket a h\u00e9tv\u00e9g\u00e9n Zgierzbe, \u0141\u0119czyc\u00e1ba \u00e9s W\u0142oc\u0142awekbe. &nbsp;<\/p>","protected":false},"author":6,"featured_media":9344,"comment_status":"open","ping_status":"open","sticky":false,"template":"","format":"standard","meta":{"ngg_post_thumbnail":0,"footnotes":""},"categories":[82,3],"tags":[],"class_list":["post-9339","post","type-post","status-publish","format-standard","has-post-thumbnail","hentry","category-prawo-i-sprawiedliwosc","category-wydarzenia"],"_links":{"self":[{"href":"https:\/\/marekkuchcinski.pl\/hu\/wp-json\/wp\/v2\/posts\/9339","targetHints":{"allow":["GET"]}}],"collection":[{"href":"https:\/\/marekkuchcinski.pl\/hu\/wp-json\/wp\/v2\/posts"}],"about":[{"href":"https:\/\/marekkuchcinski.pl\/hu\/wp-json\/wp\/v2\/types\/post"}],"author":[{"embeddable":true,"href":"https:\/\/marekkuchcinski.pl\/hu\/wp-json\/wp\/v2\/users\/6"}],"replies":[{"embeddable":true,"href":"https:\/\/marekkuchcinski.pl\/hu\/wp-json\/wp\/v2\/comments?post=9339"}],"version-history":[{"count":3,"href":"https:\/\/marekkuchcinski.pl\/hu\/wp-json\/wp\/v2\/posts\/9339\/revisions"}],"predecessor-version":[{"id":9345,"href":"https:\/\/marekkuchcinski.pl\/hu\/wp-json\/wp\/v2\/posts\/9339\/revisions\/9345"}],"wp:featuredmedia":[{"embeddable":true,"href":"https:\/\/marekkuchcinski.pl\/hu\/wp-json\/wp\/v2\/media\/9344"}],"wp:attachment":[{"href":"https:\/\/marekkuchcinski.pl\/hu\/wp-json\/wp\/v2\/media?parent=9339"}],"wp:term":[{"taxonomy":"category","embeddable":true,"href":"https:\/\/marekkuchcinski.pl\/hu\/wp-json\/wp\/v2\/categories?post=9339"},{"taxonomy":"post_tag","embeddable":true,"href":"https:\/\/marekkuchcinski.pl\/hu\/wp-json\/wp\/v2\/tags?post=9339"}],"curies":[{"name":"wp","href":"https:\/\/api.w.org\/{rel}","templated":true}]}}