{"id":9283,"date":"2018-04-22T16:01:11","date_gmt":"2018-04-22T14:01:11","guid":{"rendered":"https:\/\/marekkuchcinski.pl\/?p=9283"},"modified":"2021-07-01T14:53:56","modified_gmt":"2021-07-01T12:53:56","slug":"marszalek-sejmu-zywcu-powstaje-ustawa-wspierajaca-m-in-pasterstwo","status":"publish","type":"post","link":"https:\/\/marekkuchcinski.pl\/hu\/wydarzenia\/marszalek-sejmu-zywcu-powstaje-ustawa-wspierajaca-m-in-pasterstwo\/","title":{"rendered":"A \u017bywieci Szejm eln\u00f6ke: T\u00f6rv\u00e9nytervezet k\u00e9sz\u00fcl, amely t\u00f6bbek k\u00f6z\u00f6tt a p\u00e1sztorkod\u00e1s t\u00e1mogat\u00e1s\u00e1t szolg\u00e1lja."},"content":{"rendered":"<p class=\"p1\"><strong>- A felvid\u00e9kiek probl\u00e9m\u00e1ival tal\u00e1lkozunk. A K\u00e1rp\u00e1tok parlamenti frakci\u00f3ja hegyvid\u00e9ki t\u00f6rv\u00e9nytervezetet, a fenntarthat\u00f3 fejl\u0151d\u00e9s, a p\u00e1sztorkod\u00e1s, a mez\u0151gazdas\u00e1gi kult\u00fara, a t\u00f6bbgener\u00e1ci\u00f3s kisgazdas\u00e1gok t\u00e1mogat\u00e1s\u00e1nak tervezet\u00e9t k\u00e9sz\u00edti el\u0151 - mondta Marek Kuchci\u0144ski, a Szejm eln\u00f6ke, megnyitva a K\u00e1rp\u00e1tok probl\u00e9m\u00e1inak szentelt konferenci\u00e1t.<\/strong><\/p>\n<p class=\"p1\">- Tiszt\u00e1ban vagyunk azzal, hogy az uni\u00f3s t\u00e1mogat\u00e1s nem elegend\u0151. Az \u00e1llami hat\u00f3s\u00e1gok, a korm\u00e1nyzat r\u00e9sz\u00e9r\u0151l, a tartom\u00e1nyi korm\u00e1nyok bevon\u00e1s\u00e1val nagyobb m\u00e9rt\u00e9kben kell elind\u00edtani a hegyvid\u00e9ki ter\u00fcleteket, k\u00fcl\u00f6n\u00f6sen a p\u00e1sztorkod\u00e1st t\u00e1mogat\u00f3 projekteket - mutatott r\u00e1. - A nyugat-eur\u00f3pai orsz\u00e1gokhoz k\u00e9pest sajnos nagyon nagy a k\u00fcl\u00f6nbs\u00e9g, \u00e9s a c\u00e9lunk az, hogy ezt a k\u00fcl\u00f6nbs\u00e9get minimaliz\u00e1ljuk. Meg akarjuk k\u00f6nny\u00edteni<span class=\"Apple-converted-space\">\u00a0 <\/span>K\u00e1rp\u00e1talja mez\u0151gazdas\u00e1gi fejl\u0151d\u00e9s\u00e9t, ugyanakkor \u00fcgyelve az \u00e9ghajlat, a kultur\u00e1lis \u00e9s term\u00e9szeti \u00e9rt\u00e9kek meg\u0151rz\u00e9s\u00e9re, amelyek \u00e9vsz\u00e1zadok \u00f3ta k\u00f6zel \u00e1llnak hozz\u00e1nk - mondta Kuchci\u0144ski.<\/p>\n<p class=\"p1\">A r\u00e9sztvev\u0151k a legnagyobb hangs\u00falyt a p\u00e1sztorkod\u00e1st t\u00e1mogat\u00f3 szab\u00e1lyoz\u00e1s megv\u00e1ltoztat\u00e1s\u00e1nak sz\u00fcks\u00e9gess\u00e9g\u00e9re helyezt\u00e9k. - Ha nem \u00faj\u00edtjuk meg \u00e9s nem t\u00e1mogatjuk a juhteny\u00e9szt\u00e9st, akkor neh\u00e9z lesz meg\u00e1ll\u00edtani a hegyvid\u00e9ki ter\u00fcletek ben\u00f6v\u00e9s\u00e9t, ami a t\u00e1j eszt\u00e9tik\u00e1j\u00e1t is gyeng\u00edti - \u00e9rvelt a marsall.<\/p>\n<p>A Koniak\u00f3wb\u00f3l sz\u00e1rmaz\u00f3 Piotr Kohut Baca p\u00e1sztor azt \u00e1ll\u00edtotta, hogy a legt\u00f6bb orsz\u00e1gban vannak ilyen t\u00f6rv\u00e9nyek, \u00e9s a p\u00e1sztoroknak az anyagi t\u00e1mogat\u00e1s mellett a jogszab\u00e1lyok megv\u00e1ltoztat\u00e1s\u00e1ra is sz\u00fcks\u00e9g\u00fck van. - Ott a p\u00e1sztorkod\u00e1snak kultur\u00e1lis jellege van, p\u00e9ld\u00e1ul Piemontban vagy N\u00e9metorsz\u00e1gban, ahol csod\u00e1latosan fejl\u0151dik. Lengyelorsz\u00e1gban biztos\u00edtani kell a legeltet\u00e9shez val\u00f3 jogot. Most a tev\u00e9kenys\u00e9g\u00fcnket gyakran illeg\u00e1lisnak tekintik - mondta. - Mi, p\u00e1sztorok, nem vagyunk sem teny\u00e9szt\u0151k, sem gazd\u00e1k. A p\u00e1sztor a f\u00f6ldm\u0171ves, a f\u00f6ldm\u0171vesek pedig az alf\u00f6ld\u00f6n \u00e9lnek. Nek\u00fcnk, p\u00e1sztoroknak, a hagyom\u00e1nyok meg\u0151rz\u00e9se \u00e9rdek\u00e9ben, a juhok \u00e9s a term\u00e9s \u00e9rdek\u00e9ben, a hegyeket \u00e9s a legel\u0151ket kell j\u00e1rnunk. A juhoknak szabadon kell legelni\u00fck. Itt azonban f\u00e9lre\u00e9rt\u00e9sek \u00e9s konfliktusok keletkeznek\" - mondta.<\/p>\n<p class=\"p1\">Marek Kuchci\u0144ski hangs\u00falyozta, hogy k\u00e9zzelfoghat\u00f3 eredm\u00e9nyeket a nemzetk\u00f6zi szint\u0171 int\u00e9zked\u00e9sekkel lehet el\u00e9rni. M\u00e1r 10 \u00e9ve bevonjuk a szomsz\u00e9dos parlamenteket a t\u00e1mogat\u00e1s k\u00fcl\u00f6nb\u00f6z\u0151 form\u00e1iba. - Nemzetk\u00f6zi egy\u00fcttm\u0171k\u00f6d\u00e9st ind\u00edtottunk annak \u00e9rdek\u00e9ben, hogy meg\u0151rizz\u00fck a K\u00e1rp\u00e1tok biol\u00f3giai sokf\u00e9les\u00e9g\u00e9t, ezt az eg\u00e9sz kontinensen egyed\u00fcl\u00e1ll\u00f3 ter\u00fcletet. Er\u0151fesz\u00edt\u00e9seink kil\u00e1t\u00e1sba helyezik, hogy a k\u00f6vetkez\u0151 uni\u00f3s k\u00f6lts\u00e9gvet\u00e9sben az alpesi vagy balti strat\u00e9gi\u00e1k mint\u00e1j\u00e1ra v\u00e9gleges\u00edthet\u00fcnk egy K\u00e1rp\u00e1t-medencei strat\u00e9gi\u00e1t. Ez egy eszk\u00f6z a r<span id=\"interia_nsitsp_4\">evelopment<\/span>Ez megk\u00f6nny\u00edti az egy\u00fcttm\u0171k\u00f6d\u00e9st, \u00e9s lehet\u0151v\u00e9 teszi a k\u00fcl\u00f6nb\u00f6z\u0151 - \u00e1llami, uni\u00f3s \u00e9s nemzetk\u00f6zi - finansz\u00edroz\u00e1si forr\u00e1sokb\u00f3l sz\u00e1rmaz\u00f3 p\u00e9nzek felhaszn\u00e1l\u00e1s\u00e1t.  - A K\u00e1rp\u00e1tok hat\u00e1ssal vannak az eg\u00e9sz orsz\u00e1g \u00e9let\u00e9re - mondta. A marsall egyik p\u00e9ldak\u00e9nt az iv\u00f3vizet eml\u00edtette, amely v\u00e9lem\u00e9nye szerint es\u00e9lyes arra, hogy olyan strat\u00e9giai er\u0151forr\u00e1ss\u00e1 v\u00e1ljon, mint a g\u00e1z vagy az olaj,<span class=\"Apple-converted-space\">\u00a0 <\/span>Ez egy forr\u00e1s a K\u00e1rp\u00e1tokban. Figyelmet ford\u00edtunk az \u00e1rv\u00edzi k\u00e9rd\u00e9sekre \u00e9s a sz\u00fcks\u00e9ges biztos\u00edt\u00e9kokra is\" - mondta.<\/p>\n<p class=\"p1\">V\u00e9gezet\u00fcl Marek Kuchci\u0144ski eml\u00e9keztetett Morawiecki minisztereln\u00f6k javaslataira, azaz a vid\u00e9ki ter\u00fcletek sz\u00e9les k\u00f6r\u0171 kultur\u00e1lis politik\u00e1j\u00e1nak t\u00e1mogat\u00e1s\u00e1ra, <span class=\"s1\">t\u00f6bbek k\u00f6z\u00f6tt<\/span>. a kisv\u00e1rosok nappali k\u00f6zpontjainak t\u00e1mogat\u00e1sa, m\u0171v\u00e9szeti csoportok t\u00e1mogat\u00e1sa ...<\/p>\n<p>sz\u00f6veg \/ fot\u00f3 M. Olejnik<\/p>\n<p><img fetchpriority=\"high\" decoding=\"async\" class=\"alignnone size-full wp-image-9284\" src=\"https:\/\/marekkuchcinski.pl\/wp-content\/uploads\/2018\/04\/DSCF9389.jpg\" alt=\"DSCF9389\" width=\"4896\" height=\"2760\" srcset=\"https:\/\/marekkuchcinski.pl\/wp-content\/uploads\/2018\/04\/DSCF9389.jpg 2048w, https:\/\/marekkuchcinski.pl\/wp-content\/uploads\/2018\/04\/DSCF9389-300x169.jpg 300w, https:\/\/marekkuchcinski.pl\/wp-content\/uploads\/2018\/04\/DSCF9389-768x433.jpg 768w, https:\/\/marekkuchcinski.pl\/wp-content\/uploads\/2018\/04\/DSCF9389-1024x577.jpg 1024w\" sizes=\"(max-width: 4896px) 100vw, 4896px\" \/> <img decoding=\"async\" class=\"alignnone size-full wp-image-9285\" src=\"https:\/\/marekkuchcinski.pl\/wp-content\/uploads\/2018\/04\/DSCF9402.jpg\" alt=\"DSCF9402\" width=\"4896\" height=\"2760\" srcset=\"https:\/\/marekkuchcinski.pl\/wp-content\/uploads\/2018\/04\/DSCF9402.jpg 2048w, https:\/\/marekkuchcinski.pl\/wp-content\/uploads\/2018\/04\/DSCF9402-300x169.jpg 300w, https:\/\/marekkuchcinski.pl\/wp-content\/uploads\/2018\/04\/DSCF9402-768x433.jpg 768w, https:\/\/marekkuchcinski.pl\/wp-content\/uploads\/2018\/04\/DSCF9402-1024x577.jpg 1024w\" sizes=\"(max-width: 4896px) 100vw, 4896px\" \/> <img decoding=\"async\" class=\"alignnone size-full wp-image-9286\" src=\"https:\/\/marekkuchcinski.pl\/wp-content\/uploads\/2018\/04\/DSCF9423-1.jpg\" alt=\"DSCF9423 (1)\" width=\"3329\" height=\"2012\" srcset=\"https:\/\/marekkuchcinski.pl\/wp-content\/uploads\/2018\/04\/DSCF9423-1.jpg 2048w, https:\/\/marekkuchcinski.pl\/wp-content\/uploads\/2018\/04\/DSCF9423-1-300x181.jpg 300w, https:\/\/marekkuchcinski.pl\/wp-content\/uploads\/2018\/04\/DSCF9423-1-768x464.jpg 768w, https:\/\/marekkuchcinski.pl\/wp-content\/uploads\/2018\/04\/DSCF9423-1-1024x619.jpg 1024w\" sizes=\"(max-width: 3329px) 100vw, 3329px\" \/> <img loading=\"lazy\" decoding=\"async\" class=\"alignnone size-full wp-image-9288\" src=\"https:\/\/marekkuchcinski.pl\/wp-content\/uploads\/2018\/04\/DSCF9459-1.jpg\" alt=\"DSCF9459 (1)\" width=\"4273\" height=\"2657\" srcset=\"https:\/\/marekkuchcinski.pl\/wp-content\/uploads\/2018\/04\/DSCF9459-1.jpg 2048w, https:\/\/marekkuchcinski.pl\/wp-content\/uploads\/2018\/04\/DSCF9459-1-300x187.jpg 300w, https:\/\/marekkuchcinski.pl\/wp-content\/uploads\/2018\/04\/DSCF9459-1-768x478.jpg 768w, https:\/\/marekkuchcinski.pl\/wp-content\/uploads\/2018\/04\/DSCF9459-1-1024x637.jpg 1024w\" sizes=\"(max-width: 4273px) 100vw, 4273px\" \/> <img loading=\"lazy\" decoding=\"async\" class=\"alignnone size-full wp-image-9289\" src=\"https:\/\/marekkuchcinski.pl\/wp-content\/uploads\/2018\/04\/DSCF9513-1.jpg\" alt=\"DSCF9513 (1)\" width=\"4896\" height=\"2760\" srcset=\"https:\/\/marekkuchcinski.pl\/wp-content\/uploads\/2018\/04\/DSCF9513-1.jpg 2048w, https:\/\/marekkuchcinski.pl\/wp-content\/uploads\/2018\/04\/DSCF9513-1-300x169.jpg 300w, https:\/\/marekkuchcinski.pl\/wp-content\/uploads\/2018\/04\/DSCF9513-1-768x433.jpg 768w, https:\/\/marekkuchcinski.pl\/wp-content\/uploads\/2018\/04\/DSCF9513-1-1024x577.jpg 1024w\" sizes=\"(max-width: 4896px) 100vw, 4896px\" \/><\/p>","protected":false},"excerpt":{"rendered":"<p>&#8212; Wychodzimy naprzeciw problemom, z jakimi borykaj\u0105 si\u0119 g\u00f3rale. Karpacki zesp\u00f3\u0142 parlamentarny przygotowuje projekt ustawy g\u00f3rskiej, projekt wsparcia dla zr\u00f3wnowa\u017conego rozwoju, pasterstwa, kultury rolnej, ma\u0142ych wielopokoleniowych gospodarstw &#8212; powiedzia\u0142 marsza\u0142ek Sejmu Marek Kuchci\u0144ski, otwieraj\u0105c konferencj\u0119 po\u015bwi\u0119con\u0105 problematyce Karpat. &#8212; Mamy \u015bwiadomo\u015b\u0107, \u017ce wsparcie z UE to za ma\u0142o. Musimy ze strony w\u0142adz pa\u0144stwowych, rz\u0105du, anga\u017cuj\u0105c [&hellip;]<\/p>\n","protected":false},"author":6,"featured_media":9290,"comment_status":"open","ping_status":"open","sticky":false,"template":"","format":"standard","meta":{"ngg_post_thumbnail":0,"footnotes":""},"categories":[49,82,3],"tags":[],"class_list":["post-9283","post","type-post","status-publish","format-standard","has-post-thumbnail","hentry","category-podkarpacie","category-prawo-i-sprawiedliwosc","category-wydarzenia"],"_links":{"self":[{"href":"https:\/\/marekkuchcinski.pl\/hu\/wp-json\/wp\/v2\/posts\/9283","targetHints":{"allow":["GET"]}}],"collection":[{"href":"https:\/\/marekkuchcinski.pl\/hu\/wp-json\/wp\/v2\/posts"}],"about":[{"href":"https:\/\/marekkuchcinski.pl\/hu\/wp-json\/wp\/v2\/types\/post"}],"author":[{"embeddable":true,"href":"https:\/\/marekkuchcinski.pl\/hu\/wp-json\/wp\/v2\/users\/6"}],"replies":[{"embeddable":true,"href":"https:\/\/marekkuchcinski.pl\/hu\/wp-json\/wp\/v2\/comments?post=9283"}],"version-history":[{"count":10,"href":"https:\/\/marekkuchcinski.pl\/hu\/wp-json\/wp\/v2\/posts\/9283\/revisions"}],"predecessor-version":[{"id":22885,"href":"https:\/\/marekkuchcinski.pl\/hu\/wp-json\/wp\/v2\/posts\/9283\/revisions\/22885"}],"wp:featuredmedia":[{"embeddable":true,"href":"https:\/\/marekkuchcinski.pl\/hu\/wp-json\/wp\/v2\/media\/9290"}],"wp:attachment":[{"href":"https:\/\/marekkuchcinski.pl\/hu\/wp-json\/wp\/v2\/media?parent=9283"}],"wp:term":[{"taxonomy":"category","embeddable":true,"href":"https:\/\/marekkuchcinski.pl\/hu\/wp-json\/wp\/v2\/categories?post=9283"},{"taxonomy":"post_tag","embeddable":true,"href":"https:\/\/marekkuchcinski.pl\/hu\/wp-json\/wp\/v2\/tags?post=9283"}],"curies":[{"name":"wp","href":"https:\/\/api.w.org\/{rel}","templated":true}]}}