{"id":9242,"date":"2018-04-14T20:12:04","date_gmt":"2018-04-14T18:12:04","guid":{"rendered":"https:\/\/marekkuchcinski.pl\/?p=9242"},"modified":"2018-04-14T20:12:04","modified_gmt":"2018-04-14T18:12:04","slug":"konwencja-prawa-sprawiedliwosci","status":"publish","type":"post","link":"https:\/\/marekkuchcinski.pl\/hu\/wydarzenia\/konwencja-prawa-sprawiedliwosci\/","title":{"rendered":"Jog \u00e9s Igazs\u00e1gszolg\u00e1ltat\u00e1s Egyezm\u00e9ny"},"content":{"rendered":"<p>A J\u00f3 Start program, azaz 300 zloty iskolakezd\u00e9si csomag minden \u00e9vben a 18 \u00e9v alatti di\u00e1kok sz\u00e1m\u00e1ra, a p\u00e9nzforgalmi ad\u00f3 cs\u00f6kkent\u00e9se 15-r\u0151l 9 sz\u00e1zal\u00e9kra, t\u00e1mogat\u00e1si program az id\u0151sek sz\u00e1m\u00e1ra, alacsonyabb t\u00e1rsadalombiztos\u00edt\u00e1s a kisv\u00e1llalkoz\u00e1sok sz\u00e1m\u00e1ra, helyi \u00fatalap l\u00e9trehoz\u00e1sa - ezek a legfontosabb javaslatok, amelyeket Mateusz Morawiecki minisztereln\u00f6k ismertetett a vars\u00f3i Jog \u00e9s Igazs\u00e1goss\u00e1g kongresszuson.<\/p>\n<p>A minisztereln\u00f6k emellett felv\u00e1zolta azt a tervet, amelyet a PiS k\u00f6vetni fog:<\/p>\n<ul>\n<li>Elmegy\u00fcnk az orsz\u00e1gba, hogy megtudjuk, mit v\u00e1rnak t\u0151l\u00fcnk, \u00e9s ezt csak egy\u00fctt tudjuk megtenni - egy\u00fctt dolgozva, mint az Egyes\u00fclt Jobboldal.<\/li>\n<li>Lengyelorsz\u00e1gnak igazs\u00e1gosabbnak kell lennie, ez a programunk r\u00e9sze.<\/li>\n<li>\u00daj programokat ind\u00edtunk \u00e9s folytatjuk a Via Carpathia, Via Baltica, Tiszta leveg\u0151, Mieszkanie + (100 ezer lak\u00e1s \u00e9p\u00fcl e program keret\u00e9ben).<\/li>\n<li>Ma Lengyelorsz\u00e1g sokkal jobban fejl\u0151dik, aminek k\u00f6sz\u00f6nhet\u0151en \u00faj projekteket engedhet\u00fcnk meg magunknak.<\/li>\n<li>Az Eg\u00e9szs\u00e9g\u00fcgyi Miniszt\u00e9rium r\u00e9szletes programot terjeszt el\u0151<\/li>\n<li>Sz\u00e1munkra a gazd\u00e1k kulcsfontoss\u00e1g\u00faak, \u0151k a legfontosabb priorit\u00e1s - \u00f6sszegy\u0171jtj\u00fck az ig\u00e9nyeiket. Ki akarjuk terjeszteni a mez\u0151gazdas\u00e1gi termel\u0151k kiskereskedelmi \u00e9rt\u00e9kes\u00edt\u00e9s\u00e9re vonatkoz\u00f3 t\u00f6rv\u00e9ny hat\u00e1ly\u00e1t<\/li>\n<li>Az olaj- \u00e9s g\u00e1zforr\u00e1sok diverzifik\u00e1l\u00e1sa<\/li>\n<li>Gondoskodunk a v\u00e9delmi biztons\u00e1gr\u00f3l: meg\u00e1llapod\u00e1st \u00edrtunk al\u00e1 a PATRIOT rendszer megv\u00e1s\u00e1rl\u00e1s\u00e1r\u00f3l<\/li>\n<li>A mindenki sz\u00e1m\u00e1ra egyenl\u0151 es\u00e9lyeket biztos\u00edt\u00f3 Lengyelorsz\u00e1got \u00e9p\u00edtj\u00fck, azt akarjuk, hogy a t\u00f6rv\u00e9nyek mindenki sz\u00e1m\u00e1ra egyenl\u0151ek legyenek, Lengyelorsz\u00e1g a mindenki sz\u00e1m\u00e1ra egyenl\u0151 es\u00e9lyeket biztos\u00edt\u00f3 orsz\u00e1g lesz.<\/li>\n<li>Nagyon j\u00f3 programunk van, de m\u00e9g sok \u00e9vre van sz\u00fcks\u00e9g\u00fcnk ahhoz, hogy megv\u00e1ltoztassuk Lengyelorsz\u00e1got.<\/li>\n<li>Lengyelorsz\u00e1g egyre fontosabb szerepet j\u00e1tszik Eur\u00f3p\u00e1ban \u00e9s az EU-ban, \u00e9s Lengyelorsz\u00e1got egyre ink\u00e1bb figyelembe veszik. Nagy siker\u00fcnk: nem lesz k\u00e9t k\u00f6lts\u00e9gvet\u00e9s az EU-ban, nem lesz k\u00e9tsebess\u00e9ges EU<\/li>\n<li>Nagy CH \u00e9s nagy irodah\u00e1zak megad\u00f3ztat\u00e1sa lesz, ez a mi nagy diadalunk.<\/li>\n<li>Lengyelorsz\u00e1g szuver\u00e9n \u00e1llam, \u00e9s a t\u0151l\u00fcnk elv\u00e1rt v\u00e1ltoz\u00e1sokat a mi felt\u00e9teleink szerint fogjuk v\u00e9grehajtani.<\/li>\n<li>Visszaszerezt\u00fck az \"eltemetett\" milli\u00e1rdokat, amelyekb\u0151l programjainkat finansz\u00edrozzuk. Erre az ad\u00f3rendszer lez\u00e1r\u00e1s\u00e1val van p\u00e9nz. Megvan a gazdas\u00e1gi modell\u00fcnk<\/li>\n<li>Fontos h\u00f3napok \u00e1llnak el\u0151tt\u00fcnk. Lengyelorsz\u00e1gba kell menn\u00fcnk, mert Lengyelorsz\u00e1g\u00e9rt \u00e9s a lengyelek\u00e9rt dolgozunk.<\/li>\n<li>A felel\u0151s fejl\u0151d\u00e9s terve egy t\u00f6bb \u00e9vre sz\u00f3l\u00f3 program, a v\u00e1ltoz\u00e1sokat l\u00e9p\u00e9sr\u0151l l\u00e9p\u00e9sre vezetj\u00fck be, hogy az emberek tudj\u00e1k, hogy ott vagyunk mellett\u00fck.<\/li>\n<\/ul>\n<p>Beata Szyd\u0142o minisztereln\u00f6k-helyettes azzal \u00e9rvelt, hogy a lengyel csal\u00e1dok tisztess\u00e9ges \u00e9let\u00e9t a feh\u00e9r \u00e9s a v\u00f6r\u00f6s csapat egy\u00fctt \u00e9rte el. A gyermekek \u00e9s a csal\u00e1d Lengyelorsz\u00e1g \u00e9s a j\u00f6v\u0151nk alapja, ez\u00e9rt:<\/p>\n<ul>\n<li>a fiatal any\u00e1knak sz\u00f3l\u00f3 l\u00e9tes\u00edtm\u00e9nyeket szeretn\u00e9nk bevezetni<\/li>\n<li>\u00a0ingyenes gy\u00f3gyszerprogram terhes n\u0151k sz\u00e1m\u00e1ra<\/li>\n<li>\u00a0nyugd\u00edj azon n\u0151k sz\u00e1m\u00e1ra, akik nem dolgoztak \u00e9s legal\u00e1bb 4 gyermeket neveltek fel<\/li>\n<\/ul>\n<p>A vars\u00f3i kongresszuson jelen volt t\u00f6bbek k\u00f6z\u00f6tt Marek Kuchci\u0144ski, a szejm eln\u00f6ke, Stanis\u0142aw Karczewski, a szen\u00e1tus eln\u00f6ke, miniszterek, parlamenti k\u00e9pvisel\u0151k.<\/p>\n<p><a href=\"https:\/\/marekkuchcinski.pl\/wp-content\/uploads\/2018\/04\/DSCF9361-1.jpg\"><img fetchpriority=\"high\" decoding=\"async\" class=\"alignnone size-full wp-image-9261\" src=\"https:\/\/marekkuchcinski.pl\/wp-content\/uploads\/2018\/04\/DSCF9361-1.jpg\" alt=\"DSCF9361 (1)\" width=\"3682\" height=\"2444\" srcset=\"https:\/\/marekkuchcinski.pl\/wp-content\/uploads\/2018\/04\/DSCF9361-1.jpg 2048w, https:\/\/marekkuchcinski.pl\/wp-content\/uploads\/2018\/04\/DSCF9361-1-300x199.jpg 300w, https:\/\/marekkuchcinski.pl\/wp-content\/uploads\/2018\/04\/DSCF9361-1-768x510.jpg 768w, https:\/\/marekkuchcinski.pl\/wp-content\/uploads\/2018\/04\/DSCF9361-1-1024x680.jpg 1024w\" sizes=\"(max-width: 3682px) 100vw, 3682px\" \/><\/a>A Jog \u00e9s Igazs\u00e1goss\u00e1g (PiS) p\u00e1rt vezet\u0151je bejelentette, hogy a PiS milyen \u00faton k\u00edv\u00e1n tov\u00e1bb besz\u00e9lgetni a lengyelekkel. - Folyamatosan dolgozni kell, mert a \"j\u00f3 v\u00e1ltoz\u00e1s\" folyamatos cselekv\u00e9st ig\u00e9nyel - mondta Jaros\u0142aw Kaczy\u0144ski.<a href=\"https:\/\/marekkuchcinski.pl\/wp-content\/uploads\/2018\/04\/DSCF9294-1.jpg\"><img decoding=\"async\" class=\"alignnone size-full wp-image-9245\" src=\"https:\/\/marekkuchcinski.pl\/wp-content\/uploads\/2018\/04\/DSCF9294-1.jpg\" alt=\"DSCF9294 (1)\" width=\"3574\" height=\"2317\" srcset=\"https:\/\/marekkuchcinski.pl\/wp-content\/uploads\/2018\/04\/DSCF9294-1.jpg 2048w, https:\/\/marekkuchcinski.pl\/wp-content\/uploads\/2018\/04\/DSCF9294-1-300x194.jpg 300w, https:\/\/marekkuchcinski.pl\/wp-content\/uploads\/2018\/04\/DSCF9294-1-768x498.jpg 768w, https:\/\/marekkuchcinski.pl\/wp-content\/uploads\/2018\/04\/DSCF9294-1-1024x664.jpg 1024w\" sizes=\"(max-width: 3574px) 100vw, 3574px\" \/><\/a><a href=\"https:\/\/marekkuchcinski.pl\/wp-content\/uploads\/2018\/04\/DSCF9305-2-1.jpg\"><img decoding=\"async\" class=\"alignnone size-full wp-image-9264\" src=\"https:\/\/marekkuchcinski.pl\/wp-content\/uploads\/2018\/04\/DSCF9305-2-1.jpg\" alt=\"DSCF9305 (2)\" width=\"4896\" height=\"2760\" srcset=\"https:\/\/marekkuchcinski.pl\/wp-content\/uploads\/2018\/04\/DSCF9305-2-1.jpg 2048w, https:\/\/marekkuchcinski.pl\/wp-content\/uploads\/2018\/04\/DSCF9305-2-1-300x169.jpg 300w, https:\/\/marekkuchcinski.pl\/wp-content\/uploads\/2018\/04\/DSCF9305-2-1-768x433.jpg 768w, https:\/\/marekkuchcinski.pl\/wp-content\/uploads\/2018\/04\/DSCF9305-2-1-1024x577.jpg 1024w\" sizes=\"(max-width: 4896px) 100vw, 4896px\" \/><\/a><a href=\"https:\/\/marekkuchcinski.pl\/wp-content\/uploads\/2018\/04\/DSCF9371-1.jpg\"><img loading=\"lazy\" decoding=\"async\" class=\"alignnone size-full wp-image-9244\" src=\"https:\/\/marekkuchcinski.pl\/wp-content\/uploads\/2018\/04\/DSCF9371-1.jpg\" alt=\"DSCF9371 (1)\" width=\"3761\" height=\"2498\" srcset=\"https:\/\/marekkuchcinski.pl\/wp-content\/uploads\/2018\/04\/DSCF9371-1.jpg 2048w, https:\/\/marekkuchcinski.pl\/wp-content\/uploads\/2018\/04\/DSCF9371-1-300x199.jpg 300w, https:\/\/marekkuchcinski.pl\/wp-content\/uploads\/2018\/04\/DSCF9371-1-768x510.jpg 768w, https:\/\/marekkuchcinski.pl\/wp-content\/uploads\/2018\/04\/DSCF9371-1-1024x680.jpg 1024w\" sizes=\"(max-width: 3761px) 100vw, 3761px\" \/><\/a><\/p>","protected":false},"excerpt":{"rendered":"<p>Program Dobry start, czyli 300 z\u0142 jako wyprawka co roku dla uczni\u00f3w do 18. roku \u017cycia, obni\u017cka CIT z 15 do 9 proc., program wsparcia dla senior\u00f3w, ni\u017cszy ZUS dla ma\u0142ych firm, powo\u0142anie funduszu dr\u00f3g lokalnych &#8211; to najwa\u017cniejsze propozycje, jakie podczas konwencji Prawa i Sprawiedliwo\u015bci w Warszawie przedstawi\u0142 premier Mateusz Morawiecki. Ponadto premier naszkicowa\u0142 [&hellip;]<\/p>\n","protected":false},"author":6,"featured_media":9244,"comment_status":"open","ping_status":"open","sticky":false,"template":"","format":"standard","meta":{"ngg_post_thumbnail":0,"footnotes":""},"categories":[82,3],"tags":[],"class_list":["post-9242","post","type-post","status-publish","format-standard","has-post-thumbnail","hentry","category-prawo-i-sprawiedliwosc","category-wydarzenia"],"_links":{"self":[{"href":"https:\/\/marekkuchcinski.pl\/hu\/wp-json\/wp\/v2\/posts\/9242","targetHints":{"allow":["GET"]}}],"collection":[{"href":"https:\/\/marekkuchcinski.pl\/hu\/wp-json\/wp\/v2\/posts"}],"about":[{"href":"https:\/\/marekkuchcinski.pl\/hu\/wp-json\/wp\/v2\/types\/post"}],"author":[{"embeddable":true,"href":"https:\/\/marekkuchcinski.pl\/hu\/wp-json\/wp\/v2\/users\/6"}],"replies":[{"embeddable":true,"href":"https:\/\/marekkuchcinski.pl\/hu\/wp-json\/wp\/v2\/comments?post=9242"}],"version-history":[{"count":3,"href":"https:\/\/marekkuchcinski.pl\/hu\/wp-json\/wp\/v2\/posts\/9242\/revisions"}],"predecessor-version":[{"id":9265,"href":"https:\/\/marekkuchcinski.pl\/hu\/wp-json\/wp\/v2\/posts\/9242\/revisions\/9265"}],"wp:featuredmedia":[{"embeddable":true,"href":"https:\/\/marekkuchcinski.pl\/hu\/wp-json\/wp\/v2\/media\/9244"}],"wp:attachment":[{"href":"https:\/\/marekkuchcinski.pl\/hu\/wp-json\/wp\/v2\/media?parent=9242"}],"wp:term":[{"taxonomy":"category","embeddable":true,"href":"https:\/\/marekkuchcinski.pl\/hu\/wp-json\/wp\/v2\/categories?post=9242"},{"taxonomy":"post_tag","embeddable":true,"href":"https:\/\/marekkuchcinski.pl\/hu\/wp-json\/wp\/v2\/tags?post=9242"}],"curies":[{"name":"wp","href":"https:\/\/api.w.org\/{rel}","templated":true}]}}