{"id":9206,"date":"2018-04-12T16:11:44","date_gmt":"2018-04-12T14:11:44","guid":{"rendered":"https:\/\/marekkuchcinski.pl\/?p=9206"},"modified":"2018-04-12T16:11:44","modified_gmt":"2018-04-12T14:11:44","slug":"marszalek-sejmu-okazji-80-lecia-obserwatorium-gorze-pop-iwan-ufam-ze-stanie-sie-miejscem-cennej-polsko-ukrainskiej-wspolpracy-naukowej","status":"publish","type":"post","link":"https:\/\/marekkuchcinski.pl\/hu\/wydarzenia\/marszalek-sejmu-okazji-80-lecia-obserwatorium-gorze-pop-iwan-ufam-ze-stanie-sie-miejscem-cennej-polsko-ukrainskiej-wspolpracy-naukowej\/","title":{"rendered":"A szejm eln\u00f6ke a Pop Ivan-hegyi csillagvizsg\u00e1l\u00f3 80. \u00e9vfordul\u00f3ja alkalm\u00e1b\u00f3l: B\u00edzom benne, hogy a csillagvizsg\u00e1l\u00f3 az \u00e9rt\u00e9kes lengyel-ukr\u00e1n tudom\u00e1nyos egy\u00fcttm\u0171k\u00f6d\u00e9s helysz\u00edne lesz."},"content":{"rendered":"<p>80 \u00e9vvel ezel\u0151tt hozt\u00e1k l\u00e9tre a Czarnohora Pop Ivan hegyen l\u00e9v\u0151 csillagvizsg\u00e1l\u00f3t. A Feh\u00e9r Elef\u00e1nt csillag\u00e1szati \u00e9s meteorol\u00f3giai obszervat\u00f3riumk\u00e9nt is szolg\u00e1lt (els\u0151sorban rep\u00fcl\u00e9si c\u00e9lokra). Ma a tudom\u00e1nyos kutat\u00e1s, az \u00f6kol\u00f3gia, az idegenforgalom, a hegyiment\u00e9s \u00e9s a region\u00e1lis fejleszt\u00e9s ter\u00e9n folytatott lengyel-ukr\u00e1n egyetemk\u00f6zi egy\u00fcttm\u0171k\u00f6d\u00e9s sz\u00e9p p\u00e9ld\u00e1ja.<\/p>\n<p>- Megel\u00e9ged\u00e9ssel \u00e9s elismer\u00e9ssel \u00e9rtes\u00fcltem arr\u00f3l, hogy ilyen m\u00e9lt\u00f3 megeml\u00e9kez\u00e9s t\u00f6rt\u00e9nt az objektumr\u00f3l, amely nemcsak a m\u00falt jelent\u0151s nyoma, hanem kultur\u00e1lis identit\u00e1sunk \u00e9s identit\u00e1sunk rendk\u00edv\u00fcl fontos r\u00e9sze is - \u00edrta a szejm eln\u00f6ke a csillagvizsg\u00e1l\u00f3 \u00e9vfordul\u00f3j\u00e1nak \u00fcnnepl\u00e9s\u00e9ben r\u00e9sztvev\u0151knek c\u00edmzett level\u00e9ben. - Ugyanakkor rem\u00e9lem, hogy a Vars\u00f3i Egyetem Kelet-Eur\u00f3pa K\u00f6zpontja \u00e9s az Ivano-Frankivszki K\u00e1rp\u00e1taljai Nemzeti Egyetem Vaszil Sztefanjk k\u00f6z\u00f6s kezdem\u00e9nyez\u00e9s\u00e9nek k\u00f6sz\u00f6nhet\u0151en a csillagvizsg\u00e1l\u00f3 hamarosan az \u00e9rt\u00e9kes lengyel-ukr\u00e1n tudom\u00e1nyos egy\u00fcttm\u0171k\u00f6d\u00e9s helysz\u00edn\u00e9v\u00e9 v\u00e1lik.<\/p>\n<p>Kuchci\u0144ski marsall hangs\u00falyozta, hogy nagy \u00e9rdekl\u0151d\u00e9ssel k\u00f6veti a fel\u00faj\u00edt\u00e1si munk\u00e1latok el\u0151rehalad\u00e1s\u00e1t.  Els\u0151sorban a t\u00f6rt\u00e9nelem \u00e9s az elm\u00falt gener\u00e1ci\u00f3k anyagi v\u00edvm\u00e1nyai ir\u00e1nti tiszteletb\u0151l, de szem\u00e9lyes okokb\u00f3l is. A csillagvizsg\u00e1l\u00f3t val\u00f3sz\u00edn\u0171leg a sz\u00fcl\u0151v\u00e1rosomban, Przemy\u015blben tal\u00e1lhat\u00f3 kast\u00e9lyr\u00f3l mint\u00e1zt\u00e1k. A K\u00e1rp\u00e1tok hegys\u00e9gben tal\u00e1lhat\u00f3, amelyet rendk\u00edv\u00fcl fontosnak tartok kontinens\u00fcnk t\u00e9rk\u00e9p\u00e9n, \u00e9s \u00fcdv\u00f6zl\u00f6k minden olyan kezdem\u00e9nyez\u00e9st, amely e r\u00e9gi\u00f3 csod\u00e1latos kultur\u00e1lis \u00f6r\u00f6ks\u00e9g\u00e9nek meg\u0151rz\u00e9s\u00e9re \u00e9s \u00e1pol\u00e1s\u00e1ra ir\u00e1nyul.<\/p>\n<p>&nbsp;<\/p>\n<p><em>\u00a0 \u00a0 \u00a0 \u00a0 \u00a0 \u00a0 \u00a0 \u00a0 \u00a0 \u00a0 \u00a0 \u00a0 \u00a0 \u00a0 \u00a0 \u00a0 \u00a0 \u00a0 \u00a0 \u00a0 \u00a0 \u00a0 \u00a0 \u00a0 \u00a0 \u00a0 \u00a0 \u00a0 \u00a0 \u00a0 \u00a0 \u00a0 \u00a0 \u00a0 \u00a0\u00a0<\/em><a href=\"https:\/\/marekkuchcinski.pl\/wp-content\/uploads\/2018\/04\/piwan.jpg\"><img fetchpriority=\"high\" decoding=\"async\" class=\"alignnone size-full wp-image-9210\" src=\"https:\/\/marekkuchcinski.pl\/wp-content\/uploads\/2018\/04\/piwan.jpg\" alt=\"piwan\" width=\"1200\" height=\"790\" srcset=\"https:\/\/marekkuchcinski.pl\/wp-content\/uploads\/2018\/04\/piwan.jpg 1200w, https:\/\/marekkuchcinski.pl\/wp-content\/uploads\/2018\/04\/piwan-300x198.jpg 300w, https:\/\/marekkuchcinski.pl\/wp-content\/uploads\/2018\/04\/piwan-768x506.jpg 768w, https:\/\/marekkuchcinski.pl\/wp-content\/uploads\/2018\/04\/piwan-1024x674.jpg 1024w\" sizes=\"(max-width: 1200px) 100vw, 1200px\" \/><\/a><a href=\"https:\/\/marekkuchcinski.pl\/wp-content\/uploads\/2018\/04\/Pop-Iwan.jpg\"><img decoding=\"async\" class=\"alignnone size-full wp-image-9211\" src=\"https:\/\/marekkuchcinski.pl\/wp-content\/uploads\/2018\/04\/Pop-Iwan.jpg\" alt=\"Pop Iwan\" width=\"4000\" height=\"3000\" srcset=\"https:\/\/marekkuchcinski.pl\/wp-content\/uploads\/2018\/04\/Pop-Iwan.jpg 2048w, https:\/\/marekkuchcinski.pl\/wp-content\/uploads\/2018\/04\/Pop-Iwan-300x225.jpg 300w, https:\/\/marekkuchcinski.pl\/wp-content\/uploads\/2018\/04\/Pop-Iwan-768x576.jpg 768w, https:\/\/marekkuchcinski.pl\/wp-content\/uploads\/2018\/04\/Pop-Iwan-1024x768.jpg 1024w\" sizes=\"(max-width: 4000px) 100vw, 4000px\" \/><\/a><\/p>\n<p><em>Fot\u00f3: Kelet-eur\u00f3pai Tanulm\u00e1nyok K\u00f6zpontja, Vars\u00f3i Egyetem<\/em><\/p>","protected":false},"excerpt":{"rendered":"<p>80 lat temu powo\u0142ano do \u017cycia\u00a0 obserwatorium na g\u00f3rze Pop Iwan w Czarnohorze. Bia\u0142y S\u0142o\u0144 pe\u0142ni\u0142 funkcj\u0119 zar\u00f3wno obserwatorium astronomicznego, jak i meteorologicznego (g\u0142\u00f3wnie dla potrzeb lotnictwa). Dzi\u015b jest on pi\u0119knym przyk\u0142adem polsko-ukrai\u0144skiej wsp\u00f3\u0142pracy mi\u0119dzyuniwersyteckiej na rzecz bada\u0144 naukowych, ekologii, turystyki, ratownictwa g\u00f3rskiego, rozwoju regionu. \u2013\u00a0Z\u00a0satysfakcj\u0105 i uznaniem przyj\u0105\u0142em informacj\u0119 o tak godnym uczczeniu obiektu, [&hellip;]<\/p>\n","protected":false},"author":6,"featured_media":9211,"comment_status":"open","ping_status":"open","sticky":false,"template":"","format":"standard","meta":{"ngg_post_thumbnail":0,"footnotes":""},"categories":[49,77,3],"tags":[],"class_list":["post-9206","post","type-post","status-publish","format-standard","has-post-thumbnail","hentry","category-podkarpacie","category-wazne-daty","category-wydarzenia"],"_links":{"self":[{"href":"https:\/\/marekkuchcinski.pl\/hu\/wp-json\/wp\/v2\/posts\/9206","targetHints":{"allow":["GET"]}}],"collection":[{"href":"https:\/\/marekkuchcinski.pl\/hu\/wp-json\/wp\/v2\/posts"}],"about":[{"href":"https:\/\/marekkuchcinski.pl\/hu\/wp-json\/wp\/v2\/types\/post"}],"author":[{"embeddable":true,"href":"https:\/\/marekkuchcinski.pl\/hu\/wp-json\/wp\/v2\/users\/6"}],"replies":[{"embeddable":true,"href":"https:\/\/marekkuchcinski.pl\/hu\/wp-json\/wp\/v2\/comments?post=9206"}],"version-history":[{"count":8,"href":"https:\/\/marekkuchcinski.pl\/hu\/wp-json\/wp\/v2\/posts\/9206\/revisions"}],"predecessor-version":[{"id":9219,"href":"https:\/\/marekkuchcinski.pl\/hu\/wp-json\/wp\/v2\/posts\/9206\/revisions\/9219"}],"wp:featuredmedia":[{"embeddable":true,"href":"https:\/\/marekkuchcinski.pl\/hu\/wp-json\/wp\/v2\/media\/9211"}],"wp:attachment":[{"href":"https:\/\/marekkuchcinski.pl\/hu\/wp-json\/wp\/v2\/media?parent=9206"}],"wp:term":[{"taxonomy":"category","embeddable":true,"href":"https:\/\/marekkuchcinski.pl\/hu\/wp-json\/wp\/v2\/categories?post=9206"},{"taxonomy":"post_tag","embeddable":true,"href":"https:\/\/marekkuchcinski.pl\/hu\/wp-json\/wp\/v2\/tags?post=9206"}],"curies":[{"name":"wp","href":"https:\/\/api.w.org\/{rel}","templated":true}]}}