{"id":9199,"date":"2018-04-12T18:26:57","date_gmt":"2018-04-12T16:26:57","guid":{"rendered":"https:\/\/marekkuchcinski.pl\/?p=9199"},"modified":"2018-04-13T16:25:57","modified_gmt":"2018-04-13T14:25:57","slug":"marszalek-sejmu-marek-kuchcinski-honorowym-obywatelem-miasta-przemysla","status":"publish","type":"post","link":"https:\/\/marekkuchcinski.pl\/hu\/wydarzenia\/marszalek-sejmu-marek-kuchcinski-honorowym-obywatelem-miasta-przemysla\/","title":{"rendered":"Marek Kuchci\u0144ski, a Szejm eln\u00f6ke Przemy\u015bl v\u00e1ros d\u00edszpolg\u00e1ra"},"content":{"rendered":"<p><strong>A przemy\u015bli v\u00e1rosi tan\u00e1cs a v\u00e1ros d\u00edszpolg\u00e1ri c\u00edm\u00e9t adom\u00e1nyozta Marek Kuchci\u0144ski szejmeln\u00f6knek. Az \u00e1ll\u00e1sfoglal\u00e1s mellett 12 tan\u00e1csos szavazott, 4 ellene, egy pedig tart\u00f3zkodott a szavaz\u00e1st\u00f3l.\u00a0<\/strong><\/p>\n<p>A przemy\u015bli v\u00e1rosi tan\u00e1cs eln\u00f6ke levelet kapott az egykori Polg\u00e1ri Szolidarit\u00e1si Bizotts\u00e1g tagjait\u00f3l, amelyben t\u00f6rv\u00e9nykezdem\u00e9nyez\u00e9s beny\u00fajt\u00e1s\u00e1ra tettek javaslatot. \"Przemy\u015bl V\u00e1ros K\u00e9pvisel\u0151-test\u00fclete, elismerve a kis \u00e9s nagy haz\u00e1nk jav\u00e1ra tan\u00fas\u00edtott hatalmas elk\u00f6telezetts\u00e9g\u00e9t \u00e9s elhivatotts\u00e1g\u00e1t, valamint a r\u00e9gi\u00f3 jav\u00e1ra v\u00e9gzett sok\u00e9ves lelkiismeretes munk\u00e1j\u00e1t, tov\u00e1bb\u00e1 kifejezve tisztelet\u00e9t a Lengyel K\u00f6zt\u00e1rsas\u00e1g Szejmj\u00e9nek eln\u00f6ki tiszts\u00e9ge ir\u00e1nt, Marek Tadeusz Kuchci\u0144ski \u00farnak a Przemy\u015bl V\u00e1ros D\u00edszpolg\u00e1ra c\u00edmet adom\u00e1nyozza, k\u00f6sz\u00f6net\u00e9t fejezve ki a v\u00e1ros nemzeti \u00e9s nemzetk\u00f6zi f\u00f3rumon val\u00f3 n\u00e9pszer\u0171s\u00edt\u00e9s\u00e9hez val\u00f3 hozz\u00e1\u00e1ll\u00e1s\u00e1\u00e9rt \u00e9s szem\u00e9lyes hozz\u00e1j\u00e1rul\u00e1s\u00e1\u00e9rt\" - \u00edrta Robert Choma, Przemy\u015bl polg\u00e1rmestere a hat\u00e1rozattervezetben.<\/p>\n<p>A v\u00e1rosi tan\u00e1cs \u00fcl\u00e9s\u00e9n Choma eln\u00f6k \u00far is azzal \u00e9rvelt, hogy teljesen indokolt, hogy a parlamentarizmus 550. \u00e9vfordul\u00f3j\u00e1n ezt a c\u00edmet a Szejm eln\u00f6k\u00e9nek, az orsz\u00e1g m\u00e1sodik ember\u00e9nek, egy przemy\u015bli sz\u00fcl\u00f6ttnek adom\u00e1nyozz\u00e1k.<\/p>\n<p>Lucyna Podhalicz, Podkarpacie vajd\u00e1j\u00e1nak helyettese is \u00fagy v\u00e9li, hogy Marek Kuchci\u0144ski marsall meg\u00e9rdemli ezt a kit\u00fcntet\u00e9st. - \u0150 a kezdem\u00e9nyez\u0151je a przemy\u015bli Kelet-eur\u00f3pai \u00c1llami Egyetem l\u00e9trehoz\u00e1s\u00e1nak, a Kelet-Lengyelorsz\u00e1g\u00e9rt Program elfogad\u00e1s\u00e1nak, amelyb\u0151l a przemy\u015bli elker\u00fcl\u0151 \u00fat meg\u00e9p\u00edt\u00e9s\u00e9t finansz\u00edrozt\u00e1k. Marek Kuchci\u0144ski er\u0151fesz\u00edt\u00e9seinek eredm\u00e9nyek\u00e9ppen Przemy\u015blben tal\u00e1lhat\u00f3 a Podkarpacki Urz\u0105d Celno-Skarbowy (Podkarpacki V\u00e1m- \u00e9s j\u00f6ved\u00e9ki hivatal) \u00e9s a Nemzeti Ad\u00f3\u00fcgyi Iskola egy fi\u00f3kja. A szejm marsallja a K\u00e1rp\u00e1tok nemzetk\u00f6zi programj\u00e1nak kezdem\u00e9nyez\u0151je is, bele\u00e9rtve a Via Carpatia nemzetk\u00f6zi \u00fatvonal l\u00e9trehoz\u00e1s\u00e1t. \u0150 az egyetlen przemy\u015bln\u00f3i polg\u00e1r, aki eddig a korabeli Szejm eln\u00f6ks\u00e9g\u00e9ben \u00fclt, el\u0151sz\u00f6r alvez\u00e9rk\u00e9nt, majd marsallk\u00e9nt\" - \u00e9rvel.<\/p>\n<p>Az 1980-as \u00e9vekben Marek Kuchci\u0144ski megszervezte a f\u00fcggetlen kultur\u00e1lis k\u00f6rnyezetet Przemy\u015blben, a Strych Kulturalny (Kultur\u00e1lis padl\u00e1s) c\u00edm\u0171 negyed\u00e9ves foly\u00f3iratot adta ki \u00e9s t\u00e1rsszerkesztette a cenz\u00far\u00e1n k\u00edv\u00fcl. Akt\u00edvan r\u00e9szt vett a f\u00fcggetlen parasztmozgalomban - t\u00f6bbek k\u00f6z\u00f6tt tagja volt az \u00d6sszlengyelorsz\u00e1gi F\u00f6ldm\u0171vesek Ellen\u00e1ll\u00e1si Bizotts\u00e1g\u00e1nak. 1983-1989 k\u00f6z\u00f6tt, szint\u00e9n cenz\u00far\u00e1zatlanul, t\u00e1rsszervez\u0151je volt a Przemy\u015bl-i Kereszt\u00e9ny Kultur\u00e1lis Napoknak \u00e9s az \"Ember - Isten - Vil\u00e1g\" nemzetk\u00f6zi m\u0171v\u00e9szeti ki\u00e1ll\u00edt\u00e1soknak. 1985-ben ellenz\u00e9ki tev\u00e9kenys\u00e9g miatt letart\u00f3ztatt\u00e1k. 1989-ben t\u00e1rsalap\u00edt\u00f3ja volt a \"Szolidarit\u00e1s\" polg\u00e1ri bizotts\u00e1gnak a Przemy\u015bli vajdas\u00e1gban. 1990-1992 k\u00f6z\u00f6tt tagja volt a Lech Wa\u0142\u0119sa vezette Nemzeti Szolidarit\u00e1s Polg\u00e1ri Bizotts\u00e1g\u00e1nak. 1990-1999 k\u00f6z\u00f6tt a Meg\u00e1llapod\u00e1s K\u00f6zpont tagja \u00e9s a Przemysl Kultur\u00e1lis Egyes\u00fclet eln\u00f6ke, a \"Spojrzenia Przemyskie\" c\u00edm\u0171 negyed\u00e9ves foly\u00f3irat kiad\u00f3ja, a Lengyel \u00dajs\u00e1g\u00edr\u00f3k Sz\u00f6vets\u00e9ge Rzesz\u00f3wi Tagozat\u00e1nak aleln\u00f6ke \u00e9s a Lengyel R\u00e1di\u00f3 Rzesz\u00f3wi M\u0171sorszolg\u00e1ltat\u00e1si Tan\u00e1cs\u00e1nak eln\u00f6ke volt. 1994 \u00e9s 1999 k\u00f6z\u00f6tt tan\u00e1csos volt Przemy\u015blben. 1990 \u00e9s 1999 k\u00f6z\u00f6tt a Megegyez\u00e9s K\u00f6zpontj\u00e1nak tagja volt, a p\u00e1rt vezet\u0151je a Przemy\u015bli vajdas\u00e1gban.<\/p>\n<p>1999 \u00e9s 2001 k\u00f6z\u00f6tt a Podkarpatszkaja vajdas\u00e1g korm\u00e1nyz\u00f3helyettesi tiszts\u00e9g\u00e9t t\u00f6lt\u00f6tte be. 2001 \u00f3ta a Szejm tagja, egym\u00e1st k\u00f6vet\u0151 ciklusokban a Jog \u00e9s Igazs\u00e1g\u00fcgy k\u00e9pvisel\u0151jek\u00e9nt. 2010. augusztus 4-\u00e9n a Szejm 6. ciklus\u00e1nak aleln\u00f6ke lettem, 2011. november 8-\u00e1n pedig - A Szejm 7. ciklus\u00e1nak aleln\u00f6ke. 2015. november 12. \u00f3ta a Szejm 8. ciklus\u00e1nak eln\u00f6ke.<\/p>\n<p>&nbsp;<\/p>\n<h3><strong><span style=\"color: #2f91c2;\"><a style=\"color: #2f91c2;\" href=\"https:\/\/marekkuchcinski.pl\/wp-content\/uploads\/2018\/04\/Uchwa\u0142a-HOMP.pdf\">Felbont\u00e1s\u00a0<\/a><\/span><\/strong><\/h3>\n<p>&nbsp;<\/p>\n<p><a href=\"https:\/\/marekkuchcinski.pl\/wp-content\/uploads\/2018\/04\/husar.jpg\"><img fetchpriority=\"high\" decoding=\"async\" class=\"alignnone size-full wp-image-9200\" src=\"https:\/\/marekkuchcinski.pl\/wp-content\/uploads\/2018\/04\/husar.jpg\" alt=\"husar\" width=\"1549\" height=\"1015\" srcset=\"https:\/\/marekkuchcinski.pl\/wp-content\/uploads\/2018\/04\/husar.jpg 1549w, https:\/\/marekkuchcinski.pl\/wp-content\/uploads\/2018\/04\/husar-300x197.jpg 300w, https:\/\/marekkuchcinski.pl\/wp-content\/uploads\/2018\/04\/husar-768x503.jpg 768w, https:\/\/marekkuchcinski.pl\/wp-content\/uploads\/2018\/04\/husar-1024x671.jpg 1024w\" sizes=\"(max-width: 1549px) 100vw, 1549px\" \/><\/a>A szejm eln\u00f6ke a przemy\u015bli Dominika\u0144ski t\u00e9ren egy l\u00e1ndzs\u00e1s \u00e9s egy husz\u00e1r eml\u00e9km\u0171v\u00e9nek leleplez\u00e9s\u00e9n.<em> Fot\u00f3: Pawe\u0142 Kula \/ Sejm<\/em><\/p>","protected":false},"excerpt":{"rendered":"<p>Rada Miasta Przemy\u015bla przyzna\u0142a marsza\u0142kowi Sejmu Markowi Kuchci\u0144skiemu tytu\u0142 Honorowego Obywatela Miasta. Za przyj\u0119ciem uchwa\u0142y by\u0142o 12 radnych, przeciwko 4, jeden wstrzyma\u0142 si\u0119 od g\u0142osu.\u00a0 Do przewodnicz\u0105cego Rady Miejskiej w Przemy\u015blu wp\u0142yn\u0119\u0142o pismo cz\u0142onk\u00f3w by\u0142ego Obywatelskiego Komitetu \u201eSolidarno\u015b\u0107\u201d z propozycj\u0105 wyst\u0105pienia z inicjatyw\u0105 ustawodawcz\u0105. \u201eUznaj\u0105c ogromne zaanga\u017cowanie i po\u015bwi\u0119cenie dla dobra ma\u0142ej i du\u017cej Ojczyzny [&hellip;]<\/p>\n","protected":false},"author":6,"featured_media":9200,"comment_status":"open","ping_status":"open","sticky":false,"template":"","format":"standard","meta":{"ngg_post_thumbnail":0,"footnotes":""},"categories":[49,3],"tags":[],"class_list":["post-9199","post","type-post","status-publish","format-standard","has-post-thumbnail","hentry","category-podkarpacie","category-wydarzenia"],"_links":{"self":[{"href":"https:\/\/marekkuchcinski.pl\/hu\/wp-json\/wp\/v2\/posts\/9199","targetHints":{"allow":["GET"]}}],"collection":[{"href":"https:\/\/marekkuchcinski.pl\/hu\/wp-json\/wp\/v2\/posts"}],"about":[{"href":"https:\/\/marekkuchcinski.pl\/hu\/wp-json\/wp\/v2\/types\/post"}],"author":[{"embeddable":true,"href":"https:\/\/marekkuchcinski.pl\/hu\/wp-json\/wp\/v2\/users\/6"}],"replies":[{"embeddable":true,"href":"https:\/\/marekkuchcinski.pl\/hu\/wp-json\/wp\/v2\/comments?post=9199"}],"version-history":[{"count":14,"href":"https:\/\/marekkuchcinski.pl\/hu\/wp-json\/wp\/v2\/posts\/9199\/revisions"}],"predecessor-version":[{"id":9238,"href":"https:\/\/marekkuchcinski.pl\/hu\/wp-json\/wp\/v2\/posts\/9199\/revisions\/9238"}],"wp:featuredmedia":[{"embeddable":true,"href":"https:\/\/marekkuchcinski.pl\/hu\/wp-json\/wp\/v2\/media\/9200"}],"wp:attachment":[{"href":"https:\/\/marekkuchcinski.pl\/hu\/wp-json\/wp\/v2\/media?parent=9199"}],"wp:term":[{"taxonomy":"category","embeddable":true,"href":"https:\/\/marekkuchcinski.pl\/hu\/wp-json\/wp\/v2\/categories?post=9199"},{"taxonomy":"post_tag","embeddable":true,"href":"https:\/\/marekkuchcinski.pl\/hu\/wp-json\/wp\/v2\/tags?post=9199"}],"curies":[{"name":"wp","href":"https:\/\/api.w.org\/{rel}","templated":true}]}}