{"id":9127,"date":"2018-04-10T13:35:38","date_gmt":"2018-04-10T11:35:38","guid":{"rendered":"https:\/\/marekkuchcinski.pl\/?p=9127"},"modified":"2018-04-11T09:18:39","modified_gmt":"2018-04-11T07:18:39","slug":"obchody-osmej-rocznicy-katastrofy-smolenskiej","status":"publish","type":"post","link":"https:\/\/marekkuchcinski.pl\/hu\/wydarzenia\/obchody-osmej-rocznicy-katastrofy-smolenskiej\/","title":{"rendered":"A szmolenszki katasztr\u00f3fa nyolcadik \u00e9vfordul\u00f3ja"},"content":{"rendered":"<p>Nyolc \u00e9vvel ezel\u0151tt a Lengyel K\u00f6zt\u00e1rsas\u00e1g k\u00e9pvisel\u0151i, \u00e9l\u00fck\u00f6n Lech Kaczy\u0144ski eln\u00f6kkel \u00e9s feles\u00e9g\u00e9vel, Szmolenszkben haltak meg, mik\u00f6zben haz\u00e1juk ir\u00e1nti k\u00f6teless\u00e9g\u00fcket teljes\u00edtett\u00e9k. Az Isteni Irgalmass\u00e1g \u00fcnnepe el\u0151tti napon Lengyelorsz\u00e1g elvesztette - ahogyan a szmolenszki epit\u00e1fiumban \u00edrt\u00e1k - \"a forr\u00e1sok \u00e9s az eml\u00e9kezet \u0151rz\u0151it, akiket a haza sorsa terhel\". Az \u00e1prilis 10-i nap a k\u00f6zelm\u00falt lengyel t\u00f6rt\u00e9nelm\u00e9ben minden gener\u00e1ci\u00f3 sz\u00e1m\u00e1ra cez\u00far\u00e1v\u00e1 v\u00e1lt, a keleten elszenvedett \u00fajabb nemzeti trag\u00e9dia szimb\u00f3lum\u00e1v\u00e1.<\/p>\n<p>Lech Kaczy\u0144ski eln\u00f6k munk\u00e1ja \u00e9s eszm\u00e9i befejezetlen\u00fcl maradtak, \u00e9s nagy kollekt\u00edv szomor\u00fas\u00e1ggal t\u00f6lt\u00f6tt el benn\u00fcnket, hogy sz\u00e1m\u0171zet\u00e9sben haltak meg, rep\u00fclve, hogy eml\u00e9kezz\u00fcnk a m\u00faltunkra, hogy kifejezz\u00fck az igazs\u00e1got \u00e9s az eml\u00e9kez\u00e9st.<\/p>\n<p>Ma a mi k\u00f6teless\u00e9g\u00fcnk, hogy kifejezz\u00fck az igazs\u00e1got, \u00e9s eml\u00e9ket \u00e1ll\u00edtsunk \u00e9let\u00fcknek \u00e9s hal\u00e1luknak. Haz\u00e1nk \u00e9rdek\u00e9ben, a j\u00f6v\u0151 nemzed\u00e9kek \u00e9rdek\u00e9ben \u00e9s Isten nev\u00e9ben nem szabad elfelejten\u00fcnk.<\/p>\n<p>Akkor, 2010-ben azt rem\u00e9lt\u00fck, hogy ebb\u0151l a sz\u00e9les k\u00f6r\u0171 nemzeti gy\u00e1szb\u00f3l politikai k\u00f6z\u00f6ss\u00e9g alakul ki, de ezek az \u00e1lmok nem v\u00e1ltak val\u00f3ra. A k\u00f6z\u00f6ss\u00e9g\u00e9rt, az \u00e1llam \u00e1ltal v\u00e9dett m\u00e9lt\u00f3s\u00e1g\u00e9rt val\u00f3 nagy k\u00f6z\u00f6s ki\u00e1lt\u00e1st felv\u00e1ltotta az igazs\u00e1g\u00e9rt folytatott harc a r\u00e1galmaz\u00f3kkal szemben, \u00e9s a n\u00e9hai eln\u00f6kre, feles\u00e9g\u00e9re \u00e9s a trag\u00e9dia \u00f6sszes \u00e1ldozat\u00e1ra val\u00f3 megeml\u00e9kez\u00e9s lehet\u0151s\u00e9ge. A szmolenszki trag\u00e9di\u00e1b\u00f3l sz\u00e1rmaz\u00f3 k\u00f6z\u00f6s tapasztalatainkb\u00f3l az a szil\u00e1rd meggy\u0151z\u0151d\u00e9s\u00fcnk sz\u00fcletett, hogy f\u00fcggetlen \u00e9s szuver\u00e9n \u00e1llamunk fontos, hogy n\u00e9lk\u00fcle egyed\u00fcl vagyunk, hogy mindannyian felel\u0151sek vagyunk \u00e9rte, \u00e9s hogy k\u00f6teless\u00e9g\u00fcnk a k\u00f6zt\u00e1rsas\u00e1got szolg\u00e1lni.<\/p>\n<p><em>Marek Kuchci\u0144ski<\/em><\/p>\n<p>Marek Kuchci\u0144ski, a szejm eln\u00f6ke r\u00e9szt vett a szmolenszki katasztr\u00f3fa \u00e1ldozatai el\u0151tt tisztelg\u0151 \u00e1llami \u00fcnneps\u00e9geken.<\/p>\n<p><a href=\"https:\/\/marekkuchcinski.pl\/wp-content\/uploads\/2018\/04\/RZ__3997a-1.jpg\"><img fetchpriority=\"high\" decoding=\"async\" class=\"alignnone size-full wp-image-9155\" src=\"https:\/\/marekkuchcinski.pl\/wp-content\/uploads\/2018\/04\/RZ__3997a-1.jpg\" alt=\"RZ__3997a\" width=\"2835\" height=\"1890\" srcset=\"https:\/\/marekkuchcinski.pl\/wp-content\/uploads\/2018\/04\/RZ__3997a-1.jpg 2048w, https:\/\/marekkuchcinski.pl\/wp-content\/uploads\/2018\/04\/RZ__3997a-1-300x200.jpg 300w, https:\/\/marekkuchcinski.pl\/wp-content\/uploads\/2018\/04\/RZ__3997a-1-768x512.jpg 768w, https:\/\/marekkuchcinski.pl\/wp-content\/uploads\/2018\/04\/RZ__3997a-1-1024x683.jpg 1024w\" sizes=\"(max-width: 2835px) 100vw, 2835px\" \/><\/a><a href=\"https:\/\/marekkuchcinski.pl\/wp-content\/uploads\/2018\/04\/RZ__4019.jpg\"><img decoding=\"async\" class=\"alignnone size-full wp-image-9141\" src=\"https:\/\/marekkuchcinski.pl\/wp-content\/uploads\/2018\/04\/RZ__4019.jpg\" alt=\"RZ__4019\" width=\"2594\" height=\"1754\" srcset=\"https:\/\/marekkuchcinski.pl\/wp-content\/uploads\/2018\/04\/RZ__4019.jpg 2048w, https:\/\/marekkuchcinski.pl\/wp-content\/uploads\/2018\/04\/RZ__4019-300x203.jpg 300w, https:\/\/marekkuchcinski.pl\/wp-content\/uploads\/2018\/04\/RZ__4019-768x519.jpg 768w, https:\/\/marekkuchcinski.pl\/wp-content\/uploads\/2018\/04\/RZ__4019-1024x692.jpg 1024w\" sizes=\"(max-width: 2594px) 100vw, 2594px\" \/><\/a>A szejm \u00e9s a szen\u00e1tus eln\u00f6ke vir\u00e1got helyezett el a 8 \u00e9vvel ezel\u0151tt tragikusan elhunyt k\u00e9pvisel\u0151k \u00e9s szen\u00e1torok eml\u00e9kt\u00e1bl\u00e1ja alatt, akik Katynba tartva haltak meg.<a href=\"https:\/\/marekkuchcinski.pl\/wp-content\/uploads\/2018\/04\/RZ__3991-1.jpg\"><img decoding=\"async\" class=\"alignnone size-full wp-image-9160\" src=\"https:\/\/marekkuchcinski.pl\/wp-content\/uploads\/2018\/04\/RZ__3991-1.jpg\" alt=\"RZ__3991\" width=\"3360\" height=\"2240\" srcset=\"https:\/\/marekkuchcinski.pl\/wp-content\/uploads\/2018\/04\/RZ__3991-1.jpg 2048w, https:\/\/marekkuchcinski.pl\/wp-content\/uploads\/2018\/04\/RZ__3991-1-300x200.jpg 300w, https:\/\/marekkuchcinski.pl\/wp-content\/uploads\/2018\/04\/RZ__3991-1-768x512.jpg 768w, https:\/\/marekkuchcinski.pl\/wp-content\/uploads\/2018\/04\/RZ__3991-1-1024x683.jpg 1024w\" sizes=\"(max-width: 3360px) 100vw, 3360px\" \/><\/a>Tisztelg\u00e9s Maciej P\u0142a\u017cy\u0144ski, a 3. szejm eln\u00f6ke el\u0151tt<a href=\"https:\/\/marekkuchcinski.pl\/wp-content\/uploads\/2018\/04\/RZ__3902.jpg\"><img loading=\"lazy\" decoding=\"async\" class=\"alignnone size-full wp-image-9137\" src=\"https:\/\/marekkuchcinski.pl\/wp-content\/uploads\/2018\/04\/RZ__3902.jpg\" alt=\"RZ__3902\" width=\"3360\" height=\"2240\" srcset=\"https:\/\/marekkuchcinski.pl\/wp-content\/uploads\/2018\/04\/RZ__3902.jpg 2048w, https:\/\/marekkuchcinski.pl\/wp-content\/uploads\/2018\/04\/RZ__3902-300x200.jpg 300w, https:\/\/marekkuchcinski.pl\/wp-content\/uploads\/2018\/04\/RZ__3902-768x512.jpg 768w, https:\/\/marekkuchcinski.pl\/wp-content\/uploads\/2018\/04\/RZ__3902-1024x683.jpg 1024w\" sizes=\"(max-width: 3360px) 100vw, 3360px\" \/><\/a>A marsallok vir\u00e1gokat helyeztek el a Lech Kaczy\u0144ski eln\u00f6k eml\u00e9kt\u00e1bl\u00e1j\u00e1n\u00e1l<a href=\"https:\/\/marekkuchcinski.pl\/wp-content\/uploads\/2018\/04\/KU300213.jpg\"><img loading=\"lazy\" decoding=\"async\" class=\"alignnone size-full wp-image-9128\" src=\"https:\/\/marekkuchcinski.pl\/wp-content\/uploads\/2018\/04\/KU300213.jpg\" alt=\"KU300213\" width=\"2736\" height=\"1824\" srcset=\"https:\/\/marekkuchcinski.pl\/wp-content\/uploads\/2018\/04\/KU300213.jpg 2048w, https:\/\/marekkuchcinski.pl\/wp-content\/uploads\/2018\/04\/KU300213-300x200.jpg 300w, https:\/\/marekkuchcinski.pl\/wp-content\/uploads\/2018\/04\/KU300213-768x512.jpg 768w, https:\/\/marekkuchcinski.pl\/wp-content\/uploads\/2018\/04\/KU300213-1024x683.jpg 1024w\" sizes=\"(max-width: 2736px) 100vw, 2736px\" \/><\/a> <a href=\"https:\/\/marekkuchcinski.pl\/wp-content\/uploads\/2018\/04\/KU300332.jpg\"><img loading=\"lazy\" decoding=\"async\" class=\"alignnone size-full wp-image-9129\" src=\"https:\/\/marekkuchcinski.pl\/wp-content\/uploads\/2018\/04\/KU300332.jpg\" alt=\"KU300332\" width=\"1911\" height=\"1267\" srcset=\"https:\/\/marekkuchcinski.pl\/wp-content\/uploads\/2018\/04\/KU300332.jpg 1911w, https:\/\/marekkuchcinski.pl\/wp-content\/uploads\/2018\/04\/KU300332-300x199.jpg 300w, https:\/\/marekkuchcinski.pl\/wp-content\/uploads\/2018\/04\/KU300332-768x509.jpg 768w, https:\/\/marekkuchcinski.pl\/wp-content\/uploads\/2018\/04\/KU300332-1024x679.jpg 1024w\" sizes=\"(max-width: 1911px) 100vw, 1911px\" \/><\/a> Tisztelg\u00e9s a Lengyel K\u00f6zt\u00e1rsas\u00e1g utols\u00f3 sz\u00e1m\u0171zet\u00e9sben \u00e9l\u0151 eln\u00f6ke, Ryszard Kaczorowski el\u0151tt a Nagy Lengyelek Pantheonj\u00e1ban, az Isteni Gondvisel\u00e9s Templom\u00e1ban.<span style=\"text-decoration: underline;\"><img loading=\"lazy\" decoding=\"async\" class=\"alignnone size-full wp-image-9130\" src=\"https:\/\/marekkuchcinski.pl\/wp-content\/uploads\/2018\/04\/KU309770.jpg\" alt=\"KU309770\" width=\"2736\" height=\"1824\" srcset=\"https:\/\/marekkuchcinski.pl\/wp-content\/uploads\/2018\/04\/KU309770.jpg 2048w, https:\/\/marekkuchcinski.pl\/wp-content\/uploads\/2018\/04\/KU309770-300x200.jpg 300w, https:\/\/marekkuchcinski.pl\/wp-content\/uploads\/2018\/04\/KU309770-768x512.jpg 768w, https:\/\/marekkuchcinski.pl\/wp-content\/uploads\/2018\/04\/KU309770-1024x683.jpg 1024w\" sizes=\"(max-width: 2736px) 100vw, 2736px\" \/><\/span>\u00a0Szentmise a szmolenszki katasztr\u00f3fa \u00e1ldozatainak sz\u00e1nd\u00e9k\u00e1ra a krakk\u00f3i Przedmie\u015bcie szemin\u00e1riumi templomban: Im\u00e1dkozzunk a Szentegyh\u00e1z\u00e9rt, hogy az irgalmass\u00e1g egy\u00e9rtelm\u0171 jel\u00e9v\u00e9 v\u00e1ljon \u00e9s Istenhez vonzza az embereket, hogy meg\u0151rizhess\u00e9k lengyel \u00e9s kereszt\u00e9ny identit\u00e1sukat, \u00e9s hogy a keresztet a legnagyobb tiszteletben tarts\u00e1k. K\u00f6ny\u00f6rg\u00fcnk Hozz\u00e1d<a href=\"https:\/\/marekkuchcinski.pl\/wp-content\/uploads\/2018\/04\/KU309813.jpg\"><img loading=\"lazy\" decoding=\"async\" class=\"alignnone size-full wp-image-9132\" src=\"https:\/\/marekkuchcinski.pl\/wp-content\/uploads\/2018\/04\/KU309813.jpg\" alt=\"KU309813\" width=\"2736\" height=\"1824\" srcset=\"https:\/\/marekkuchcinski.pl\/wp-content\/uploads\/2018\/04\/KU309813.jpg 2048w, https:\/\/marekkuchcinski.pl\/wp-content\/uploads\/2018\/04\/KU309813-300x200.jpg 300w, https:\/\/marekkuchcinski.pl\/wp-content\/uploads\/2018\/04\/KU309813-768x512.jpg 768w, https:\/\/marekkuchcinski.pl\/wp-content\/uploads\/2018\/04\/KU309813-1024x683.jpg 1024w\" sizes=\"(max-width: 2736px) 100vw, 2736px\" \/><\/a> <a href=\"https:\/\/marekkuchcinski.pl\/wp-content\/uploads\/2018\/04\/KU309877.jpg\"><img loading=\"lazy\" decoding=\"async\" class=\"alignnone size-full wp-image-9134\" src=\"https:\/\/marekkuchcinski.pl\/wp-content\/uploads\/2018\/04\/KU309877.jpg\" alt=\"KU309877\" width=\"2736\" height=\"1824\" srcset=\"https:\/\/marekkuchcinski.pl\/wp-content\/uploads\/2018\/04\/KU309877.jpg 2048w, https:\/\/marekkuchcinski.pl\/wp-content\/uploads\/2018\/04\/KU309877-300x200.jpg 300w, https:\/\/marekkuchcinski.pl\/wp-content\/uploads\/2018\/04\/KU309877-768x512.jpg 768w, https:\/\/marekkuchcinski.pl\/wp-content\/uploads\/2018\/04\/KU309877-1024x683.jpg 1024w\" sizes=\"(max-width: 2736px) 100vw, 2736px\" \/><\/a> <a href=\"https:\/\/marekkuchcinski.pl\/wp-content\/uploads\/2018\/04\/KU309982.jpg\"><img loading=\"lazy\" decoding=\"async\" class=\"alignnone size-full wp-image-9136\" src=\"https:\/\/marekkuchcinski.pl\/wp-content\/uploads\/2018\/04\/KU309982.jpg\" alt=\"KU309982\" width=\"1996\" height=\"1116\" srcset=\"https:\/\/marekkuchcinski.pl\/wp-content\/uploads\/2018\/04\/KU309982.jpg 1996w, https:\/\/marekkuchcinski.pl\/wp-content\/uploads\/2018\/04\/KU309982-300x168.jpg 300w, https:\/\/marekkuchcinski.pl\/wp-content\/uploads\/2018\/04\/KU309982-768x429.jpg 768w, https:\/\/marekkuchcinski.pl\/wp-content\/uploads\/2018\/04\/KU309982-1024x573.jpg 1024w\" sizes=\"(max-width: 1996px) 100vw, 1996px\" \/><\/a> Eln\u00f6ki palota<a href=\"https:\/\/marekkuchcinski.pl\/wp-content\/uploads\/2018\/04\/RZ__4081.jpg\"><img loading=\"lazy\" decoding=\"async\" class=\"alignnone size-full wp-image-9142\" src=\"https:\/\/marekkuchcinski.pl\/wp-content\/uploads\/2018\/04\/RZ__4081.jpg\" alt=\"RZ__4081\" width=\"3360\" height=\"2240\" srcset=\"https:\/\/marekkuchcinski.pl\/wp-content\/uploads\/2018\/04\/RZ__4081.jpg 2048w, https:\/\/marekkuchcinski.pl\/wp-content\/uploads\/2018\/04\/RZ__4081-300x200.jpg 300w, https:\/\/marekkuchcinski.pl\/wp-content\/uploads\/2018\/04\/RZ__4081-768x512.jpg 768w, https:\/\/marekkuchcinski.pl\/wp-content\/uploads\/2018\/04\/RZ__4081-1024x683.jpg 1024w\" sizes=\"(max-width: 3360px) 100vw, 3360px\" \/><\/a> <a href=\"https:\/\/marekkuchcinski.pl\/wp-content\/uploads\/2018\/04\/RZ__4199.jpg\"><img loading=\"lazy\" decoding=\"async\" class=\"alignnone size-full wp-image-9143\" src=\"https:\/\/marekkuchcinski.pl\/wp-content\/uploads\/2018\/04\/RZ__4199.jpg\" alt=\"RZ__4199\" width=\"3360\" height=\"2240\" srcset=\"https:\/\/marekkuchcinski.pl\/wp-content\/uploads\/2018\/04\/RZ__4199.jpg 2048w, https:\/\/marekkuchcinski.pl\/wp-content\/uploads\/2018\/04\/RZ__4199-300x200.jpg 300w, https:\/\/marekkuchcinski.pl\/wp-content\/uploads\/2018\/04\/RZ__4199-768x512.jpg 768w, https:\/\/marekkuchcinski.pl\/wp-content\/uploads\/2018\/04\/RZ__4199-1024x683.jpg 1024w\" sizes=\"(max-width: 3360px) 100vw, 3360px\" \/><\/a> <a href=\"https:\/\/marekkuchcinski.pl\/wp-content\/uploads\/2018\/04\/RZ__4212.jpg\"><img loading=\"lazy\" decoding=\"async\" class=\"alignnone size-full wp-image-9144\" src=\"https:\/\/marekkuchcinski.pl\/wp-content\/uploads\/2018\/04\/RZ__4212.jpg\" alt=\"RZ__4212\" width=\"3360\" height=\"2240\" srcset=\"https:\/\/marekkuchcinski.pl\/wp-content\/uploads\/2018\/04\/RZ__4212.jpg 2048w, https:\/\/marekkuchcinski.pl\/wp-content\/uploads\/2018\/04\/RZ__4212-300x200.jpg 300w, https:\/\/marekkuchcinski.pl\/wp-content\/uploads\/2018\/04\/RZ__4212-768x512.jpg 768w, https:\/\/marekkuchcinski.pl\/wp-content\/uploads\/2018\/04\/RZ__4212-1024x683.jpg 1024w\" sizes=\"(max-width: 3360px) 100vw, 3360px\" \/><\/a> <a href=\"https:\/\/marekkuchcinski.pl\/wp-content\/uploads\/2018\/04\/RZ__4388.jpg\"><img loading=\"lazy\" decoding=\"async\" class=\"alignnone size-full wp-image-9147\" src=\"https:\/\/marekkuchcinski.pl\/wp-content\/uploads\/2018\/04\/RZ__4388.jpg\" alt=\"RZ__4388\" width=\"3360\" height=\"2240\" srcset=\"https:\/\/marekkuchcinski.pl\/wp-content\/uploads\/2018\/04\/RZ__4388.jpg 2048w, https:\/\/marekkuchcinski.pl\/wp-content\/uploads\/2018\/04\/RZ__4388-300x200.jpg 300w, https:\/\/marekkuchcinski.pl\/wp-content\/uploads\/2018\/04\/RZ__4388-768x512.jpg 768w, https:\/\/marekkuchcinski.pl\/wp-content\/uploads\/2018\/04\/RZ__4388-1024x683.jpg 1024w\" sizes=\"(max-width: 3360px) 100vw, 3360px\" \/><\/a> <a href=\"https:\/\/marekkuchcinski.pl\/wp-content\/uploads\/2018\/04\/RZ__4398.jpg\"><img loading=\"lazy\" decoding=\"async\" class=\"alignnone size-full wp-image-9148\" src=\"https:\/\/marekkuchcinski.pl\/wp-content\/uploads\/2018\/04\/RZ__4398.jpg\" alt=\"RZ__4398\" width=\"3360\" height=\"2240\" srcset=\"https:\/\/marekkuchcinski.pl\/wp-content\/uploads\/2018\/04\/RZ__4398.jpg 2048w, https:\/\/marekkuchcinski.pl\/wp-content\/uploads\/2018\/04\/RZ__4398-300x200.jpg 300w, https:\/\/marekkuchcinski.pl\/wp-content\/uploads\/2018\/04\/RZ__4398-768x512.jpg 768w, https:\/\/marekkuchcinski.pl\/wp-content\/uploads\/2018\/04\/RZ__4398-1024x683.jpg 1024w\" sizes=\"(max-width: 3360px) 100vw, 3360px\" \/><\/a> <a href=\"https:\/\/marekkuchcinski.pl\/wp-content\/uploads\/2018\/04\/RZ__4758.jpg\"><img loading=\"lazy\" decoding=\"async\" class=\"alignnone size-full wp-image-9149\" src=\"https:\/\/marekkuchcinski.pl\/wp-content\/uploads\/2018\/04\/RZ__4758.jpg\" alt=\"RZ__4758\" width=\"3360\" height=\"2240\" srcset=\"https:\/\/marekkuchcinski.pl\/wp-content\/uploads\/2018\/04\/RZ__4758.jpg 2048w, https:\/\/marekkuchcinski.pl\/wp-content\/uploads\/2018\/04\/RZ__4758-300x200.jpg 300w, https:\/\/marekkuchcinski.pl\/wp-content\/uploads\/2018\/04\/RZ__4758-768x512.jpg 768w, https:\/\/marekkuchcinski.pl\/wp-content\/uploads\/2018\/04\/RZ__4758-1024x683.jpg 1024w\" sizes=\"(max-width: 3360px) 100vw, 3360px\" \/><\/a>Pow\u0105zki, katonai temet\u0151: a Jog \u00e9s Igazs\u00e1goss\u00e1g a szmolenszki katasztr\u00f3fa \u00e1ldozatai el\u0151tt tisztelegve<\/p>\n<div style=\"width: 800px;\" class=\"wp-video\"><video class=\"wp-video-shortcode\" id=\"video-9127-1\" width=\"800\" height=\"450\" preload=\"metadata\" controls=\"controls\"><source type=\"video\/mp4\" src=\"https:\/\/marekkuchcinski.pl\/wp-content\/uploads\/2018\/04\/film-smolensk.mp4?_=1\" \/><a href=\"https:\/\/marekkuchcinski.pl\/wp-content\/uploads\/2018\/04\/film-smolensk.mp4\">https:\/\/marekkuchcinski.pl\/wp-content\/uploads\/2018\/04\/film-smolensk.mp4<\/a><\/video><\/div>\n<p><a href=\"https:\/\/marekkuchcinski.pl\/wp-content\/uploads\/2018\/04\/pomnik.jpg\"><img loading=\"lazy\" decoding=\"async\" class=\"alignnone size-full wp-image-9169\" src=\"https:\/\/marekkuchcinski.pl\/wp-content\/uploads\/2018\/04\/pomnik.jpg\" alt=\"pomnik\" width=\"1942\" height=\"1212\" srcset=\"https:\/\/marekkuchcinski.pl\/wp-content\/uploads\/2018\/04\/pomnik.jpg 1942w, https:\/\/marekkuchcinski.pl\/wp-content\/uploads\/2018\/04\/pomnik-300x187.jpg 300w, https:\/\/marekkuchcinski.pl\/wp-content\/uploads\/2018\/04\/pomnik-768x479.jpg 768w, https:\/\/marekkuchcinski.pl\/wp-content\/uploads\/2018\/04\/pomnik-1024x639.jpg 1024w\" sizes=\"(max-width: 1942px) 100vw, 1942px\" \/><\/a><a href=\"https:\/\/marekkuchcinski.pl\/wp-content\/uploads\/2018\/04\/KKB_1432.jpg\"><img loading=\"lazy\" decoding=\"async\" class=\"alignnone size-full wp-image-9170\" src=\"https:\/\/marekkuchcinski.pl\/wp-content\/uploads\/2018\/04\/KKB_1432.jpg\" alt=\"KKB_1432\" width=\"2522\" height=\"1538\" srcset=\"https:\/\/marekkuchcinski.pl\/wp-content\/uploads\/2018\/04\/KKB_1432.jpg 2048w, https:\/\/marekkuchcinski.pl\/wp-content\/uploads\/2018\/04\/KKB_1432-300x183.jpg 300w, https:\/\/marekkuchcinski.pl\/wp-content\/uploads\/2018\/04\/KKB_1432-768x468.jpg 768w, https:\/\/marekkuchcinski.pl\/wp-content\/uploads\/2018\/04\/KKB_1432-1024x624.jpg 1024w\" sizes=\"(max-width: 2522px) 100vw, 2522px\" \/><\/a> <a href=\"https:\/\/marekkuchcinski.pl\/wp-content\/uploads\/2018\/04\/KKB_1800.jpg\"><img loading=\"lazy\" decoding=\"async\" class=\"alignnone size-full wp-image-9171\" src=\"https:\/\/marekkuchcinski.pl\/wp-content\/uploads\/2018\/04\/KKB_1800.jpg\" alt=\"KKB_1800\" width=\"2880\" height=\"1920\" srcset=\"https:\/\/marekkuchcinski.pl\/wp-content\/uploads\/2018\/04\/KKB_1800.jpg 2048w, https:\/\/marekkuchcinski.pl\/wp-content\/uploads\/2018\/04\/KKB_1800-300x200.jpg 300w, https:\/\/marekkuchcinski.pl\/wp-content\/uploads\/2018\/04\/KKB_1800-768x512.jpg 768w, https:\/\/marekkuchcinski.pl\/wp-content\/uploads\/2018\/04\/KKB_1800-1024x683.jpg 1024w\" sizes=\"(max-width: 2880px) 100vw, 2880px\" \/><\/a> <a href=\"https:\/\/marekkuchcinski.pl\/wp-content\/uploads\/2018\/04\/KKB_1905.jpg\"><img loading=\"lazy\" decoding=\"async\" class=\"alignnone size-full wp-image-9172\" src=\"https:\/\/marekkuchcinski.pl\/wp-content\/uploads\/2018\/04\/KKB_1905.jpg\" alt=\"KKB_1905\" width=\"2703\" height=\"1617\" srcset=\"https:\/\/marekkuchcinski.pl\/wp-content\/uploads\/2018\/04\/KKB_1905.jpg 2048w, https:\/\/marekkuchcinski.pl\/wp-content\/uploads\/2018\/04\/KKB_1905-300x179.jpg 300w, https:\/\/marekkuchcinski.pl\/wp-content\/uploads\/2018\/04\/KKB_1905-768x459.jpg 768w, https:\/\/marekkuchcinski.pl\/wp-content\/uploads\/2018\/04\/KKB_1905-1024x613.jpg 1024w\" sizes=\"(max-width: 2703px) 100vw, 2703px\" \/><\/a>Pi\u0142sudski t\u00e9r: a szmolenszki katasztr\u00f3fa \u00e1ldozatainak eml\u00e9km\u0171v\u00e9nek leleplez\u00e9se<a href=\"https:\/\/marekkuchcinski.pl\/wp-content\/uploads\/2018\/04\/KKB_2158.jpg\"><img loading=\"lazy\" decoding=\"async\" class=\"alignnone size-full wp-image-9175\" src=\"https:\/\/marekkuchcinski.pl\/wp-content\/uploads\/2018\/04\/KKB_2158.jpg\" alt=\"KKB_2158\" width=\"2880\" height=\"1920\" srcset=\"https:\/\/marekkuchcinski.pl\/wp-content\/uploads\/2018\/04\/KKB_2158.jpg 2048w, https:\/\/marekkuchcinski.pl\/wp-content\/uploads\/2018\/04\/KKB_2158-300x200.jpg 300w, https:\/\/marekkuchcinski.pl\/wp-content\/uploads\/2018\/04\/KKB_2158-768x512.jpg 768w, https:\/\/marekkuchcinski.pl\/wp-content\/uploads\/2018\/04\/KKB_2158-1024x683.jpg 1024w\" sizes=\"(max-width: 2880px) 100vw, 2880px\" \/><\/a> <a href=\"https:\/\/marekkuchcinski.pl\/wp-content\/uploads\/2018\/04\/KKB_2569.jpg\"><img loading=\"lazy\" decoding=\"async\" class=\"alignnone size-full wp-image-9176\" src=\"https:\/\/marekkuchcinski.pl\/wp-content\/uploads\/2018\/04\/KKB_2569.jpg\" alt=\"KKB_2569\" width=\"2880\" height=\"1920\" srcset=\"https:\/\/marekkuchcinski.pl\/wp-content\/uploads\/2018\/04\/KKB_2569.jpg 2048w, https:\/\/marekkuchcinski.pl\/wp-content\/uploads\/2018\/04\/KKB_2569-300x200.jpg 300w, https:\/\/marekkuchcinski.pl\/wp-content\/uploads\/2018\/04\/KKB_2569-768x512.jpg 768w, https:\/\/marekkuchcinski.pl\/wp-content\/uploads\/2018\/04\/KKB_2569-1024x683.jpg 1024w\" sizes=\"(max-width: 2880px) 100vw, 2880px\" \/><\/a> <a href=\"https:\/\/marekkuchcinski.pl\/wp-content\/uploads\/2018\/04\/KMB_0621.jpg\"><img loading=\"lazy\" decoding=\"async\" class=\"alignnone size-full wp-image-9178\" src=\"https:\/\/marekkuchcinski.pl\/wp-content\/uploads\/2018\/04\/KMB_0621.jpg\" alt=\"KMB_0621\" width=\"2448\" height=\"1632\" srcset=\"https:\/\/marekkuchcinski.pl\/wp-content\/uploads\/2018\/04\/KMB_0621.jpg 2048w, https:\/\/marekkuchcinski.pl\/wp-content\/uploads\/2018\/04\/KMB_0621-300x200.jpg 300w, https:\/\/marekkuchcinski.pl\/wp-content\/uploads\/2018\/04\/KMB_0621-768x512.jpg 768w, https:\/\/marekkuchcinski.pl\/wp-content\/uploads\/2018\/04\/KMB_0621-1024x683.jpg 1024w\" sizes=\"(max-width: 2448px) 100vw, 2448px\" \/><\/a> <a href=\"https:\/\/marekkuchcinski.pl\/wp-content\/uploads\/2018\/04\/KU300605.jpg\"><img loading=\"lazy\" decoding=\"async\" class=\"alignnone size-full wp-image-9182\" src=\"https:\/\/marekkuchcinski.pl\/wp-content\/uploads\/2018\/04\/KU300605.jpg\" alt=\"KU300605\" width=\"2736\" height=\"1824\" srcset=\"https:\/\/marekkuchcinski.pl\/wp-content\/uploads\/2018\/04\/KU300605.jpg 2048w, https:\/\/marekkuchcinski.pl\/wp-content\/uploads\/2018\/04\/KU300605-300x200.jpg 300w, https:\/\/marekkuchcinski.pl\/wp-content\/uploads\/2018\/04\/KU300605-768x512.jpg 768w, https:\/\/marekkuchcinski.pl\/wp-content\/uploads\/2018\/04\/KU300605-1024x683.jpg 1024w\" sizes=\"(max-width: 2736px) 100vw, 2736px\" \/><\/a> <a href=\"https:\/\/marekkuchcinski.pl\/wp-content\/uploads\/2018\/04\/KU300568.jpg\"><img loading=\"lazy\" decoding=\"async\" class=\"alignnone size-full wp-image-9183\" src=\"https:\/\/marekkuchcinski.pl\/wp-content\/uploads\/2018\/04\/KU300568.jpg\" alt=\"KU300568\" width=\"2736\" height=\"1824\" srcset=\"https:\/\/marekkuchcinski.pl\/wp-content\/uploads\/2018\/04\/KU300568.jpg 2048w, https:\/\/marekkuchcinski.pl\/wp-content\/uploads\/2018\/04\/KU300568-300x200.jpg 300w, https:\/\/marekkuchcinski.pl\/wp-content\/uploads\/2018\/04\/KU300568-768x512.jpg 768w, https:\/\/marekkuchcinski.pl\/wp-content\/uploads\/2018\/04\/KU300568-1024x683.jpg 1024w\" sizes=\"(max-width: 2736px) 100vw, 2736px\" \/><\/a> <a href=\"https:\/\/marekkuchcinski.pl\/wp-content\/uploads\/2018\/04\/KU300492.jpg\"><img loading=\"lazy\" decoding=\"async\" class=\"alignnone size-full wp-image-9184\" src=\"https:\/\/marekkuchcinski.pl\/wp-content\/uploads\/2018\/04\/KU300492.jpg\" alt=\"KU300492\" width=\"2736\" height=\"1824\" srcset=\"https:\/\/marekkuchcinski.pl\/wp-content\/uploads\/2018\/04\/KU300492.jpg 2048w, https:\/\/marekkuchcinski.pl\/wp-content\/uploads\/2018\/04\/KU300492-300x200.jpg 300w, https:\/\/marekkuchcinski.pl\/wp-content\/uploads\/2018\/04\/KU300492-768x512.jpg 768w, https:\/\/marekkuchcinski.pl\/wp-content\/uploads\/2018\/04\/KU300492-1024x683.jpg 1024w\" sizes=\"(max-width: 2736px) 100vw, 2736px\" \/><\/a> <a href=\"https:\/\/marekkuchcinski.pl\/wp-content\/uploads\/2018\/04\/KU300477.jpg\"><img loading=\"lazy\" decoding=\"async\" class=\"alignnone size-full wp-image-9185\" src=\"https:\/\/marekkuchcinski.pl\/wp-content\/uploads\/2018\/04\/KU300477.jpg\" alt=\"KU300477\" width=\"2736\" height=\"1824\" srcset=\"https:\/\/marekkuchcinski.pl\/wp-content\/uploads\/2018\/04\/KU300477.jpg 2048w, https:\/\/marekkuchcinski.pl\/wp-content\/uploads\/2018\/04\/KU300477-300x200.jpg 300w, https:\/\/marekkuchcinski.pl\/wp-content\/uploads\/2018\/04\/KU300477-768x512.jpg 768w, https:\/\/marekkuchcinski.pl\/wp-content\/uploads\/2018\/04\/KU300477-1024x683.jpg 1024w\" sizes=\"(max-width: 2736px) 100vw, 2736px\" \/><\/a><a href=\"https:\/\/marekkuchcinski.pl\/wp-content\/uploads\/2018\/04\/KU301118.jpg\"><img loading=\"lazy\" decoding=\"async\" class=\"alignnone size-full wp-image-9186\" src=\"https:\/\/marekkuchcinski.pl\/wp-content\/uploads\/2018\/04\/KU301118.jpg\" alt=\"KU301118\" width=\"2736\" height=\"1824\" srcset=\"https:\/\/marekkuchcinski.pl\/wp-content\/uploads\/2018\/04\/KU301118.jpg 2048w, https:\/\/marekkuchcinski.pl\/wp-content\/uploads\/2018\/04\/KU301118-300x200.jpg 300w, https:\/\/marekkuchcinski.pl\/wp-content\/uploads\/2018\/04\/KU301118-768x512.jpg 768w, https:\/\/marekkuchcinski.pl\/wp-content\/uploads\/2018\/04\/KU301118-1024x683.jpg 1024w\" sizes=\"(max-width: 2736px) 100vw, 2736px\" \/><\/a> <a href=\"https:\/\/marekkuchcinski.pl\/wp-content\/uploads\/2018\/04\/KU301029.jpg\"><img loading=\"lazy\" decoding=\"async\" class=\"alignnone size-full wp-image-9187\" src=\"https:\/\/marekkuchcinski.pl\/wp-content\/uploads\/2018\/04\/KU301029.jpg\" alt=\"KU301029\" width=\"2736\" height=\"1824\" srcset=\"https:\/\/marekkuchcinski.pl\/wp-content\/uploads\/2018\/04\/KU301029.jpg 2048w, https:\/\/marekkuchcinski.pl\/wp-content\/uploads\/2018\/04\/KU301029-300x200.jpg 300w, https:\/\/marekkuchcinski.pl\/wp-content\/uploads\/2018\/04\/KU301029-768x512.jpg 768w, https:\/\/marekkuchcinski.pl\/wp-content\/uploads\/2018\/04\/KU301029-1024x683.jpg 1024w\" sizes=\"(max-width: 2736px) 100vw, 2736px\" \/><\/a> <a href=\"https:\/\/marekkuchcinski.pl\/wp-content\/uploads\/2018\/04\/KU300917.jpg\"><img loading=\"lazy\" decoding=\"async\" class=\"alignnone size-full wp-image-9188\" src=\"https:\/\/marekkuchcinski.pl\/wp-content\/uploads\/2018\/04\/KU300917.jpg\" alt=\"KU300917\" width=\"2736\" height=\"1824\" srcset=\"https:\/\/marekkuchcinski.pl\/wp-content\/uploads\/2018\/04\/KU300917.jpg 2048w, https:\/\/marekkuchcinski.pl\/wp-content\/uploads\/2018\/04\/KU300917-300x200.jpg 300w, https:\/\/marekkuchcinski.pl\/wp-content\/uploads\/2018\/04\/KU300917-768x512.jpg 768w, https:\/\/marekkuchcinski.pl\/wp-content\/uploads\/2018\/04\/KU300917-1024x683.jpg 1024w\" sizes=\"(max-width: 2736px) 100vw, 2736px\" \/><\/a> <a href=\"https:\/\/marekkuchcinski.pl\/wp-content\/uploads\/2018\/04\/KU300911.jpg\"><img loading=\"lazy\" decoding=\"async\" class=\"alignnone size-full wp-image-9189\" src=\"https:\/\/marekkuchcinski.pl\/wp-content\/uploads\/2018\/04\/KU300911.jpg\" alt=\"KU300911\" width=\"2736\" height=\"1824\" srcset=\"https:\/\/marekkuchcinski.pl\/wp-content\/uploads\/2018\/04\/KU300911.jpg 2048w, https:\/\/marekkuchcinski.pl\/wp-content\/uploads\/2018\/04\/KU300911-300x200.jpg 300w, https:\/\/marekkuchcinski.pl\/wp-content\/uploads\/2018\/04\/KU300911-768x512.jpg 768w, https:\/\/marekkuchcinski.pl\/wp-content\/uploads\/2018\/04\/KU300911-1024x683.jpg 1024w\" sizes=\"(max-width: 2736px) 100vw, 2736px\" \/><\/a> <a href=\"https:\/\/marekkuchcinski.pl\/wp-content\/uploads\/2018\/04\/KU300869.jpg\"><img loading=\"lazy\" decoding=\"async\" class=\"alignnone size-full wp-image-9190\" src=\"https:\/\/marekkuchcinski.pl\/wp-content\/uploads\/2018\/04\/KU300869.jpg\" alt=\"KU300869\" width=\"2300\" height=\"1504\" srcset=\"https:\/\/marekkuchcinski.pl\/wp-content\/uploads\/2018\/04\/KU300869.jpg 2048w, https:\/\/marekkuchcinski.pl\/wp-content\/uploads\/2018\/04\/KU300869-300x196.jpg 300w, https:\/\/marekkuchcinski.pl\/wp-content\/uploads\/2018\/04\/KU300869-768x502.jpg 768w, https:\/\/marekkuchcinski.pl\/wp-content\/uploads\/2018\/04\/KU300869-1024x670.jpg 1024w\" sizes=\"(max-width: 2300px) 100vw, 2300px\" \/><\/a> <a href=\"https:\/\/marekkuchcinski.pl\/wp-content\/uploads\/2018\/04\/KU300807.jpg\"><img loading=\"lazy\" decoding=\"async\" class=\"alignnone size-full wp-image-9191\" src=\"https:\/\/marekkuchcinski.pl\/wp-content\/uploads\/2018\/04\/KU300807.jpg\" alt=\"KU300807\" width=\"2736\" height=\"1824\" srcset=\"https:\/\/marekkuchcinski.pl\/wp-content\/uploads\/2018\/04\/KU300807.jpg 2048w, https:\/\/marekkuchcinski.pl\/wp-content\/uploads\/2018\/04\/KU300807-300x200.jpg 300w, https:\/\/marekkuchcinski.pl\/wp-content\/uploads\/2018\/04\/KU300807-768x512.jpg 768w, https:\/\/marekkuchcinski.pl\/wp-content\/uploads\/2018\/04\/KU300807-1024x683.jpg 1024w\" sizes=\"(max-width: 2736px) 100vw, 2736px\" \/><\/a> <a href=\"https:\/\/marekkuchcinski.pl\/wp-content\/uploads\/2018\/04\/KU300778.jpg\"><img loading=\"lazy\" decoding=\"async\" class=\"alignnone size-full wp-image-9192\" src=\"https:\/\/marekkuchcinski.pl\/wp-content\/uploads\/2018\/04\/KU300778.jpg\" alt=\"KU300778\" width=\"2736\" height=\"1824\" srcset=\"https:\/\/marekkuchcinski.pl\/wp-content\/uploads\/2018\/04\/KU300778.jpg 2048w, https:\/\/marekkuchcinski.pl\/wp-content\/uploads\/2018\/04\/KU300778-300x200.jpg 300w, https:\/\/marekkuchcinski.pl\/wp-content\/uploads\/2018\/04\/KU300778-768x512.jpg 768w, https:\/\/marekkuchcinski.pl\/wp-content\/uploads\/2018\/04\/KU300778-1024x683.jpg 1024w\" sizes=\"(max-width: 2736px) 100vw, 2736px\" \/><\/a> <a href=\"https:\/\/marekkuchcinski.pl\/wp-content\/uploads\/2018\/04\/KU300738.jpg\"><img loading=\"lazy\" decoding=\"async\" class=\"alignnone size-full wp-image-9193\" src=\"https:\/\/marekkuchcinski.pl\/wp-content\/uploads\/2018\/04\/KU300738.jpg\" alt=\"KU300738\" width=\"2221\" height=\"1387\" srcset=\"https:\/\/marekkuchcinski.pl\/wp-content\/uploads\/2018\/04\/KU300738.jpg 2048w, https:\/\/marekkuchcinski.pl\/wp-content\/uploads\/2018\/04\/KU300738-300x187.jpg 300w, https:\/\/marekkuchcinski.pl\/wp-content\/uploads\/2018\/04\/KU300738-768x480.jpg 768w, https:\/\/marekkuchcinski.pl\/wp-content\/uploads\/2018\/04\/KU300738-1024x639.jpg 1024w\" sizes=\"(max-width: 2221px) 100vw, 2221px\" \/><\/a><\/p>\n<p><strong><em>fot\u00f3: Krzysztof Bia\u0142osk\u00f3rski, Pawe\u0142 Kula, Rafa\u0142 Zambrzycki\/ A Szejm Kancell\u00e1ri\u00e1ja<\/em><\/strong><\/p>","protected":false},"excerpt":{"rendered":"<p>Osiem lat temu reprezentanci Rzeczypospolitej, na czele z Prezydentem Lechem Kaczy\u0144skim i Jego Ma\u0142\u017conk\u0105 zgin\u0119li pod Smole\u0144skiem, wype\u0142niaj\u0105c swoje obowi\u0105zki wobec Ojczyzny. Polska w dzie\u0144 przed \u015awi\u0119tem Bo\u017cego Mi\u0142osierdzia utraci\u0142a \u2013 jak napisano w Epitafium Smole\u0144skim \u2013 \u201elosem Ojczyzny obarczonych stra\u017cnik\u00f3w \u017ar\u00f3de\u0142 i pami\u0119ci\u201d. Dzie\u0144 10 kwietnia sta\u0142 si\u0119 cezur\u0105 w najnowszych dziejach Polski, dla [&hellip;]<\/p>\n","protected":false},"author":6,"featured_media":9193,"comment_status":"open","ping_status":"open","sticky":false,"template":"","format":"standard","meta":{"ngg_post_thumbnail":0,"footnotes":""},"categories":[77,3],"tags":[],"class_list":["post-9127","post","type-post","status-publish","format-standard","has-post-thumbnail","hentry","category-wazne-daty","category-wydarzenia"],"_links":{"self":[{"href":"https:\/\/marekkuchcinski.pl\/hu\/wp-json\/wp\/v2\/posts\/9127","targetHints":{"allow":["GET"]}}],"collection":[{"href":"https:\/\/marekkuchcinski.pl\/hu\/wp-json\/wp\/v2\/posts"}],"about":[{"href":"https:\/\/marekkuchcinski.pl\/hu\/wp-json\/wp\/v2\/types\/post"}],"author":[{"embeddable":true,"href":"https:\/\/marekkuchcinski.pl\/hu\/wp-json\/wp\/v2\/users\/6"}],"replies":[{"embeddable":true,"href":"https:\/\/marekkuchcinski.pl\/hu\/wp-json\/wp\/v2\/comments?post=9127"}],"version-history":[{"count":14,"href":"https:\/\/marekkuchcinski.pl\/hu\/wp-json\/wp\/v2\/posts\/9127\/revisions"}],"predecessor-version":[{"id":9194,"href":"https:\/\/marekkuchcinski.pl\/hu\/wp-json\/wp\/v2\/posts\/9127\/revisions\/9194"}],"wp:featuredmedia":[{"embeddable":true,"href":"https:\/\/marekkuchcinski.pl\/hu\/wp-json\/wp\/v2\/media\/9193"}],"wp:attachment":[{"href":"https:\/\/marekkuchcinski.pl\/hu\/wp-json\/wp\/v2\/media?parent=9127"}],"wp:term":[{"taxonomy":"category","embeddable":true,"href":"https:\/\/marekkuchcinski.pl\/hu\/wp-json\/wp\/v2\/categories?post=9127"},{"taxonomy":"post_tag","embeddable":true,"href":"https:\/\/marekkuchcinski.pl\/hu\/wp-json\/wp\/v2\/tags?post=9127"}],"curies":[{"name":"wp","href":"https:\/\/api.w.org\/{rel}","templated":true}]}}