{"id":9061,"date":"2018-03-30T12:09:35","date_gmt":"2018-03-30T10:09:35","guid":{"rendered":"https:\/\/marekkuchcinski.pl\/?p=9061"},"modified":"2018-03-30T12:09:35","modified_gmt":"2018-03-30T10:09:35","slug":"zyczenia-marszalka-sejmu-okazji-swiat-wielkanocnych","status":"publish","type":"post","link":"https:\/\/marekkuchcinski.pl\/hu\/wydarzenia\/zyczenia-marszalka-sejmu-okazji-swiat-wielkanocnych\/","title":{"rendered":"A Szejm eln\u00f6k\u00e9nek \u00fcdv\u00f6zlete h\u00fasv\u00e9t alkalm\u00e1b\u00f3l"},"content":{"rendered":"<p><em>Az \u00dar felt\u00e1mad\u00e1sa, amely lelki \u00fajj\u00e1sz\u00fclet\u00e9st hoz, t\u00f6lts\u00f6n el mindannyiunkat b\u00e9k\u00e9vel \u00e9s hittel, adjon er\u0151t a neh\u00e9zs\u00e9gek lek\u00fczd\u00e9s\u00e9hez, \u00e9s tegyen k\u00e9pess\u00e9 arra, hogy bizalommal tekints\u00fcnk a j\u00f6v\u0151be - -.<\/em> Marek Kuchci\u0144ski<\/p>\n<p><a href=\"https:\/\/marekkuchcinski.pl\/wp-content\/uploads\/2018\/03\/Marsza\u0142ek-karta.jpg\"><img fetchpriority=\"high\" decoding=\"async\" class=\"alignnone size-full wp-image-9062\" src=\"https:\/\/marekkuchcinski.pl\/wp-content\/uploads\/2018\/03\/Marsza\u0142ek-karta.jpg\" alt=\"Marsza\u0142ek karta\" width=\"3508\" height=\"2480\" srcset=\"https:\/\/marekkuchcinski.pl\/wp-content\/uploads\/2018\/03\/Marsza\u0142ek-karta.jpg 2048w, https:\/\/marekkuchcinski.pl\/wp-content\/uploads\/2018\/03\/Marsza\u0142ek-karta-300x212.jpg 300w, https:\/\/marekkuchcinski.pl\/wp-content\/uploads\/2018\/03\/Marsza\u0142ek-karta-768x543.jpg 768w, https:\/\/marekkuchcinski.pl\/wp-content\/uploads\/2018\/03\/Marsza\u0142ek-karta-1024x724.jpg 1024w\" sizes=\"(max-width: 3508px) 100vw, 3508px\" \/><\/a><\/p>","protected":false},"excerpt":{"rendered":"<p>Niech zmartwychwstanie Pa\u0144skie, kt\u00f3re niesie odrodzenie duchowe, nape\u0142ni nas wszystkich pokojem i wiar\u0105, da si\u0142\u0119 w pokonywaniu trudno\u015bci i pozwoli z ufno\u015bci\u0105 patrze\u0107 w przysz\u0142o\u015b\u0107 &#8211; Marek Kuchci\u0144ski<\/p>","protected":false},"author":6,"featured_media":9062,"comment_status":"open","ping_status":"open","sticky":false,"template":"","format":"standard","meta":{"ngg_post_thumbnail":0,"footnotes":""},"categories":[3],"tags":[],"class_list":["post-9061","post","type-post","status-publish","format-standard","has-post-thumbnail","hentry","category-wydarzenia"],"_links":{"self":[{"href":"https:\/\/marekkuchcinski.pl\/hu\/wp-json\/wp\/v2\/posts\/9061","targetHints":{"allow":["GET"]}}],"collection":[{"href":"https:\/\/marekkuchcinski.pl\/hu\/wp-json\/wp\/v2\/posts"}],"about":[{"href":"https:\/\/marekkuchcinski.pl\/hu\/wp-json\/wp\/v2\/types\/post"}],"author":[{"embeddable":true,"href":"https:\/\/marekkuchcinski.pl\/hu\/wp-json\/wp\/v2\/users\/6"}],"replies":[{"embeddable":true,"href":"https:\/\/marekkuchcinski.pl\/hu\/wp-json\/wp\/v2\/comments?post=9061"}],"version-history":[{"count":1,"href":"https:\/\/marekkuchcinski.pl\/hu\/wp-json\/wp\/v2\/posts\/9061\/revisions"}],"predecessor-version":[{"id":9063,"href":"https:\/\/marekkuchcinski.pl\/hu\/wp-json\/wp\/v2\/posts\/9061\/revisions\/9063"}],"wp:featuredmedia":[{"embeddable":true,"href":"https:\/\/marekkuchcinski.pl\/hu\/wp-json\/wp\/v2\/media\/9062"}],"wp:attachment":[{"href":"https:\/\/marekkuchcinski.pl\/hu\/wp-json\/wp\/v2\/media?parent=9061"}],"wp:term":[{"taxonomy":"category","embeddable":true,"href":"https:\/\/marekkuchcinski.pl\/hu\/wp-json\/wp\/v2\/categories?post=9061"},{"taxonomy":"post_tag","embeddable":true,"href":"https:\/\/marekkuchcinski.pl\/hu\/wp-json\/wp\/v2\/tags?post=9061"}],"curies":[{"name":"wp","href":"https:\/\/api.w.org\/{rel}","templated":true}]}}