{"id":9045,"date":"2018-03-26T15:13:16","date_gmt":"2018-03-26T13:13:16","guid":{"rendered":"https:\/\/marekkuchcinski.pl\/?p=9045"},"modified":"2018-03-26T15:40:28","modified_gmt":"2018-03-26T13:40:28","slug":"marszalek-sejmu-dzien-polakow-ratujacych-zydow-przypomina-nam-ze-otwartosc-tolerancja-sprawiedliwosc-czlowieczenstwo-fundament-naszej-godnej-egzystencji","status":"publish","type":"post","link":"https:\/\/marekkuchcinski.pl\/hu\/wydarzenia\/marszalek-sejmu-dzien-polakow-ratujacych-zydow-przypomina-nam-ze-otwartosc-tolerancja-sprawiedliwosc-czlowieczenstwo-fundament-naszej-godnej-egzystencji\/","title":{"rendered":"A Szejm eln\u00f6ke: A zsid\u00f3ment\u0151 lengyelek napja arra eml\u00e9keztet benn\u00fcnket, hogy a nyitotts\u00e1g, a tolerancia, az igazs\u00e1goss\u00e1g \u00e9s az embers\u00e9g m\u00e9lt\u00f3s\u00e1gteljes l\u00e9t\u00fcnk alapj\u00e1t k\u00e9pezi."},"content":{"rendered":"<p><strong>M\u00e1rcius 24-\u00e9t a Szejm a n\u00e9met megsz\u00e1ll\u00e1s alatt a zsid\u00f3kat ment\u0151 lengyelek nemzeti napj\u00e1v\u00e1 nyilv\u00e1n\u00edtotta.\u00a0<\/strong><\/p>\n<p><strong>A zsid\u00f3kat ment\u0151 lengyelek \u00e1ldozatv\u00e1llal\u00e1sa a nemzeti t\u00f6rt\u00e9nelem egyik legmeghat\u00f3bb oldala. Ez a nap arra eml\u00e9keztet benn\u00fcnket, hogy a nyitotts\u00e1g, a tolerancia, az igazs\u00e1goss\u00e1g \u00e9s az embers\u00e9g m\u00e9lt\u00f3s\u00e1gteljes l\u00e9t\u00fcnk alapjai. Ezeknek a h\u0151s embereknek az eml\u00e9k\u00e9nek \u00e1lland\u00f3 helyet kell foglalnia a sz\u00edv\u00fcnkben\" - \u00edrta a Szejm eln\u00f6ke a Podkarpacieban tartott \u00fcnnepi \u00fcnneps\u00e9gen felolvasott level\u00e9ben.\u00a0<a href=\"https:\/\/marekkuchcinski.pl\/wp-content\/uploads\/2018\/03\/List-marsza\u0142ka-Sejmu-DPr\u017b.pdf\">A Szejm eln\u00f6k\u00e9nek levele<\/a><\/strong><\/p>\n<p><a href=\"https:\/\/marekkuchcinski.pl\/wp-content\/uploads\/2018\/03\/Ulkmowie-1.jpg\"><img fetchpriority=\"high\" decoding=\"async\" class=\"alignnone size-full wp-image-9047\" src=\"https:\/\/marekkuchcinski.pl\/wp-content\/uploads\/2018\/03\/Ulkmowie-1.jpg\" alt=\"Ulkmowie 1\" width=\"1685\" height=\"1026\" srcset=\"https:\/\/marekkuchcinski.pl\/wp-content\/uploads\/2018\/03\/Ulkmowie-1.jpg 1685w, https:\/\/marekkuchcinski.pl\/wp-content\/uploads\/2018\/03\/Ulkmowie-1-300x183.jpg 300w, https:\/\/marekkuchcinski.pl\/wp-content\/uploads\/2018\/03\/Ulkmowie-1-768x468.jpg 768w, https:\/\/marekkuchcinski.pl\/wp-content\/uploads\/2018\/03\/Ulkmowie-1-1024x624.jpg 1024w\" sizes=\"(max-width: 1685px) 100vw, 1685px\" \/><\/a><\/p>\n<p><em>Fot\u00f3: M. Olejnik<\/em><\/p>","protected":false},"excerpt":{"rendered":"<p>24 marca Sejm ustanowi\u0142 Narodowym Dniem Polak\u00f3w ratuj\u0105cych \u017byd\u00f3w pod okupacj\u0105 niemieck\u0105.\u00a0 Po\u015bwi\u0119cenie Polak\u00f3w ratuj\u0105cych \u017byd\u00f3w to jedna z najbardziej wzruszaj\u0105cych kart narodowej historii.\u00a0Dzie\u0144 ten przypomina nam, \u017ce otwarto\u015b\u0107, tolerancja, sprawiedliwo\u015b\u0107 i cz\u0142owiecze\u0144stwo to fundament naszej godnej egzystencji.\u00a0Pami\u0119\u0107 o tych bohaterskich ludziach powinna zaj\u0105\u0107 trwa\u0142e miejsce w naszych sercach &#8211; napisa\u0142 marsza\u0142ek Sejmu w li\u015bcie [&hellip;]<\/p>\n","protected":false},"author":6,"featured_media":9047,"comment_status":"open","ping_status":"open","sticky":false,"template":"","format":"standard","meta":{"ngg_post_thumbnail":0,"footnotes":""},"categories":[49,50,3],"tags":[],"class_list":["post-9045","post","type-post","status-publish","format-standard","has-post-thumbnail","hentry","category-podkarpacie","category-wspolpraca-miedzynarodowa","category-wydarzenia"],"_links":{"self":[{"href":"https:\/\/marekkuchcinski.pl\/hu\/wp-json\/wp\/v2\/posts\/9045","targetHints":{"allow":["GET"]}}],"collection":[{"href":"https:\/\/marekkuchcinski.pl\/hu\/wp-json\/wp\/v2\/posts"}],"about":[{"href":"https:\/\/marekkuchcinski.pl\/hu\/wp-json\/wp\/v2\/types\/post"}],"author":[{"embeddable":true,"href":"https:\/\/marekkuchcinski.pl\/hu\/wp-json\/wp\/v2\/users\/6"}],"replies":[{"embeddable":true,"href":"https:\/\/marekkuchcinski.pl\/hu\/wp-json\/wp\/v2\/comments?post=9045"}],"version-history":[{"count":3,"href":"https:\/\/marekkuchcinski.pl\/hu\/wp-json\/wp\/v2\/posts\/9045\/revisions"}],"predecessor-version":[{"id":9050,"href":"https:\/\/marekkuchcinski.pl\/hu\/wp-json\/wp\/v2\/posts\/9045\/revisions\/9050"}],"wp:featuredmedia":[{"embeddable":true,"href":"https:\/\/marekkuchcinski.pl\/hu\/wp-json\/wp\/v2\/media\/9047"}],"wp:attachment":[{"href":"https:\/\/marekkuchcinski.pl\/hu\/wp-json\/wp\/v2\/media?parent=9045"}],"wp:term":[{"taxonomy":"category","embeddable":true,"href":"https:\/\/marekkuchcinski.pl\/hu\/wp-json\/wp\/v2\/categories?post=9045"},{"taxonomy":"post_tag","embeddable":true,"href":"https:\/\/marekkuchcinski.pl\/hu\/wp-json\/wp\/v2\/tags?post=9045"}],"curies":[{"name":"wp","href":"https:\/\/api.w.org\/{rel}","templated":true}]}}