{"id":9033,"date":"2018-03-26T20:28:56","date_gmt":"2018-03-26T18:28:56","guid":{"rendered":"https:\/\/marekkuchcinski.pl\/?p=9033"},"modified":"2018-03-26T20:50:20","modified_gmt":"2018-03-26T18:50:20","slug":"polska-piekna-tatrach-skiturowcow-kusi-tajemniczy-mnich","status":"publish","type":"post","link":"https:\/\/marekkuchcinski.pl\/hu\/wydarzenia\/polska-piekna-tatrach-skiturowcow-kusi-tajemniczy-mnich\/","title":{"rendered":"Lengyelorsz\u00e1g gy\u00f6ny\u00f6r\u0171. A T\u00e1tr\u00e1ban a s\u00edel\u0151ket egy titokzatos szerzetes cs\u00e1b\u00edtja a t\u00far\u00e1z\u00f3kat"},"content":{"rendered":"<p>A mag\u00e1nyos, csukly\u00e1s szerzetes alak\u00fa szikla a s\u00edt\u00fara \u00fatvonalak t\u00e9rk\u00e9p\u00e9nek kihagyhatatlan pontja. A Marek Kuchci\u0144ski szejmeln\u00f6kb\u0151l, Piotr Bak, a T\u00e1trai Vajdas\u00e1g vezet\u0151j\u00e9b\u0151l \u00e9s Szymon Ziobrowski, a TPN igazgat\u00f3j\u00e1b\u00f3l \u00e1ll\u00f3 csapat a vas\u00e1rnapi t\u00far\u00e1ra \u00fagy eml\u00e9kszik vissza, mint az egyik legszebb, klasszikus t\u00e1trai s\u00edt\u00far\u00e1ra. A Morskie Oko-t\u00f3 felsz\u00edne f\u00f6l\u00f6tt, Mnichowa P\u0142a\u015b\u0144on kereszt\u00fcl a Dolinka za Mnichem k\u00fcsz\u00f6b\u00e9ig mentek fel. Innen Dolinka za Mnichemen kereszt\u00fcl a Mnichowe Plecy (\"a h\u00edres Mnich h\u00e1ta\", 2068 m tengerszint feletti magass\u00e1gban).<\/p>\n<p style=\"font-weight: 400;\">Ereszked\u00e9s kiv\u00e1l\u00f3 h\u00f3viszonyok k\u00f6z\u00f6tt (porh\u00f3) a Dolinka za Mnichem k\u00fcsz\u00f6b\u00e9ig, majd a Nadspady-v\u00f6lgy\u00f6n \u00e1t a Zielony Piarg (Z\u00f6ld szikla) \u00e9s a c\u00e9l a Morskie Oko-t\u00f3 felsz\u00edn\u00e9n. Az utaz\u00e1s megkoron\u00e1z\u00e1sa Maria \u0141api\u0144ska asszony megl\u00e1togat\u00e1sa volt a Morskie Oko feletti mened\u00e9kh\u00e1zban.<\/p>\n<p style=\"font-weight: 400;\">Eg\u00e9szs\u00e9ges testben, eg\u00e9szs\u00e9ges l\u00e9lekben!<\/p>\n<p><a href=\"https:\/\/marekkuchcinski.pl\/wp-content\/uploads\/2018\/03\/P1230354-1-e1522066182752.jpg\"><img fetchpriority=\"high\" decoding=\"async\" class=\"alignnone size-full wp-image-9041\" src=\"https:\/\/marekkuchcinski.pl\/wp-content\/uploads\/2018\/03\/P1230354-1-e1522066182752.jpg\" alt=\"P1230354\" width=\"2048\" height=\"3072\" srcset=\"https:\/\/marekkuchcinski.pl\/wp-content\/uploads\/2018\/03\/P1230354-1-e1522066182752.jpg 1365w, https:\/\/marekkuchcinski.pl\/wp-content\/uploads\/2018\/03\/P1230354-1-e1522066182752-200x300.jpg 200w, https:\/\/marekkuchcinski.pl\/wp-content\/uploads\/2018\/03\/P1230354-1-e1522066182752-768x1152.jpg 768w, https:\/\/marekkuchcinski.pl\/wp-content\/uploads\/2018\/03\/P1230354-1-e1522066182752-683x1024.jpg 683w\" sizes=\"(max-width: 2048px) 100vw, 2048px\" \/><\/a><a href=\"https:\/\/marekkuchcinski.pl\/wp-content\/uploads\/2018\/03\/IMG_2504.jpg\"><img decoding=\"async\" class=\"alignnone size-full wp-image-9042\" src=\"https:\/\/marekkuchcinski.pl\/wp-content\/uploads\/2018\/03\/IMG_2504.jpg\" alt=\"IMG_2504\" width=\"1365\" height=\"2048\" srcset=\"https:\/\/marekkuchcinski.pl\/wp-content\/uploads\/2018\/03\/IMG_2504.jpg 1365w, https:\/\/marekkuchcinski.pl\/wp-content\/uploads\/2018\/03\/IMG_2504-200x300.jpg 200w, https:\/\/marekkuchcinski.pl\/wp-content\/uploads\/2018\/03\/IMG_2504-768x1152.jpg 768w, https:\/\/marekkuchcinski.pl\/wp-content\/uploads\/2018\/03\/IMG_2504-683x1024.jpg 683w\" sizes=\"(max-width: 1365px) 100vw, 1365px\" \/><\/a> <a href=\"https:\/\/marekkuchcinski.pl\/wp-content\/uploads\/2018\/03\/IMG_2503.jpg\"><img decoding=\"async\" class=\"alignnone size-full wp-image-9043\" src=\"https:\/\/marekkuchcinski.pl\/wp-content\/uploads\/2018\/03\/IMG_2503.jpg\" alt=\"IMG_2503\" width=\"1365\" height=\"2048\" srcset=\"https:\/\/marekkuchcinski.pl\/wp-content\/uploads\/2018\/03\/IMG_2503.jpg 1365w, https:\/\/marekkuchcinski.pl\/wp-content\/uploads\/2018\/03\/IMG_2503-200x300.jpg 200w, https:\/\/marekkuchcinski.pl\/wp-content\/uploads\/2018\/03\/IMG_2503-768x1152.jpg 768w, https:\/\/marekkuchcinski.pl\/wp-content\/uploads\/2018\/03\/IMG_2503-683x1024.jpg 683w\" sizes=\"(max-width: 1365px) 100vw, 1365px\" \/><\/a>Balr\u00f3l: Piotr B\u0105k, Marek Kuchci\u0144ski, Szymon Ziobrowski<a href=\"https:\/\/marekkuchcinski.pl\/wp-content\/uploads\/2018\/03\/P1230385.jpg\"><img loading=\"lazy\" decoding=\"async\" class=\"alignnone size-full wp-image-9035\" src=\"https:\/\/marekkuchcinski.pl\/wp-content\/uploads\/2018\/03\/P1230385.jpg\" alt=\"P1230385\" width=\"3072\" height=\"2048\" srcset=\"https:\/\/marekkuchcinski.pl\/wp-content\/uploads\/2018\/03\/P1230385.jpg 2048w, https:\/\/marekkuchcinski.pl\/wp-content\/uploads\/2018\/03\/P1230385-300x200.jpg 300w, https:\/\/marekkuchcinski.pl\/wp-content\/uploads\/2018\/03\/P1230385-768x512.jpg 768w, https:\/\/marekkuchcinski.pl\/wp-content\/uploads\/2018\/03\/P1230385-1024x683.jpg 1024w\" sizes=\"(max-width: 3072px) 100vw, 3072px\" \/><\/a> <a href=\"https:\/\/marekkuchcinski.pl\/wp-content\/uploads\/2018\/03\/mnich.jpg\"><img loading=\"lazy\" decoding=\"async\" class=\"alignnone size-full wp-image-9052\" src=\"https:\/\/marekkuchcinski.pl\/wp-content\/uploads\/2018\/03\/mnich.jpg\" alt=\"mnich\" width=\"2048\" height=\"1365\" srcset=\"https:\/\/marekkuchcinski.pl\/wp-content\/uploads\/2018\/03\/mnich.jpg 2048w, https:\/\/marekkuchcinski.pl\/wp-content\/uploads\/2018\/03\/mnich-300x200.jpg 300w, https:\/\/marekkuchcinski.pl\/wp-content\/uploads\/2018\/03\/mnich-768x512.jpg 768w, https:\/\/marekkuchcinski.pl\/wp-content\/uploads\/2018\/03\/mnich-1024x683.jpg 1024w\" sizes=\"(max-width: 2048px) 100vw, 2048px\" \/><\/a>A Szejm eln\u00f6ke akci\u00f3ban \ud83d\ude42 \ud83d\ude42 A Szejm eln\u00f6ke akci\u00f3ban<a href=\"https:\/\/marekkuchcinski.pl\/wp-content\/uploads\/2018\/03\/mn2-1.jpg\"><img loading=\"lazy\" decoding=\"async\" class=\"alignnone size-full wp-image-9054\" src=\"https:\/\/marekkuchcinski.pl\/wp-content\/uploads\/2018\/03\/mn2-1.jpg\" alt=\"mn2 (1)\" width=\"3072\" height=\"2048\" srcset=\"https:\/\/marekkuchcinski.pl\/wp-content\/uploads\/2018\/03\/mn2-1.jpg 2048w, https:\/\/marekkuchcinski.pl\/wp-content\/uploads\/2018\/03\/mn2-1-300x200.jpg 300w, https:\/\/marekkuchcinski.pl\/wp-content\/uploads\/2018\/03\/mn2-1-768x512.jpg 768w, https:\/\/marekkuchcinski.pl\/wp-content\/uploads\/2018\/03\/mn2-1-1024x683.jpg 1024w\" sizes=\"(max-width: 3072px) 100vw, 3072px\" \/><\/a> <a href=\"https:\/\/marekkuchcinski.pl\/wp-content\/uploads\/2018\/03\/m3.jpg\"><img loading=\"lazy\" decoding=\"async\" class=\"alignnone size-full wp-image-9059\" src=\"https:\/\/marekkuchcinski.pl\/wp-content\/uploads\/2018\/03\/m3.jpg\" alt=\"m3\" width=\"2048\" height=\"1365\" srcset=\"https:\/\/marekkuchcinski.pl\/wp-content\/uploads\/2018\/03\/m3.jpg 2048w, https:\/\/marekkuchcinski.pl\/wp-content\/uploads\/2018\/03\/m3-300x200.jpg 300w, https:\/\/marekkuchcinski.pl\/wp-content\/uploads\/2018\/03\/m3-768x512.jpg 768w, https:\/\/marekkuchcinski.pl\/wp-content\/uploads\/2018\/03\/m3-1024x683.jpg 1024w\" sizes=\"(max-width: 2048px) 100vw, 2048px\" \/><\/a>A Zosia Bachleda \u00e1ltal vezetett hegym\u00e1sz\u00f3 tanfolyam r\u00e9sztvev\u0151ivel<\/p>","protected":false},"excerpt":{"rendered":"<p>Samotna ska\u0142a kszta\u0142tem przypominaj\u0105ca mnicha w kapturze to punkt obowi\u0105zkowy na mapie skiturowych tras. Ekipa w sk\u0142adzie marsza\u0142ek Sejmu Marek Kuchci\u0144ski, starosta tatrza\u0144ski Piotr B\u0105k i dyrektor TPN Szymon Ziobrowski wspominaj\u0105 niedzieln\u0105 wypraw\u0119 jako jeden z pi\u0119kniejszych, klasycznych ski tour\u00f3w tatrza\u0144skich.\u00a0Szli do g\u00f3ry znad tafli Morskiego Oka, poprzez Mnichowa P\u0142a\u015b\u0144, na pr\u00f3g Dolinki za Mnichem. [&hellip;]<\/p>\n","protected":false},"author":6,"featured_media":9052,"comment_status":"open","ping_status":"open","sticky":false,"template":"","format":"standard","meta":{"ngg_post_thumbnail":0,"footnotes":""},"categories":[3],"tags":[],"class_list":["post-9033","post","type-post","status-publish","format-standard","has-post-thumbnail","hentry","category-wydarzenia"],"_links":{"self":[{"href":"https:\/\/marekkuchcinski.pl\/hu\/wp-json\/wp\/v2\/posts\/9033","targetHints":{"allow":["GET"]}}],"collection":[{"href":"https:\/\/marekkuchcinski.pl\/hu\/wp-json\/wp\/v2\/posts"}],"about":[{"href":"https:\/\/marekkuchcinski.pl\/hu\/wp-json\/wp\/v2\/types\/post"}],"author":[{"embeddable":true,"href":"https:\/\/marekkuchcinski.pl\/hu\/wp-json\/wp\/v2\/users\/6"}],"replies":[{"embeddable":true,"href":"https:\/\/marekkuchcinski.pl\/hu\/wp-json\/wp\/v2\/comments?post=9033"}],"version-history":[{"count":6,"href":"https:\/\/marekkuchcinski.pl\/hu\/wp-json\/wp\/v2\/posts\/9033\/revisions"}],"predecessor-version":[{"id":9060,"href":"https:\/\/marekkuchcinski.pl\/hu\/wp-json\/wp\/v2\/posts\/9033\/revisions\/9060"}],"wp:featuredmedia":[{"embeddable":true,"href":"https:\/\/marekkuchcinski.pl\/hu\/wp-json\/wp\/v2\/media\/9052"}],"wp:attachment":[{"href":"https:\/\/marekkuchcinski.pl\/hu\/wp-json\/wp\/v2\/media?parent=9033"}],"wp:term":[{"taxonomy":"category","embeddable":true,"href":"https:\/\/marekkuchcinski.pl\/hu\/wp-json\/wp\/v2\/categories?post=9033"},{"taxonomy":"post_tag","embeddable":true,"href":"https:\/\/marekkuchcinski.pl\/hu\/wp-json\/wp\/v2\/tags?post=9033"}],"curies":[{"name":"wp","href":"https:\/\/api.w.org\/{rel}","templated":true}]}}