{"id":9019,"date":"2018-03-17T18:04:44","date_gmt":"2018-03-17T17:04:44","guid":{"rendered":"https:\/\/marekkuchcinski.pl\/?p=9019"},"modified":"2018-03-17T18:39:12","modified_gmt":"2018-03-17T17:39:12","slug":"24-lata-temu-zmarl-zbigniew-kuchcinski-prezes-towarzystwa-milosnikow-lwowa","status":"publish","type":"post","link":"https:\/\/marekkuchcinski.pl\/hu\/wydarzenia\/24-lata-temu-zmarl-zbigniew-kuchcinski-prezes-towarzystwa-milosnikow-lwowa\/","title":{"rendered":"24 \u00e9vvel ezel\u0151tt meghalt Zbigniew Kuchcinski, a Lviv Lovers Society eln\u00f6ke."},"content":{"rendered":"<p>Zbigniew Kuchci\u0144ski, a Lviv \u00e9s a d\u00e9li hat\u00e1rvid\u00e9k szerelmeseinek t\u00e1rsas\u00e1ga alap\u00edt\u00f3ja \u00e9s eln\u00f6ke.<wbr \/>1994. m\u00e1rcius 17-\u00e9n halt meg.<\/p>\n<p>A T\u00e1rsas\u00e1g f\u0151 c\u00e9ljai a k\u00f6vetkez\u0151k:<\/p>\n<ul>\n<li>a keleti hat\u00e1rvid\u00e9k t\u00f6rt\u00e9nelmi, kultur\u00e1lis \u00e9s tudom\u00e1nyos \u00f6r\u00f6ks\u00e9g\u00e9nek \u00e1pol\u00e1sa a Lengyel K\u00f6zt\u00e1rsas\u00e1g hagyom\u00e1nyainak szerves r\u00e9szek\u00e9nt,<\/li>\n<li>szoros kapcsolatot tart fenn a keleti honfit\u00e1rsakkal \u00e9s a lengyel szervezetekkel,<\/li>\n<li>az ott \u00e9l\u0151 lengyelek, k\u00fcl\u00f6n\u00f6sen a gyermekek, a fiatalok, az id\u0151sek \u00e9s a betegek sz\u00e9les k\u00f6r\u0171 t\u00e1mogat\u00e1sa.<\/li>\n<li>a przemy\u015bli fi\u00f3k is r\u00e9szt vett a hat\u00e1ron t\u00f6rt\u00e9n\u0151 p\u00e9nzgy\u0171jt\u00e9sben a t\u00f6rt\u00e9nelmi m\u0171eml\u00e9kek helyre\u00e1ll\u00edt\u00e1s\u00e1ra.<\/li>\n<\/ul>\n<p><a href=\"https:\/\/marekkuchcinski.pl\/wp-content\/uploads\/2018\/03\/ZK-1.jpg\"><img fetchpriority=\"high\" decoding=\"async\" class=\"alignnone size-full wp-image-9020\" src=\"https:\/\/marekkuchcinski.pl\/wp-content\/uploads\/2018\/03\/ZK-1.jpg\" alt=\"ZK (1)\" width=\"3024\" height=\"4032\" srcset=\"https:\/\/marekkuchcinski.pl\/wp-content\/uploads\/2018\/03\/ZK-1.jpg 1536w, https:\/\/marekkuchcinski.pl\/wp-content\/uploads\/2018\/03\/ZK-1-225x300.jpg 225w, https:\/\/marekkuchcinski.pl\/wp-content\/uploads\/2018\/03\/ZK-1-768x1024.jpg 768w\" sizes=\"(max-width: 3024px) 100vw, 3024px\" \/><\/a><\/p>","protected":false},"excerpt":{"rendered":"<p>Zbigniew Kuchci\u0144ski, za\u0142o\u017cyciel i prezes\u00a0Towarzystwa Mi\u0142o\u015bnik\u00f3w Lwowa\u00a0i Kres\u00f3w Po\u0142udniowo-Wschodnich w Przemy\u015blu, zmar\u0142 17 marca 1994 r. Za g\u0142\u00f3wne cele Towarzystwo postawi\u0142o sobie: piel\u0119gnowanie dorobku historycznego, kulturowego, naukowego Kres\u00f3w Wschodnich jako integralnej cz\u0119\u015bci tradycji Rzeczypospolitej Polskiej, utrzymywanie bliskiej wi\u0119zi z Rodakami na Wschodzie i organizacjami polskimi, niesienie szeroko poj\u0119tej pomocy Polakom tam mieszkaj\u0105cym, zw\u0142aszcza dzieciom, m\u0142odzie\u017cy [&hellip;]<\/p>\n","protected":false},"author":6,"featured_media":9020,"comment_status":"open","ping_status":"open","sticky":false,"template":"","format":"standard","meta":{"ngg_post_thumbnail":0,"footnotes":""},"categories":[49,77,50,3],"tags":[],"class_list":["post-9019","post","type-post","status-publish","format-standard","has-post-thumbnail","hentry","category-podkarpacie","category-wazne-daty","category-wspolpraca-miedzynarodowa","category-wydarzenia"],"_links":{"self":[{"href":"https:\/\/marekkuchcinski.pl\/hu\/wp-json\/wp\/v2\/posts\/9019","targetHints":{"allow":["GET"]}}],"collection":[{"href":"https:\/\/marekkuchcinski.pl\/hu\/wp-json\/wp\/v2\/posts"}],"about":[{"href":"https:\/\/marekkuchcinski.pl\/hu\/wp-json\/wp\/v2\/types\/post"}],"author":[{"embeddable":true,"href":"https:\/\/marekkuchcinski.pl\/hu\/wp-json\/wp\/v2\/users\/6"}],"replies":[{"embeddable":true,"href":"https:\/\/marekkuchcinski.pl\/hu\/wp-json\/wp\/v2\/comments?post=9019"}],"version-history":[{"count":6,"href":"https:\/\/marekkuchcinski.pl\/hu\/wp-json\/wp\/v2\/posts\/9019\/revisions"}],"predecessor-version":[{"id":9026,"href":"https:\/\/marekkuchcinski.pl\/hu\/wp-json\/wp\/v2\/posts\/9019\/revisions\/9026"}],"wp:featuredmedia":[{"embeddable":true,"href":"https:\/\/marekkuchcinski.pl\/hu\/wp-json\/wp\/v2\/media\/9020"}],"wp:attachment":[{"href":"https:\/\/marekkuchcinski.pl\/hu\/wp-json\/wp\/v2\/media?parent=9019"}],"wp:term":[{"taxonomy":"category","embeddable":true,"href":"https:\/\/marekkuchcinski.pl\/hu\/wp-json\/wp\/v2\/categories?post=9019"},{"taxonomy":"post_tag","embeddable":true,"href":"https:\/\/marekkuchcinski.pl\/hu\/wp-json\/wp\/v2\/tags?post=9019"}],"curies":[{"name":"wp","href":"https:\/\/api.w.org\/{rel}","templated":true}]}}