{"id":8937,"date":"2018-03-12T12:40:23","date_gmt":"2018-03-12T11:40:23","guid":{"rendered":"https:\/\/marekkuchcinski.pl\/?p=8937"},"modified":"2018-03-13T11:11:30","modified_gmt":"2018-03-13T10:11:30","slug":"wilno-obchody-niepodleglosci-udzialem-marszalka-sejmu-litwa-lotwa-polska-jednym-glosem-ws-nord-stream-2","status":"publish","type":"post","link":"https:\/\/marekkuchcinski.pl\/hu\/wydarzenia\/wilno-obchody-niepodleglosci-udzialem-marszalka-sejmu-litwa-lotwa-polska-jednym-glosem-ws-nord-stream-2\/","title":{"rendered":"Vilnius: F\u00fcggetlens\u00e9g napi \u00fcnneps\u00e9gek a Szejm eln\u00f6k\u00e9nek r\u00e9szv\u00e9tel\u00e9vel Litv\u00e1nia, Lettorsz\u00e1g \u00e9s Lengyelorsz\u00e1g egys\u00e9ges \u00e1ll\u00e1spontot k\u00e9pvisel az \u00c9szaki \u00c1ramlat 2 \u00fcgy\u00e9ben"},"content":{"rendered":"<h5 dir=\"ltr\">&#8211;<i>\u00a01990. m\u00e1rcius 11., Litv\u00e1nia \u00e1llam vissza\u00e1ll\u00edt\u00e1sa mindannyiunk sz\u00e1m\u00e1ra \u00f6r\u00f6mteli nap. Litv\u00e1nia visszat\u00e9r\u00e9se a szuver\u00e9n \u00e1llamok sor\u00e1ba nagy jelent\u0151s\u00e9ggel b\u00edr sz\u00e1munkra.<\/i>\u00a0mondta Marek Kuchci\u0144ski Vilniusban. A Szejm eln\u00f6ke Litv\u00e1nia f\u0151v\u00e1ros\u00e1ba l\u00e1togatott, hogy r\u00e9szt vegyen a f\u00fcggetlens\u00e9g \u00fajj\u00e1sz\u00fclet\u00e9s\u00e9nek napja alkalm\u00e1b\u00f3l rendezett \u00fcnneps\u00e9geken. A szejmet Tadeusz Aziewicz, Tomasz Latos \u00e9s Jerzy Meysztowicz k\u00e9pvisel\u0151k is k\u00e9pviselt\u00e9k.<\/h5>\n<h5 dir=\"ltr\">Az \u00fcnneps\u00e9gek a parlament \u00e9p\u00fclet\u00e9ben egyperces n\u00e9ma csenddel kezd\u0151dtek a litv\u00e1n szabads\u00e1gharcosok tisztelet\u00e9re. Viktoras Pranckietis, a Seimas eln\u00f6ke besz\u00e9d\u00e9ben azok b\u00e1tors\u00e1g\u00e1r\u00f3l besz\u00e9lt, akik az orsz\u00e1got a f\u00fcggetlens\u00e9ghez vezett\u00e9k. In\u0101ra M\u016brniece, a lett parlament eln\u00f6ke viszont eml\u00e9keztetett a balti \u00e1llamok k\u00f6z\u00f6tti egys\u00e9g sz\u00fcks\u00e9gess\u00e9g\u00e9re.<\/h5>\n<h5 dir=\"ltr\">A Szejm eln\u00f6ke az 1989-90-es fordulat id\u0151szak\u00e1r\u00f3l besz\u00e9lt.\u00a0<i>Ez a Szolidarit\u00e1s \u00e9s a Szolidarit\u00e1s diadala volt.\u00a0<\/i><em>S\u0105j\u016bdisu<\/em><i>k\u00e9t nagy t\u00e1rsadalmi mozgalom, amelyek messze t\u00falmutatnak nemzeti hat\u00e1rainkon.<\/i>\u00a0- hangs\u00falyozta. Marek Kuchci\u0144ski felid\u00e9zte a k\u00e9t nemzet 450 \u00e9vvel ezel\u0151tti k\u00f6z\u00f6s munk\u00e1j\u00e1t, a lublini uni\u00f3t, amelyet Litv\u00e1nia megkeresztel\u00e9se el\u0151z\u00f6tt meg. -\u00a0<i>A lengyelek \u00e9s a litv\u00e1nok a \"szabad a szabaddal, egyenl\u0151 az egyenlettel\" elv\u00e9t\u0151l vez\u00e9relve a k\u00e9t nemzet egyenrang\u00fa uni\u00f3j\u00e1ba l\u00e9ptek, bizonyos \u00e9rtelemben az EU el\u0151fut\u00e1raiv\u00e1 v\u00e1ltak, \u00e9s fel\u00e9p\u00edtett\u00e9k a modern parlamentarizmust.<\/i>\u00a0- Megjegyezte. A Szejm eln\u00f6ke arr\u00f3l is besz\u00e9lt, hogy helyre kell \u00e1ll\u00edtani a lengyel \u00e9s a litv\u00e1n parlamenti k\u00f6zgy\u0171l\u00e9s tev\u00e9kenys\u00e9g\u00e9t. A balti \u00e1llamokkal val\u00f3 meger\u0151s\u00edtett parlamenti egy\u00fcttm\u0171k\u00f6d\u00e9sre tett aj\u00e1nlatot. -<i>\u00a0Isten \u00e1ldja Lengyelorsz\u00e1got, Litv\u00e1ni\u00e1t \u00e9s eg\u00e9sz K\u00f6z\u00e9p- \u00e9s Kelet-Eur\u00f3p\u00e1t -<\/i>\u00a0z\u00e1rult.<\/h5>\n<h5>Az \u00fcnneps\u00e9g h\u00e1zigazd\u00e1ja, Victoras Pranckietis hangs\u00falyozta, hogy 1990. m\u00e1rcius 11-e, az eml\u00e9kezetes nap \u00f3ta a litv\u00e1nok megszabadultak a gondolkod\u00e1s \u00e9s az idegen akarat, a hazugs\u00e1g \u00e9s a f\u00e9lelem k\u00e9nyszer\u00e9t\u0151l. Pranckietis arra is r\u00e1mutatott, hogy a litv\u00e1n szabads\u00e1g \u00e1ra nem volt kicsi, \u00e9s sokan az \u00e9let\u00fcket adt\u00e1k \u00e9rte. A Seimas eln\u00f6ke eml\u00e9keztetett arra, hogy 2018-at Adolfas Ramanauskas-Vanagas, a Litv\u00e1n Szabads\u00e1gharc Mozgalom (LLKS) Tan\u00e1cs\u00e1nak 1949. febru\u00e1r 16-i nyilatkozat\u00e1nak al\u00e1\u00edr\u00f3ja, az LLKS fegyveres er\u0151inek parancsnoka sz\u00fclet\u00e9s\u00e9nek 100. \u00e9vfordul\u00f3ja alkalm\u00e1b\u00f3l Adolfas Ramanauskas-Vanagas \u00e9v\u00e9nek nyilv\u00e1n\u00edtott\u00e1k. A Szejm k\u00e9pvisel\u0151i \u00e9s az \u00f6sszegy\u0171lt vend\u00e9gek egyperces n\u00e9ma csenddel ad\u00f3ztak Ramanauskas-Vanagas eml\u00e9k\u00e9nek, m\u00edg l\u00e1nya, Auksut\u0117 Ramanauskait\u0117-Skokauskien\u0117 arra sz\u00f3l\u00edtott fel, hogy azok tud\u00e1sa, akik \u00e9desapj\u00e1hoz hasonl\u00f3an Litv\u00e1nia szabads\u00e1g\u00e1\u00e9rt k\u00fczd\u00f6ttek, jusson el az orsz\u00e1g hat\u00e1rain t\u00falra.<\/h5>\n<h5>A szejmben \u00f6sszegy\u0171lt vend\u00e9gek meghallgattak egy kifejezetten erre az alkalomra felvett \u00fczenetet is. <em>Vytautas Landsbergis, aki a litv\u00e1n \u00e1llam \u00e9l\u00e9n \u00e1llt az eml\u00e9kezetes 1990-es \u00e9vben, \u00e9s m\u00e1rcius 11-\u00e9n <\/em>\u0150 eln\u00f6k\u00f6lt a parlament t\u00f6rt\u00e9nelmi jelent\u0151s\u00e9g\u0171 \u00fcl\u00e9s\u00e9n, amelyen kihirdett\u00e9k a Litv\u00e1n \u00c1llam helyre\u00e1ll\u00edt\u00e1s\u00e1r\u00f3l sz\u00f3l\u00f3 t\u00f6rv\u00e9nyt, amely kimondta a f\u00fcggetlen Litv\u00e1n K\u00f6zt\u00e1rsas\u00e1g megalakul\u00e1s\u00e1t. Landsbergis \u00fcdv\u00f6z\u00f6lte a k\u00f6z\u00f6ns\u00e9get \"Litv\u00e1nia felt\u00e1mad\u00e1s\u00e1nak \u00e9s \u00fajj\u00e1sz\u00fclet\u00e9s\u00e9nek \u00fcnnepe \u00e9s a Litv\u00e1n K\u00f6zt\u00e1rsas\u00e1g m\u00e1sodik sz\u00fclet\u00e9snapja alkalm\u00e1b\u00f3l\". Besz\u00e9lt arr\u00f3l, hogy mit nem siker\u00fclt 1990-ben rendezni, \u00e9s mi maradt a fiatal gener\u00e1ci\u00f3 kez\u00e9ben, a politika alapjair\u00f3l, a lehet\u0151 legtiszt\u00e1bb jogr\u00f3l, a h\u00e1bor\u00fas b\u0171n\u00f6k elsz\u00e1moltat\u00e1s\u00e1r\u00f3l, a litv\u00e1n alkotm\u00e1nyjog\u00e1szok feladatair\u00f3l az Emberi Jogok Eur\u00f3pai B\u00edr\u00f3s\u00e1g\u00e1val folytatott vit\u00e1ban a litv\u00e1n ellen\u00e1ll\u00e1s \u00fcld\u00f6z\u00f6tt tagjai eml\u00e9k\u00e9nek kezel\u00e9s\u00e9r\u0151l.<\/h5>\n<h5>Az \u00fcnneps\u00e9gen Bronislovas Juozapaitis, a Litv\u00e1nia szabads\u00e1g\u00e1\u00e9rt folytatott partiz\u00e1nharc r\u00e9sztvev\u0151je, a norilszki gul\u00e1g foglya, id\u0151s partiz\u00e1n, \u00e9rdemes katona, a \"Tud\u00e1s\" szobrocsk\u00e1t kapta meg.<\/h5>\n<h5 dir=\"ltr\">A Szejm \u00fcnneps\u00e9geit k\u00f6vet\u0151en a balti \u00e1llamok z\u00e1szl\u00f3inak felvon\u00e1s\u00e1ra a F\u00fcggetlens\u00e9g ter\u00e9n ker\u00fclt sor. Ezt k\u00f6vet\u0151en Litv\u00e1nia, Lengyelorsz\u00e1g \u00e9s Lettorsz\u00e1g parlamentjeinek vezet\u0151i ny\u00edlt levelet \u00edrtak al\u00e1 az eur\u00f3pai \u00e1llamok parlamentjeinek eln\u00f6keinek. \"Az \u00c9szaki \u00c1ramlat 2 nem a g\u00e1zell\u00e1t\u00e1si forr\u00e1sok diverzifik\u00e1l\u00e1s\u00e1ra ir\u00e1nyul, hanem az Eur\u00f3pai Uni\u00f3 energiaf\u00fcgg\u0151s\u00e9g\u00e9nek, \u00e9s k\u00fcl\u00f6n\u00f6sen a k\u00f6z\u00e9p- \u00e9s kelet-eur\u00f3pai orsz\u00e1gok Oroszorsz\u00e1gt\u00f3l val\u00f3 f\u00fcgg\u0151s\u00e9g\u00e9nek elm\u00e9ly\u00edt\u00e9s\u00e9re\" - olvashat\u00f3 a dokumentumban, amelyet kor\u00e1bban az ukr\u00e1n \u00e9s a moldovai parlament eln\u00f6ke is al\u00e1\u00edrt. A szejm eln\u00f6ke \u00e9s az \u0151t k\u00eds\u00e9r\u0151 lengyel k\u00e9pvisel\u0151k Viktoras Pranckietis szejmeln\u00f6kkel is t\u00e1rgyaltak. A tal\u00e1lkoz\u00f3 ut\u00e1n Kuchcinski marsall \u00e9s Pranckietis eln\u00f6k \u00fajs\u00e1g\u00edr\u00f3kkal tal\u00e1lkozott. -\u00a0<i>K\u00e9t fontos alapelvet hangs\u00falyozunk: az \u00f6sszes uni\u00f3s orsz\u00e1g biztons\u00e1ga ir\u00e1nti k\u00f6z\u00f6s aggodalmat, bele\u00e9rtve az Uni\u00f3 keleti r\u00e9sz\u00e9n fekv\u0151 orsz\u00e1gokat is, valamint a szolidarit\u00e1st \u00e9s az egy\u00fcttm\u0171k\u00f6d\u00e9st. Egy\u00fctt Ukrajn\u00e1t is t\u00e1mogatjuk.<\/i>\u00a0- mondta a Szejm eln\u00f6ke sajt\u00f3t\u00e1j\u00e9koztat\u00f3j\u00e1n.<\/h5>\n<h5 dir=\"ltr\">A litv\u00e1n f\u0151v\u00e1rosban tartott \u00fcnnep\u00e9lyes \u00fcnneps\u00e9gek r\u00e9szek\u00e9nt Marek Kuchci\u0144ski marsall is r\u00e9szt vett a vilniusi sz\u00e9kesegyh\u00e1zban tartott szentmis\u00e9n.<\/h5>\n<h5 dir=\"ltr\">Kuchci\u0144ski marsall vilniusi l\u00e1togat\u00e1sa egy m\u00e1sik alkalom volt a lengyel \u00e9s a litv\u00e1n parlament eln\u00f6keinek tal\u00e1lkoz\u00f3j\u00e1ra. Viktoras Pranckietis m\u00e1rcius elej\u00e9n Vars\u00f3ba l\u00e1togatott a Litv\u00e1n K\u00f6zt\u00e1rsas\u00e1g f\u00fcggetlens\u00e9ge helyre\u00e1ll\u00edt\u00e1s\u00e1nak 100. \u00e9vfordul\u00f3ja alkalm\u00e1b\u00f3l rendezett \u00fcnneps\u00e9gek keret\u00e9ben. Az akkor a Szejmben elmondott besz\u00e9de volt az els\u0151 olyan besz\u00e9d, amelyet egy m\u00e1sik orsz\u00e1g parlamenti eln\u00f6ke mondott a Szejm \u00fcl\u00e9s\u00e9n a 21. sz\u00e1zadban. A Szejm eln\u00f6ke viszont tavaly szeptemberben Vilniusban j\u00e1rt. Ekkor Marek Kuchci\u0144ski felsz\u00f3lalt a Szejm plen\u00e1ris \u00fcl\u00e9s\u00e9n. Besz\u00e9lt a k\u00e9t orsz\u00e1g sz\u00f6vets\u00e9g\u00e9nek fontoss\u00e1g\u00e1r\u00f3l \u00e9s a Vars\u00f3 \u00e9s Vilnius k\u00f6z\u00f6tti egy\u00fcttm\u0171k\u00f6d\u00e9s \u00e9rt\u00e9k\u00e9r\u0151l.<\/h5>\n<h5 dir=\"ltr\">Litv\u00e1nia f\u00fcggetlens\u00e9g\u00e9nek napj\u00e1t 1990. m\u00e1rcius 11. \u00f3ta \u00fcnneplik. 1990. m\u00e1rcius 11-\u00e9n tartott\u00e1k Litv\u00e1nia szabadon v\u00e1lasztott Legfels\u0151bb Tan\u00e1cs\u00e1nak els\u0151 \u00fcl\u00e9s\u00e9t, \u00e9s ezen a napon ki\u00e1ltott\u00e1k ki Litv\u00e1nia \u00e1llam\u00e1t. A Tan\u00e1cs els\u0151 \u00fcl\u00e9s\u00e9n elfogadta a Litv\u00e1nia f\u00fcggetlen \u00e1llam \u00fajj\u00e1sz\u00fclet\u00e9s\u00e9r\u0151l sz\u00f3l\u00f3 t\u00f6rv\u00e9nyt.<\/h5>\n<h5 dir=\"ltr\"><em>sz\u00f6veg: CIS<\/em><\/h5>\n<h5 dir=\"ltr\"><em>Fot\u00f3: Pawe\u0142 Kula<\/em><\/h5>\n<h5><a href=\"https:\/\/marekkuchcinski.pl\/wp-content\/uploads\/2018\/03\/KU301359.jpg\"><img fetchpriority=\"high\" decoding=\"async\" class=\"alignnone size-full wp-image-8942\" src=\"https:\/\/marekkuchcinski.pl\/wp-content\/uploads\/2018\/03\/KU301359.jpg\" alt=\"KU301359\" width=\"2736\" height=\"1824\" srcset=\"https:\/\/marekkuchcinski.pl\/wp-content\/uploads\/2018\/03\/KU301359.jpg 2048w, https:\/\/marekkuchcinski.pl\/wp-content\/uploads\/2018\/03\/KU301359-300x200.jpg 300w, https:\/\/marekkuchcinski.pl\/wp-content\/uploads\/2018\/03\/KU301359-768x512.jpg 768w, https:\/\/marekkuchcinski.pl\/wp-content\/uploads\/2018\/03\/KU301359-1024x683.jpg 1024w\" sizes=\"(max-width: 2736px) 100vw, 2736px\" \/><\/a> <a href=\"https:\/\/marekkuchcinski.pl\/wp-content\/uploads\/2018\/03\/KU301395.jpg\"><img decoding=\"async\" class=\"alignnone size-full wp-image-8943\" src=\"https:\/\/marekkuchcinski.pl\/wp-content\/uploads\/2018\/03\/KU301395.jpg\" alt=\"KU301395\" width=\"2736\" height=\"1824\" srcset=\"https:\/\/marekkuchcinski.pl\/wp-content\/uploads\/2018\/03\/KU301395.jpg 2048w, https:\/\/marekkuchcinski.pl\/wp-content\/uploads\/2018\/03\/KU301395-300x200.jpg 300w, https:\/\/marekkuchcinski.pl\/wp-content\/uploads\/2018\/03\/KU301395-768x512.jpg 768w, https:\/\/marekkuchcinski.pl\/wp-content\/uploads\/2018\/03\/KU301395-1024x683.jpg 1024w\" sizes=\"(max-width: 2736px) 100vw, 2736px\" \/><\/a> <a href=\"https:\/\/marekkuchcinski.pl\/wp-content\/uploads\/2018\/03\/KU301408.jpg\"><img decoding=\"async\" class=\"alignnone size-full wp-image-8944\" src=\"https:\/\/marekkuchcinski.pl\/wp-content\/uploads\/2018\/03\/KU301408.jpg\" alt=\"KU301408\" width=\"2736\" height=\"1824\" srcset=\"https:\/\/marekkuchcinski.pl\/wp-content\/uploads\/2018\/03\/KU301408.jpg 2048w, https:\/\/marekkuchcinski.pl\/wp-content\/uploads\/2018\/03\/KU301408-300x200.jpg 300w, https:\/\/marekkuchcinski.pl\/wp-content\/uploads\/2018\/03\/KU301408-768x512.jpg 768w, https:\/\/marekkuchcinski.pl\/wp-content\/uploads\/2018\/03\/KU301408-1024x683.jpg 1024w\" sizes=\"(max-width: 2736px) 100vw, 2736px\" \/><\/a> <a href=\"https:\/\/marekkuchcinski.pl\/wp-content\/uploads\/2018\/03\/KU301496.jpg\"><img loading=\"lazy\" decoding=\"async\" class=\"alignnone size-full wp-image-8945\" src=\"https:\/\/marekkuchcinski.pl\/wp-content\/uploads\/2018\/03\/KU301496.jpg\" alt=\"KU301496\" width=\"2736\" height=\"1824\" srcset=\"https:\/\/marekkuchcinski.pl\/wp-content\/uploads\/2018\/03\/KU301496.jpg 2048w, https:\/\/marekkuchcinski.pl\/wp-content\/uploads\/2018\/03\/KU301496-300x200.jpg 300w, https:\/\/marekkuchcinski.pl\/wp-content\/uploads\/2018\/03\/KU301496-768x512.jpg 768w, https:\/\/marekkuchcinski.pl\/wp-content\/uploads\/2018\/03\/KU301496-1024x683.jpg 1024w\" sizes=\"(max-width: 2736px) 100vw, 2736px\" \/><\/a> <a href=\"https:\/\/marekkuchcinski.pl\/wp-content\/uploads\/2018\/03\/KU301598.jpg\"><img loading=\"lazy\" decoding=\"async\" class=\"alignnone size-full wp-image-8946\" src=\"https:\/\/marekkuchcinski.pl\/wp-content\/uploads\/2018\/03\/KU301598.jpg\" alt=\"KU301598\" width=\"2736\" height=\"1824\" srcset=\"https:\/\/marekkuchcinski.pl\/wp-content\/uploads\/2018\/03\/KU301598.jpg 2048w, https:\/\/marekkuchcinski.pl\/wp-content\/uploads\/2018\/03\/KU301598-300x200.jpg 300w, https:\/\/marekkuchcinski.pl\/wp-content\/uploads\/2018\/03\/KU301598-768x512.jpg 768w, https:\/\/marekkuchcinski.pl\/wp-content\/uploads\/2018\/03\/KU301598-1024x683.jpg 1024w\" sizes=\"(max-width: 2736px) 100vw, 2736px\" \/><\/a> <a href=\"https:\/\/marekkuchcinski.pl\/wp-content\/uploads\/2018\/03\/KU301627.jpg\"><img loading=\"lazy\" decoding=\"async\" class=\"alignnone size-full wp-image-8947\" src=\"https:\/\/marekkuchcinski.pl\/wp-content\/uploads\/2018\/03\/KU301627.jpg\" alt=\"KU301627\" width=\"2736\" height=\"1824\" srcset=\"https:\/\/marekkuchcinski.pl\/wp-content\/uploads\/2018\/03\/KU301627.jpg 2048w, https:\/\/marekkuchcinski.pl\/wp-content\/uploads\/2018\/03\/KU301627-300x200.jpg 300w, https:\/\/marekkuchcinski.pl\/wp-content\/uploads\/2018\/03\/KU301627-768x512.jpg 768w, https:\/\/marekkuchcinski.pl\/wp-content\/uploads\/2018\/03\/KU301627-1024x683.jpg 1024w\" sizes=\"(max-width: 2736px) 100vw, 2736px\" \/><\/a> <a href=\"https:\/\/marekkuchcinski.pl\/wp-content\/uploads\/2018\/03\/IMG_8687.jpg\"><img loading=\"lazy\" decoding=\"async\" class=\"alignnone size-full wp-image-8967\" src=\"https:\/\/marekkuchcinski.pl\/wp-content\/uploads\/2018\/03\/IMG_8687.jpg\" alt=\"IMG_8687\" width=\"4752\" height=\"3168\" srcset=\"https:\/\/marekkuchcinski.pl\/wp-content\/uploads\/2018\/03\/IMG_8687.jpg 2048w, https:\/\/marekkuchcinski.pl\/wp-content\/uploads\/2018\/03\/IMG_8687-300x200.jpg 300w, https:\/\/marekkuchcinski.pl\/wp-content\/uploads\/2018\/03\/IMG_8687-768x512.jpg 768w, https:\/\/marekkuchcinski.pl\/wp-content\/uploads\/2018\/03\/IMG_8687-1024x683.jpg 1024w\" sizes=\"(max-width: 4752px) 100vw, 4752px\" \/><\/a><a href=\"https:\/\/marekkuchcinski.pl\/wp-content\/uploads\/2018\/03\/KU301825.jpg\"><img loading=\"lazy\" decoding=\"async\" class=\"alignnone size-full wp-image-8950\" src=\"https:\/\/marekkuchcinski.pl\/wp-content\/uploads\/2018\/03\/KU301825.jpg\" alt=\"KU301825\" width=\"2736\" height=\"1824\" srcset=\"https:\/\/marekkuchcinski.pl\/wp-content\/uploads\/2018\/03\/KU301825.jpg 2048w, https:\/\/marekkuchcinski.pl\/wp-content\/uploads\/2018\/03\/KU301825-300x200.jpg 300w, https:\/\/marekkuchcinski.pl\/wp-content\/uploads\/2018\/03\/KU301825-768x512.jpg 768w, https:\/\/marekkuchcinski.pl\/wp-content\/uploads\/2018\/03\/KU301825-1024x683.jpg 1024w\" sizes=\"(max-width: 2736px) 100vw, 2736px\" \/><\/a> <a href=\"https:\/\/marekkuchcinski.pl\/wp-content\/uploads\/2018\/03\/KU302506.jpg\"><img loading=\"lazy\" decoding=\"async\" class=\"alignnone size-full wp-image-8951\" src=\"https:\/\/marekkuchcinski.pl\/wp-content\/uploads\/2018\/03\/KU302506.jpg\" alt=\"KU302506\" width=\"2736\" height=\"1824\" srcset=\"https:\/\/marekkuchcinski.pl\/wp-content\/uploads\/2018\/03\/KU302506.jpg 2048w, https:\/\/marekkuchcinski.pl\/wp-content\/uploads\/2018\/03\/KU302506-300x200.jpg 300w, https:\/\/marekkuchcinski.pl\/wp-content\/uploads\/2018\/03\/KU302506-768x512.jpg 768w, https:\/\/marekkuchcinski.pl\/wp-content\/uploads\/2018\/03\/KU302506-1024x683.jpg 1024w\" sizes=\"(max-width: 2736px) 100vw, 2736px\" \/><\/a> <a href=\"https:\/\/marekkuchcinski.pl\/wp-content\/uploads\/2018\/03\/KU302584.jpg\"><img loading=\"lazy\" decoding=\"async\" class=\"alignnone size-full wp-image-8952\" src=\"https:\/\/marekkuchcinski.pl\/wp-content\/uploads\/2018\/03\/KU302584.jpg\" alt=\"KU302584\" width=\"2736\" height=\"1824\" srcset=\"https:\/\/marekkuchcinski.pl\/wp-content\/uploads\/2018\/03\/KU302584.jpg 2048w, https:\/\/marekkuchcinski.pl\/wp-content\/uploads\/2018\/03\/KU302584-300x200.jpg 300w, https:\/\/marekkuchcinski.pl\/wp-content\/uploads\/2018\/03\/KU302584-768x512.jpg 768w, https:\/\/marekkuchcinski.pl\/wp-content\/uploads\/2018\/03\/KU302584-1024x683.jpg 1024w\" sizes=\"(max-width: 2736px) 100vw, 2736px\" \/><\/a> <a href=\"https:\/\/marekkuchcinski.pl\/wp-content\/uploads\/2018\/03\/KU302818.jpg\"><img loading=\"lazy\" decoding=\"async\" class=\"alignnone size-full wp-image-8953\" src=\"https:\/\/marekkuchcinski.pl\/wp-content\/uploads\/2018\/03\/KU302818.jpg\" alt=\"KU302818\" width=\"2736\" height=\"1824\" srcset=\"https:\/\/marekkuchcinski.pl\/wp-content\/uploads\/2018\/03\/KU302818.jpg 2048w, https:\/\/marekkuchcinski.pl\/wp-content\/uploads\/2018\/03\/KU302818-300x200.jpg 300w, https:\/\/marekkuchcinski.pl\/wp-content\/uploads\/2018\/03\/KU302818-768x512.jpg 768w, https:\/\/marekkuchcinski.pl\/wp-content\/uploads\/2018\/03\/KU302818-1024x683.jpg 1024w\" sizes=\"(max-width: 2736px) 100vw, 2736px\" \/><\/a> <a href=\"https:\/\/marekkuchcinski.pl\/wp-content\/uploads\/2018\/03\/KU302867.jpg\"><img loading=\"lazy\" decoding=\"async\" class=\"alignnone size-full wp-image-8954\" src=\"https:\/\/marekkuchcinski.pl\/wp-content\/uploads\/2018\/03\/KU302867.jpg\" alt=\"KU302867\" width=\"2736\" height=\"1824\" srcset=\"https:\/\/marekkuchcinski.pl\/wp-content\/uploads\/2018\/03\/KU302867.jpg 2048w, https:\/\/marekkuchcinski.pl\/wp-content\/uploads\/2018\/03\/KU302867-300x200.jpg 300w, https:\/\/marekkuchcinski.pl\/wp-content\/uploads\/2018\/03\/KU302867-768x512.jpg 768w, https:\/\/marekkuchcinski.pl\/wp-content\/uploads\/2018\/03\/KU302867-1024x683.jpg 1024w\" sizes=\"(max-width: 2736px) 100vw, 2736px\" \/><\/a> <a href=\"https:\/\/marekkuchcinski.pl\/wp-content\/uploads\/2018\/03\/KU302908-1.jpg\"><img loading=\"lazy\" decoding=\"async\" class=\"alignnone size-full wp-image-8955\" src=\"https:\/\/marekkuchcinski.pl\/wp-content\/uploads\/2018\/03\/KU302908-1.jpg\" alt=\"KU302908\" width=\"2736\" height=\"1824\" srcset=\"https:\/\/marekkuchcinski.pl\/wp-content\/uploads\/2018\/03\/KU302908-1.jpg 2048w, https:\/\/marekkuchcinski.pl\/wp-content\/uploads\/2018\/03\/KU302908-1-300x200.jpg 300w, https:\/\/marekkuchcinski.pl\/wp-content\/uploads\/2018\/03\/KU302908-1-768x512.jpg 768w, https:\/\/marekkuchcinski.pl\/wp-content\/uploads\/2018\/03\/KU302908-1-1024x683.jpg 1024w\" sizes=\"(max-width: 2736px) 100vw, 2736px\" \/><\/a> <a href=\"https:\/\/marekkuchcinski.pl\/wp-content\/uploads\/2018\/03\/KU302936.jpg\"><img loading=\"lazy\" decoding=\"async\" class=\"alignnone size-full wp-image-8956\" src=\"https:\/\/marekkuchcinski.pl\/wp-content\/uploads\/2018\/03\/KU302936.jpg\" alt=\"KU302936\" width=\"2736\" height=\"1824\" srcset=\"https:\/\/marekkuchcinski.pl\/wp-content\/uploads\/2018\/03\/KU302936.jpg 2048w, https:\/\/marekkuchcinski.pl\/wp-content\/uploads\/2018\/03\/KU302936-300x200.jpg 300w, https:\/\/marekkuchcinski.pl\/wp-content\/uploads\/2018\/03\/KU302936-768x512.jpg 768w, https:\/\/marekkuchcinski.pl\/wp-content\/uploads\/2018\/03\/KU302936-1024x683.jpg 1024w\" sizes=\"(max-width: 2736px) 100vw, 2736px\" \/><\/a> <a href=\"https:\/\/marekkuchcinski.pl\/wp-content\/uploads\/2018\/03\/IMG_8697-1.jpg\"><img loading=\"lazy\" decoding=\"async\" class=\"alignnone size-full wp-image-8938\" src=\"https:\/\/marekkuchcinski.pl\/wp-content\/uploads\/2018\/03\/IMG_8697-1.jpg\" alt=\"IMG_8697 (1)\" width=\"3297\" height=\"2158\" srcset=\"https:\/\/marekkuchcinski.pl\/wp-content\/uploads\/2018\/03\/IMG_8697-1.jpg 2048w, https:\/\/marekkuchcinski.pl\/wp-content\/uploads\/2018\/03\/IMG_8697-1-300x196.jpg 300w, https:\/\/marekkuchcinski.pl\/wp-content\/uploads\/2018\/03\/IMG_8697-1-768x503.jpg 768w, https:\/\/marekkuchcinski.pl\/wp-content\/uploads\/2018\/03\/IMG_8697-1-1024x670.jpg 1024w\" sizes=\"(max-width: 3297px) 100vw, 3297px\" \/><\/a><a href=\"https:\/\/marekkuchcinski.pl\/wp-content\/uploads\/2018\/03\/KU303397.jpg\"><img loading=\"lazy\" decoding=\"async\" class=\"alignnone size-full wp-image-8957\" src=\"https:\/\/marekkuchcinski.pl\/wp-content\/uploads\/2018\/03\/KU303397.jpg\" alt=\"KU303397\" width=\"2736\" height=\"1824\" srcset=\"https:\/\/marekkuchcinski.pl\/wp-content\/uploads\/2018\/03\/KU303397.jpg 2048w, https:\/\/marekkuchcinski.pl\/wp-content\/uploads\/2018\/03\/KU303397-300x200.jpg 300w, https:\/\/marekkuchcinski.pl\/wp-content\/uploads\/2018\/03\/KU303397-768x512.jpg 768w, https:\/\/marekkuchcinski.pl\/wp-content\/uploads\/2018\/03\/KU303397-1024x683.jpg 1024w\" sizes=\"(max-width: 2736px) 100vw, 2736px\" \/><\/a> <a href=\"https:\/\/marekkuchcinski.pl\/wp-content\/uploads\/2018\/03\/KU303543.jpg\"><img loading=\"lazy\" decoding=\"async\" class=\"alignnone size-full wp-image-8960\" src=\"https:\/\/marekkuchcinski.pl\/wp-content\/uploads\/2018\/03\/KU303543.jpg\" alt=\"KU303543\" width=\"2736\" height=\"1824\" srcset=\"https:\/\/marekkuchcinski.pl\/wp-content\/uploads\/2018\/03\/KU303543.jpg 2048w, https:\/\/marekkuchcinski.pl\/wp-content\/uploads\/2018\/03\/KU303543-300x200.jpg 300w, https:\/\/marekkuchcinski.pl\/wp-content\/uploads\/2018\/03\/KU303543-768x512.jpg 768w, https:\/\/marekkuchcinski.pl\/wp-content\/uploads\/2018\/03\/KU303543-1024x683.jpg 1024w\" sizes=\"(max-width: 2736px) 100vw, 2736px\" \/><\/a> <a href=\"https:\/\/marekkuchcinski.pl\/wp-content\/uploads\/2018\/03\/KU303857.jpg\"><img loading=\"lazy\" decoding=\"async\" class=\"alignnone size-full wp-image-8965\" src=\"https:\/\/marekkuchcinski.pl\/wp-content\/uploads\/2018\/03\/KU303857.jpg\" alt=\"KU303857\" width=\"1800\" height=\"1200\" srcset=\"https:\/\/marekkuchcinski.pl\/wp-content\/uploads\/2018\/03\/KU303857.jpg 1800w, https:\/\/marekkuchcinski.pl\/wp-content\/uploads\/2018\/03\/KU303857-300x200.jpg 300w, https:\/\/marekkuchcinski.pl\/wp-content\/uploads\/2018\/03\/KU303857-768x512.jpg 768w, https:\/\/marekkuchcinski.pl\/wp-content\/uploads\/2018\/03\/KU303857-1024x683.jpg 1024w\" sizes=\"(max-width: 1800px) 100vw, 1800px\" \/><\/a><a href=\"https:\/\/marekkuchcinski.pl\/wp-content\/uploads\/2018\/03\/IMG_8777.jpg\"><img loading=\"lazy\" decoding=\"async\" class=\"alignnone size-full wp-image-8966\" src=\"https:\/\/marekkuchcinski.pl\/wp-content\/uploads\/2018\/03\/IMG_8777.jpg\" alt=\"IMG_8777\" width=\"4752\" height=\"3168\" srcset=\"https:\/\/marekkuchcinski.pl\/wp-content\/uploads\/2018\/03\/IMG_8777.jpg 2048w, https:\/\/marekkuchcinski.pl\/wp-content\/uploads\/2018\/03\/IMG_8777-300x200.jpg 300w, https:\/\/marekkuchcinski.pl\/wp-content\/uploads\/2018\/03\/IMG_8777-768x512.jpg 768w, https:\/\/marekkuchcinski.pl\/wp-content\/uploads\/2018\/03\/IMG_8777-1024x683.jpg 1024w\" sizes=\"(max-width: 4752px) 100vw, 4752px\" \/><\/a><a href=\"https:\/\/marekkuchcinski.pl\/wp-content\/uploads\/2018\/03\/M2.jpg\"><img loading=\"lazy\" decoding=\"async\" class=\"alignnone size-full wp-image-8972\" src=\"https:\/\/marekkuchcinski.pl\/wp-content\/uploads\/2018\/03\/M2.jpg\" alt=\"M2\" width=\"640\" height=\"426\" srcset=\"https:\/\/marekkuchcinski.pl\/wp-content\/uploads\/2018\/03\/M2.jpg 640w, https:\/\/marekkuchcinski.pl\/wp-content\/uploads\/2018\/03\/M2-300x200.jpg 300w\" sizes=\"(max-width: 640px) 100vw, 640px\" \/><\/a><\/h5>","protected":false},"excerpt":{"rendered":"<p>&#8211;\u00a011 marca 1990 roku, przywr\u00f3cenie pa\u0144stwowo\u015bci litewskiej, to dzie\u0144 radosny dla nas wszystkich. Powr\u00f3t Litwy do grona suwerennych pa\u0144stw ma dla nas olbrzymie znaczenie &#8211;\u00a0powiedzia\u0142 w Wilnie Marek Kuchci\u0144ski. Marsza\u0142ek Sejmu odwiedzi\u0142 stolic\u0119 Litwy, by wzi\u0105\u0107 udzia\u0142 w obchodach Dnia Odrodzenia Niepodleg\u0142o\u015bci. Sejm reprezentowali r\u00f3wnie\u017c pos\u0142owie: Tadeusz Aziewicz, Tomasz Latos i Jerzy Meysztowicz. Uroczysto\u015bci w [&hellip;]<\/p>\n","protected":false},"author":6,"featured_media":8972,"comment_status":"open","ping_status":"open","sticky":false,"template":"","format":"standard","meta":{"ngg_post_thumbnail":0,"footnotes":""},"categories":[77,50,3],"tags":[],"class_list":["post-8937","post","type-post","status-publish","format-standard","has-post-thumbnail","hentry","category-wazne-daty","category-wspolpraca-miedzynarodowa","category-wydarzenia"],"_links":{"self":[{"href":"https:\/\/marekkuchcinski.pl\/hu\/wp-json\/wp\/v2\/posts\/8937","targetHints":{"allow":["GET"]}}],"collection":[{"href":"https:\/\/marekkuchcinski.pl\/hu\/wp-json\/wp\/v2\/posts"}],"about":[{"href":"https:\/\/marekkuchcinski.pl\/hu\/wp-json\/wp\/v2\/types\/post"}],"author":[{"embeddable":true,"href":"https:\/\/marekkuchcinski.pl\/hu\/wp-json\/wp\/v2\/users\/6"}],"replies":[{"embeddable":true,"href":"https:\/\/marekkuchcinski.pl\/hu\/wp-json\/wp\/v2\/comments?post=8937"}],"version-history":[{"count":6,"href":"https:\/\/marekkuchcinski.pl\/hu\/wp-json\/wp\/v2\/posts\/8937\/revisions"}],"predecessor-version":[{"id":8982,"href":"https:\/\/marekkuchcinski.pl\/hu\/wp-json\/wp\/v2\/posts\/8937\/revisions\/8982"}],"wp:featuredmedia":[{"embeddable":true,"href":"https:\/\/marekkuchcinski.pl\/hu\/wp-json\/wp\/v2\/media\/8972"}],"wp:attachment":[{"href":"https:\/\/marekkuchcinski.pl\/hu\/wp-json\/wp\/v2\/media?parent=8937"}],"wp:term":[{"taxonomy":"category","embeddable":true,"href":"https:\/\/marekkuchcinski.pl\/hu\/wp-json\/wp\/v2\/categories?post=8937"},{"taxonomy":"post_tag","embeddable":true,"href":"https:\/\/marekkuchcinski.pl\/hu\/wp-json\/wp\/v2\/tags?post=8937"}],"curies":[{"name":"wp","href":"https:\/\/api.w.org\/{rel}","templated":true}]}}