{"id":8872,"date":"2018-03-04T08:10:40","date_gmt":"2018-03-04T07:10:40","guid":{"rendered":"https:\/\/marekkuchcinski.pl\/?p=8872"},"modified":"2018-03-04T08:10:40","modified_gmt":"2018-03-04T07:10:40","slug":"marszalek-sejmu-marek-kuchcinski-zostal-odznaczony-wielkim-krzyzem-orderu-wegierskiego","status":"publish","type":"post","link":"https:\/\/marekkuchcinski.pl\/hu\/wydarzenia\/marszalek-sejmu-marek-kuchcinski-zostal-odznaczony-wielkim-krzyzem-orderu-wegierskiego\/","title":{"rendered":"Marek Kuchci\u0144ski, a szejm eln\u00f6ke megkapta a Magyar K\u00f6zt\u00e1rsas\u00e1gi \u00c9rdemrend Nagykeresztj\u00e9t"},"content":{"rendered":"<p dir=\"ltr\">Marek Kuchci\u0144ski szejm marsall \u00e9s Stanis\u0142aw Karczewski szen\u00e1tor a Magyar \u00c9rdemrend Nagykeresztj\u00e9t kapta a magyar-lengyel politikai \u00e9s t\u00e1rsadalmi kapcsolatok \u00e9p\u00edt\u00e9s\u00e9ben val\u00f3 kiemelked\u0151 k\u00f6zrem\u0171k\u00f6d\u00e9s\u00e9\u00e9rt.<\/p>\n<p dir=\"ltr\">A kit\u00fcntet\u00e9st Orb\u00e1n Viktor minisztereln\u00f6k k\u00e9r\u00e9s\u00e9re \u00c1der J\u00e1nos k\u00f6zt\u00e1rsas\u00e1gi eln\u00f6k adta \u00e1t. K\u00f6v\u00e9r L\u00e1szl\u00f3, a Magyar Orsz\u00e1ggy\u0171l\u00e9s eln\u00f6ke a szejm eln\u00f6ke tisztelet\u00e9re mondott laud\u00e1ci\u00f3j\u00e1ban felid\u00e9zte Marek Kuchci\u0144ski politikai p\u00e1lyafut\u00e1s\u00e1t. - R\u00e9szt vett a legend\u00e1s Szolidarit\u00e1s szakszervezeti munk\u00e1j\u00e1ban, akt\u00edvan r\u00e9szt vett a hat\u00f3s\u00e1gok \u00e1ltal illeg\u00e1lisnak nevezett, de val\u00f3j\u00e1ban szabads\u00e1got jelent\u0151 irodalom l\u00e9trehoz\u00e1s\u00e1ban \u00e9s terjeszt\u00e9s\u00e9ben, a rendszerv\u00e1lt\u00e1s ut\u00e1n pedig fontos szerepet v\u00e1llalt sz\u00fcl\u0151v\u00e1rosa kultur\u00e1lis \u00e9let\u00e9ben - mondta K\u00f6v\u00e9r L\u00e1szl\u00f3 eln\u00f6k. - H\u00e1zeln\u00f6ki min\u0151s\u00e9g\u00e9ben politikai \u00e9s t\u00e1rsadalmi t\u00e9ren egyar\u00e1nt akt\u00edv r\u00e9sztvev\u0151je a lengyel-magyar kapcsolatok alak\u00edt\u00e1s\u00e1nak - emelte ki \u00e9s mutatott r\u00e1 Marek Kuchci\u0144ski r\u00e9gi elk\u00f6telezetts\u00e9g\u00e9re a K\u00e1rp\u00e1tok Eur\u00f3p\u00e1j\u00e1nak \u00e9p\u00edt\u00e9se \u00e9s a t\u00e9rs\u00e9gbeli egy\u00fcttm\u0171k\u00f6d\u00e9s elm\u00e9ly\u00edt\u00e9se ir\u00e1nt. - Kuchci\u0144ski marsall nagyon j\u00f3l tudja, hogy a K\u00e1rp\u00e1tok egyes\u00fclnek. \u00d6sszek\u00f6tnek ter\u00fcleteket, orsz\u00e1gokat \u00e9s embereket - hangs\u00falyozta.<\/p>\n<p dir=\"ltr\">Az Orsz\u00e1ggy\u0171l\u00e9s eln\u00f6ke szerint azonban Vars\u00f3t \u00e9s Budapestet mindenekel\u0151tt a k\u00f6z\u00f6s \u00e9rt\u00e9kek \u00e9s hagyom\u00e1nyok k\u00f6tik \u00f6ssze. K\u00f6v\u00e9r L\u00e1szl\u00f3 ezen \u00e9rt\u00e9kek k\u00f6z\u00f6tt eml\u00edtette a szabads\u00e1got, az el\u0151d\u00f6k tisztelet\u00e9t \u00e9s a j\u00f6v\u0151 nemzed\u00e9kek ir\u00e1nti elk\u00f6telezetts\u00e9get. - Marek Kuchci\u0144ski szem\u00e9ly\u00e9ben Magyarorsz\u00e1g egy igazi bar\u00e1tra tal\u00e1lt, aki k\u00f6z\u00e9leti tev\u00e9kenys\u00e9ge mellett szavaival \u00e9s tetteivel is bizony\u00edtja, hogy val\u00f3ban \u00e9rdemes a megb\u00e9k\u00e9l\u00e9s, a k\u00f6zeled\u00e9s \u00fatjait keresni az eg\u00e9sz, konfliktusok, a m\u00falt traum\u00e1i \u00e1ltal megosztott t\u00e9rs\u00e9gben, \u00e9s hogy a k\u00f6z\u00f6s, K\u00f6z\u00e9p-Eur\u00f3p\u00e1nak van j\u00f6v\u0151je - hallhattuk K\u00f6v\u00e9r L\u00e1szl\u00f3 k\u00f6zt\u00e1rsas\u00e1gi eln\u00f6k laud\u00e1ci\u00f3j\u00e1ban.<\/p>\n<p>- Nagy megtiszteltet\u00e9snek \u00e9rzem, hogy Magyarorsz\u00e1g eln\u00f6ke a Magyar K\u00f6zt\u00e1rsas\u00e1gi \u00c9rdemrend Nagykeresztj\u00e9vel t\u00fcntette ki. Ezt a kit\u00fcntet\u00e9st elismer\u00e9sk\u00e9nt kezelem az eg\u00e9sz csapat sz\u00e1m\u00e1ra, amely a lengyel-magyar bar\u00e1ts\u00e1g\u00e9rt dolgozik a Lengyel K\u00f6zt\u00e1rsas\u00e1g Seym\u00e9ben\" - mondta Marek Kuchci\u0144ski. - H\u00edrviv\u0151i \u00e9s egyben kreat\u00edv folytat\u00f3i vagyunk egy nagyszer\u0171 \u00fcgynek, amely ezer \u00e9vvel ezel\u0151tt kezd\u0151d\u00f6tt. Az \u0151si dinaszti\u00e1k - a Piastok, az \u00c1rp\u00e1dok \u00e9s az Andegawenek, a Jagell\u00f3k \u00e9s a Batory csal\u00e1d - munk\u00e1j\u00e1nak \u00e9s hagyom\u00e1nyainak folytat\u00f3i vagyunk. Mi a Nemzetek Tavasza \u00e9s a Lengyel K\u00f6zt\u00e1rsas\u00e1g \u00e9s a Magyar Kir\u00e1lys\u00e1g k\u00f6z\u00f6tti k\u00e9t vil\u00e1gh\u00e1bor\u00fa k\u00f6z\u00f6tti egy\u00fcttm\u0171k\u00f6d\u00e9s id\u0151szak\u00e1b\u00f3l sz\u00e1rmaz\u00f3 honfit\u00e1rsaink, valamint a m\u00e1sodik vil\u00e1gh\u00e1bor\u00faban \u00e9s 1956-ban egym\u00e1st seg\u00edt\u0151 lengyelek \u00e9s magyarok \u00f6r\u00f6k\u00f6sei vagyunk. A 20. \u00e9s 21. sz\u00e1zad fordul\u00f3j\u00e1n egy\u00fctt \u00faj\u00edtottuk meg orsz\u00e1gainkat. Egy \u00faj K\u00f6z\u00e9p-Eur\u00f3p\u00e1t \u00e9p\u00edt\u00fcnk. Felismert\u00fck <em>signum temporis<\/em>. Meg\u00e9rtett\u00fck, hogy bar\u00e1ts\u00e1gunkat \u00e9s egy\u00fcttm\u0171k\u00f6d\u00e9s\u00fcnket, \u00e9s k\u00fcl\u00f6n\u00f6sen politikai jelent\u0151s\u00e9g\u00fcnket er\u0151s\u00edtheti a k\u00f6z\u00e9p-eur\u00f3pai t\u00e9rs\u00e9gben val\u00f3 egy\u00fcttm\u0171k\u00f6d\u00e9s. Gondolok itt a visegr\u00e1di csoportra, a H\u00e1romsz\u00e9kre, a K\u00e1rp\u00e1ti Eur\u00f3p\u00e1ra \u00e9s a vars\u00f3i parlamenti cs\u00facstal\u00e1lkoz\u00f3kra. A k\u00f6z\u00f6s c\u00e9l az, hogy a \"szabad a szabaddal, egyenl\u0151 az egyenlettel\" elv\u00e9t k\u00f6vetve meger\u0151s\u00edts\u00fck orsz\u00e1gaink \u00e9s a k\u00f6z\u00e9p-eur\u00f3pai r\u00e9gi\u00f3 szubjektivit\u00e1s\u00e1t az Eur\u00f3pai Uni\u00f3ban \u00e9s az \u00c9szak-atlanti Sz\u00f6vets\u00e9gben\" - mondta.<\/p>\n<p>A marsall eml\u00e9keztetett arra, hogy a k\u00f6zelm\u00faltban mindk\u00e9t parlament - a Lengyel K\u00f6zt\u00e1rsas\u00e1g Szejmje \u00e9s a Magyar Orsz\u00e1ggy\u0171l\u00e9s - \u00fagy d\u00f6nt\u00f6tt, hogy l\u00e9trehozza a Wac\u0142aw Felczak Alap\u00edtv\u00e1nyt. - Rem\u00e9lem, hogy elkezdj\u00fck int\u00e9zm\u00e9nyes\u00edteni a fiatal gener\u00e1ci\u00f3ra ir\u00e1nyul\u00f3 k\u00e9toldal\u00fa egy\u00fcttm\u0171k\u00f6d\u00e9st, amely a j\u00f6v\u0151be fektet be a tudom\u00e1ny, a kult\u00fara, a gazdas\u00e1g \u00e9s a t\u00e1rsadalom ter\u00fclet\u00e9n\" - mutatott r\u00e1.<\/p>\n<p>A h\u00e1zeln\u00f6k k\u00f6sz\u00f6netet mondott a Magyar Orsz\u00e1ggy\u0171l\u00e9snek is, ami\u00e9rt Lengyelorsz\u00e1got t\u00e1mogat\u00f3 hat\u00e1rozatot fogadott el az Eur\u00f3pai Parlament \u00e9s az Eur\u00f3pai Bizotts\u00e1g \u00e1ltal ellen\u00fcnk ind\u00edtott indokolatlan 7. cikk szerinti elj\u00e1r\u00e1ssal szemben. - Ez az egy\u00fcttm\u0171k\u00f6d\u00e9s\u00fcnk k\u00f6zvetlen dimenzi\u00f3ja. K\u00f6sz\u00f6nj\u00fck, magyar testv\u00e9rek! - mondta.<\/p>\n<p>V\u00e9gezet\u00fcl a szejm eln\u00f6ke felid\u00e9zte Orb\u00e1n Viktor szavait: \"A lengyel-magyar bar\u00e1ts\u00e1g rendk\u00edv\u00fcli dolog Eur\u00f3pa t\u00f6rt\u00e9net\u00e9ben\".<\/p>\n<p><a href=\"https:\/\/marekkuchcinski.pl\/wp-content\/uploads\/2018\/03\/KU298696-2.jpg\"><img fetchpriority=\"high\" decoding=\"async\" class=\"alignnone size-full wp-image-8845\" src=\"https:\/\/marekkuchcinski.pl\/wp-content\/uploads\/2018\/03\/KU298696-2.jpg\" alt=\"KU298696-2\" width=\"1800\" height=\"1200\" srcset=\"https:\/\/marekkuchcinski.pl\/wp-content\/uploads\/2018\/03\/KU298696-2.jpg 1800w, https:\/\/marekkuchcinski.pl\/wp-content\/uploads\/2018\/03\/KU298696-2-300x200.jpg 300w, https:\/\/marekkuchcinski.pl\/wp-content\/uploads\/2018\/03\/KU298696-2-768x512.jpg 768w, https:\/\/marekkuchcinski.pl\/wp-content\/uploads\/2018\/03\/KU298696-2-1024x683.jpg 1024w\" sizes=\"(max-width: 1800px) 100vw, 1800px\" \/><\/a><a href=\"https:\/\/marekkuchcinski.pl\/wp-content\/uploads\/2018\/03\/KU298706-2.jpg\"><img decoding=\"async\" class=\"alignnone size-full wp-image-8846\" src=\"https:\/\/marekkuchcinski.pl\/wp-content\/uploads\/2018\/03\/KU298706-2.jpg\" alt=\"KU298706-2\" width=\"1800\" height=\"1200\" srcset=\"https:\/\/marekkuchcinski.pl\/wp-content\/uploads\/2018\/03\/KU298706-2.jpg 1800w, https:\/\/marekkuchcinski.pl\/wp-content\/uploads\/2018\/03\/KU298706-2-300x200.jpg 300w, https:\/\/marekkuchcinski.pl\/wp-content\/uploads\/2018\/03\/KU298706-2-768x512.jpg 768w, https:\/\/marekkuchcinski.pl\/wp-content\/uploads\/2018\/03\/KU298706-2-1024x683.jpg 1024w\" sizes=\"(max-width: 1800px) 100vw, 1800px\" \/><\/a><a href=\"https:\/\/marekkuchcinski.pl\/wp-content\/uploads\/2018\/03\/KU298480-2-2.jpg\"><img decoding=\"async\" class=\"alignnone size-full wp-image-8843\" src=\"https:\/\/marekkuchcinski.pl\/wp-content\/uploads\/2018\/03\/KU298480-2-2.jpg\" alt=\"KU298480-2-2\" width=\"5472\" height=\"3648\" srcset=\"https:\/\/marekkuchcinski.pl\/wp-content\/uploads\/2018\/03\/KU298480-2-2.jpg 2048w, https:\/\/marekkuchcinski.pl\/wp-content\/uploads\/2018\/03\/KU298480-2-2-300x200.jpg 300w, https:\/\/marekkuchcinski.pl\/wp-content\/uploads\/2018\/03\/KU298480-2-2-768x512.jpg 768w, https:\/\/marekkuchcinski.pl\/wp-content\/uploads\/2018\/03\/KU298480-2-2-1024x683.jpg 1024w\" sizes=\"(max-width: 5472px) 100vw, 5472px\" \/><\/a><a href=\"https:\/\/marekkuchcinski.pl\/wp-content\/uploads\/2018\/03\/KU298763-2.jpg\"><img loading=\"lazy\" decoding=\"async\" class=\"alignnone size-full wp-image-8848\" src=\"https:\/\/marekkuchcinski.pl\/wp-content\/uploads\/2018\/03\/KU298763-2.jpg\" alt=\"KU298763-2\" width=\"1800\" height=\"1200\" srcset=\"https:\/\/marekkuchcinski.pl\/wp-content\/uploads\/2018\/03\/KU298763-2.jpg 1800w, https:\/\/marekkuchcinski.pl\/wp-content\/uploads\/2018\/03\/KU298763-2-300x200.jpg 300w, https:\/\/marekkuchcinski.pl\/wp-content\/uploads\/2018\/03\/KU298763-2-768x512.jpg 768w, https:\/\/marekkuchcinski.pl\/wp-content\/uploads\/2018\/03\/KU298763-2-1024x683.jpg 1024w\" sizes=\"(max-width: 1800px) 100vw, 1800px\" \/><\/a><a href=\"https:\/\/marekkuchcinski.pl\/wp-content\/uploads\/2018\/03\/KU298865-2.jpg\"><img loading=\"lazy\" decoding=\"async\" class=\"alignnone size-full wp-image-8849\" src=\"https:\/\/marekkuchcinski.pl\/wp-content\/uploads\/2018\/03\/KU298865-2.jpg\" alt=\"KU298865-2\" width=\"1800\" height=\"1200\" srcset=\"https:\/\/marekkuchcinski.pl\/wp-content\/uploads\/2018\/03\/KU298865-2.jpg 1800w, https:\/\/marekkuchcinski.pl\/wp-content\/uploads\/2018\/03\/KU298865-2-300x200.jpg 300w, https:\/\/marekkuchcinski.pl\/wp-content\/uploads\/2018\/03\/KU298865-2-768x512.jpg 768w, https:\/\/marekkuchcinski.pl\/wp-content\/uploads\/2018\/03\/KU298865-2-1024x683.jpg 1024w\" sizes=\"(max-width: 1800px) 100vw, 1800px\" \/><\/a> <a href=\"https:\/\/marekkuchcinski.pl\/wp-content\/uploads\/2018\/03\/KU298906-2.view_.jpg\"><img loading=\"lazy\" decoding=\"async\" class=\"alignnone size-full wp-image-8875\" src=\"https:\/\/marekkuchcinski.pl\/wp-content\/uploads\/2018\/03\/KU298906-2.view_.jpg\" alt=\"KU298906-2.view\" width=\"800\" height=\"533\" srcset=\"https:\/\/marekkuchcinski.pl\/wp-content\/uploads\/2018\/03\/KU298906-2.view_.jpg 800w, https:\/\/marekkuchcinski.pl\/wp-content\/uploads\/2018\/03\/KU298906-2.view_-300x200.jpg 300w, https:\/\/marekkuchcinski.pl\/wp-content\/uploads\/2018\/03\/KU298906-2.view_-768x512.jpg 768w\" sizes=\"(max-width: 800px) 100vw, 800px\" \/><\/a><a href=\"https:\/\/marekkuchcinski.pl\/wp-content\/uploads\/2018\/03\/KU299139-2.jpg\"><img loading=\"lazy\" decoding=\"async\" class=\"alignnone size-full wp-image-8851\" src=\"https:\/\/marekkuchcinski.pl\/wp-content\/uploads\/2018\/03\/KU299139-2.jpg\" alt=\"KU299139-2\" width=\"1800\" height=\"1200\" srcset=\"https:\/\/marekkuchcinski.pl\/wp-content\/uploads\/2018\/03\/KU299139-2.jpg 1800w, https:\/\/marekkuchcinski.pl\/wp-content\/uploads\/2018\/03\/KU299139-2-300x200.jpg 300w, https:\/\/marekkuchcinski.pl\/wp-content\/uploads\/2018\/03\/KU299139-2-768x512.jpg 768w, https:\/\/marekkuchcinski.pl\/wp-content\/uploads\/2018\/03\/KU299139-2-1024x683.jpg 1024w\" sizes=\"(max-width: 1800px) 100vw, 1800px\" \/><\/a><a href=\"https:\/\/marekkuchcinski.pl\/wp-content\/uploads\/2018\/03\/KU299077-1.jpg\"><img loading=\"lazy\" decoding=\"async\" class=\"alignnone size-full wp-image-8878\" src=\"https:\/\/marekkuchcinski.pl\/wp-content\/uploads\/2018\/03\/KU299077-1.jpg\" alt=\"KU299077 (1)\" width=\"2736\" height=\"1824\" srcset=\"https:\/\/marekkuchcinski.pl\/wp-content\/uploads\/2018\/03\/KU299077-1.jpg 2048w, https:\/\/marekkuchcinski.pl\/wp-content\/uploads\/2018\/03\/KU299077-1-300x200.jpg 300w, https:\/\/marekkuchcinski.pl\/wp-content\/uploads\/2018\/03\/KU299077-1-768x512.jpg 768w, https:\/\/marekkuchcinski.pl\/wp-content\/uploads\/2018\/03\/KU299077-1-1024x683.jpg 1024w\" sizes=\"(max-width: 2736px) 100vw, 2736px\" \/><\/a><\/p>\n<p><em>Fot\u00f3: Pawe\u0142 Kula \/ Sejm<\/em><\/p>","protected":false},"excerpt":{"rendered":"<p>Za wybitne\u00a0zas\u0142ugi w budowaniu politycznych i spo\u0142ecznych kontakt\u00f3w w\u0119giersko-polskich marsza\u0142ek Sejmu Marek Kuchci\u0144ski\u00a0oraz Senatu Stanis\u0142aw Karczewski otrzymali Wielki Krzy\u017c Orderu Zas\u0142ugi W\u0119gier. Odznaczenie, na wniosek premiera Viktora Orbana, wr\u0119czy\u0142 prezydent J\u00e1nos \u00c1der. W laudacji na cze\u015b\u0107 Marsza\u0142ka Sejmu przewodnicz\u0105cy Zgromadzenia Narodowego W\u0119gier L\u00e1szl\u00f3 K\u00f6v\u00e9r przypomnia\u0142 polityczn\u0105 drog\u0119 Marka Kuchci\u0144skiego. \u2013 Uczestniczy\u0142 w pracach zwi\u0105zkowych legendarnej [&hellip;]<\/p>\n","protected":false},"author":6,"featured_media":8848,"comment_status":"open","ping_status":"open","sticky":false,"template":"","format":"standard","meta":{"ngg_post_thumbnail":0,"footnotes":""},"categories":[50,3],"tags":[],"class_list":["post-8872","post","type-post","status-publish","format-standard","has-post-thumbnail","hentry","category-wspolpraca-miedzynarodowa","category-wydarzenia"],"_links":{"self":[{"href":"https:\/\/marekkuchcinski.pl\/hu\/wp-json\/wp\/v2\/posts\/8872","targetHints":{"allow":["GET"]}}],"collection":[{"href":"https:\/\/marekkuchcinski.pl\/hu\/wp-json\/wp\/v2\/posts"}],"about":[{"href":"https:\/\/marekkuchcinski.pl\/hu\/wp-json\/wp\/v2\/types\/post"}],"author":[{"embeddable":true,"href":"https:\/\/marekkuchcinski.pl\/hu\/wp-json\/wp\/v2\/users\/6"}],"replies":[{"embeddable":true,"href":"https:\/\/marekkuchcinski.pl\/hu\/wp-json\/wp\/v2\/comments?post=8872"}],"version-history":[{"count":5,"href":"https:\/\/marekkuchcinski.pl\/hu\/wp-json\/wp\/v2\/posts\/8872\/revisions"}],"predecessor-version":[{"id":8880,"href":"https:\/\/marekkuchcinski.pl\/hu\/wp-json\/wp\/v2\/posts\/8872\/revisions\/8880"}],"wp:featuredmedia":[{"embeddable":true,"href":"https:\/\/marekkuchcinski.pl\/hu\/wp-json\/wp\/v2\/media\/8848"}],"wp:attachment":[{"href":"https:\/\/marekkuchcinski.pl\/hu\/wp-json\/wp\/v2\/media?parent=8872"}],"wp:term":[{"taxonomy":"category","embeddable":true,"href":"https:\/\/marekkuchcinski.pl\/hu\/wp-json\/wp\/v2\/categories?post=8872"},{"taxonomy":"post_tag","embeddable":true,"href":"https:\/\/marekkuchcinski.pl\/hu\/wp-json\/wp\/v2\/tags?post=8872"}],"curies":[{"name":"wp","href":"https:\/\/api.w.org\/{rel}","templated":true}]}}