{"id":8816,"date":"2018-03-01T13:10:49","date_gmt":"2018-03-01T12:10:49","guid":{"rendered":"https:\/\/marekkuchcinski.pl\/?p=8816"},"modified":"2018-03-01T13:10:49","modified_gmt":"2018-03-01T12:10:49","slug":"podsumowanie-59-posiedzenia-sejmu","status":"publish","type":"post","link":"https:\/\/marekkuchcinski.pl\/hu\/wydarzenia\/podsumowanie-59-posiedzenia-sejmu\/","title":{"rendered":"A Szejm 59. \u00fcl\u00e9s\u00e9nek \u00f6sszefoglal\u00f3ja"},"content":{"rendered":"<p dir=\"ltr\"><strong>A Szejm 59. \u00fcl\u00e9sszak\u00e1n \u00f6t t\u00f6rv\u00e9nyt fogadott el.\u00a0<\/strong>a b\u00edr\u00f3s\u00e1gi v\u00e9grehajt\u00f3kr\u00f3l (1582. sz. eredeti nyomtatv\u00e1ny) \u00e9s a v\u00e9grehajt\u00f3k k\u00f6lts\u00e9geir\u0151l sz\u00f3l\u00f3 t\u00f6rv\u00e9ny (1582. sz. eredeti nyomtatv\u00e1ny). Az \u00faj rendelkez\u00e9sek egyebek mellett egys\u00e9ges, 10%-os v\u00e9grehajt\u00e1si d\u00edjat \u00edrnak el\u0151, \u00e9s bevezetik az \u00f6sszes v\u00e9grehajt\u00e1si int\u00e9zked\u00e9s nyilv\u00e1ntart\u00e1s\u00e1nak k\u00f6telezetts\u00e9g\u00e9t. A be\u00e9p\u00edtett m\u00f3dos\u00edt\u00e1sok arr\u00f3l is rendelkeznek, hogy a v\u00e9grehajt\u00e1si elj\u00e1r\u00e1s nem megfelel\u0151 megind\u00edt\u00e1sa eset\u00e9n a v\u00e9grehajt\u00f3 a v\u00e9grehajtott juttat\u00e1s 8%-\u00e1nak megfelel\u0151 d\u00edjat szed be a hitelez\u0151t\u0151l. K\u00f6vetkez\u00e9sk\u00e9ppen a v\u00e9grehajt\u00f3 nem szedi be a d\u00edjat az ad\u00f3st\u00f3l, \u00e9s a kor\u00e1bban v\u00e9grehajtott d\u00edjat visszakapja az ad\u00f3s. Az elfogadott m\u00f3dos\u00edt\u00e1sok \u00e9rtelm\u00e9ben mindk\u00e9t t\u00f6rv\u00e9ny rendelkez\u00e9sei 2019. janu\u00e1r 1-j\u00e9n l\u00e9pnek hat\u00e1lyba.<\/p>\n<p dir=\"ltr\">A k\u00e9pvisel\u0151k a v\u00edz\u00fcgyi t\u00f6rv\u00e9ny m\u00f3dos\u00edt\u00e1s\u00e1r\u00f3l d\u00f6nt\u00f6ttek (eredeti sz\u00f6veg: 2250). A m\u00f3dos\u00edt\u00e1sok pontosabb\u00e1 \u00e9s kieg\u00e9sz\u00edt\u0151bb\u00e9 teszik a megl\u00e9v\u0151 rendelkez\u00e9seket. A m\u00f3dos\u00edt\u00e1s \u00e9rtelm\u00e9ben a v\u00edz\u00fcgyi t\u00f6rv\u00e9ny ez \u00e9v janu\u00e1r 1-jei hat\u00e1lybal\u00e9p\u00e9se el\u0151tt ind\u00edtott \u00e9s le nem z\u00e1rt \u00fcgyekben, amelyek a k\u00f6rnyezetv\u00e9delmi felt\u00e9telekkel kapcsolatos d\u00f6nt\u00e9sekkel, valamint a projekt k\u00f6rnyezetre gyakorolt hat\u00e1s\u00e1nak \u00e9rt\u00e9kel\u00e9s\u00e9vel (hat\u00e1rozat kibocs\u00e1t\u00e1s\u00e1val vagy m\u00f3dos\u00edt\u00e1s\u00e1val) kapcsolatos \u00fcgyekben a 2018. janu\u00e1r 1-je el\u0151tt hat\u00e1lyos rendelkez\u00e9sek lesznek ir\u00e1nyad\u00f3ak. A m\u00f3dos\u00edt\u00e1s azt is lehet\u0151v\u00e9 teszi, hogy azok a v\u00e1llalkoz\u00f3k, akik nem tartj\u00e1k be a kiadott v\u00edzjogi enged\u00e9lyben foglalt felt\u00e9teleket (a v\u00edzkiv\u00e9tel mennyis\u00e9g\u00e9re \u00e9s az elvezetett szennyv\u00edz min\u0151s\u00e9g\u00e9re vonatkoz\u00f3an), az \u00e1ltaluk megkezdett k\u00f6rnyezetv\u00e9delmi beruh\u00e1z\u00e1sokat besz\u00e1m\u00edts\u00e1k a b\u00edrs\u00e1gokba.<\/p>\n<p dir=\"ltr\">A H\u00e1z elfogadta az agr\u00e1r-\u00e9lelmiszeripari term\u00e9kek kereskedelmi min\u0151s\u00e9g\u00e9r\u0151l sz\u00f3l\u00f3 m\u00f3dos\u00edt\u00e1st (eredeti 2266. sz. nyomtatv\u00e1ny). A m\u00f3dos\u00edtott t\u00f6rv\u00e9ny \u00e9rtelm\u00e9ben a Mez\u0151gazdas\u00e1gi \u00e9s \u00c9lelmiszer-min\u0151s\u00e9gi Ellen\u0151rz\u00e9s k\u00f6teles lesz megvizsg\u00e1lni a mez\u0151gazdas\u00e1gi \u00e9s \u00e9lelmiszeripari term\u00e9kek mint\u00e1it.<\/p>\n<p dir=\"ltr\">A k\u00e9pvisel\u0151k a j\u00e1rm\u0171vezet\u0151kr\u0151l sz\u00f3l\u00f3 t\u00f6rv\u00e9ny szen\u00e1tusi m\u00f3dos\u00edt\u00f3 javaslat\u00e1t (eredeti 1714. sz. nyomtatv\u00e1ny) vitatt\u00e1k meg. A m\u00f3dos\u00edt\u00e1s elt\u00f6rli a fogyat\u00e9kkal \u00e9l\u0151k \u00e1llami vezet\u0151i vizsga gyakorlati r\u00e9sz\u00e9nek d\u00edj\u00e1t abban az esetben, ha a vizsg\u00e1t nem a tartom\u00e1nyi k\u00f6z\u00fati k\u00f6zleked\u00e9si k\u00f6zpont j\u00e1rm\u0171v\u00e9ben, hanem a fogyat\u00e9kkal \u00e9l\u0151 szem\u00e9ly betegs\u00e9g jelleg\u00e9hez igaz\u00edtott j\u00e1rm\u0171v\u00e9ben v\u00e9gzik. Ezen t\u00falmen\u0151en internetes adatb\u00e1zist vezet be a fogyat\u00e9kkal \u00e9l\u0151k sz\u00e1m\u00e1ra a vizsg\u00e1ra rendelkez\u00e9sre \u00e1ll\u00f3 j\u00e1rm\u0171vekkel kapcsolatos inform\u00e1ci\u00f3kr\u00f3l.<\/p>\n<p dir=\"ltr\">A szejm elfogadta az elj\u00e1r\u00e1si szab\u00e1lyzat m\u00f3dos\u00edt\u00e1sait is (2009-es eredeti nyomtatv\u00e1ny), amelyek p\u00e9nzb\u00fcntet\u00e9st vezetnek be a szejm munk\u00e1j\u00e1t akad\u00e1lyoz\u00f3 k\u00e9pvisel\u0151k sz\u00e1m\u00e1ra.<\/p>\n<p dir=\"ltr\"><em>Sz\u00f6veg CIS<\/em><\/p>\n<p dir=\"ltr\"><a href=\"https:\/\/marekkuchcinski.pl\/wp-content\/uploads\/2018\/03\/KMB_0375.jpg\"><img fetchpriority=\"high\" decoding=\"async\" class=\"alignnone size-full wp-image-8817\" src=\"https:\/\/marekkuchcinski.pl\/wp-content\/uploads\/2018\/03\/KMB_0375.jpg\" alt=\"KMB_0375\" width=\"2448\" height=\"1632\" srcset=\"https:\/\/marekkuchcinski.pl\/wp-content\/uploads\/2018\/03\/KMB_0375.jpg 2048w, https:\/\/marekkuchcinski.pl\/wp-content\/uploads\/2018\/03\/KMB_0375-300x200.jpg 300w, https:\/\/marekkuchcinski.pl\/wp-content\/uploads\/2018\/03\/KMB_0375-768x512.jpg 768w, https:\/\/marekkuchcinski.pl\/wp-content\/uploads\/2018\/03\/KMB_0375-1024x683.jpg 1024w\" sizes=\"(max-width: 2448px) 100vw, 2448px\" \/><\/a><\/p>","protected":false},"excerpt":{"rendered":"<p>Podczas 59. posiedzenia Sejm uchwali\u0142 pi\u0119\u0107 ustaw &#8211;\u00a0o komornikach s\u0105dowych (druk pierwotny nr 1582) i ustaw\u0119 o kosztach komorniczych (druk pierwotny nr 1582). Nowe przepisy przewiduj\u0105 m.in. jedn\u0105 10 proc. op\u0142at\u0119 egzekucyjn\u0105 i wprowadzaj\u0105 obowi\u0105zek nagrywania wszystkich czynno\u015bci egzekucyjnych. Uwzgl\u0119dnione poprawki przewiduj\u0105 te\u017c, \u017ce w wypadku niecelowego wszcz\u0119cia post\u0119powania egzekucyjnego komornik b\u0119dzie pobiera\u0142 op\u0142at\u0119 od [&hellip;]<\/p>\n","protected":false},"author":6,"featured_media":8817,"comment_status":"open","ping_status":"open","sticky":false,"template":"","format":"standard","meta":{"ngg_post_thumbnail":0,"footnotes":""},"categories":[81,3],"tags":[],"class_list":["post-8816","post","type-post","status-publish","format-standard","has-post-thumbnail","hentry","category-wiesci-z-sejmu","category-wydarzenia"],"_links":{"self":[{"href":"https:\/\/marekkuchcinski.pl\/hu\/wp-json\/wp\/v2\/posts\/8816","targetHints":{"allow":["GET"]}}],"collection":[{"href":"https:\/\/marekkuchcinski.pl\/hu\/wp-json\/wp\/v2\/posts"}],"about":[{"href":"https:\/\/marekkuchcinski.pl\/hu\/wp-json\/wp\/v2\/types\/post"}],"author":[{"embeddable":true,"href":"https:\/\/marekkuchcinski.pl\/hu\/wp-json\/wp\/v2\/users\/6"}],"replies":[{"embeddable":true,"href":"https:\/\/marekkuchcinski.pl\/hu\/wp-json\/wp\/v2\/comments?post=8816"}],"version-history":[{"count":1,"href":"https:\/\/marekkuchcinski.pl\/hu\/wp-json\/wp\/v2\/posts\/8816\/revisions"}],"predecessor-version":[{"id":8818,"href":"https:\/\/marekkuchcinski.pl\/hu\/wp-json\/wp\/v2\/posts\/8816\/revisions\/8818"}],"wp:featuredmedia":[{"embeddable":true,"href":"https:\/\/marekkuchcinski.pl\/hu\/wp-json\/wp\/v2\/media\/8817"}],"wp:attachment":[{"href":"https:\/\/marekkuchcinski.pl\/hu\/wp-json\/wp\/v2\/media?parent=8816"}],"wp:term":[{"taxonomy":"category","embeddable":true,"href":"https:\/\/marekkuchcinski.pl\/hu\/wp-json\/wp\/v2\/categories?post=8816"},{"taxonomy":"post_tag","embeddable":true,"href":"https:\/\/marekkuchcinski.pl\/hu\/wp-json\/wp\/v2\/tags?post=8816"}],"curies":[{"name":"wp","href":"https:\/\/api.w.org\/{rel}","templated":true}]}}