{"id":8800,"date":"2018-03-01T12:27:25","date_gmt":"2018-03-01T11:27:25","guid":{"rendered":"https:\/\/marekkuchcinski.pl\/?p=8800"},"modified":"2018-03-01T12:40:00","modified_gmt":"2018-03-01T11:40:00","slug":"spotkanie-marszalka-sejmu-przewodniczacym-seimasu-republiki-litewskiej","status":"publish","type":"post","link":"https:\/\/marekkuchcinski.pl\/hu\/wydarzenia\/spotkanie-marszalka-sejmu-przewodniczacym-seimasu-republiki-litewskiej\/","title":{"rendered":"Tal\u00e1lkoz\u00f3 a Litv\u00e1n K\u00f6zt\u00e1rsas\u00e1g Szejmj\u00e9nek eln\u00f6k\u00e9vel"},"content":{"rendered":"<p>A 21. sz\u00e1zadban ez volt az els\u0151 alkalom, hogy egy m\u00e1sik orsz\u00e1g parlamentj\u00e9nek eln\u00f6ke sz\u00f3lalt fel a lengyel szejmben. Viktoras Pranckietis, a litv\u00e1n Seimas eln\u00f6ke a f\u00fcggetlens\u00e9g 100. \u00e9vfordul\u00f3ja kapcs\u00e1n kit\u00e9rt orsz\u00e1gaink k\u00f6z\u00f6s t\u00f6rt\u00e9nelm\u00e9re. Eml\u00e9kezve r\u00e1, tiszteletben tartva azt, a j\u00f6v\u0151be tekint\u00fcnk.<\/p>\n<p>- A balti \u00e1llamoknak integr\u00e1l\u00f3dniuk kell. Akt\u00edvabb\u00e1 v\u00e1lunk a biztons\u00e1gi k\u00e9rd\u00e9sekben (a NATO keleti sz\u00e1rny\u00e1nak meger\u0151s\u00edt\u00e9se), bele\u00e9rtve az energia\u00fcgyeket (pl. k\u00f6z\u00f6s \u00e1ll\u00e1spontot alak\u00edtunk ki a NATO keleti sz\u00e1rny\u00e1nak meg\u00e9p\u00edt\u00e9se ellen).\u00a0<span class=\"text_exposed_show\">\u00c9szaki \u00c1ramlat 2). Az infrastrukt\u00fara fejleszt\u00e9s\u00e9re, a kommunik\u00e1ci\u00f3ra \u00e9s a kultur\u00e1lis egy\u00fcttm\u0171k\u00f6d\u00e9sre \u00f6sszpontos\u00edtunk. Az EU meger\u0151s\u00edt\u00e9s\u00e9nek receptj\u00e9t keress\u00fck, \u00e9s a \"semmi r\u00f3lunk n\u00e9lk\u00fcl\u00fcnk\" elv is vez\u00e9rel benn\u00fcnket.<\/span>- mondta Marek Kuchcinski, a Szejm marsallja. - \u00dajra\u00e9p\u00edtj\u00fck az egy\u00fcttm\u0171k\u00f6d\u00e9st a Lengyel-Litv\u00e1n Parlamenti K\u00f6zgy\u0171l\u00e9s keret\u00e9ben, amelynek r\u00e9szek\u00e9nt l\u00e9trehozunk egy parlamenti k\u00e9pvisel\u0151kb\u0151l \u00e1ll\u00f3 csoportot, amely folyamatosan foglalkozik majd a litv\u00e1niai lengyelek \u00e9s a lengyelorsz\u00e1gi litv\u00e1nok \u00fcgyeivel\" - \u00e9rvelt Marek Kuchcinski.<\/p>\n<p>Viktoras Pranckietis a Szejmben elmondott besz\u00e9d\u00e9ben felid\u00e9zte a k\u00f6z\u00f6s esem\u00e9nyeket, amelyek egyes\u00edtett\u00e9k orsz\u00e1gainkat, mint a lublini uni\u00f3, a krevoi uni\u00f3, a n\u00e9gy\u00e9ves szejm, a m\u00e1jus 3-i alkotm\u00e1ny, valamint a v\u00e9res esem\u00e9nyeket, mint Grunwald, Katy\u0144, Pr\u00e1ga lem\u00e9sz\u00e1rl\u00e1sa, a szib\u00e9riai deport\u00e1l\u00e1s... A m\u00faltra eml\u00e9kezve Lengyelorsz\u00e1gnak \u00e9s Litv\u00e1ni\u00e1nak k\u00f6z\u00f6s j\u00f6v\u0151t kell \u00e9p\u00edtenie. Meg kell er\u0151s\u00edteni\u00fck az EU-t \u00e9s a NATO-t, fejleszteni\u00fck kell a gazdas\u00e1got \u00e9s az infrastrukt\u00far\u00e1t, gondoskodniuk kell az energiabiztons\u00e1gr\u00f3l, \u00e9s a kr\u00edmi vagy donb\u00e1szi esem\u00e9nyekkel szemben egyes\u00edteni\u00fck kell a biztons\u00e1g \u00e9rdek\u00e9ben tett er\u0151fesz\u00edt\u00e9seket.<\/p>\n<div dir=\"auto\"><\/div>\n<div dir=\"auto\"><\/div>\n<div dir=\"auto\"><\/div>\n<div dir=\"auto\"><\/div>\n<div dir=\"auto\"><\/div>\n<div dir=\"auto\"><\/div>\n<div dir=\"auto\"><em>Fot\u00f3: Pawe\u0142 Kula \/ Sejm<\/em><a href=\"https:\/\/marekkuchcinski.pl\/wp-content\/uploads\/2018\/03\/KU293930.jpg\"><img fetchpriority=\"high\" decoding=\"async\" class=\"alignnone size-full wp-image-8802\" src=\"https:\/\/marekkuchcinski.pl\/wp-content\/uploads\/2018\/03\/KU293930.jpg\" alt=\"KU293930\" width=\"1841\" height=\"1515\" srcset=\"https:\/\/marekkuchcinski.pl\/wp-content\/uploads\/2018\/03\/KU293930.jpg 1841w, https:\/\/marekkuchcinski.pl\/wp-content\/uploads\/2018\/03\/KU293930-300x247.jpg 300w, https:\/\/marekkuchcinski.pl\/wp-content\/uploads\/2018\/03\/KU293930-768x632.jpg 768w, https:\/\/marekkuchcinski.pl\/wp-content\/uploads\/2018\/03\/KU293930-1024x843.jpg 1024w\" sizes=\"(max-width: 1841px) 100vw, 1841px\" \/><\/a> <a href=\"https:\/\/marekkuchcinski.pl\/wp-content\/uploads\/2018\/03\/KU294028.jpg\"><img decoding=\"async\" class=\"alignnone size-full wp-image-8803\" src=\"https:\/\/marekkuchcinski.pl\/wp-content\/uploads\/2018\/03\/KU294028.jpg\" alt=\"KU294028\" width=\"2736\" height=\"1824\" srcset=\"https:\/\/marekkuchcinski.pl\/wp-content\/uploads\/2018\/03\/KU294028.jpg 2048w, https:\/\/marekkuchcinski.pl\/wp-content\/uploads\/2018\/03\/KU294028-300x200.jpg 300w, https:\/\/marekkuchcinski.pl\/wp-content\/uploads\/2018\/03\/KU294028-768x512.jpg 768w, https:\/\/marekkuchcinski.pl\/wp-content\/uploads\/2018\/03\/KU294028-1024x683.jpg 1024w\" sizes=\"(max-width: 2736px) 100vw, 2736px\" \/><\/a> <a href=\"https:\/\/marekkuchcinski.pl\/wp-content\/uploads\/2018\/03\/KU294164.jpg\"><img decoding=\"async\" class=\"alignnone size-full wp-image-8804\" src=\"https:\/\/marekkuchcinski.pl\/wp-content\/uploads\/2018\/03\/KU294164.jpg\" alt=\"KU294164\" width=\"2736\" height=\"1824\" srcset=\"https:\/\/marekkuchcinski.pl\/wp-content\/uploads\/2018\/03\/KU294164.jpg 2048w, https:\/\/marekkuchcinski.pl\/wp-content\/uploads\/2018\/03\/KU294164-300x200.jpg 300w, https:\/\/marekkuchcinski.pl\/wp-content\/uploads\/2018\/03\/KU294164-768x512.jpg 768w, https:\/\/marekkuchcinski.pl\/wp-content\/uploads\/2018\/03\/KU294164-1024x683.jpg 1024w\" sizes=\"(max-width: 2736px) 100vw, 2736px\" \/><\/a> <a href=\"https:\/\/marekkuchcinski.pl\/wp-content\/uploads\/2018\/03\/KU294336-1.jpg\"><img loading=\"lazy\" decoding=\"async\" class=\"alignnone size-full wp-image-8805\" src=\"https:\/\/marekkuchcinski.pl\/wp-content\/uploads\/2018\/03\/KU294336-1.jpg\" alt=\"KU294336\" width=\"1959\" height=\"1415\" srcset=\"https:\/\/marekkuchcinski.pl\/wp-content\/uploads\/2018\/03\/KU294336-1.jpg 1959w, https:\/\/marekkuchcinski.pl\/wp-content\/uploads\/2018\/03\/KU294336-1-300x217.jpg 300w, https:\/\/marekkuchcinski.pl\/wp-content\/uploads\/2018\/03\/KU294336-1-768x555.jpg 768w, https:\/\/marekkuchcinski.pl\/wp-content\/uploads\/2018\/03\/KU294336-1-1024x740.jpg 1024w\" sizes=\"(max-width: 1959px) 100vw, 1959px\" \/><\/a> <a href=\"https:\/\/marekkuchcinski.pl\/wp-content\/uploads\/2018\/03\/KU294636.jpg\"><img loading=\"lazy\" decoding=\"async\" class=\"alignnone size-full wp-image-8806\" src=\"https:\/\/marekkuchcinski.pl\/wp-content\/uploads\/2018\/03\/KU294636.jpg\" alt=\"KU294636\" width=\"2736\" height=\"1824\" srcset=\"https:\/\/marekkuchcinski.pl\/wp-content\/uploads\/2018\/03\/KU294636.jpg 2048w, https:\/\/marekkuchcinski.pl\/wp-content\/uploads\/2018\/03\/KU294636-300x200.jpg 300w, https:\/\/marekkuchcinski.pl\/wp-content\/uploads\/2018\/03\/KU294636-768x512.jpg 768w, https:\/\/marekkuchcinski.pl\/wp-content\/uploads\/2018\/03\/KU294636-1024x683.jpg 1024w\" sizes=\"(max-width: 2736px) 100vw, 2736px\" \/><\/a> <a href=\"https:\/\/marekkuchcinski.pl\/wp-content\/uploads\/2018\/03\/KU294677.jpg\"><img loading=\"lazy\" decoding=\"async\" class=\"alignnone size-full wp-image-8807\" src=\"https:\/\/marekkuchcinski.pl\/wp-content\/uploads\/2018\/03\/KU294677.jpg\" alt=\"KU294677\" width=\"2736\" height=\"1824\" srcset=\"https:\/\/marekkuchcinski.pl\/wp-content\/uploads\/2018\/03\/KU294677.jpg 2048w, https:\/\/marekkuchcinski.pl\/wp-content\/uploads\/2018\/03\/KU294677-300x200.jpg 300w, https:\/\/marekkuchcinski.pl\/wp-content\/uploads\/2018\/03\/KU294677-768x512.jpg 768w, https:\/\/marekkuchcinski.pl\/wp-content\/uploads\/2018\/03\/KU294677-1024x683.jpg 1024w\" sizes=\"(max-width: 2736px) 100vw, 2736px\" \/><\/a><\/div>","protected":false},"excerpt":{"rendered":"<p>Po raz pierwszy w XXI wieku przewodnicz\u0105cy parlamentu innego kraju wyst\u0105pi\u0142 w polskim Sejmie. Viktoras Pranckietis, marsza\u0142ek litewskiego Seimasu, poruszy\u0142 temat wsp\u00f3lnej historii naszych pa\u0144stw w kontek\u015bcie 100-lecia niepodleg\u0142o\u015bci. Pami\u0119taj\u0105c o niej, szanuj\u0105c j\u0105, wybiegamy w przysz\u0142o\u015b\u0107. \u2013 Pa\u0144stwa ba\u0142tyckie powinny si\u0119 integrowa\u0107. My zwi\u0119kszamy aktywno\u015b\u0107 w kwestii bezpiecze\u0144stwa (wzmacnianie wschodniej flanki NATO), tak\u017ce energetycznego [&hellip;]<\/p>\n","protected":false},"author":6,"featured_media":8801,"comment_status":"open","ping_status":"open","sticky":false,"template":"","format":"standard","meta":{"ngg_post_thumbnail":0,"footnotes":""},"categories":[81,50,3],"tags":[],"class_list":["post-8800","post","type-post","status-publish","format-standard","has-post-thumbnail","hentry","category-wiesci-z-sejmu","category-wspolpraca-miedzynarodowa","category-wydarzenia"],"_links":{"self":[{"href":"https:\/\/marekkuchcinski.pl\/hu\/wp-json\/wp\/v2\/posts\/8800","targetHints":{"allow":["GET"]}}],"collection":[{"href":"https:\/\/marekkuchcinski.pl\/hu\/wp-json\/wp\/v2\/posts"}],"about":[{"href":"https:\/\/marekkuchcinski.pl\/hu\/wp-json\/wp\/v2\/types\/post"}],"author":[{"embeddable":true,"href":"https:\/\/marekkuchcinski.pl\/hu\/wp-json\/wp\/v2\/users\/6"}],"replies":[{"embeddable":true,"href":"https:\/\/marekkuchcinski.pl\/hu\/wp-json\/wp\/v2\/comments?post=8800"}],"version-history":[{"count":7,"href":"https:\/\/marekkuchcinski.pl\/hu\/wp-json\/wp\/v2\/posts\/8800\/revisions"}],"predecessor-version":[{"id":8815,"href":"https:\/\/marekkuchcinski.pl\/hu\/wp-json\/wp\/v2\/posts\/8800\/revisions\/8815"}],"wp:featuredmedia":[{"embeddable":true,"href":"https:\/\/marekkuchcinski.pl\/hu\/wp-json\/wp\/v2\/media\/8801"}],"wp:attachment":[{"href":"https:\/\/marekkuchcinski.pl\/hu\/wp-json\/wp\/v2\/media?parent=8800"}],"wp:term":[{"taxonomy":"category","embeddable":true,"href":"https:\/\/marekkuchcinski.pl\/hu\/wp-json\/wp\/v2\/categories?post=8800"},{"taxonomy":"post_tag","embeddable":true,"href":"https:\/\/marekkuchcinski.pl\/hu\/wp-json\/wp\/v2\/tags?post=8800"}],"curies":[{"name":"wp","href":"https:\/\/api.w.org\/{rel}","templated":true}]}}