{"id":8610,"date":"2018-02-16T20:45:08","date_gmt":"2018-02-16T19:45:08","guid":{"rendered":"https:\/\/marekkuchcinski.pl\/?p=8610"},"modified":"2018-02-16T20:59:17","modified_gmt":"2018-02-16T19:59:17","slug":"xx-edycja-konferencji-europa-karpat-program","status":"publish","type":"post","link":"https:\/\/marekkuchcinski.pl\/hu\/wydarzenia\/xx-edycja-konferencji-europa-karpat-program\/","title":{"rendered":"A \"K\u00e1rp\u00e1taljai Eur\u00f3pa\" konferencia 20. kiad\u00e1sa - program"},"content":{"rendered":"<p dir=\"ltr\"><strong>M\u00e1r 20. alkalommal tal\u00e1lkoznak politikusok, tud\u00f3sok \u00e9s helyi \u00f6nkorm\u00e1nyzati tisztvisel\u0151k, hogy megtal\u00e1lj\u00e1k a K\u00e1rp\u00e1tok r\u00e9gi\u00f3 meger\u0151s\u00edt\u00e9s\u00e9nek, infrastruktur\u00e1lis \u00e9s gazdas\u00e1gi fejl\u0151d\u00e9s\u00e9nek, az \u00e9letsz\u00ednvonal emel\u00e9s\u00e9nek \u00e9s a term\u00e9szeti er\u0151forr\u00e1sokkal, p\u00e9ld\u00e1ul a v\u00edzzel val\u00f3 b\u00f6lcs gazd\u00e1lkod\u00e1snak a m\u00f3dj\u00e1t.<\/strong><\/p>\n<p dir=\"ltr\">A p\u00f3diumbesz\u00e9lget\u00e9sen r\u00e9szt vesz Ryszard Terlecki, a Lengyel K\u00f6zt\u00e1rsas\u00e1g Szejmj\u00e9nek aleln\u00f6ke (Nemzeti tapasztalatok \u00e9s c\u00e9lok), Jacek Czaputowicz, k\u00fcl\u00fcgyminiszter (Nemzeti tapasztalatok \u00e9s c\u00e9lok), Jerzy Kwieci\u0144ski, beruh\u00e1z\u00e1si \u00e9s fejleszt\u00e9si miniszter (Bieszczady-hegys\u00e9gi program), Andrzej Adamczyk, infrastruktur\u00e1lis miniszter (Via Carpatia).<\/p>\n<p dir=\"ltr\"><strong>PROGRAM:<\/strong><\/p>\n<p dir=\"ltr\">9:30 A K\u00e1rp\u00e1teur\u00f3pa konferencia 20. kiad\u00e1s\u00e1nak eredm\u00e9nyeit bemutat\u00f3 ki\u00e1ll\u00edt\u00e1s megnyit\u00f3ja<\/p>\n<p dir=\"ltr\">(Przemysli Nemzeti M\u00fazeum, Pl. Berka Joselewicza t\u00e9r 1, Przemysl)<\/p>\n<p dir=\"ltr\">A jubileumi \u00e9rem \u00e1tad\u00e1sa<\/p>\n<p dir=\"ltr\">9:45 A konferencia megnyit\u00e1sa a lengyel szejm eln\u00f6ke, Marek Kuchci\u0144ski \u00far \u00e1ltal (Przemysl R\u00e9gi\u00f3 Nemzeti M\u00fazeuma, Pl. Berek Joselewicz t\u00e9r 1, Przemysl).<\/p>\n<p dir=\"ltr\">10:00 - 11:00 I. panel \"Parlamenti hagyom\u00e1nyok K\u00f6z\u00e9p- \u00e9s Kelet-Eur\u00f3p\u00e1ban\"<\/p>\n<p dir=\"ltr\">\u00a0\u00a0\u00a0 Moder\u00e1tor: Waldemar Paruch, a lengyel szejm eln\u00f6k\u00e9nek tan\u00e1csad\u00f3i koordin\u00e1tora.<\/p>\n<p dir=\"ltr\">\u00a0\u00a0\u00a0 \u00a0\u00a0\u00a0 R\u00e9sztvev\u0151k:<\/p>\n<ol>\n<li dir=\"ltr\">\n<p dir=\"ltr\">Yavor Notev, a Bolg\u00e1r K\u00f6zt\u00e1rsas\u00e1g Nemzetgy\u0171l\u00e9s\u00e9nek aleln\u00f6ke,<\/p>\n<\/li>\n<li dir=\"ltr\">\n<p dir=\"ltr\">W\u0142odzimierz Bernacki, parlamenti k\u00e9pvisel\u0151, az Eur\u00f3pa Tan\u00e1cs Parlamenti K\u00f6zgy\u0171l\u00e9s\u00e9be deleg\u00e1lt lengyel parlamenti k\u00fcld\u00f6tts\u00e9g eln\u00f6ke,<\/p>\n<\/li>\n<li dir=\"ltr\">\n<p dir=\"ltr\">Mykola Kniazhytski, az Ukr\u00e1n Legfels\u0151bb Tan\u00e1cs Kultur\u00e1lis \u00e9s Szellemi Bizotts\u00e1g\u00e1nak eln\u00f6ke,<\/p>\n<\/li>\n<li dir=\"ltr\">\n<p dir=\"ltr\">Jan Hudacky, a RAIC Presov eln\u00f6ke, a Szlov\u00e1k Nemzeti Tan\u00e1cs kor\u00e1bbi tagja,<\/p>\n<\/li>\n<li dir=\"ltr\">\n<p dir=\"ltr\">Pavol Ma\u010dala, Presonizmus Tudom\u00e1nyos Egyes\u00fclet, Szlov\u00e1kia<\/p>\n<\/li>\n<\/ol>\n<p dir=\"ltr\">11:00 - 12:00 II. panel \"Az Eur\u00f3pai Uni\u00f3 j\u00f6v\u0151je - nemzeti tapasztalatok \u00e9s c\u00e9lkit\u0171z\u00e9sek\"<\/p>\n<p dir=\"ltr\">\u00a0\u00a0\u00a0 Moder\u00e1tor: Zdzis\u0142aw Krasnod\u0119bski, az Eur\u00f3pai Parlament tagja,<\/p>\n<p dir=\"ltr\">K\u00fcl\u00f6nleges vend\u00e9g: Jacek Czaputowicz, k\u00fcl\u00fcgyminiszter,<\/p>\n<p dir=\"ltr\">R\u00e9sztvev\u0151k:<\/p>\n<ol>\n<li dir=\"ltr\">\n<p dir=\"ltr\">Ryszard Terlecki, a lengyel parlament aleln\u00f6ke,<\/p>\n<\/li>\n<li dir=\"ltr\">\n<p dir=\"ltr\">H\u00f6rcsik Rich\u00e1rd, az Orsz\u00e1ggy\u0171l\u00e9s EU-\u00fcgyi bizotts\u00e1g\u00e1nak eln\u00f6ke,<\/p>\n<\/li>\n<li dir=\"ltr\">\n<p dir=\"ltr\">Martin Fronc, B. A Szlov\u00e1k Nemzeti Tan\u00e1cs tagja,<\/p>\n<\/li>\n<li dir=\"ltr\">\n<p dir=\"ltr\">Anatolij Matvijenko, az ukr\u00e1n Verhovna Rada tagja,<\/p>\n<\/li>\n<li dir=\"ltr\">\n<p dir=\"ltr\">David Engels, a Br\u00fcsszeli Szabadegyetem oktat\u00f3ja,<\/p>\n<\/li>\n<li dir=\"ltr\">\n<p dir=\"ltr\">Markiyan Malsky, a Lembergi Egyetem Nemzetk\u00f6zi Kapcsolatok \u00e9s Diplom\u00e1ciai Szolg\u00e1lat Tansz\u00e9k\u00e9nek vezet\u0151je<\/p>\n<\/li>\n<\/ol>\n<p dir=\"ltr\">12:00 - 12:30 k\u00e1v\u00e9sz\u00fcnet<\/p>\n<p dir=\"ltr\">12:30 - 13:30 III. panel \"A helyi \u00f6nkorm\u00e1nyzatok egy\u00fcttm\u0171k\u00f6d\u00e9se\"<\/p>\n<p dir=\"ltr\">Moder\u00e1tor: Robert Choma, Przemy\u015bl polg\u00e1rmestere<\/p>\n<p dir=\"ltr\">R\u00e9sztvev\u0151k:<\/p>\n<ol>\n<li dir=\"ltr\">\n<p dir=\"ltr\">Sikora Attila, S\u00e1rospatak alpolg\u00e1rmestere,<\/p>\n<\/li>\n<li dir=\"ltr\">\n<p dir=\"ltr\">Michal Sla\u0161\u0165an, Ruzomberok alpolg\u00e1rmestere,<\/p>\n<\/li>\n<li dir=\"ltr\">\n<p dir=\"ltr\">Andrij Kulcsinszkij, Truskavets polg\u00e1rmestere,<\/p>\n<\/li>\n<li dir=\"ltr\">\n<p dir=\"ltr\">R\u00e1zsi Botond, Eger alpolg\u00e1rmestere,<\/p>\n<\/li>\n<li dir=\"ltr\">\n<p dir=\"ltr\">Ivan Piiyak, Schodnica v\u00e1ros polg\u00e1rmestere,<\/p>\n<\/li>\n<\/ol>\n<p dir=\"ltr\">13:30 - 14:30 eb\u00e9d<\/p>\n<p dir=\"ltr\">14:30-14:40 A K\u00e1rp\u00e1tok r\u00f3zsak\u00f6vek vil\u00e1ga - l\u00e9p\u00e9sek a K\u00e1rp\u00e1tok kultur\u00e1lis egyedis\u00e9g\u00e9nek meg\u0151rz\u00e9se fel\u00e9 c\u00edm\u0171 projekt al\u00e1\u00edr\u00e1sa - Adam Hamryszczak, a Beruh\u00e1z\u00e1si \u00e9s Fejleszt\u00e9si Miniszt\u00e9rium \u00e1llamtitk\u00e1ra, W\u0142adys\u0142aw Ortyl, Podkarpatszka vajdas\u00e1g marsallja, Agnieszka Pieni\u0105\u017cek, a \"Pro Carpathia\", a Podkarpatszka R\u00e9gi\u00f3 Fejleszt\u00e9s\u00e9\u00e9rt \u00e9s Prom\u00f3ci\u00f3j\u00e1\u00e9rt Egyes\u00fclet vezet\u0151s\u00e9g\u00e9nek eln\u00f6ke, Dorota Zieli\u0144ska, a \"Pro Carpathia\", a \"Pro Carpathia\", a Podkarpatszka R\u00e9gi\u00f3 Fejleszt\u00e9s\u00e9\u00e9rt \u00e9s Prom\u00f3ci\u00f3j\u00e1\u00e9rt Egyes\u00fclet vezet\u0151s\u00e9g\u00e9nek aleln\u00f6ke.<\/p>\n<p dir=\"ltr\">14:40 - 15:40 IV. panel \"K\u00e1rp\u00e1taljai kezdem\u00e9nyez\u00e9sek bemutat\u00e1sa - 100 kezdem\u00e9nyez\u00e9s Lengyelorsz\u00e1g \u00fajj\u00e1sz\u00fclet\u00e9s\u00e9nek centen\u00e1rium\u00e1ra\"<\/p>\n<p dir=\"ltr\">\u00a0\u00a0\u00a0 Moder\u00e1tor: Zygmunt Berdychowski, a Gazdas\u00e1gi F\u00f3rum programtan\u00e1cs\u00e1nak eln\u00f6ke<\/p>\n<p dir=\"ltr\">\u00a0\u00a0\u00a0 \u00a0\u00a0\u00a0 El\u0151ad\u00e1sok:<\/p>\n<ol>\n<li dir=\"ltr\">\n<p dir=\"ltr\">Bieszczady program, Jerzy Kwieci\u0144ski, beruh\u00e1z\u00e1si \u00e9s fejleszt\u00e9si miniszter, Adam Hamryszczak, beruh\u00e1z\u00e1si \u00e9s fejleszt\u00e9si miniszter-helyettes<\/p>\n<\/li>\n<li dir=\"ltr\">\n<p dir=\"ltr\">Via Carpatia, Andrzej Adamczyk, infrastruktur\u00e1lis miniszter<\/p>\n<\/li>\n<li dir=\"ltr\">\n<p dir=\"ltr\">K\u00e1rp\u00e1ti Nyersanyagok, Mariusz Orion J\u0119drysek, k\u00f6rnyezetv\u00e9delmi miniszterhelyettes, nemzeti geol\u00f3gus f\u0151n\u00f6k<\/p>\n<\/li>\n<li dir=\"ltr\">\n<p dir=\"ltr\">K\u00e1rp\u00e1taljai projektek, W\u0142adys\u0142aw Ortyl, a Podkarpatszka vajdas\u00e1g marsallja, t\u00f6bbek k\u00f6z\u00f6tt: K\u00e1rp\u00e1ti Szimfonikus Zenekar, Marta Wierzbieniec, a Podkarpatszkaja Filharm\u00f3nia igazgat\u00f3ja, Jerzy Petrdlik, a pr\u00e1gai K\u00e1roly Egyetem karmestere.<\/p>\n<\/li>\n<li dir=\"ltr\">\n<p dir=\"ltr\">K\u00f6zponti Sportk\u00f6zpont, Tomasz Kozi\u0144ski, a K\u00f6zponti Sportk\u00f6zpont igazgat\u00f3ja<\/p>\n<\/li>\n<li dir=\"ltr\">\n<p dir=\"ltr\">5 Dolin Wierchomla-Krynica, Jan Golba, Muszyna v\u00e1ros polg\u00e1rmestere<\/p>\n<\/li>\n<\/ol>\n<p>&nbsp;<\/p>\n<div dir=\"ltr\">\n<table>\n<colgroup>\n<col width=\"621\" \/><\/colgroup>\n<tbody>\n<tr>\n<td>\n<p dir=\"ltr\">15:00 A Przemy\u015bl v\u00e1rosa \u00e1ltal szervezett 5 km-es \"T\u00e9li K\u00e1rp\u00e1ti \u00d6t\u00f6s\" fut\u00e1s kezdete Przemy\u015bl utc\u00e1in.<\/p>\n<p dir=\"ltr\">\u00a0\u00a0\u00a0\u00a0\u00a0\u00a0\u00a0\u00a0\u00a0\u00a0\u00a0\u00a0\u00a0\u00a0\u00a0\u00a0\u00a0\u00a0\u00a0\u00a0\u00a0\u00a0\u00a0\u00a0\u00a0\u00a0\u00a0\u00a0<wbr \/>\u00datvonal: Niepodleg\u0142o\u015bci t\u00e9r - Park - Emelked\u00e9s - Park - Kast\u00e9ly - Niepodleg\u0142o\u015bci t\u00e9r<\/p>\n<\/td>\n<\/tr>\n<\/tbody>\n<\/table>\n<\/div>\n<p>&nbsp;<\/p>\n<p dir=\"ltr\">15:40 - 15:50 A Soli\u0144skie Energia Klaszter l\u00e9trehoz\u00e1s\u00e1r\u00f3l sz\u00f3l\u00f3 meg\u00e1llapod\u00e1s al\u00e1\u00edr\u00e1sa: Arkadiusz Sek\u015bci\u0144ski - a PGE Energia Odnawialna S.A. igazgat\u00f3tan\u00e1cs\u00e1nak aleln\u00f6ke, Krzysztof Majcher - a PGE Energia Odnawialna ZEW Solina-Myczkowce Solinai Fi\u00f3kj\u00e1nak igazgat\u00f3ja, , Marek Ma\u0142ecki - a Leski Megyei Tan\u00e1cs eln\u00f6ke, Adam Pi\u0105tkowski - Solina k\u00f6zs\u00e9g vezet\u0151je, Andrzej S\u0142otwi\u0144ski - az ELBEST sp. z.o.o. igazgat\u00f3tan\u00e1cs\u00e1nak eln\u00f6ke, Krzysztof Leszczyk - az ELBEST sp. z o.o. igazgat\u00f3tan\u00e1cs\u00e1nak aleln\u00f6ke.<\/p>\n<p>&nbsp;<\/p>\n<p dir=\"ltr\">15:50 - 16:40 V. panel \"A K\u00e1rp\u00e1t-medencei fels\u0151oktat\u00e1si int\u00e9zm\u00e9nyek egy\u00fcttm\u0171k\u00f6d\u00e9se\"<\/p>\n<p dir=\"ltr\">Moder\u00e1tor: Jan Malicki, a Kelet-eur\u00f3pai Tanulm\u00e1nyok igazgat\u00f3ja, Vars\u00f3i Egyetem<\/p>\n<ol>\n<li dir=\"ltr\">\n<p dir=\"ltr\">Igor Cependa, az Ivano-Frankivszki K\u00e1rp\u00e1taljai Nemzeti Egyetem rektora<\/p>\n<\/li>\n<li dir=\"ltr\">\n<p dir=\"ltr\">\u0150ze S\u00e1ndor, a Budapesti Katolikus Egyetem T\u00f6rt\u00e9nelemtudom\u00e1nyi Kar\u00e1nak d\u00e9k\u00e1nja<\/p>\n<\/li>\n<li dir=\"ltr\">\n<p dir=\"ltr\">Pawe\u0142 Trefler, a przemy\u015bli Kelet-eur\u00f3pai \u00c1llami Egyetem rektora<\/p>\n<\/li>\n<li dir=\"ltr\">\n<p dir=\"ltr\">Stefan Purici, a suceavai Stefan III Velikian Egyetem rektorhelyettese<\/p>\n<\/li>\n<li dir=\"ltr\">\n<p dir=\"ltr\">Marian Suplata, Matej Bel Egyetem Beszterceb\u00e1ny\u00e1n,<\/p>\n<\/li>\n<\/ol>\n<p>&nbsp;<\/p>\n<p dir=\"ltr\">16:45 A konferencia z\u00e1r\u00e1sa<\/p>\n<p>&nbsp;<\/p>\n<p dir=\"ltr\">17:00-17:30 Az 5 km-es Przemysl utcai fut\u00e1s \u00e9rmeinek \u00e1tad\u00e1sa a lengyel parlament eln\u00f6ke \u00e1ltal<\/p>\n<p dir=\"ltr\">(Przemysl Nemzeti M\u00fazeum, 1 Berek Joselewicz t\u00e9r, Przemysl)<\/p>","protected":false},"excerpt":{"rendered":"<p>Ju\u017c po raz 20. politycy, uczeni, samorz\u0105dowcy spotkaj\u0105 si\u0119, by poszukiwa\u0107 sposobu na wzmocnienie regionu Karpat i zapewnienie mu rozwoju infrastrukturalnego, gospodarczego, podniesienia poziomu \u017cycia czy m\u0105drej gospodarki zasobami przyrodniczymi, takimi jak woda. W\u015br\u00f3d panelist\u00f3w\u00a0m.in. Ryszard Terlecki, Wicemarsza\u0142ek Sejmu RP (Do\u015bwiadczenia i cele narodowe), Jacek Czaputowicz, Minister Spraw Zagranicznych (Do\u015bwiadczenia i cele narodowe), Jerzy Kwieci\u0144ski, [&hellip;]<\/p>\n","protected":false},"author":6,"featured_media":8611,"comment_status":"open","ping_status":"open","sticky":false,"template":"","format":"standard","meta":{"ngg_post_thumbnail":0,"footnotes":""},"categories":[78,49,82,50,3],"tags":[],"class_list":["post-8610","post","type-post","status-publish","format-standard","has-post-thumbnail","hentry","category-europa-karpat","category-podkarpacie","category-prawo-i-sprawiedliwosc","category-wspolpraca-miedzynarodowa","category-wydarzenia"],"_links":{"self":[{"href":"https:\/\/marekkuchcinski.pl\/hu\/wp-json\/wp\/v2\/posts\/8610","targetHints":{"allow":["GET"]}}],"collection":[{"href":"https:\/\/marekkuchcinski.pl\/hu\/wp-json\/wp\/v2\/posts"}],"about":[{"href":"https:\/\/marekkuchcinski.pl\/hu\/wp-json\/wp\/v2\/types\/post"}],"author":[{"embeddable":true,"href":"https:\/\/marekkuchcinski.pl\/hu\/wp-json\/wp\/v2\/users\/6"}],"replies":[{"embeddable":true,"href":"https:\/\/marekkuchcinski.pl\/hu\/wp-json\/wp\/v2\/comments?post=8610"}],"version-history":[{"count":3,"href":"https:\/\/marekkuchcinski.pl\/hu\/wp-json\/wp\/v2\/posts\/8610\/revisions"}],"predecessor-version":[{"id":8614,"href":"https:\/\/marekkuchcinski.pl\/hu\/wp-json\/wp\/v2\/posts\/8610\/revisions\/8614"}],"wp:featuredmedia":[{"embeddable":true,"href":"https:\/\/marekkuchcinski.pl\/hu\/wp-json\/wp\/v2\/media\/8611"}],"wp:attachment":[{"href":"https:\/\/marekkuchcinski.pl\/hu\/wp-json\/wp\/v2\/media?parent=8610"}],"wp:term":[{"taxonomy":"category","embeddable":true,"href":"https:\/\/marekkuchcinski.pl\/hu\/wp-json\/wp\/v2\/categories?post=8610"},{"taxonomy":"post_tag","embeddable":true,"href":"https:\/\/marekkuchcinski.pl\/hu\/wp-json\/wp\/v2\/tags?post=8610"}],"curies":[{"name":"wp","href":"https:\/\/api.w.org\/{rel}","templated":true}]}}