{"id":8596,"date":"2018-02-15T11:12:08","date_gmt":"2018-02-15T10:12:08","guid":{"rendered":"https:\/\/marekkuchcinski.pl\/?p=8596"},"modified":"2018-02-15T14:09:04","modified_gmt":"2018-02-15T13:09:04","slug":"spotkanie-przewodniczacym-parlamentu-francji","status":"publish","type":"post","link":"https:\/\/marekkuchcinski.pl\/hu\/wydarzenia\/spotkanie-przewodniczacym-parlamentu-francji\/","title":{"rendered":"Tal\u00e1lkoz\u00f3 a francia parlament eln\u00f6k\u00e9vel"},"content":{"rendered":"<p><strong>Marek Kuchci\u0144ski, a szejm eln\u00f6ke hangs\u00falyozta, hogy fokozni kell az egy\u00fcttm\u0171k\u00f6d\u00e9st a lengyel \u00e9s a francia parlamentek k\u00f6z\u00f6tt, \u00e9s f\u00f3rumot kell l\u00e9trehozni a parlamentek, bar\u00e1ti csoportok vagy szak\u00e9rt\u0151k k\u00f6z\u00f6tti egy\u00fcttm\u0171k\u00f6d\u00e9sre.<\/strong><\/p>\n<p>Tekintettel a kibert\u00e9rben felgyorsul\u00f3 inform\u00e1ci\u00f3\u00e1tvitelre \u00e9s az inform\u00e1ci\u00f3k f\u00e9lre\u00e9rt\u00e9s\u00e9re, gyakoribb kapcsolattart\u00e1sra van sz\u00fcks\u00e9g. A szejm eln\u00f6ke szerint a dezinform\u00e1ci\u00f3 k\u00e9rd\u00e9se k\u00fcl\u00f6n\u00f6sen fontos a jog\u00e1llamis\u00e1g \u00e9s a jog\u00e1llamis\u00e1g eg\u00e9sz ter\u00fclet\u00e9t illet\u0151en Lengyelorsz\u00e1gban - az igazs\u00e1gszolg\u00e1ltat\u00e1ssal kapcsolatos belpolitikai kapcsolatok k\u00e9rd\u00e9sei a lengyelorsz\u00e1gi jog\u00e1llamis\u00e1g megs\u00e9rt\u00e9sek\u00e9nt mer\u00fclnek fel. - A k\u00e9t \u00e9vvel ezel\u0151tt Lengyelorsz\u00e1gban hatalomra ker\u00fclt t\u00f6bbs\u00e9g \u00fagy d\u00f6nt\u00f6tt, hogy a b\u00edr\u00e1k megv\u00e1laszt\u00e1s\u00e1ra vonatkoz\u00f3 szab\u00e1lyokat, p\u00e9ld\u00e1ul az NCJ-t \u00e9s az Alkotm\u00e1nyb\u00edr\u00f3s\u00e1got, \u00f6sszhangba kell hozni a nyugat-eur\u00f3pai norm\u00e1kkal. Ezt a jogot megtagadj\u00e1k t\u0151l\u00fcnk, \u00e9s er\u0151fesz\u00edt\u00e9seink felh\u00e1borod\u00e1st v\u00e1ltanak ki n\u00e9h\u00e1ny eur\u00f3pai orsz\u00e1gban. Az embernek az a benyom\u00e1sa, hogy az EU az ellenz\u00e9k \u00e1ll\u00e1spontj\u00e1t fogadja el, nem pedig a lengyelorsz\u00e1gi hatalmi t\u00f6bbs\u00e9g\u00e9t - \u00e9rvelt Marek Kuchci\u0144ski. Ann\u00e1l is ink\u00e1bb, mert a lengyel \u00e1llami hat\u00f3s\u00e1gok r\u00e9sz\u00e9r\u0151l e k\u00e9rd\u00e9sek tiszt\u00e1z\u00e1sa a nemzetk\u00f6zi sz\u00ednt\u00e9ren neh\u00e9zkes. Erre p\u00e9lda lehet az Eur\u00f3pai Bizotts\u00e1g k\u00e9tszeri l\u00e1togat\u00e1sa, amely fel\u00fcletesen \u00e9rt\u00e9kelte az \u00fcgyet, \u00e9s t\u00e9ves el\u0151feltev\u00e9sekt\u0151l befoly\u00e1solva rossz k\u00f6vetkeztet\u00e9seket vont le.  A szejm eln\u00f6ke szerint arra kell t\u00f6rekedni, hogy az EU szervezet\u00e9t \u00fagy v\u00e1ltoztassuk meg, hogy az meger\u0151s\u00f6dj\u00f6n, \u00e9s elker\u00fclj\u00fck a tov\u00e1bbi Brexitet. - Lengyelorsz\u00e1g uni\u00f3s tags\u00e1g\u00e1nak kezdete \u00f3ta azt tapasztaljuk, hogy az uni\u00f3s int\u00e9zm\u00e9nyek fokozatosan beavatkoznak a tag\u00e1llamok hat\u00e1sk\u00f6reibe, \u00e9s az eur\u00f3pai parlamenti v\u00e1laszt\u00e1sokon val\u00f3 alacsony r\u00e9szv\u00e9tel azt mutatja, hogy az uni\u00f3s int\u00e9zm\u00e9nyekbe vetett bizalom csek\u00e9ly\" - mondta.<\/p>\n<p>A h\u00e1zeln\u00f6k az IPN-t\u00f6rv\u00e9nyre is utalt. Hangs\u00falyozta, hogy a holokausztban val\u00f3 b\u0171nr\u00e9szess\u00e9g lengyel v\u00e1djaira reag\u00e1lnunk kellett. - 70 \u00e9vig nem volt ilyen reakci\u00f3. \u00dagy gondolom, hogy Lengyelorsz\u00e1g az izraeli belpolitikai helyzet \u00e1ldozat\u00e1v\u00e1 v\u00e1lt. Ez\u00e9rt az izraeli k\u00e9pvisel\u0151k heves reakci\u00f3ja erre a t\u00f6rv\u00e9nyjavaslatra (k\u00e9t \u00e9vvel ezel\u0151tt a t\u00f6rv\u00e9nyjavaslatot beny\u00fajtott\u00e1k a Szejmnek, a munka rajta elkezd\u0151d\u00f6tt, \u00e9s hat h\u00f3nappal ezel\u0151tt fejez\u0151d\u00f6tt be. F\u00e9l \u00e9vig senki sem emelt kifog\u00e1st a t\u00f6rv\u00e9nyjavaslat rendelkez\u00e9seivel szemben).<\/p>\n<p>A francia szen\u00e1tus eln\u00f6ke, Gerard Lacher t\u00e1mogatta a k\u00e9nyes k\u00e9rd\u00e9sek megvitat\u00e1s\u00e1ra szolg\u00e1l\u00f3 f\u00f3rum \u00f6tlet\u00e9t, ak\u00e1r a lengyel-francia p\u00e1rbesz\u00e9d, ak\u00e1r a weimari h\u00e1romsz\u00f6g keret\u00e9ben. Egyet\u00e9rtett azzal, hogy ez egy gyors kezdem\u00e9nyez\u00e9s legyen, amelyet azonnal a francia szen\u00e1tus el\u00e9 fog terjeszteni. R\u00e1mutatott, hogy j\u00f3 lenne, ha a parlamentek hat\u00e1sk\u00f6reit nem a m\u00e9dia \u00e9rtelmez\u00e9s\u00e9n, hanem k\u00f6zvetlen kapcsolatokon kereszt\u00fcl \u00e9rten\u00e9nk meg.<\/p>\n<p>Gerard Larcher a nemzetek k\u00f6z\u00f6tti kapcsolat egy k\u00fcl\u00f6nleges, t\u00f6rt\u00e9nelmi pillanat\u00e1t is kiemelte. - Nagy-Britannia kil\u00e9p\u00e9se az EU-b\u00f3l lassan t\u00e9ny, ez\u00e9rt ez lehet az a pillanat, amikor meg kell szil\u00e1rd\u00edtani az EU alapjait - mondta. R\u00e1mutatott a francia v\u00e1llalkoz\u00f3k optimista hozz\u00e1\u00e1ll\u00e1s\u00e1ra is, akik szerint a lengyel politika nem befoly\u00e1solja a lengyelorsz\u00e1gi v\u00e1llalatok stabiliz\u00e1l\u00f3d\u00e1s\u00e1t.<\/p>\n<p><a href=\"https:\/\/marekkuchcinski.pl\/wp-content\/uploads\/2018\/02\/Fr-flagi-2-1.jpg\"><img fetchpriority=\"high\" decoding=\"async\" class=\"alignnone size-full wp-image-8597\" src=\"https:\/\/marekkuchcinski.pl\/wp-content\/uploads\/2018\/02\/Fr-flagi-2-1.jpg\" alt=\"Fr flagi 2\" width=\"2077\" height=\"1384\" srcset=\"https:\/\/marekkuchcinski.pl\/wp-content\/uploads\/2018\/02\/Fr-flagi-2-1.jpg 2048w, https:\/\/marekkuchcinski.pl\/wp-content\/uploads\/2018\/02\/Fr-flagi-2-1-300x200.jpg 300w, https:\/\/marekkuchcinski.pl\/wp-content\/uploads\/2018\/02\/Fr-flagi-2-1-768x512.jpg 768w, https:\/\/marekkuchcinski.pl\/wp-content\/uploads\/2018\/02\/Fr-flagi-2-1-1024x682.jpg 1024w\" sizes=\"(max-width: 2077px) 100vw, 2077px\" \/><\/a> <a href=\"https:\/\/marekkuchcinski.pl\/wp-content\/uploads\/2018\/02\/RZ__2752.jpg\"><img decoding=\"async\" class=\"alignnone size-full wp-image-8598\" src=\"https:\/\/marekkuchcinski.pl\/wp-content\/uploads\/2018\/02\/RZ__2752.jpg\" alt=\"RZ__2752\" width=\"2322\" height=\"1548\" srcset=\"https:\/\/marekkuchcinski.pl\/wp-content\/uploads\/2018\/02\/RZ__2752.jpg 2048w, https:\/\/marekkuchcinski.pl\/wp-content\/uploads\/2018\/02\/RZ__2752-300x200.jpg 300w, https:\/\/marekkuchcinski.pl\/wp-content\/uploads\/2018\/02\/RZ__2752-768x512.jpg 768w, https:\/\/marekkuchcinski.pl\/wp-content\/uploads\/2018\/02\/RZ__2752-1024x683.jpg 1024w\" sizes=\"(max-width: 2322px) 100vw, 2322px\" \/><\/a><a href=\"https:\/\/marekkuchcinski.pl\/wp-content\/uploads\/2018\/02\/senat-fr.png\"><img decoding=\"async\" class=\"alignnone size-full wp-image-8602\" src=\"https:\/\/marekkuchcinski.pl\/wp-content\/uploads\/2018\/02\/senat-fr.png\" alt=\"senat fr\" width=\"3181\" height=\"1992\" srcset=\"https:\/\/marekkuchcinski.pl\/wp-content\/uploads\/2018\/02\/senat-fr.png 2048w, https:\/\/marekkuchcinski.pl\/wp-content\/uploads\/2018\/02\/senat-fr-300x188.png 300w, https:\/\/marekkuchcinski.pl\/wp-content\/uploads\/2018\/02\/senat-fr-768x481.png 768w, https:\/\/marekkuchcinski.pl\/wp-content\/uploads\/2018\/02\/senat-fr-1024x641.png 1024w\" sizes=\"(max-width: 3181px) 100vw, 3181px\" \/><\/a><a href=\"https:\/\/marekkuchcinski.pl\/wp-content\/uploads\/2018\/02\/DSCF8779.jpg\"><img loading=\"lazy\" decoding=\"async\" class=\"alignnone size-full wp-image-8604\" src=\"https:\/\/marekkuchcinski.pl\/wp-content\/uploads\/2018\/02\/DSCF8779.jpg\" alt=\"DSCF8779\" width=\"4896\" height=\"2760\" srcset=\"https:\/\/marekkuchcinski.pl\/wp-content\/uploads\/2018\/02\/DSCF8779.jpg 2048w, https:\/\/marekkuchcinski.pl\/wp-content\/uploads\/2018\/02\/DSCF8779-300x169.jpg 300w, https:\/\/marekkuchcinski.pl\/wp-content\/uploads\/2018\/02\/DSCF8779-768x433.jpg 768w, https:\/\/marekkuchcinski.pl\/wp-content\/uploads\/2018\/02\/DSCF8779-1024x577.jpg 1024w\" sizes=\"(max-width: 4896px) 100vw, 4896px\" \/><\/a><\/p>","protected":false},"excerpt":{"rendered":"<p>Marsza\u0142ek Sejmu Marek Kuchci\u0144ski podkre\u015bli\u0142 potrzeb\u0119 intensyfikacji wsp\u00f3\u0142pracy pomi\u0119dzy parlamentami Polski i Francji\u00a0oraz powo\u0142ania forum wsp\u00f3\u0142pracy pomi\u0119dzy parlamentami, grupami przyja\u017ani czy ekspertami. W obliczu przyspieszaj\u0105cego przekazu informacji w cyberprzestrzeni oraz b\u0142\u0119dnego rozumienia informacji niezb\u0119dne s\u0105 cz\u0119stsze kontakty. Zdaniem Marsza\u0142ka Sejmu kwestia dezinformacji dotyczy szczeg\u00f3lnie ca\u0142ego obszaru praworz\u0105dno\u015bci i rz\u0105d\u00f3w prawa w Polsce \u2013 sprawy stosunk\u00f3w [&hellip;]<\/p>\n","protected":false},"author":6,"featured_media":8601,"comment_status":"open","ping_status":"open","sticky":false,"template":"","format":"standard","meta":{"ngg_post_thumbnail":0,"footnotes":""},"categories":[81,50,3],"tags":[],"class_list":["post-8596","post","type-post","status-publish","format-standard","has-post-thumbnail","hentry","category-wiesci-z-sejmu","category-wspolpraca-miedzynarodowa","category-wydarzenia"],"_links":{"self":[{"href":"https:\/\/marekkuchcinski.pl\/hu\/wp-json\/wp\/v2\/posts\/8596","targetHints":{"allow":["GET"]}}],"collection":[{"href":"https:\/\/marekkuchcinski.pl\/hu\/wp-json\/wp\/v2\/posts"}],"about":[{"href":"https:\/\/marekkuchcinski.pl\/hu\/wp-json\/wp\/v2\/types\/post"}],"author":[{"embeddable":true,"href":"https:\/\/marekkuchcinski.pl\/hu\/wp-json\/wp\/v2\/users\/6"}],"replies":[{"embeddable":true,"href":"https:\/\/marekkuchcinski.pl\/hu\/wp-json\/wp\/v2\/comments?post=8596"}],"version-history":[{"count":5,"href":"https:\/\/marekkuchcinski.pl\/hu\/wp-json\/wp\/v2\/posts\/8596\/revisions"}],"predecessor-version":[{"id":8609,"href":"https:\/\/marekkuchcinski.pl\/hu\/wp-json\/wp\/v2\/posts\/8596\/revisions\/8609"}],"wp:featuredmedia":[{"embeddable":true,"href":"https:\/\/marekkuchcinski.pl\/hu\/wp-json\/wp\/v2\/media\/8601"}],"wp:attachment":[{"href":"https:\/\/marekkuchcinski.pl\/hu\/wp-json\/wp\/v2\/media?parent=8596"}],"wp:term":[{"taxonomy":"category","embeddable":true,"href":"https:\/\/marekkuchcinski.pl\/hu\/wp-json\/wp\/v2\/categories?post=8596"},{"taxonomy":"post_tag","embeddable":true,"href":"https:\/\/marekkuchcinski.pl\/hu\/wp-json\/wp\/v2\/tags?post=8596"}],"curies":[{"name":"wp","href":"https:\/\/api.w.org\/{rel}","templated":true}]}}