{"id":8587,"date":"2018-02-15T10:28:16","date_gmt":"2018-02-15T09:28:16","guid":{"rendered":"https:\/\/marekkuchcinski.pl\/?p=8587"},"modified":"2018-02-15T10:30:43","modified_gmt":"2018-02-15T09:30:43","slug":"spotkanie-ambasadorem-austrii-wernerem-almhoferem","status":"publish","type":"post","link":"https:\/\/marekkuchcinski.pl\/hu\/wydarzenia\/spotkanie-ambasadorem-austrii-wernerem-almhoferem\/","title":{"rendered":"Tal\u00e1lkoz\u00f3 Werner Almhofer osztr\u00e1k nagyk\u00f6vettel"},"content":{"rendered":"<p>A tal\u00e1lkoz\u00f3 sor\u00e1n az Eur\u00f3pai Uni\u00f3 fenntarthat\u00f3 fejl\u0151d\u00e9s\u00e9nek t\u00e9m\u00e1ja - sokf\u00e9le, egyenl\u0151 jogokkal rendelkez\u0151 \u00e1llam - ker\u00fclt megvitat\u00e1sra. A szejm eln\u00f6ke hangs\u00falyozta, hogy a nyugat-eur\u00f3pai orsz\u00e1gok p\u00e9ld\u00e1j\u00e1t k\u00f6vetve meg kell reform\u00e1lni a lengyel igazs\u00e1gszolg\u00e1ltat\u00e1st, \u00e9s hogy jav\u00edtani kell az inform\u00e1ci\u00f3\u00e1raml\u00e1st, mivel a lengyel jog\u00e1llamis\u00e1g helyzet\u00e9nek helytelen meg\u00edt\u00e9l\u00e9s\u00e9hez els\u0151sorban a f\u00e9lret\u00e1j\u00e9koztat\u00e1s vezet.<\/p>\n<p>A h\u00e1zeln\u00f6k azt is hangs\u00falyozta, hogy a parlamentek k\u00f6z\u00f6tti kapcsolatokat intenz\u00edvebb\u00e9 kell tenni, bele\u00e9rtve Ausztri\u00e1t is a visegr\u00e1di csoport form\u00e1tum\u00e1ban.<\/p>\n<p>Az osztr\u00e1k nagyk\u00f6vet a k\u00f6z\u00e9p- \u00e9s kelet-eur\u00f3pai orsz\u00e1gok er\u0151teljes t\u00e1mogat\u00e1sa mellett \u00e9rvelt, valamint a Lengyelorsz\u00e1ggal val\u00f3 k\u00f6zeled\u00e9s mellett olyan k\u00e9rd\u00e9sekben, mint a migr\u00e1ci\u00f3. Bejelentette, hogy az osztr\u00e1k parlamentben 2018 m\u00e1rcius\u00e1ra bar\u00e1ti csoportot hoz l\u00e9tre Lengyelorsz\u00e1ggal.<\/p>\n<p><a href=\"https:\/\/marekkuchcinski.pl\/wp-content\/uploads\/2018\/02\/amb-austrii.jpg\"><img fetchpriority=\"high\" decoding=\"async\" class=\"alignnone size-full wp-image-8588\" src=\"https:\/\/marekkuchcinski.pl\/wp-content\/uploads\/2018\/02\/amb-austrii.jpg\" alt=\"amb austrii\" width=\"2991\" height=\"1994\" srcset=\"https:\/\/marekkuchcinski.pl\/wp-content\/uploads\/2018\/02\/amb-austrii.jpg 2048w, https:\/\/marekkuchcinski.pl\/wp-content\/uploads\/2018\/02\/amb-austrii-300x200.jpg 300w, https:\/\/marekkuchcinski.pl\/wp-content\/uploads\/2018\/02\/amb-austrii-768x512.jpg 768w, https:\/\/marekkuchcinski.pl\/wp-content\/uploads\/2018\/02\/amb-austrii-1024x683.jpg 1024w\" sizes=\"(max-width: 2991px) 100vw, 2991px\" \/><\/a><\/p>","protected":false},"excerpt":{"rendered":"<p>Podczas spotkania poruszono temat m.in. zr\u00f3wnowa\u017conego rozwoju Unii Europejskiej \u2013 pa\u0144stw r\u00f3\u017cnorodnych, lecz o r\u00f3wnych prawach. Marsza\u0142ek Sejmu zaakcentowa\u0142 potrzeb\u0119 reformy s\u0105downictwa w Polsce, przeprowadzanej na wz\u00f3r pa\u0144stw Europy Zachodniej oraz potrzeb\u0119 lepszego przep\u0142ywu informacji, poniewa\u017c to g\u0142\u00f3wnie z dezinformacji wynika b\u0142\u0119dna ocena stanu praworz\u0105dno\u015bci w Polsce. Marsza\u0142ek podkre\u015bli\u0142 tak\u017ce potrzeb\u0119 intensyfikacji kontakt\u00f3w mi\u0119dzy parlamentami, [&hellip;]<\/p>\n","protected":false},"author":6,"featured_media":8588,"comment_status":"open","ping_status":"open","sticky":false,"template":"","format":"standard","meta":{"ngg_post_thumbnail":0,"footnotes":""},"categories":[81,50,3],"tags":[],"class_list":["post-8587","post","type-post","status-publish","format-standard","has-post-thumbnail","hentry","category-wiesci-z-sejmu","category-wspolpraca-miedzynarodowa","category-wydarzenia"],"_links":{"self":[{"href":"https:\/\/marekkuchcinski.pl\/hu\/wp-json\/wp\/v2\/posts\/8587","targetHints":{"allow":["GET"]}}],"collection":[{"href":"https:\/\/marekkuchcinski.pl\/hu\/wp-json\/wp\/v2\/posts"}],"about":[{"href":"https:\/\/marekkuchcinski.pl\/hu\/wp-json\/wp\/v2\/types\/post"}],"author":[{"embeddable":true,"href":"https:\/\/marekkuchcinski.pl\/hu\/wp-json\/wp\/v2\/users\/6"}],"replies":[{"embeddable":true,"href":"https:\/\/marekkuchcinski.pl\/hu\/wp-json\/wp\/v2\/comments?post=8587"}],"version-history":[{"count":2,"href":"https:\/\/marekkuchcinski.pl\/hu\/wp-json\/wp\/v2\/posts\/8587\/revisions"}],"predecessor-version":[{"id":8590,"href":"https:\/\/marekkuchcinski.pl\/hu\/wp-json\/wp\/v2\/posts\/8587\/revisions\/8590"}],"wp:featuredmedia":[{"embeddable":true,"href":"https:\/\/marekkuchcinski.pl\/hu\/wp-json\/wp\/v2\/media\/8588"}],"wp:attachment":[{"href":"https:\/\/marekkuchcinski.pl\/hu\/wp-json\/wp\/v2\/media?parent=8587"}],"wp:term":[{"taxonomy":"category","embeddable":true,"href":"https:\/\/marekkuchcinski.pl\/hu\/wp-json\/wp\/v2\/categories?post=8587"},{"taxonomy":"post_tag","embeddable":true,"href":"https:\/\/marekkuchcinski.pl\/hu\/wp-json\/wp\/v2\/tags?post=8587"}],"curies":[{"name":"wp","href":"https:\/\/api.w.org\/{rel}","templated":true}]}}