{"id":8497,"date":"2018-02-09T15:11:55","date_gmt":"2018-02-09T14:11:55","guid":{"rendered":"https:\/\/marekkuchcinski.pl\/?p=8497"},"modified":"2018-02-09T15:25:51","modified_gmt":"2018-02-09T14:25:51","slug":"spotkanie-marszalka-sejmu-przewodniczacym-senatu-hiszpanii","status":"publish","type":"post","link":"https:\/\/marekkuchcinski.pl\/hu\/wydarzenia\/spotkanie-marszalka-sejmu-przewodniczacym-senatu-hiszpanii\/","title":{"rendered":"A Szejm eln\u00f6ke \u00e9s a spanyol szen\u00e1tus eln\u00f6ke k\u00f6z\u00f6tti tal\u00e1lkoz\u00f3"},"content":{"rendered":"<p>Az Eur\u00f3pai Uni\u00f3t meg kell er\u0151s\u00edteni, \u00e9s ennek a meger\u0151s\u00edt\u00e9snek az azt alkot\u00f3 orsz\u00e1gokt\u00f3l kell sz\u00e1rmaznia\" - \u00e9rtett egyet Marek Kuchci\u0144ski, a szejm eln\u00f6ke \u00e9s P\u00edo Garc\u00eda-Escudero M\u00e1rquez, a spanyol szen\u00e1tus eln\u00f6ke.<\/p>\n<p>A tal\u00e1lkoz\u00f3 \u00fcr\u00fcgyet szolg\u00e1ltatott a k\u00f6z\u00f6s politikai \u00e9s gazdas\u00e1gi kezdem\u00e9nyez\u00e9sek megvitat\u00e1s\u00e1ra. M\u00e1rquez r\u00e1mutatott, hogy a spanyol v\u00e1llalkoz\u00f3k sz\u00e1m\u00e1ra Lengyelorsz\u00e1g olyan k\u00f6zpont, ahol \u00e9rdemes befektetni \u00e9s \u00fczletet fejleszteni.<\/p>\n<p>A t\u00e1rgyal\u00f3partnerek felvetett\u00e9k az Eur\u00f3pai Uni\u00f3 jelenlegi \u00e9s j\u00f6v\u0151beli form\u00e1j\u00e1nak k\u00e9rd\u00e9s\u00e9t is, \u00e9s egyet\u00e9rtettek abban, hogy nem szabad elt\u00e9rn\u00fcnk azokt\u00f3l az \u00e9rt\u00e9kekt\u0151l, amelyekre az EU \u00e9p\u00fclt. - Nem szabad megfeledkezn\u00fcnk azokr\u00f3l az \u00e9rt\u00e9kekr\u0151l, amelyek az EU-t l\u00e9trehozt\u00e1k, azokr\u00f3l az \u00e9rt\u00e9kekr\u0151l, amelyek megakad\u00e1lyozz\u00e1k, hogy megism\u00e9tl\u0151djenek az Eur\u00f3p\u00e1t t\u00f6nkretev\u0151 h\u00e1bor\u00fak. A gazdas\u00e1g \u00e9s a j\u00f3l\u00e9t rendk\u00edv\u00fcl fontos, de a legfontosabb az elvek v\u00e9delme\" - mondta M\u00e1rquez.<\/p>\n<p>Lengyelorsz\u00e1g \u00e9s Spanyolorsz\u00e1g sz\u00e1m\u00e1ra egyar\u00e1nt k\u00fcl\u00f6nleges \u00e9v a 2018-as esztend\u0151. Lengyelorsz\u00e1g a f\u00fcggetlens\u00e9g 100. \u00e9vfordul\u00f3j\u00e1t \u00fcnnepli, Spanyolorsz\u00e1g pedig a demokr\u00e1cia visszanyer\u00e9s\u00e9nek 40. \u00e9vfordul\u00f3j\u00e1t, ami az alkotm\u00e1ny elfogad\u00e1s\u00e1ban \u00e9s a k\u00e9tkamar\u00e1s parlament vissza\u00e1ll\u00edt\u00e1s\u00e1ban nyilv\u00e1nul meg. A Szejm eln\u00f6ke t\u00e1j\u00e9koztatott arr\u00f3l, hogy a Szejm \u00e9s a Szen\u00e1tus k\u00e9t fontos \u00e9vfordul\u00f3t \u00fcnnepel: A lengyel \u00e1llam \u00fajj\u00e1sz\u00fclet\u00e9s\u00e9nek 100. \u00e9vfordul\u00f3ja, j\u00faliusban pedig a k\u00e9tkamar\u00e1s parlament megalakul\u00e1s\u00e1nak 550. \u00e9vfordul\u00f3ja.<\/p>\n<p><em>Fot\u00f3: Pawe\u0142 Kula<\/em><\/p>\n<p><a href=\"https:\/\/marekkuchcinski.pl\/wp-content\/uploads\/2018\/02\/h1.jpg\"><img fetchpriority=\"high\" decoding=\"async\" class=\"alignnone size-full wp-image-8498\" src=\"https:\/\/marekkuchcinski.pl\/wp-content\/uploads\/2018\/02\/h1.jpg\" alt=\"h1\" width=\"1800\" height=\"1200\" srcset=\"https:\/\/marekkuchcinski.pl\/wp-content\/uploads\/2018\/02\/h1.jpg 1800w, https:\/\/marekkuchcinski.pl\/wp-content\/uploads\/2018\/02\/h1-300x200.jpg 300w, https:\/\/marekkuchcinski.pl\/wp-content\/uploads\/2018\/02\/h1-768x512.jpg 768w, https:\/\/marekkuchcinski.pl\/wp-content\/uploads\/2018\/02\/h1-1024x683.jpg 1024w\" sizes=\"(max-width: 1800px) 100vw, 1800px\" \/><\/a> <a href=\"https:\/\/marekkuchcinski.pl\/wp-content\/uploads\/2018\/02\/h3.jpg\"><img decoding=\"async\" class=\"alignnone size-full wp-image-8499\" src=\"https:\/\/marekkuchcinski.pl\/wp-content\/uploads\/2018\/02\/h3.jpg\" alt=\"h3\" width=\"1800\" height=\"1200\" srcset=\"https:\/\/marekkuchcinski.pl\/wp-content\/uploads\/2018\/02\/h3.jpg 1800w, https:\/\/marekkuchcinski.pl\/wp-content\/uploads\/2018\/02\/h3-300x200.jpg 300w, https:\/\/marekkuchcinski.pl\/wp-content\/uploads\/2018\/02\/h3-768x512.jpg 768w, https:\/\/marekkuchcinski.pl\/wp-content\/uploads\/2018\/02\/h3-1024x683.jpg 1024w\" sizes=\"(max-width: 1800px) 100vw, 1800px\" \/><\/a> <a href=\"https:\/\/marekkuchcinski.pl\/wp-content\/uploads\/2018\/02\/h4.jpg\"><img decoding=\"async\" class=\"alignnone size-full wp-image-8500\" src=\"https:\/\/marekkuchcinski.pl\/wp-content\/uploads\/2018\/02\/h4.jpg\" alt=\"h4\" width=\"1800\" height=\"1200\" srcset=\"https:\/\/marekkuchcinski.pl\/wp-content\/uploads\/2018\/02\/h4.jpg 1800w, https:\/\/marekkuchcinski.pl\/wp-content\/uploads\/2018\/02\/h4-300x200.jpg 300w, https:\/\/marekkuchcinski.pl\/wp-content\/uploads\/2018\/02\/h4-768x512.jpg 768w, https:\/\/marekkuchcinski.pl\/wp-content\/uploads\/2018\/02\/h4-1024x683.jpg 1024w\" sizes=\"(max-width: 1800px) 100vw, 1800px\" \/><\/a><\/p>","protected":false},"excerpt":{"rendered":"<p>Nale\u017cy wzmocni\u0107 Uni\u0119 Europejsk\u0105, a wzmocnienie to powinno wyj\u015b\u0107 od kraj\u00f3w, kt\u00f3re j\u0105 tworz\u0105\u00a0\u2013 zgodzili si\u0119 marsza\u0142ek Sejmu Marek Kuchci\u0144ski i przewodnicz\u0105cy Senatu Hiszpanii\u00a0P\u00edo Garc\u00eda-Escudero M\u00e1rquez. Spotkanie by\u0142o pretekstem do\u00a0om\u00f3wienia wsp\u00f3lnych inicjatyw politycznych i gospodarczych. M\u00e1rquez zaznaczy\u0142, \u017ce dla hiszpa\u0144skich przedsi\u0119biorc\u00f3w Polska stanowi centrum, w kt\u00f3rym warto inwestowa\u0107 i rozwija\u0107 dzia\u0142alno\u015b\u0107. Rozm\u00f3wcy podnie\u015bli tak\u017ce kwesti\u0119 [&hellip;]<\/p>\n","protected":false},"author":6,"featured_media":8499,"comment_status":"open","ping_status":"open","sticky":false,"template":"","format":"standard","meta":{"ngg_post_thumbnail":0,"footnotes":""},"categories":[81,50,3],"tags":[],"class_list":["post-8497","post","type-post","status-publish","format-standard","has-post-thumbnail","hentry","category-wiesci-z-sejmu","category-wspolpraca-miedzynarodowa","category-wydarzenia"],"_links":{"self":[{"href":"https:\/\/marekkuchcinski.pl\/hu\/wp-json\/wp\/v2\/posts\/8497","targetHints":{"allow":["GET"]}}],"collection":[{"href":"https:\/\/marekkuchcinski.pl\/hu\/wp-json\/wp\/v2\/posts"}],"about":[{"href":"https:\/\/marekkuchcinski.pl\/hu\/wp-json\/wp\/v2\/types\/post"}],"author":[{"embeddable":true,"href":"https:\/\/marekkuchcinski.pl\/hu\/wp-json\/wp\/v2\/users\/6"}],"replies":[{"embeddable":true,"href":"https:\/\/marekkuchcinski.pl\/hu\/wp-json\/wp\/v2\/comments?post=8497"}],"version-history":[{"count":2,"href":"https:\/\/marekkuchcinski.pl\/hu\/wp-json\/wp\/v2\/posts\/8497\/revisions"}],"predecessor-version":[{"id":8502,"href":"https:\/\/marekkuchcinski.pl\/hu\/wp-json\/wp\/v2\/posts\/8497\/revisions\/8502"}],"wp:featuredmedia":[{"embeddable":true,"href":"https:\/\/marekkuchcinski.pl\/hu\/wp-json\/wp\/v2\/media\/8499"}],"wp:attachment":[{"href":"https:\/\/marekkuchcinski.pl\/hu\/wp-json\/wp\/v2\/media?parent=8497"}],"wp:term":[{"taxonomy":"category","embeddable":true,"href":"https:\/\/marekkuchcinski.pl\/hu\/wp-json\/wp\/v2\/categories?post=8497"},{"taxonomy":"post_tag","embeddable":true,"href":"https:\/\/marekkuchcinski.pl\/hu\/wp-json\/wp\/v2\/tags?post=8497"}],"curies":[{"name":"wp","href":"https:\/\/api.w.org\/{rel}","templated":true}]}}