{"id":8466,"date":"2018-02-08T10:09:53","date_gmt":"2018-02-08T09:09:53","guid":{"rendered":"https:\/\/marekkuchcinski.pl\/?p=8466"},"modified":"2018-02-08T10:09:53","modified_gmt":"2018-02-08T09:09:53","slug":"w-drodze-do-niepodleglosci","status":"publish","type":"post","link":"https:\/\/marekkuchcinski.pl\/hu\/wydarzenia\/w-drodze-do-niepodleglosci\/","title":{"rendered":"\"A f\u00fcggetlens\u00e9g fel\u00e9 vezet\u0151 \u00faton\""},"content":{"rendered":"<p>A lengyel \u00e1llam \u00fajj\u00e1sz\u00fclet\u00e9s\u00e9nek sz\u00e1zadik \u00e9vfordul\u00f3ja a legfontosabb esem\u00e9ny, amely k\u00f6r\u00fcl kollekt\u00edv eml\u00e9kezet\u00fcnk \u00f6sszpontosul. Marek Kuchci\u0144ski szejm marsall, aki megnyitotta \"A f\u00fcggetlens\u00e9ghez vezet\u0151 \u00faton\" c\u00edm\u0171 ki\u00e1ll\u00edt\u00e1st, hangs\u00falyozta, hogy a f\u00fcggetlens\u00e9g 100. \u00e9vfordul\u00f3j\u00e1nak \u00fcnnepl\u00e9se lehet\u0151s\u00e9get ad arra, hogy elm\u00e9ly\u00edts\u00fck a f\u00fcggetlens\u00e9g\u00fcnkh\u00f6z vezet\u0151 utak ismeret\u00e9t, er\u0151s\u00edts\u00fck a f\u00fcggetlen \u00e1llam \u00e9rt\u00e9k\u00e9nek tudat\u00e1t, \u00e9s eml\u00e9keztess\u00fcnk arra, hogy a f\u00fcggetlens\u00e9get folyamatosan \u0151rizni kell. A marsall elmondta, hogy rendk\u00edv\u00fcl fontos a hazafias attit\u0171d\u00f6k form\u00e1l\u00e1sa, a lengyelek polg\u00e1ri k\u00f6z\u00f6ss\u00e9gi \u00e9rz\u00e9s\u00e9nek er\u0151s\u00edt\u00e9se, a lengyel \u00e1llamis\u00e1g eszm\u00e9j\u00e9nek elm\u00e9ly\u00edt\u00e9se, valamint a t\u00f6rt\u00e9nelemmel, k\u00fcl\u00f6n\u00f6sen annak h\u0151seivel kapcsolatos ismeretek terjeszt\u00e9s\u00e9nek k\u00fcldet\u00e9se.<\/p>\n<p>A Szejm nagyterm\u00e9ben a \"F\u00fcggetlens\u00e9g\" 2017-2021 t\u00f6bb\u00e9ves program keret\u00e9ben megval\u00f3sult ki\u00e1ll\u00edt\u00e1s a lengyel f\u00fcggetlens\u00e9ghez kapcsol\u00f3d\u00f3 esem\u00e9nyeket mutatja be. Megmutatja az odavezet\u0151 utakat. A vend\u00e9gek k\u00f6z\u00f6tt volt Henryk Kowalczyk k\u00f6rnyezetv\u00e9delmi miniszter, Jaros\u0142aw Sellin kultur\u00e1lis \u00e9s nemzeti \u00f6r\u00f6ks\u00e9gi miniszterhelyettes \u00e9s Piotr Naimski, a minisztereln\u00f6k kancell\u00e1ri\u00e1j\u00e1nak \u00e1llamtitk\u00e1ra.<\/p>\n<p><em>Fot\u00f3: P. Kula, M. Olejnik<\/em><\/p>\n<p><a href=\"https:\/\/marekkuchcinski.pl\/wp-content\/uploads\/2018\/02\/KU285956.jpg\"><img fetchpriority=\"high\" decoding=\"async\" class=\"alignnone size-full wp-image-8467\" src=\"https:\/\/marekkuchcinski.pl\/wp-content\/uploads\/2018\/02\/KU285956.jpg\" alt=\"KU285956\" width=\"2736\" height=\"1824\" srcset=\"https:\/\/marekkuchcinski.pl\/wp-content\/uploads\/2018\/02\/KU285956.jpg 2048w, https:\/\/marekkuchcinski.pl\/wp-content\/uploads\/2018\/02\/KU285956-300x200.jpg 300w, https:\/\/marekkuchcinski.pl\/wp-content\/uploads\/2018\/02\/KU285956-768x512.jpg 768w, https:\/\/marekkuchcinski.pl\/wp-content\/uploads\/2018\/02\/KU285956-1024x683.jpg 1024w\" sizes=\"(max-width: 2736px) 100vw, 2736px\" \/><\/a> <a href=\"https:\/\/marekkuchcinski.pl\/wp-content\/uploads\/2018\/02\/DSCF8516.jpg\"><img decoding=\"async\" class=\"alignnone size-full wp-image-8476\" src=\"https:\/\/marekkuchcinski.pl\/wp-content\/uploads\/2018\/02\/DSCF8516.jpg\" alt=\"DSCF8516\" width=\"3875\" height=\"2759\" srcset=\"https:\/\/marekkuchcinski.pl\/wp-content\/uploads\/2018\/02\/DSCF8516.jpg 2048w, https:\/\/marekkuchcinski.pl\/wp-content\/uploads\/2018\/02\/DSCF8516-300x214.jpg 300w, https:\/\/marekkuchcinski.pl\/wp-content\/uploads\/2018\/02\/DSCF8516-768x547.jpg 768w, https:\/\/marekkuchcinski.pl\/wp-content\/uploads\/2018\/02\/DSCF8516-1024x729.jpg 1024w\" sizes=\"(max-width: 3875px) 100vw, 3875px\" \/><\/a><a href=\"https:\/\/marekkuchcinski.pl\/wp-content\/uploads\/2018\/02\/DSCF8530.jpg\"><img decoding=\"async\" class=\"alignnone size-full wp-image-8477\" src=\"https:\/\/marekkuchcinski.pl\/wp-content\/uploads\/2018\/02\/DSCF8530.jpg\" alt=\"DSCF8530\" width=\"4020\" height=\"2334\" srcset=\"https:\/\/marekkuchcinski.pl\/wp-content\/uploads\/2018\/02\/DSCF8530.jpg 2048w, https:\/\/marekkuchcinski.pl\/wp-content\/uploads\/2018\/02\/DSCF8530-300x174.jpg 300w, https:\/\/marekkuchcinski.pl\/wp-content\/uploads\/2018\/02\/DSCF8530-768x446.jpg 768w, https:\/\/marekkuchcinski.pl\/wp-content\/uploads\/2018\/02\/DSCF8530-1024x595.jpg 1024w\" sizes=\"(max-width: 4020px) 100vw, 4020px\" \/><\/a><a href=\"https:\/\/marekkuchcinski.pl\/wp-content\/uploads\/2018\/02\/KU285945.jpg\"><img loading=\"lazy\" decoding=\"async\" class=\"alignnone size-full wp-image-8468\" src=\"https:\/\/marekkuchcinski.pl\/wp-content\/uploads\/2018\/02\/KU285945.jpg\" alt=\"KU285945\" width=\"5472\" height=\"3648\" srcset=\"https:\/\/marekkuchcinski.pl\/wp-content\/uploads\/2018\/02\/KU285945.jpg 2048w, https:\/\/marekkuchcinski.pl\/wp-content\/uploads\/2018\/02\/KU285945-300x200.jpg 300w, https:\/\/marekkuchcinski.pl\/wp-content\/uploads\/2018\/02\/KU285945-768x512.jpg 768w, https:\/\/marekkuchcinski.pl\/wp-content\/uploads\/2018\/02\/KU285945-1024x683.jpg 1024w\" sizes=\"(max-width: 5472px) 100vw, 5472px\" \/><\/a> <a href=\"https:\/\/marekkuchcinski.pl\/wp-content\/uploads\/2018\/02\/KU286043.jpg\"><img loading=\"lazy\" decoding=\"async\" class=\"alignnone size-full wp-image-8469\" src=\"https:\/\/marekkuchcinski.pl\/wp-content\/uploads\/2018\/02\/KU286043.jpg\" alt=\"KU286043\" width=\"2736\" height=\"1824\" srcset=\"https:\/\/marekkuchcinski.pl\/wp-content\/uploads\/2018\/02\/KU286043.jpg 2048w, https:\/\/marekkuchcinski.pl\/wp-content\/uploads\/2018\/02\/KU286043-300x200.jpg 300w, https:\/\/marekkuchcinski.pl\/wp-content\/uploads\/2018\/02\/KU286043-768x512.jpg 768w, https:\/\/marekkuchcinski.pl\/wp-content\/uploads\/2018\/02\/KU286043-1024x683.jpg 1024w\" sizes=\"(max-width: 2736px) 100vw, 2736px\" \/><\/a> <a href=\"https:\/\/marekkuchcinski.pl\/wp-content\/uploads\/2018\/02\/KU286122.jpg\"><img loading=\"lazy\" decoding=\"async\" class=\"alignnone size-full wp-image-8470\" src=\"https:\/\/marekkuchcinski.pl\/wp-content\/uploads\/2018\/02\/KU286122.jpg\" alt=\"KU286122\" width=\"2736\" height=\"1824\" srcset=\"https:\/\/marekkuchcinski.pl\/wp-content\/uploads\/2018\/02\/KU286122.jpg 2048w, https:\/\/marekkuchcinski.pl\/wp-content\/uploads\/2018\/02\/KU286122-300x200.jpg 300w, https:\/\/marekkuchcinski.pl\/wp-content\/uploads\/2018\/02\/KU286122-768x512.jpg 768w, https:\/\/marekkuchcinski.pl\/wp-content\/uploads\/2018\/02\/KU286122-1024x683.jpg 1024w\" sizes=\"(max-width: 2736px) 100vw, 2736px\" \/><\/a> <a href=\"https:\/\/marekkuchcinski.pl\/wp-content\/uploads\/2018\/02\/KU286149.jpg\"><img loading=\"lazy\" decoding=\"async\" class=\"alignnone size-full wp-image-8471\" src=\"https:\/\/marekkuchcinski.pl\/wp-content\/uploads\/2018\/02\/KU286149.jpg\" alt=\"KU286149\" width=\"2736\" height=\"1824\" srcset=\"https:\/\/marekkuchcinski.pl\/wp-content\/uploads\/2018\/02\/KU286149.jpg 2048w, https:\/\/marekkuchcinski.pl\/wp-content\/uploads\/2018\/02\/KU286149-300x200.jpg 300w, https:\/\/marekkuchcinski.pl\/wp-content\/uploads\/2018\/02\/KU286149-768x512.jpg 768w, https:\/\/marekkuchcinski.pl\/wp-content\/uploads\/2018\/02\/KU286149-1024x683.jpg 1024w\" sizes=\"(max-width: 2736px) 100vw, 2736px\" \/><\/a> <a href=\"https:\/\/marekkuchcinski.pl\/wp-content\/uploads\/2018\/02\/KU286221.jpg\"><img loading=\"lazy\" decoding=\"async\" class=\"alignnone size-full wp-image-8472\" src=\"https:\/\/marekkuchcinski.pl\/wp-content\/uploads\/2018\/02\/KU286221.jpg\" alt=\"KU286221\" width=\"2736\" height=\"1824\" srcset=\"https:\/\/marekkuchcinski.pl\/wp-content\/uploads\/2018\/02\/KU286221.jpg 2048w, https:\/\/marekkuchcinski.pl\/wp-content\/uploads\/2018\/02\/KU286221-300x200.jpg 300w, https:\/\/marekkuchcinski.pl\/wp-content\/uploads\/2018\/02\/KU286221-768x512.jpg 768w, https:\/\/marekkuchcinski.pl\/wp-content\/uploads\/2018\/02\/KU286221-1024x683.jpg 1024w\" sizes=\"(max-width: 2736px) 100vw, 2736px\" \/><\/a> <a href=\"https:\/\/marekkuchcinski.pl\/wp-content\/uploads\/2018\/02\/KU286298.jpg\"><img loading=\"lazy\" decoding=\"async\" class=\"alignnone size-full wp-image-8473\" src=\"https:\/\/marekkuchcinski.pl\/wp-content\/uploads\/2018\/02\/KU286298.jpg\" alt=\"KU286298\" width=\"2736\" height=\"1824\" srcset=\"https:\/\/marekkuchcinski.pl\/wp-content\/uploads\/2018\/02\/KU286298.jpg 2048w, https:\/\/marekkuchcinski.pl\/wp-content\/uploads\/2018\/02\/KU286298-300x200.jpg 300w, https:\/\/marekkuchcinski.pl\/wp-content\/uploads\/2018\/02\/KU286298-768x512.jpg 768w, https:\/\/marekkuchcinski.pl\/wp-content\/uploads\/2018\/02\/KU286298-1024x683.jpg 1024w\" sizes=\"(max-width: 2736px) 100vw, 2736px\" \/><\/a> <a href=\"https:\/\/marekkuchcinski.pl\/wp-content\/uploads\/2018\/02\/KU286342.jpg\"><img loading=\"lazy\" decoding=\"async\" class=\"alignnone size-full wp-image-8474\" src=\"https:\/\/marekkuchcinski.pl\/wp-content\/uploads\/2018\/02\/KU286342.jpg\" alt=\"KU286342\" width=\"2736\" height=\"1824\" srcset=\"https:\/\/marekkuchcinski.pl\/wp-content\/uploads\/2018\/02\/KU286342.jpg 2048w, https:\/\/marekkuchcinski.pl\/wp-content\/uploads\/2018\/02\/KU286342-300x200.jpg 300w, https:\/\/marekkuchcinski.pl\/wp-content\/uploads\/2018\/02\/KU286342-768x512.jpg 768w, https:\/\/marekkuchcinski.pl\/wp-content\/uploads\/2018\/02\/KU286342-1024x683.jpg 1024w\" sizes=\"(max-width: 2736px) 100vw, 2736px\" \/><\/a><\/p>","protected":false},"excerpt":{"rendered":"<p>Stulecie odrodzenia Pa\u0144stwa Polskiego to najwa\u017cniejsze wydarzenie, wok\u00f3\u0142 kt\u00f3rego koncentruje si\u0119 nasza zbiorowa pami\u0119\u0107. Otwieraj\u0105cy wystaw\u0119 \u201eW drodze do niepodleg\u0142o\u015bci\u201d marsza\u0142ek Sejmu Marek Kuchci\u0144ski podkre\u015bli\u0142, \u017ce obchody\u00a0 jubileuszu\u00a0100-lecia niepodleg\u0142o\u015bci\u00a0s\u0105 okazj\u0105 do pog\u0142\u0119bienia wiedzy o drogach do naszej niepodleg\u0142o\u015bci,\u00a0umacniaj\u0105 poczucie warto\u015bci \u00a0niepodleg\u0142ego pa\u0144stwa i\u00a0przypominaj\u0105, \u017ce niepodleg\u0142o\u015bci trzeba ci\u0105gle pilnowa\u0107. Marsza\u0142ek m\u00f3wi\u0142,\u00a0\u017ce niezwykle wa\u017cne jest kszta\u0142towanie postaw [&hellip;]<\/p>\n","protected":false},"author":6,"featured_media":8467,"comment_status":"open","ping_status":"open","sticky":false,"template":"","format":"standard","meta":{"ngg_post_thumbnail":0,"footnotes":""},"categories":[77,81,3],"tags":[],"class_list":["post-8466","post","type-post","status-publish","format-standard","has-post-thumbnail","hentry","category-wazne-daty","category-wiesci-z-sejmu","category-wydarzenia"],"_links":{"self":[{"href":"https:\/\/marekkuchcinski.pl\/hu\/wp-json\/wp\/v2\/posts\/8466","targetHints":{"allow":["GET"]}}],"collection":[{"href":"https:\/\/marekkuchcinski.pl\/hu\/wp-json\/wp\/v2\/posts"}],"about":[{"href":"https:\/\/marekkuchcinski.pl\/hu\/wp-json\/wp\/v2\/types\/post"}],"author":[{"embeddable":true,"href":"https:\/\/marekkuchcinski.pl\/hu\/wp-json\/wp\/v2\/users\/6"}],"replies":[{"embeddable":true,"href":"https:\/\/marekkuchcinski.pl\/hu\/wp-json\/wp\/v2\/comments?post=8466"}],"version-history":[{"count":6,"href":"https:\/\/marekkuchcinski.pl\/hu\/wp-json\/wp\/v2\/posts\/8466\/revisions"}],"predecessor-version":[{"id":8482,"href":"https:\/\/marekkuchcinski.pl\/hu\/wp-json\/wp\/v2\/posts\/8466\/revisions\/8482"}],"wp:featuredmedia":[{"embeddable":true,"href":"https:\/\/marekkuchcinski.pl\/hu\/wp-json\/wp\/v2\/media\/8467"}],"wp:attachment":[{"href":"https:\/\/marekkuchcinski.pl\/hu\/wp-json\/wp\/v2\/media?parent=8466"}],"wp:term":[{"taxonomy":"category","embeddable":true,"href":"https:\/\/marekkuchcinski.pl\/hu\/wp-json\/wp\/v2\/categories?post=8466"},{"taxonomy":"post_tag","embeddable":true,"href":"https:\/\/marekkuchcinski.pl\/hu\/wp-json\/wp\/v2\/tags?post=8466"}],"curies":[{"name":"wp","href":"https:\/\/api.w.org\/{rel}","templated":true}]}}