{"id":8439,"date":"2018-02-04T13:26:28","date_gmt":"2018-02-04T12:26:28","guid":{"rendered":"https:\/\/marekkuchcinski.pl\/?p=8439"},"modified":"2018-02-06T11:30:50","modified_gmt":"2018-02-06T10:30:50","slug":"narciarstwo-wysokogorskie-marszalkiem-sejmu","status":"publish","type":"post","link":"https:\/\/marekkuchcinski.pl\/hu\/wydarzenia\/narciarstwo-wysokogorskie-marszalkiem-sejmu\/","title":{"rendered":"Alpesi s\u00edel\u00e9s a Szejm eln\u00f6k\u00e9vel"},"content":{"rendered":"<p dir=\"ltr\">M\u00e1sodik alkalommal rendezt\u00e9k meg Wetlinben \u00e9s Ustrzyki G\u00f3rne-ban az Olek Ostrowski Eml\u00e9kversenyt alpesi s\u00edel\u00e9sben.<\/p>\n<p dir=\"ltr\">A d\u00edszvend\u00e9g Marek Kuchci\u0144ski szejm marsall volt, aki \u00e9vek \u00f3ta r\u00e9szt vesz a sportversenyek t\u00e1mogat\u00e1s\u00e1ban, \u00e9s a Podkarpackie s\u00edliga v\u00e9dn\u00f6ke. <a href=\"http:\/\/www.pozn.eu\/alpejskie\/154-podkarpacka-liga-dzieci-i-mlodziezy-w-narciarstwie-alpejskim-2017-2018\">http:\/\/www.pozn.eu\/alpejskie\/154-podkarpacka-liga-dzieci-i-mlodziezy-w-narciarstwie-alpejskim-2017-2018<\/a>\u00a0vagy K\u00e1rp\u00e1t Kupa versenyek alpesi \u00e9s s\u00edfut\u00e1sban. Amikor csak lehet\u0151s\u00e9ge van r\u00e1, s\u00edl\u00e9cet vesz fel.<\/p>\n<p dir=\"ltr\"><a href=\"https:\/\/marekkuchcinski.pl\/wp-content\/uploads\/2018\/02\/List-marsza\u0142ka-Sejmu-do-uczestniko\u0301w-Memoria\u0142u-Olka-Ostrowskiego.pdf\">A Szejm eln\u00f6k\u00e9nek levele az Olek Ostrowski-eml\u00e9k\u00fcnneps\u00e9g r\u00e9sztvev\u0151ihez<\/a><\/p>\n<p dir=\"ltr\">Aleksander Ostrowski a Bieszczady GOPR hegyiment\u0151je, a krakk\u00f3i hegym\u00e1sz\u00f3 klub tagja \u00e9s a Lengyel Hegym\u00e1sz\u00f3 Sz\u00f6vets\u00e9g s\u00edoktat\u00f3ja volt. A magashegyi hegym\u00e1sz\u00e1st kombin\u00e1lta a s\u00edt\u00far\u00e1z\u00e1ssal, azaz a magashegyi s\u00edel\u00e9ssel. \u0150 volt az els\u0151 lengyel, aki 2014-ben oxig\u00e9n haszn\u00e1lata n\u00e9lk\u00fcl, s\u00edl\u00e9ceken felm\u00e1szott \u00e9s leereszkedett a Himal\u00e1j\u00e1ban tal\u00e1lhat\u00f3 Czo Oju cs\u00facs\u00e1ra (8201 m). 2015. j\u00falius 25-\u00e9n t\u0171nt el a Gasherbrum II (8035 m) lejt\u0151j\u00e9n, amikor Piotr \u015anig\u00f3rskival egy\u00fctt feladt\u00e1k a cs\u00facson val\u00f3 t\u00e1mad\u00e1st, \u00e9s megpr\u00f3b\u00e1ltak visszas\u00edelni az alapt\u00e1borba. Id\u00e9n janu\u00e1r 11-\u00e9n. Olek Ostrowski 30 \u00e9ves lett volna.<\/p>\n<p dir=\"ltr\"><a href=\"https:\/\/marekkuchcinski.pl\/wp-content\/uploads\/2018\/02\/mbieszcz.jpg\"><img fetchpriority=\"high\" decoding=\"async\" class=\"alignnone size-full wp-image-8448\" src=\"https:\/\/marekkuchcinski.pl\/wp-content\/uploads\/2018\/02\/mbieszcz.jpg\" alt=\"mbieszcz\" width=\"4032\" height=\"3024\" srcset=\"https:\/\/marekkuchcinski.pl\/wp-content\/uploads\/2018\/02\/mbieszcz.jpg 2048w, https:\/\/marekkuchcinski.pl\/wp-content\/uploads\/2018\/02\/mbieszcz-300x225.jpg 300w, https:\/\/marekkuchcinski.pl\/wp-content\/uploads\/2018\/02\/mbieszcz-768x576.jpg 768w, https:\/\/marekkuchcinski.pl\/wp-content\/uploads\/2018\/02\/mbieszcz-1024x768.jpg 1024w\" sizes=\"(max-width: 4032px) 100vw, 4032px\" \/><\/a><\/p>\n<p dir=\"ltr\"><em>Fot\u00f3: Bieszczady: Pod Szerokim Wierchem<\/em><\/p>\n<p dir=\"ltr\"><a href=\"https:\/\/marekkuchcinski.pl\/wp-content\/uploads\/2018\/02\/b1.jpg\"><img decoding=\"async\" class=\"alignnone size-full wp-image-8458\" src=\"https:\/\/marekkuchcinski.pl\/wp-content\/uploads\/2018\/02\/b1.jpg\" alt=\"b1\" width=\"1280\" height=\"666\" srcset=\"https:\/\/marekkuchcinski.pl\/wp-content\/uploads\/2018\/02\/b1.jpg 1280w, https:\/\/marekkuchcinski.pl\/wp-content\/uploads\/2018\/02\/b1-300x156.jpg 300w, https:\/\/marekkuchcinski.pl\/wp-content\/uploads\/2018\/02\/b1-768x400.jpg 768w, https:\/\/marekkuchcinski.pl\/wp-content\/uploads\/2018\/02\/b1-1024x533.jpg 1024w\" sizes=\"(max-width: 1280px) 100vw, 1280px\" \/><\/a> <a href=\"https:\/\/marekkuchcinski.pl\/wp-content\/uploads\/2018\/02\/b4.jpg\"><img decoding=\"async\" class=\"alignnone size-full wp-image-8461\" src=\"https:\/\/marekkuchcinski.pl\/wp-content\/uploads\/2018\/02\/b4.jpg\" alt=\"b4\" width=\"1280\" height=\"718\" srcset=\"https:\/\/marekkuchcinski.pl\/wp-content\/uploads\/2018\/02\/b4.jpg 1280w, https:\/\/marekkuchcinski.pl\/wp-content\/uploads\/2018\/02\/b4-300x168.jpg 300w, https:\/\/marekkuchcinski.pl\/wp-content\/uploads\/2018\/02\/b4-768x431.jpg 768w, https:\/\/marekkuchcinski.pl\/wp-content\/uploads\/2018\/02\/b4-1024x574.jpg 1024w\" sizes=\"(max-width: 1280px) 100vw, 1280px\" \/><\/a> <a href=\"https:\/\/marekkuchcinski.pl\/wp-content\/uploads\/2018\/02\/b5.jpg\"><img loading=\"lazy\" decoding=\"async\" class=\"alignnone size-full wp-image-8462\" src=\"https:\/\/marekkuchcinski.pl\/wp-content\/uploads\/2018\/02\/b5.jpg\" alt=\"b5\" width=\"1280\" height=\"718\" srcset=\"https:\/\/marekkuchcinski.pl\/wp-content\/uploads\/2018\/02\/b5.jpg 1280w, https:\/\/marekkuchcinski.pl\/wp-content\/uploads\/2018\/02\/b5-300x168.jpg 300w, https:\/\/marekkuchcinski.pl\/wp-content\/uploads\/2018\/02\/b5-768x431.jpg 768w, https:\/\/marekkuchcinski.pl\/wp-content\/uploads\/2018\/02\/b5-1024x574.jpg 1024w\" sizes=\"(max-width: 1280px) 100vw, 1280px\" \/><\/a><\/p>\n<p dir=\"ltr\"><em>\u00a0Fot\u00f3: a Bieszczady GOPR Csoport arch\u00edvuma<\/em><\/p>","protected":false},"excerpt":{"rendered":"<p>Po raz drugi w Wetlinie i Ustrzykach G\u00f3rnych zorganizowano\u00a0Memoria\u0142 Olka Ostrowskiego w narciarstwie wysokog\u00f3rskim. Go\u015bciem honorowym by\u0142 marsza\u0142ek Sejmu Marek Kuchci\u0144ski, kt\u00f3ry od lat anga\u017cuje si\u0119 we wspieranie zawod\u00f3w sportowych, jest patronem podkarpackiej ligi narciarskiej http:\/\/www.pozn.eu\/alpejskie\/154-podkarpacka-liga-dzieci-i-mlodziezy-w-narciarstwie-alpejskim-2017-2018\u00a0czy zawod\u00f3w o Puchar Karpat w narciarstwie alpejskim i biegowym. Sam, kiedy tylko nadarzy si\u0119 okazja, wk\u0142ada narty. List marsza\u0142ka [&hellip;]<\/p>\n","protected":false},"author":6,"featured_media":8465,"comment_status":"open","ping_status":"open","sticky":false,"template":"","format":"standard","meta":{"ngg_post_thumbnail":0,"footnotes":""},"categories":[49,3],"tags":[],"class_list":["post-8439","post","type-post","status-publish","format-standard","has-post-thumbnail","hentry","category-podkarpacie","category-wydarzenia"],"_links":{"self":[{"href":"https:\/\/marekkuchcinski.pl\/hu\/wp-json\/wp\/v2\/posts\/8439","targetHints":{"allow":["GET"]}}],"collection":[{"href":"https:\/\/marekkuchcinski.pl\/hu\/wp-json\/wp\/v2\/posts"}],"about":[{"href":"https:\/\/marekkuchcinski.pl\/hu\/wp-json\/wp\/v2\/types\/post"}],"author":[{"embeddable":true,"href":"https:\/\/marekkuchcinski.pl\/hu\/wp-json\/wp\/v2\/users\/6"}],"replies":[{"embeddable":true,"href":"https:\/\/marekkuchcinski.pl\/hu\/wp-json\/wp\/v2\/comments?post=8439"}],"version-history":[{"count":9,"href":"https:\/\/marekkuchcinski.pl\/hu\/wp-json\/wp\/v2\/posts\/8439\/revisions"}],"predecessor-version":[{"id":8464,"href":"https:\/\/marekkuchcinski.pl\/hu\/wp-json\/wp\/v2\/posts\/8439\/revisions\/8464"}],"wp:featuredmedia":[{"embeddable":true,"href":"https:\/\/marekkuchcinski.pl\/hu\/wp-json\/wp\/v2\/media\/8465"}],"wp:attachment":[{"href":"https:\/\/marekkuchcinski.pl\/hu\/wp-json\/wp\/v2\/media?parent=8439"}],"wp:term":[{"taxonomy":"category","embeddable":true,"href":"https:\/\/marekkuchcinski.pl\/hu\/wp-json\/wp\/v2\/categories?post=8439"},{"taxonomy":"post_tag","embeddable":true,"href":"https:\/\/marekkuchcinski.pl\/hu\/wp-json\/wp\/v2\/tags?post=8439"}],"curies":[{"name":"wp","href":"https:\/\/api.w.org\/{rel}","templated":true}]}}