{"id":8424,"date":"2018-02-01T20:03:59","date_gmt":"2018-02-01T19:03:59","guid":{"rendered":"https:\/\/marekkuchcinski.pl\/?p=8424"},"modified":"2018-02-02T13:07:13","modified_gmt":"2018-02-02T12:07:13","slug":"wizyta-marszalka-sejmu-berlinie-spotkanie-przewodniczacym-bundestagu","status":"publish","type":"post","link":"https:\/\/marekkuchcinski.pl\/hu\/wydarzenia\/wizyta-marszalka-sejmu-berlinie-spotkanie-przewodniczacym-bundestagu\/","title":{"rendered":"A Szejm eln\u00f6k\u00e9nek berlini l\u00e1togat\u00e1sa, tal\u00e1lkoz\u00f3 a Bundestag eln\u00f6k\u00e9vel"},"content":{"rendered":"<p>- Sz\u00e1munkra, politikusok sz\u00e1m\u00e1ra a t\u00f6bbgener\u00e1ci\u00f3s megk\u00f6zel\u00edt\u00e9s azt jelenti, hogy a j\u00f3l tanulm\u00e1nyozott m\u00faltb\u00f3l levonjuk a legmegfelel\u0151bb k\u00f6vetkeztet\u00e9seket, hogy ezekre \u00e9p\u00edtve j\u00f3 j\u00f6v\u0151t alak\u00edtsunk ki\" - mondta Marek Kuchci\u0144ski, a Szejm eln\u00f6ke Berlinben, a Bundestag eln\u00f6k\u00e9vel folytatott megbesz\u00e9l\u00e9s\u00e9n.<\/p>\n<p>A Szejm eln\u00f6ke hangs\u00falyozta, hogy a Bundestag eln\u00f6k\u00e9nek megh\u00edv\u00e1s\u00e1ra \u00e9rkezett Berlinbe, \u00e9s hogy l\u00e1togat\u00e1sa az Eur\u00f3pai Uni\u00f3ban zajl\u00f3 esem\u00e9nyekhez kapcsol\u00f3dik, \u00e9s hogy az orsz\u00e1gaink k\u00f6z\u00f6tti kapcsolatok jav\u00edt\u00e1s\u00e1nak es\u00e9lye nagyon nagy. - Az eln\u00f6k a m\u00e9di\u00e1ban kedvez\u0151en nyilatkozott Lengyelorsz\u00e1gr\u00f3l, nyitotts\u00e1got \u00e9s egy\u00fcttm\u0171k\u00f6d\u00e9st aj\u00e1nlva, ugyanakkor elhat\u00e1rol\u00f3dott az EU f\u00f6deraliz\u00e1ci\u00f3j\u00e1t\u00f3l. Lengyelorsz\u00e1g szuver\u00e9n \u00e1llam, a szejm \u00e9s a szen\u00e1tus szuver\u00e9n d\u00f6nt\u00e9seket hoz, amelyek els\u0151dlegesen a lengyel \u00e1llampolg\u00e1rok \u00e9rdekeit szolg\u00e1lj\u00e1k\" - jegyezte meg Marek Kuchci\u0144ski.  - Sok akad\u00e1lyt kell lek\u00fczden\u00fcnk N\u00e9metorsz\u00e1ggal, de a Bundestag eln\u00f6ke r\u00e9sz\u00e9r\u0151l nyitotts\u00e1got l\u00e1tok az Eur\u00f3pai Uni\u00f3ban elfoglalt hely\u00fcnkr\u0151l alkotott k\u00f6z\u00f6s elk\u00e9pzel\u00e9s \u00f6sszef\u00fcgg\u00e9s\u00e9ben. Ez er\u0151t ad nek\u00fcnk, \u00e9s egy\u00fcttm\u0171k\u00f6d\u00e9sre \u00f6szt\u00f6n\u00f6z benn\u00fcnket, ez\u00e9rt azt tervezz\u00fck, hogy a parlamenti k\u00e9pvisel\u0151k nagyobb m\u00e9rt\u00e9kben vesznek r\u00e9szt az orsz\u00e1gaink k\u00f6z\u00f6tti egy\u00fcttm\u0171k\u00f6d\u00e9sben. Az EU szab\u00e1lyainak megv\u00e1ltoztat\u00e1sa, rendbe t\u00e9tele mindannyiunk jav\u00e1ra, itt priorit\u00e1ss\u00e1 v\u00e1lik\" - mondta a szejm eln\u00f6ke.<\/p>\n<p>Berlini l\u00e1togat\u00e1sa sor\u00e1n a szejm eln\u00f6ke tal\u00e1lkozott a lengyel k\u00f6z\u00f6ss\u00e9ggel, \u00e9s megl\u00e1togatta a \"Terror topogr\u00e1fi\u00e1ja\" m\u00fazeumot, amely a n\u00e9metek \u00e1ltal a m\u00e1sodik vil\u00e1gh\u00e1bor\u00fa alatt Eur\u00f3p\u00e1ban elk\u00f6vetett mechanizmusokat \u00e9s b\u0171n\u00f6ket dokument\u00e1lja. A m\u00fazeumot 2010-ben hozt\u00e1k l\u00e9tre azon a helyen, ahol a Harmadik Birodalom idej\u00e9n, 1933 \u00e9s 1945 k\u00f6z\u00f6tt a n\u00e1ci titkosrend\u0151rs\u00e9g, a Gestapo \u00e9s az SS, valamint a Birodalmi Biztons\u00e1gi F\u0151hivatal f\u0151hivatala m\u0171k\u00f6d\u00f6tt. - A ki\u00e1ll\u00edt\u00e1s sokkol\u00f3 benyom\u00e1st kelt, de egyben id\u0151t\u00e1ll\u00f3 figyelmeztet\u00e9s is a t\u00f6bb \u00e9vtizeddel ezel\u0151tt t\u00f6rt\u00e9nt cselekm\u00e9nyek megism\u00e9tl\u0151d\u00e9s\u00e9re\" - mondta a Szejm eln\u00f6ke.<\/p>\n<p>A l\u00e1togat\u00e1son r\u00e9szt vett Szymon Szynkowski vel S\u0119k, a lengyel-n\u00e9met parlamenti k\u00e9pvisel\u0151csoport eln\u00f6ke is.<\/p>\n<p><em>fot\u00f3 Pawe\u0142 Kula\/ KS<\/em><\/p>\n<p><img fetchpriority=\"high\" decoding=\"async\" class=\"alignnone size-full wp-image-8425\" src=\"https:\/\/marekkuchcinski.pl\/wp-content\/uploads\/2018\/02\/KU283068.jpg\" alt=\"KU283068\" width=\"1800\" height=\"1200\" srcset=\"https:\/\/marekkuchcinski.pl\/wp-content\/uploads\/2018\/02\/KU283068.jpg 1800w, https:\/\/marekkuchcinski.pl\/wp-content\/uploads\/2018\/02\/KU283068-300x200.jpg 300w, https:\/\/marekkuchcinski.pl\/wp-content\/uploads\/2018\/02\/KU283068-768x512.jpg 768w, https:\/\/marekkuchcinski.pl\/wp-content\/uploads\/2018\/02\/KU283068-1024x683.jpg 1024w\" sizes=\"(max-width: 1800px) 100vw, 1800px\" \/> <img decoding=\"async\" class=\"alignnone size-full wp-image-8426\" src=\"https:\/\/marekkuchcinski.pl\/wp-content\/uploads\/2018\/02\/KU283206.jpg\" alt=\"KU283206\" width=\"1800\" height=\"1200\" srcset=\"https:\/\/marekkuchcinski.pl\/wp-content\/uploads\/2018\/02\/KU283206.jpg 1800w, https:\/\/marekkuchcinski.pl\/wp-content\/uploads\/2018\/02\/KU283206-300x200.jpg 300w, https:\/\/marekkuchcinski.pl\/wp-content\/uploads\/2018\/02\/KU283206-768x512.jpg 768w, https:\/\/marekkuchcinski.pl\/wp-content\/uploads\/2018\/02\/KU283206-1024x683.jpg 1024w\" sizes=\"(max-width: 1800px) 100vw, 1800px\" \/> <a href=\"https:\/\/marekkuchcinski.pl\/wp-content\/uploads\/2018\/02\/berl.jpg\"><img decoding=\"async\" class=\"alignnone size-full wp-image-8436\" src=\"https:\/\/marekkuchcinski.pl\/wp-content\/uploads\/2018\/02\/berl.jpg\" alt=\"berl\" width=\"1152\" height=\"2048\" srcset=\"https:\/\/marekkuchcinski.pl\/wp-content\/uploads\/2018\/02\/berl.jpg 1152w, https:\/\/marekkuchcinski.pl\/wp-content\/uploads\/2018\/02\/berl-169x300.jpg 169w, https:\/\/marekkuchcinski.pl\/wp-content\/uploads\/2018\/02\/berl-768x1365.jpg 768w, https:\/\/marekkuchcinski.pl\/wp-content\/uploads\/2018\/02\/berl-576x1024.jpg 576w\" sizes=\"(max-width: 1152px) 100vw, 1152px\" \/><\/a><img loading=\"lazy\" decoding=\"async\" class=\"alignnone size-full wp-image-8427\" src=\"https:\/\/marekkuchcinski.pl\/wp-content\/uploads\/2018\/02\/KU283561.jpg\" alt=\"KU283561\" width=\"1800\" height=\"1200\" srcset=\"https:\/\/marekkuchcinski.pl\/wp-content\/uploads\/2018\/02\/KU283561.jpg 1800w, https:\/\/marekkuchcinski.pl\/wp-content\/uploads\/2018\/02\/KU283561-300x200.jpg 300w, https:\/\/marekkuchcinski.pl\/wp-content\/uploads\/2018\/02\/KU283561-768x512.jpg 768w, https:\/\/marekkuchcinski.pl\/wp-content\/uploads\/2018\/02\/KU283561-1024x683.jpg 1024w\" sizes=\"(max-width: 1800px) 100vw, 1800px\" \/> <img loading=\"lazy\" decoding=\"async\" class=\"alignnone size-full wp-image-8428\" src=\"https:\/\/marekkuchcinski.pl\/wp-content\/uploads\/2018\/02\/KU283674.jpg\" alt=\"KU283674\" width=\"1800\" height=\"1200\" srcset=\"https:\/\/marekkuchcinski.pl\/wp-content\/uploads\/2018\/02\/KU283674.jpg 1800w, https:\/\/marekkuchcinski.pl\/wp-content\/uploads\/2018\/02\/KU283674-300x200.jpg 300w, https:\/\/marekkuchcinski.pl\/wp-content\/uploads\/2018\/02\/KU283674-768x512.jpg 768w, https:\/\/marekkuchcinski.pl\/wp-content\/uploads\/2018\/02\/KU283674-1024x683.jpg 1024w\" sizes=\"(max-width: 1800px) 100vw, 1800px\" \/> <img loading=\"lazy\" decoding=\"async\" class=\"alignnone size-full wp-image-8429\" src=\"https:\/\/marekkuchcinski.pl\/wp-content\/uploads\/2018\/02\/KU283947.jpg\" alt=\"KU283947\" width=\"1800\" height=\"1200\" srcset=\"https:\/\/marekkuchcinski.pl\/wp-content\/uploads\/2018\/02\/KU283947.jpg 1800w, https:\/\/marekkuchcinski.pl\/wp-content\/uploads\/2018\/02\/KU283947-300x200.jpg 300w, https:\/\/marekkuchcinski.pl\/wp-content\/uploads\/2018\/02\/KU283947-768x512.jpg 768w, https:\/\/marekkuchcinski.pl\/wp-content\/uploads\/2018\/02\/KU283947-1024x683.jpg 1024w\" sizes=\"(max-width: 1800px) 100vw, 1800px\" \/> <img loading=\"lazy\" decoding=\"async\" class=\"alignnone size-full wp-image-8430\" src=\"https:\/\/marekkuchcinski.pl\/wp-content\/uploads\/2018\/02\/KU284024.jpg\" alt=\"KU284024\" width=\"1800\" height=\"1200\" srcset=\"https:\/\/marekkuchcinski.pl\/wp-content\/uploads\/2018\/02\/KU284024.jpg 1800w, https:\/\/marekkuchcinski.pl\/wp-content\/uploads\/2018\/02\/KU284024-300x200.jpg 300w, https:\/\/marekkuchcinski.pl\/wp-content\/uploads\/2018\/02\/KU284024-768x512.jpg 768w, https:\/\/marekkuchcinski.pl\/wp-content\/uploads\/2018\/02\/KU284024-1024x683.jpg 1024w\" sizes=\"(max-width: 1800px) 100vw, 1800px\" \/> <img loading=\"lazy\" decoding=\"async\" class=\"alignnone size-full wp-image-8431\" src=\"https:\/\/marekkuchcinski.pl\/wp-content\/uploads\/2018\/02\/KU284034.jpg\" alt=\"KU284034\" width=\"1800\" height=\"1200\" srcset=\"https:\/\/marekkuchcinski.pl\/wp-content\/uploads\/2018\/02\/KU284034.jpg 1800w, https:\/\/marekkuchcinski.pl\/wp-content\/uploads\/2018\/02\/KU284034-300x200.jpg 300w, https:\/\/marekkuchcinski.pl\/wp-content\/uploads\/2018\/02\/KU284034-768x512.jpg 768w, https:\/\/marekkuchcinski.pl\/wp-content\/uploads\/2018\/02\/KU284034-1024x683.jpg 1024w\" sizes=\"(max-width: 1800px) 100vw, 1800px\" \/> <img loading=\"lazy\" decoding=\"async\" class=\"alignnone size-full wp-image-8432\" src=\"https:\/\/marekkuchcinski.pl\/wp-content\/uploads\/2018\/02\/KU284072.jpg\" alt=\"KU284072\" width=\"1200\" height=\"1800\" srcset=\"https:\/\/marekkuchcinski.pl\/wp-content\/uploads\/2018\/02\/KU284072.jpg 1200w, https:\/\/marekkuchcinski.pl\/wp-content\/uploads\/2018\/02\/KU284072-200x300.jpg 200w, https:\/\/marekkuchcinski.pl\/wp-content\/uploads\/2018\/02\/KU284072-768x1152.jpg 768w, https:\/\/marekkuchcinski.pl\/wp-content\/uploads\/2018\/02\/KU284072-683x1024.jpg 683w\" sizes=\"(max-width: 1200px) 100vw, 1200px\" \/><\/p>","protected":false},"excerpt":{"rendered":"<p>\u2013 Dla nas polityk\u00f3w wielopokoleniowe podej\u015bcie polega na wyci\u0105ganiu jak najw\u0142a\u015bciwszych wniosk\u00f3w z dobrze poznanej przesz\u0142o\u015bci, by w oparciu o nie budowa\u0107 dobr\u0105 przysz\u0142o\u015b\u0107 \u2013 m\u00f3wi\u0142 marsza\u0142ek Sejmu Marek Kuchci\u0144ski w Berlinie podczas spotkania z szefem Bundestagu. Marsza\u0142ek Sejmu podkre\u015bli\u0142, \u017ce w Berlinie jest na zaproszenie przewodnicz\u0105cego Bundestagu, a jego wizyta zwi\u0105zana jest z tym, [&hellip;]<\/p>\n","protected":false},"author":6,"featured_media":8426,"comment_status":"open","ping_status":"open","sticky":false,"template":"","format":"standard","meta":{"ngg_post_thumbnail":0,"footnotes":""},"categories":[50,3],"tags":[],"class_list":["post-8424","post","type-post","status-publish","format-standard","has-post-thumbnail","hentry","category-wspolpraca-miedzynarodowa","category-wydarzenia"],"_links":{"self":[{"href":"https:\/\/marekkuchcinski.pl\/hu\/wp-json\/wp\/v2\/posts\/8424","targetHints":{"allow":["GET"]}}],"collection":[{"href":"https:\/\/marekkuchcinski.pl\/hu\/wp-json\/wp\/v2\/posts"}],"about":[{"href":"https:\/\/marekkuchcinski.pl\/hu\/wp-json\/wp\/v2\/types\/post"}],"author":[{"embeddable":true,"href":"https:\/\/marekkuchcinski.pl\/hu\/wp-json\/wp\/v2\/users\/6"}],"replies":[{"embeddable":true,"href":"https:\/\/marekkuchcinski.pl\/hu\/wp-json\/wp\/v2\/comments?post=8424"}],"version-history":[{"count":3,"href":"https:\/\/marekkuchcinski.pl\/hu\/wp-json\/wp\/v2\/posts\/8424\/revisions"}],"predecessor-version":[{"id":8438,"href":"https:\/\/marekkuchcinski.pl\/hu\/wp-json\/wp\/v2\/posts\/8424\/revisions\/8438"}],"wp:featuredmedia":[{"embeddable":true,"href":"https:\/\/marekkuchcinski.pl\/hu\/wp-json\/wp\/v2\/media\/8426"}],"wp:attachment":[{"href":"https:\/\/marekkuchcinski.pl\/hu\/wp-json\/wp\/v2\/media?parent=8424"}],"wp:term":[{"taxonomy":"category","embeddable":true,"href":"https:\/\/marekkuchcinski.pl\/hu\/wp-json\/wp\/v2\/categories?post=8424"},{"taxonomy":"post_tag","embeddable":true,"href":"https:\/\/marekkuchcinski.pl\/hu\/wp-json\/wp\/v2\/tags?post=8424"}],"curies":[{"name":"wp","href":"https:\/\/api.w.org\/{rel}","templated":true}]}}