{"id":8250,"date":"2018-01-04T14:57:26","date_gmt":"2018-01-04T13:57:26","guid":{"rendered":"https:\/\/marekkuchcinski.pl\/?p=8250"},"modified":"2018-01-04T15:01:00","modified_gmt":"2018-01-04T14:01:00","slug":"roczne-sprawozdanie-dzialalnosci-biura-interwencji-porad-prawnych-posla-marka-kuchcinskiego-przemyslu","status":"publish","type":"post","link":"https:\/\/marekkuchcinski.pl\/hu\/wydarzenia\/roczne-sprawozdanie-dzialalnosci-biura-interwencji-porad-prawnych-posla-marka-kuchcinskiego-przemyslu\/","title":{"rendered":"\u00c9ves jelent\u00e9s Marek Kuchci\u0144ski przemy\u015bli k\u00e9pvisel\u0151 beavatkoz\u00e1si \u00e9s jogi tan\u00e1csad\u00f3 irod\u00e1j\u00e1nak tev\u00e9kenys\u00e9g\u00e9r\u0151l"},"content":{"rendered":"<p>2017 janu\u00e1rja \u00e9s 2017 decembere k\u00f6z\u00f6tt a Hivatal a k\u00f6vetkez\u0151kkel foglalkozott\u00a0 <strong>584<\/strong> tal\u00e1lkoz\u00f3k.<\/p>\n<p>Tan\u00e1csokat adtak a k\u00f6vetkez\u0151 ter\u00fcleteken:<\/p>\n<ol>\n<li>k\u00f6zigazgat\u00e1si jog;<\/li>\n<li>a polg\u00e1ri jog \u00e1ltal\u00e1nos hat\u00e1lya;<\/li>\n<li>b\u00fcntet\u0151- \u00e9s szab\u00e1lys\u00e9rt\u00e9si jog;<\/li>\n<li>munka\u00fcgyi \u00e9s t\u00e1rsadalombiztos\u00edt\u00e1si jog;<\/li>\n<li>csal\u00e1djog;<\/li>\n<\/ol>\n<p>2017-ben a legt\u00f6bb tan\u00e1csad\u00e1s a polg\u00e1ri jogi \u00fcgyekhez kapcsol\u00f3dott, amelyek a k\u00f6vetkez\u0151k voltak<strong> 284<\/strong>. A felek \u00e1ltal bejelentett probl\u00e9m\u00e1k legalacsonyabb ar\u00e1nya a munkajogot \u00e9s a t\u00e1rsadalombiztos\u00edt\u00e1st \u00e9rintette - 53, illetve a b\u00fcntet\u0151\u00fcgyeket - 62.<\/p>\n<p>A polg\u00e1ri \u00fcgyekben leggyakrabban felvetett t\u00e9m\u00e1k a sz\u00e9les k\u00f6rben ismert \u00f6r\u00f6kl\u00e9si \u00fcgyek voltak. Ezek az \u00f6r\u00f6ks\u00e9g megszerz\u00e9s\u00e9nek, feloszt\u00e1s\u00e1nak vagy a fenntartott r\u00e9szre val\u00f3 jogosults\u00e1gnak a k\u00e9rd\u00e9s\u00e9re vonatkoztak. A felek gyakran felvetett\u00e9k a k\u00f6vetel\u00e9sek el\u00e9v\u00fcl\u00e9s\u00e9vel \u00e9s az \u00e1ltaluk k\u00f6t\u00f6tt szerz\u0151d\u00e9sek jogk\u00f6vetkezm\u00e9nyeinek elker\u00fcl\u00e9si lehet\u0151s\u00e9g\u00e9vel kapcsolatos k\u00e9rd\u00e9seket is. Nagy figyelmet szenteltek a fogyaszt\u00f3i cs\u0151d t\u00e9m\u00e1j\u00e1nak is.<\/p>\n<p>B\u00fcntet\u0151\u00fcgyekben mind az \u00e1ldozatok, mind a gyan\u00fas\u00edtottak\/v\u00e1dlottak jelentkeztek. A felvetett k\u00e9rd\u00e9sek k\u00fcl\u00f6n\u00f6sen a b\u0171ncselekm\u00e9nyek - p\u00e9ld\u00e1ul csal\u00e1s, hat\u00e1sk\u00f6r t\u00fall\u00e9p\u00e9se vagy a v\u00e9delemhez val\u00f3 jog gyakorl\u00e1sa - elk\u00f6vet\u00e9s\u00e9nek lehet\u0151s\u00e9g\u00e9r\u0151l sz\u00f3l\u00f3 \u00e9rtes\u00edt\u00e9seket \u00e9rintett\u00e9k. A k\u00e9pviseletet k\u00e9r\u0151 szem\u00e9lyek sz\u00e1m\u00e1ra a Hivatal hivatalb\u00f3l kirendelt v\u00e9d\u0151\u00fcgyv\u00e9dre vonatkoz\u00f3 ind\u00edtv\u00e1nyokat k\u00e9sz\u00edtett el\u0151.<\/p>\n<p>A csal\u00e1di \u00fcgyek els\u0151sorban a tart\u00e1sd\u00edj probl\u00e9m\u00e1ira \u00f6sszpontos\u00edtottak, mind a tart\u00e1sd\u00edj megszerz\u00e9s\u00e9nek lehet\u0151s\u00e9g\u00e9re, mind a tart\u00e1sd\u00edjfizet\u00e9si k\u00f6telezetts\u00e9g megker\u00fcl\u00e9s\u00e9re. A v\u00e1l\u00e1si elj\u00e1r\u00e1s vagy a kiskor\u00fa gyermekekkel val\u00f3 kapcsolattart\u00e1s k\u00e9rd\u00e9sei is felmer\u00fcltek.<\/p>\n<p>Ami a k\u00f6zigazgat\u00e1si jog t\u00e1rgyk\u00f6r\u00e9t illeti, annak sz\u00e9tsz\u00f3rts\u00e1ga miatt nem lehet kiemelni a Jogi Intervenci\u00f3s \u00e9s Tan\u00e1csad\u00f3 Hivatal \u00e1ltal t\u00e1rgyalt \u00fcgyek egy meghat\u00e1roz\u00f3 csoportj\u00e1t. Ezek t\u00f6bbek k\u00f6z\u00f6tt a szoci\u00e1lis j\u00f3l\u00e9t ter\u00fclet\u00e9t \u00e9rint\u0151 k\u00e9rd\u00e9seket \u00e9rintettek, bele\u00e9rtve az \"500+\" sz\u00fcl\u0151i t\u00e1mogat\u00e1st, vagy a fejleszt\u00e9s felt\u00e9teleinek megteremt\u00e9s\u00e9vel kapcsolatos \u00e9p\u00edt\u00e9si jogot. A t\u00e1gabb \u00e9rtelemben vett ad\u00f3z\u00e1si k\u00e9rd\u00e9sek is felmer\u00fcltek.<\/p>\n<p>A munka- \u00e9s t\u00e1rsadalombiztos\u00edt\u00e1si jog t\u00e1rgy\u00e1t k\u00e9pezt\u00e9k a t\u00e1gan \u00e9rtelmezett nyugd\u00edjakkal kapcsolatos megbesz\u00e9l\u00e9sek, ak\u00e1r a munkak\u00e9ptelens\u00e9g, ak\u00e1r a t\u00fal\u00e9l\u0151 hozz\u00e1tartoz\u00f3i nyugd\u00edj miatt. A nyugd\u00edjszab\u00e1lyok v\u00e1ltoz\u00e1s\u00e1val kapcsolatban felmer\u00fcltek a nyugd\u00edjjogosults\u00e1g megszerz\u00e9s\u00e9vel \u00e9s annak \u00f6sszeg\u00e9vel kapcsolatos k\u00e9rd\u00e9sek is.<\/p>\n<p>&nbsp;<\/p>\n<p><a href=\"https:\/\/marekkuchcinski.pl\/wp-content\/uploads\/2018\/01\/PORADY-2017-1.jpg\"><img fetchpriority=\"high\" decoding=\"async\" class=\"alignnone size-full wp-image-8251\" src=\"https:\/\/marekkuchcinski.pl\/wp-content\/uploads\/2018\/01\/PORADY-2017-1.jpg\" alt=\"PORADY 2017\" width=\"659\" height=\"413\" srcset=\"https:\/\/marekkuchcinski.pl\/wp-content\/uploads\/2018\/01\/PORADY-2017-1.jpg 659w, https:\/\/marekkuchcinski.pl\/wp-content\/uploads\/2018\/01\/PORADY-2017-1-300x188.jpg 300w\" sizes=\"(max-width: 659px) 100vw, 659px\" \/><\/a><\/p>","protected":false},"excerpt":{"rendered":"<p>Od stycznia 2017 r. do grudnia 2017 r. w Biurze odby\u0142y si\u0119\u00a0 584 spotkania. Porady udzielane by\u0142y w dziedzinach: prawa administracyjnego; og\u00f3lnego zakresu prawa cywilnego; prawa karnego i wykroczeniowego; prawa pracy i ubezpiecze\u0144 spo\u0142ecznych; prawa rodzinnego; Najwi\u0119cej porad w 2017 r. dotyczy\u0142o spraw z zakresu prawa cywilnego, kt\u00f3rych by\u0142o 284. Najmniejszy odsetek problem\u00f3w, z kt\u00f3rymi [&hellip;]<\/p>\n","protected":false},"author":6,"featured_media":8251,"comment_status":"open","ping_status":"open","sticky":false,"template":"","format":"standard","meta":{"ngg_post_thumbnail":0,"footnotes":""},"categories":[79,49,3],"tags":[],"class_list":["post-8250","post","type-post","status-publish","format-standard","has-post-thumbnail","hentry","category-biuro-interwencji-i-porad-pis","category-podkarpacie","category-wydarzenia"],"_links":{"self":[{"href":"https:\/\/marekkuchcinski.pl\/hu\/wp-json\/wp\/v2\/posts\/8250","targetHints":{"allow":["GET"]}}],"collection":[{"href":"https:\/\/marekkuchcinski.pl\/hu\/wp-json\/wp\/v2\/posts"}],"about":[{"href":"https:\/\/marekkuchcinski.pl\/hu\/wp-json\/wp\/v2\/types\/post"}],"author":[{"embeddable":true,"href":"https:\/\/marekkuchcinski.pl\/hu\/wp-json\/wp\/v2\/users\/6"}],"replies":[{"embeddable":true,"href":"https:\/\/marekkuchcinski.pl\/hu\/wp-json\/wp\/v2\/comments?post=8250"}],"version-history":[{"count":5,"href":"https:\/\/marekkuchcinski.pl\/hu\/wp-json\/wp\/v2\/posts\/8250\/revisions"}],"predecessor-version":[{"id":8256,"href":"https:\/\/marekkuchcinski.pl\/hu\/wp-json\/wp\/v2\/posts\/8250\/revisions\/8256"}],"wp:featuredmedia":[{"embeddable":true,"href":"https:\/\/marekkuchcinski.pl\/hu\/wp-json\/wp\/v2\/media\/8251"}],"wp:attachment":[{"href":"https:\/\/marekkuchcinski.pl\/hu\/wp-json\/wp\/v2\/media?parent=8250"}],"wp:term":[{"taxonomy":"category","embeddable":true,"href":"https:\/\/marekkuchcinski.pl\/hu\/wp-json\/wp\/v2\/categories?post=8250"},{"taxonomy":"post_tag","embeddable":true,"href":"https:\/\/marekkuchcinski.pl\/hu\/wp-json\/wp\/v2\/tags?post=8250"}],"curies":[{"name":"wp","href":"https:\/\/api.w.org\/{rel}","templated":true}]}}