{"id":8085,"date":"2017-12-12T22:49:18","date_gmt":"2017-12-12T21:49:18","guid":{"rendered":"https:\/\/marekkuchcinski.pl\/?p=8085"},"modified":"2017-12-13T10:01:30","modified_gmt":"2017-12-13T09:01:30","slug":"polska-liderem-swiatowej-gospodarki-expose-premiera-morawieckiego","status":"publish","type":"post","link":"https:\/\/marekkuchcinski.pl\/hu\/wydarzenia\/polska-liderem-swiatowej-gospodarki-expose-premiera-morawieckiego\/","title":{"rendered":"Lengyelorsz\u00e1g vezet\u0151 szerepet t\u00f6lt be a vil\u00e1ggazdas\u00e1gban. Expos\u00e9 Mateusz Morawiecki minisztereln\u00f6kr\u0151l"},"content":{"rendered":"<p><strong>A gazdas\u00e1g fejl\u0151d\u00e9se, <\/strong><strong>modern technol\u00f3gi\u00e1k, fizet\u00e9semel\u00e9s, eg\u00e9szs\u00e9g\u00fcgyi reform, leveg\u0151jav\u00edt\u00e1s, alternat\u00edv energiaforr\u00e1sok fejleszt\u00e9se, infrastrukt\u00fara, v\u00e1llalkoz\u00f3k t\u00e1mogat\u00e1sa, offenz\u00edv k\u00fclpolitika, er\u0151s \u00e9s biztons\u00e1gos Lengyelorsz\u00e1g - ezek a korm\u00e1ny legfontosabb tervei.<\/strong><\/p>\n<p>Mateusz Morawiecki minisztereln\u00f6k a Szejmben tartott expoz\u00e9ja sor\u00e1n nem ismertette a minisztertan\u00e1csban a forradalom terveit. - Ez a korm\u00e1ny a folytonoss\u00e1g korm\u00e1nya - mutatott r\u00e1. A vir\u00e1gz\u00f3 gazdas\u00e1g a nagylelk\u0171 szoci\u00e1lpolitika felt\u00e9tele. Er\u0151s\u00edteni \u00e9s fejleszteni fogjuk a szoci\u00e1lis programokat - mondta a minisztereln\u00f6k.<\/p>\n<p>Morawiecki azt szeretn\u00e9, ha Lengyelorsz\u00e1g vezet\u0151 szerepet t\u00f6ltene be a vil\u00e1ggazdas\u00e1gban. Kiemelte, hogy a mai gazdas\u00e1gpolitika az, ami Lengyelorsz\u00e1got a j\u00f6v\u0151ben a modern technol\u00f3gi\u00e1k gy\u00e1rt\u00f3j\u00e1v\u00e1 teszi. K\u00e9t \u00e9ve nem t\u00e9tlenked\u00fcnk - az FTSE Russel Lengyelorsz\u00e1got a fejlett orsz\u00e1gok k\u00f6z\u00e9 sorolta - eml\u00e9keztetett. Beata Szyd\u0142o minisztereln\u00f6k korm\u00e1ny\u00e1nak sikerei k\u00f6z\u00e9 tartozik a munkan\u00e9lk\u00fclis\u00e9g cs\u00f6kken\u00e9se, a fizet\u00e9sek emelked\u00e9se vagy az ad\u00f3bev\u00e9telek n\u00f6veked\u00e9se. - Az \u00e1fa nem vaciki, \u00e9s az \u00e1fa-szab\u00e1lys\u00e9rt\u0151k nem rumcsai rabl\u00f3k - mondta Morawiecki.<\/p>\n<p>A Szolidarit\u00e1s legend\u00e1j\u00e1nak fia hangs\u00falyozta a gy\u00f6kerek \u00e9s a t\u00f6rt\u00e9nelmi politika fontoss\u00e1g\u00e1t haz\u00e1nk j\u00f6v\u0151je szempontj\u00e1b\u00f3l. - Fejl\u0151d\u00e9si utunkat, a szabads\u00e1g \u00e9s az igazs\u00e1g ir\u00e1nti v\u00e1gyunkat tov\u00e1bb akarjuk adni a j\u00f6v\u0151 nemzed\u00e9keknek. Nem adhatjuk fel identit\u00e1sunkat. Ebben az \u00f6sszef\u00fcgg\u00e9sben \u00e9rdemes felid\u00e9zni azt a szavaz\u00e1st, amikor a Fels\u0151h\u00e1z 90%-a az Eur\u00f3pai Uni\u00f3hoz val\u00f3 csatlakoz\u00e1s mellett szavazott, mik\u00f6zben az erk\u00f6lcsi k\u00e9rd\u00e9sekben megtartotta a szuverenit\u00e1s jog\u00e1t\" - \u00e9rvelt.<\/p>\n<p>Korm\u00e1ny\u00e1nak egyik legfontosabb c\u00e9lja az eg\u00e9szs\u00e9g\u00fcgyi ell\u00e1t\u00e1s jav\u00edt\u00e1sa volt. - A kiad\u00e1sok er\u0151teljes, a GDP 6%-\u00e1t kitev\u0151 n\u00f6veked\u00e9s\u00e9hez fogunk vezetni. Ez v\u00e1lasz a betegek, orvosok \u00e9s \u00e1pol\u00f3k jogos k\u00f6vetel\u00e9seire - jelentette be Morawiecki. Ugyanakkor bejelentette, hogy c\u00e9lja egy onkol\u00f3giai k\u00f6zpont fel\u00e9p\u00edt\u00e9se, ahol nemcsak a betegeket fogj\u00e1k kezelni, \"hanem modern kutat\u00e1sokat is folytatnak majd ott\". Hasonl\u00f3 kezdem\u00e9nyez\u00e9s \u00e9rinti a sz\u00edv- \u00e9s \u00e9rrendszeri eg\u00e9szs\u00e9g\u00fcgyi programot is. - Azt akarom, hogy a lengyelek ne szenvedjenek sz\u00edvbetegs\u00e9gben, hacsak nem szeretetb\u0151l - mondta.<\/p>\n<p>Amikor az energi\u00e1ra gondolunk, a k\u00f6rnyezetre is gondolnunk kell. Ez a k\u00e9t ter\u00fclet \u00f6sszefon\u00f3dik. - A sz\u00e9n az energia\u00e1gazatunk alapja. Nem tudunk \u00e9s nem is akarunk lemondani r\u00f3la - hangs\u00falyozta a minisztereln\u00f6k, b\u00e1r hozz\u00e1tette, hogy ugyanakkor l\u00e9p\u00e9seket tesznek a lengyelorsz\u00e1gi leveg\u0151min\u0151s\u00e9g jav\u00edt\u00e1sa \u00e9rdek\u00e9ben. Bejelentette tov\u00e1bb\u00e1 az alternat\u00edv energiaforr\u00e1sok fejleszt\u00e9s\u00e9t \u00e9s egy lengyel atomer\u0151m\u0171 \u00e9p\u00edt\u00e9s\u00e9t.<\/p>\n<p>A korm\u00e1ny az infrastrukt\u00far\u00e1ra fog \u00f6sszpontos\u00edtani, Lengyelorsz\u00e1g az S3, S7 \u00e9s A1 utaknak k\u00f6sz\u00f6nhet\u0151en a r\u00e9gi\u00f3 l\u00fcktet\u0151 sz\u00edv\u00e9v\u00e9 v\u00e1lik. Tervezik tov\u00e1bb\u00e1 a g\u00e1zvezet\u00e9k-h\u00e1l\u00f3zat, a tengeri kik\u00f6t\u0151k \u00e9s a Szolidarit\u00e1s rep\u00fcl\u0151t\u00e9r b\u0151v\u00edt\u00e9s\u00e9t.<\/p>\n<p>Bejelentette, hogy az elk\u00f6vetkez\u0151 hetekben befejez\u0151dnek a v\u00e1llalkoz\u00e1soknak sz\u00f3l\u00f3 alkotm\u00e1ny munk\u00e1latai. - A nyugati p\u00e9nz\u00fcgyi v\u00e1llalatok \u00e1ltal az 1990-es \u00e9vek elej\u00e9n Lengyelorsz\u00e1gban bevezetett fogyaszt\u00e1si kapitalizmust a megtakar\u00edt\u00e1sok \u00e9s beruh\u00e1z\u00e1sok kapitalizmus\u00e1val kell felv\u00e1ltanunk - \u00e9rvelt Morawiecki. Hozz\u00e1tette, hogy hat\u00e9kony b\u00edr\u00f3s\u00e1gok n\u00e9lk\u00fcl a v\u00e1llalkoz\u00f3knak nincs es\u00e9ly\u00fck a maffia \u00e9s a meg\u00e1llapod\u00e1sok elleni k\u00fczdelemre.<\/p>\n<p>A korm\u00e1ny t\u00e1mogatni k\u00edv\u00e1nja a lengyelek informatikai tehets\u00e9g\u00e9nek fejl\u0151d\u00e9s\u00e9t. L\u00e9trej\u00f6n az Ignacy \u0141ukasiewicz Kutat\u00f3h\u00e1l\u00f3zat. - Azt akarjuk, hogy a legfiatalabb gener\u00e1ci\u00f3 a visszanyert lehet\u0151s\u00e9gek gener\u00e1ci\u00f3ja legyen - mondta a minisztereln\u00f6k.<\/p>\n<p>A minisztereln\u00f6k amellett \u00e9rvelt, hogy m\u00e9lyrehat\u00f3 v\u00e1ltoz\u00e1sokra van sz\u00fcks\u00e9g az igazs\u00e1gszolg\u00e1ltat\u00e1si rendszerben. Azt is hangs\u00falyozta, hogy korm\u00e1nya nem fogja elt\u0171rni az er\u0151szakot \u00e9s a t\u00e1rsadalmi patol\u00f3gi\u00e1t. - Nem fordulhat el\u0151, hogy egy b\u00e1ntalmazott n\u0151 \u00e9s gyermekei elsz\u00f6knek otthonr\u00f3l. Jav\u00edtani fogjuk az er\u0151szak \u00e1ldozatainak v\u00e9delm\u00e9t biztos\u00edt\u00f3 mechanizmusokat - biztos\u00edtotta Mateusz Morawiecki.<\/p>\n<p><a href=\"https:\/\/marekkuchcinski.pl\/wp-content\/uploads\/2017\/12\/RZ__0286.jpg\"><img fetchpriority=\"high\" decoding=\"async\" class=\"alignnone size-full wp-image-8086\" src=\"https:\/\/marekkuchcinski.pl\/wp-content\/uploads\/2017\/12\/RZ__0286.jpg\" alt=\"RZ__0286\" width=\"3360\" height=\"2240\" srcset=\"https:\/\/marekkuchcinski.pl\/wp-content\/uploads\/2017\/12\/RZ__0286.jpg 2048w, https:\/\/marekkuchcinski.pl\/wp-content\/uploads\/2017\/12\/RZ__0286-300x200.jpg 300w, https:\/\/marekkuchcinski.pl\/wp-content\/uploads\/2017\/12\/RZ__0286-768x512.jpg 768w, https:\/\/marekkuchcinski.pl\/wp-content\/uploads\/2017\/12\/RZ__0286-1024x683.jpg 1024w\" sizes=\"(max-width: 3360px) 100vw, 3360px\" \/><\/a><\/p>\n<p><a href=\"https:\/\/marekkuchcinski.pl\/wp-content\/uploads\/2017\/12\/RZ__0096.jpg\"><img decoding=\"async\" class=\"alignnone size-full wp-image-8087\" src=\"https:\/\/marekkuchcinski.pl\/wp-content\/uploads\/2017\/12\/RZ__0096.jpg\" alt=\"RZ__0096\" width=\"3360\" height=\"2240\" srcset=\"https:\/\/marekkuchcinski.pl\/wp-content\/uploads\/2017\/12\/RZ__0096.jpg 2048w, https:\/\/marekkuchcinski.pl\/wp-content\/uploads\/2017\/12\/RZ__0096-300x200.jpg 300w, https:\/\/marekkuchcinski.pl\/wp-content\/uploads\/2017\/12\/RZ__0096-768x512.jpg 768w, https:\/\/marekkuchcinski.pl\/wp-content\/uploads\/2017\/12\/RZ__0096-1024x683.jpg 1024w\" sizes=\"(max-width: 3360px) 100vw, 3360px\" \/><\/a><\/p>\n<p><a href=\"https:\/\/marekkuchcinski.pl\/wp-content\/uploads\/2017\/12\/RZ__0058.jpg\"><img decoding=\"async\" class=\"alignnone size-full wp-image-8088\" src=\"https:\/\/marekkuchcinski.pl\/wp-content\/uploads\/2017\/12\/RZ__0058.jpg\" alt=\"RZ__0058\" width=\"3360\" height=\"2240\" srcset=\"https:\/\/marekkuchcinski.pl\/wp-content\/uploads\/2017\/12\/RZ__0058.jpg 2048w, https:\/\/marekkuchcinski.pl\/wp-content\/uploads\/2017\/12\/RZ__0058-300x200.jpg 300w, https:\/\/marekkuchcinski.pl\/wp-content\/uploads\/2017\/12\/RZ__0058-768x512.jpg 768w, https:\/\/marekkuchcinski.pl\/wp-content\/uploads\/2017\/12\/RZ__0058-1024x683.jpg 1024w\" sizes=\"(max-width: 3360px) 100vw, 3360px\" \/><\/a><\/p>\n<p><a href=\"https:\/\/marekkuchcinski.pl\/wp-content\/uploads\/2017\/12\/KMB_2099.view_.jpg\"><img loading=\"lazy\" decoding=\"async\" class=\"alignnone size-full wp-image-8103\" src=\"https:\/\/marekkuchcinski.pl\/wp-content\/uploads\/2017\/12\/KMB_2099.view_.jpg\" alt=\"KMB_2099.view\" width=\"800\" height=\"533\" srcset=\"https:\/\/marekkuchcinski.pl\/wp-content\/uploads\/2017\/12\/KMB_2099.view_.jpg 800w, https:\/\/marekkuchcinski.pl\/wp-content\/uploads\/2017\/12\/KMB_2099.view_-300x200.jpg 300w, https:\/\/marekkuchcinski.pl\/wp-content\/uploads\/2017\/12\/KMB_2099.view_-768x512.jpg 768w\" sizes=\"(max-width: 800px) 100vw, 800px\" \/><\/a><\/p>\n<p><a href=\"https:\/\/marekkuchcinski.pl\/wp-content\/uploads\/2017\/12\/KMB_1201.view_.jpg\"><img loading=\"lazy\" decoding=\"async\" class=\"alignnone size-full wp-image-8102\" src=\"https:\/\/marekkuchcinski.pl\/wp-content\/uploads\/2017\/12\/KMB_1201.view_.jpg\" alt=\"KMB_1201.view\" width=\"800\" height=\"533\" srcset=\"https:\/\/marekkuchcinski.pl\/wp-content\/uploads\/2017\/12\/KMB_1201.view_.jpg 800w, https:\/\/marekkuchcinski.pl\/wp-content\/uploads\/2017\/12\/KMB_1201.view_-300x200.jpg 300w, https:\/\/marekkuchcinski.pl\/wp-content\/uploads\/2017\/12\/KMB_1201.view_-768x512.jpg 768w\" sizes=\"(max-width: 800px) 100vw, 800px\" \/><\/a><\/p>\n<p><em>Fot\u00f3: R. Zambrzycki, K. Bia\u0142osk\u00f3rski\/ KS<\/em><\/p>\n<p>&nbsp;<\/p>\n<p>&nbsp;<\/p>","protected":false},"excerpt":{"rendered":"<p>Rozw\u00f3j gospodarki, nowoczesne technologie, wzrost wynagrodze\u0144,\u00a0reforma s\u0142u\u017cby zdrowia, poprawa powietrza, rozw\u00f3j alternatywnych \u017ar\u00f3de\u0142 energii, infrastruktury, wsparcie przedsi\u0119biorc\u00f3w, ofensywna polityka zagraniczna, Polska silna i bezpieczna \u2013 to kluczowe plany rz\u0105du. Podczas expos\u00e9 w Sejmie premier Mateusz Morawiecki nie przedstawi\u0142 plan\u00f3w rewolucji w Radzie Ministr\u00f3w. \u2013 Ten rz\u0105d jest rz\u0105dem kontynuacji \u2013 zaznaczy\u0142. Kwitn\u0105ca gospodarka jest warunkiem [&hellip;]<\/p>\n","protected":false},"author":6,"featured_media":8089,"comment_status":"open","ping_status":"open","sticky":false,"template":"","format":"standard","meta":{"ngg_post_thumbnail":0,"footnotes":""},"categories":[82,81,3],"tags":[],"class_list":["post-8085","post","type-post","status-publish","format-standard","has-post-thumbnail","hentry","category-prawo-i-sprawiedliwosc","category-wiesci-z-sejmu","category-wydarzenia"],"_links":{"self":[{"href":"https:\/\/marekkuchcinski.pl\/hu\/wp-json\/wp\/v2\/posts\/8085","targetHints":{"allow":["GET"]}}],"collection":[{"href":"https:\/\/marekkuchcinski.pl\/hu\/wp-json\/wp\/v2\/posts"}],"about":[{"href":"https:\/\/marekkuchcinski.pl\/hu\/wp-json\/wp\/v2\/types\/post"}],"author":[{"embeddable":true,"href":"https:\/\/marekkuchcinski.pl\/hu\/wp-json\/wp\/v2\/users\/6"}],"replies":[{"embeddable":true,"href":"https:\/\/marekkuchcinski.pl\/hu\/wp-json\/wp\/v2\/comments?post=8085"}],"version-history":[{"count":12,"href":"https:\/\/marekkuchcinski.pl\/hu\/wp-json\/wp\/v2\/posts\/8085\/revisions"}],"predecessor-version":[{"id":8105,"href":"https:\/\/marekkuchcinski.pl\/hu\/wp-json\/wp\/v2\/posts\/8085\/revisions\/8105"}],"wp:featuredmedia":[{"embeddable":true,"href":"https:\/\/marekkuchcinski.pl\/hu\/wp-json\/wp\/v2\/media\/8089"}],"wp:attachment":[{"href":"https:\/\/marekkuchcinski.pl\/hu\/wp-json\/wp\/v2\/media?parent=8085"}],"wp:term":[{"taxonomy":"category","embeddable":true,"href":"https:\/\/marekkuchcinski.pl\/hu\/wp-json\/wp\/v2\/categories?post=8085"},{"taxonomy":"post_tag","embeddable":true,"href":"https:\/\/marekkuchcinski.pl\/hu\/wp-json\/wp\/v2\/tags?post=8085"}],"curies":[{"name":"wp","href":"https:\/\/api.w.org\/{rel}","templated":true}]}}