{"id":8055,"date":"2017-12-12T10:45:28","date_gmt":"2017-12-12T09:45:28","guid":{"rendered":"https:\/\/marekkuchcinski.pl\/?p=8055"},"modified":"2017-12-12T10:51:33","modified_gmt":"2017-12-12T09:51:33","slug":"prezydent-rp-powolal-prezesa-rady-ministrow-wraz-rzadem","status":"publish","type":"post","link":"https:\/\/marekkuchcinski.pl\/hu\/wydarzenia\/prezydent-rp-powolal-prezesa-rady-ministrow-wraz-rzadem\/","title":{"rendered":"A Lengyel K\u00f6zt\u00e1rsas\u00e1g eln\u00f6ke kinevezte a minisztereln\u00f6k\u00f6t \u00e9s a kabinetet."},"content":{"rendered":"<p><strong>Andrzej Duda lengyel k\u00f6zt\u00e1rsas\u00e1gi eln\u00f6k Mateusz Morawieckit nevezte ki minisztereln\u00f6kk\u00e9. Mint hangs\u00falyozta: az \u00faj minisztereln\u00f6k \u00fagy d\u00f6nt\u00f6tt, hogy ezekkel az emberekkel egy\u00fctt akar dolgozni, \u00e9s meg akarja gy\u0151zni \u0151ket.\u00a0<\/strong>- Megpr\u00f3b\u00e1ljuk az Egyes\u00fclt Jobboldal korm\u00e1ny\u00e1t az egys\u00e9ges Lengyelorsz\u00e1g korm\u00e1ny\u00e1v\u00e1, minden polg\u00e1r korm\u00e1ny\u00e1v\u00e1 tenni\" - mondta a minisztereln\u00f6k.<\/p>\n<p>Az eln\u00f6k a Minisztertan\u00e1csba is kinevezte:<\/p>\n<ul>\n<li>Mateusz MORAWIECKI - mint fejleszt\u00e9si \u00e9s p\u00e9nz\u00fcgyminiszter<\/li>\n<li>Beata SZYD\u0141O - a minisztereln\u00f6k-helyettesi tiszts\u00e9g\u00e9rt<\/li>\n<li>Piotr GLI\u0143SKI - a minisztereln\u00f6k-helyettesi, valamint a kultur\u00e1lis \u00e9s nemzeti \u00f6r\u00f6ks\u00e9gi miniszteri tiszts\u00e9gre vonatkoz\u00f3an<\/li>\n<li>Jaros\u0142aw GOWIN - a minisztereln\u00f6k-helyettesi, valamint a tudom\u00e1nyos \u00e9s fels\u0151oktat\u00e1si miniszteri tiszts\u00e9gre vonatkoz\u00f3an<\/li>\n<li>Mariusz B\u0141ASZCZAK - a bel\u00fcgyminiszteri \u00e9s k\u00f6zigazgat\u00e1si miniszteri tiszts\u00e9gre<\/li>\n<li>Antoni MACIEREWICZ - a honv\u00e9delmi miniszteri tiszts\u00e9gre<\/li>\n<li>Witold WASZZCZYKOWSKI - a k\u00fcl\u00fcgyminiszteri tiszts\u00e9g bet\u00f6lt\u00e9s\u00e9re<\/li>\n<li>Krzysztof TCH\u00d3RZEWSKI - az energia\u00fcgyi miniszteri posztra<\/li>\n<li>Zbigniew ZIOBRA - az igazs\u00e1g\u00fcgy-miniszteri tiszts\u00e9g\u00e9rt<\/li>\n<li>Anna ZALEWSKA - a nemzeti oktat\u00e1si miniszteri posztra<\/li>\n<li>Jan SZYSZKA - mint k\u00f6rnyezetv\u00e9delmi miniszter<\/li>\n<li>El\u017cbieta RAFALSKA - a csal\u00e1d\u00fcgyi, munka\u00fcgyi \u00e9s szoci\u00e1lpolitikai miniszteri tiszts\u00e9gre.<\/li>\n<li>Krzysztof JURGIEL - a mez\u0151gazdas\u00e1gi \u00e9s vid\u00e9kfejleszt\u00e9si miniszteri posztra<\/li>\n<li>Andrzej ADAMCZYK - az infrastruktur\u00e1lis \u00e9s \u00e9p\u00edt\u00e9s\u00fcgyi miniszteri tiszts\u00e9g\u00e9rt.<\/li>\n<li>Konstanty RADZIWI\u00a3 - az eg\u00e9szs\u00e9g\u00fcgyi miniszteri posztra<\/li>\n<li>Marek GR\u00d3BARCZYK - mint tenger\u00e9szeti \u00e9s belv\u00edzi haj\u00f3z\u00e1si miniszter<\/li>\n<li>Anna STRE\u00afY\u00d1SKA - digitaliz\u00e1ci\u00f3s miniszterk\u00e9nt<\/li>\n<li>Witold BA\u0143KA - a sport- \u00e9s idegenforgalmi miniszteri posztra<\/li>\n<li>Beata KEMPA - miniszteri tiszts\u00e9gre - a Minisztertan\u00e1cs tagja<\/li>\n<li>El\u017cbieta WITEK - miniszteri tiszts\u00e9gre - a Minisztertan\u00e1cs tagja<\/li>\n<li>Mariusz KAMI\u0143SKI - a miniszteri tiszts\u00e9gre - a Minisztertan\u00e1cs tagja<\/li>\n<li>Henryk KOWALCZYK - miniszteri tiszts\u00e9gre - a Minisztertan\u00e1cs tagja<\/li>\n<\/ul>\n<p>A Minisztertan\u00e1cs \u00faj tagjai letett\u00e9k az esk\u00fct a lengyel eln\u00f6k el\u0151tt.<\/p>\n<p><em>president.pl<\/em><\/p>\n<p><em>Fot\u00f3: Pawe\u0142 Kula<\/em><\/p>\n<p><a href=\"https:\/\/marekkuchcinski.pl\/wp-content\/uploads\/2017\/12\/DSCF7692.jpg\"><img fetchpriority=\"high\" decoding=\"async\" class=\"alignnone size-full wp-image-8056\" src=\"https:\/\/marekkuchcinski.pl\/wp-content\/uploads\/2017\/12\/DSCF7692.jpg\" alt=\"DSCF7692\" width=\"4244\" height=\"2598\" srcset=\"https:\/\/marekkuchcinski.pl\/wp-content\/uploads\/2017\/12\/DSCF7692.jpg 2048w, https:\/\/marekkuchcinski.pl\/wp-content\/uploads\/2017\/12\/DSCF7692-300x184.jpg 300w, https:\/\/marekkuchcinski.pl\/wp-content\/uploads\/2017\/12\/DSCF7692-768x470.jpg 768w, https:\/\/marekkuchcinski.pl\/wp-content\/uploads\/2017\/12\/DSCF7692-1024x627.jpg 1024w\" sizes=\"(max-width: 4244px) 100vw, 4244px\" \/><\/a> <a href=\"https:\/\/marekkuchcinski.pl\/wp-content\/uploads\/2017\/12\/KU259519.jpg\"><img decoding=\"async\" class=\"alignnone size-full wp-image-8058\" src=\"https:\/\/marekkuchcinski.pl\/wp-content\/uploads\/2017\/12\/KU259519.jpg\" alt=\"KU259519\" width=\"1800\" height=\"1200\" srcset=\"https:\/\/marekkuchcinski.pl\/wp-content\/uploads\/2017\/12\/KU259519.jpg 1800w, https:\/\/marekkuchcinski.pl\/wp-content\/uploads\/2017\/12\/KU259519-300x200.jpg 300w, https:\/\/marekkuchcinski.pl\/wp-content\/uploads\/2017\/12\/KU259519-768x512.jpg 768w, https:\/\/marekkuchcinski.pl\/wp-content\/uploads\/2017\/12\/KU259519-1024x683.jpg 1024w\" sizes=\"(max-width: 1800px) 100vw, 1800px\" \/><\/a> <a href=\"https:\/\/marekkuchcinski.pl\/wp-content\/uploads\/2017\/12\/KU259538.jpg\"><img decoding=\"async\" class=\"alignnone size-full wp-image-8059\" src=\"https:\/\/marekkuchcinski.pl\/wp-content\/uploads\/2017\/12\/KU259538.jpg\" alt=\"KU259538\" width=\"1800\" height=\"1200\" srcset=\"https:\/\/marekkuchcinski.pl\/wp-content\/uploads\/2017\/12\/KU259538.jpg 1800w, https:\/\/marekkuchcinski.pl\/wp-content\/uploads\/2017\/12\/KU259538-300x200.jpg 300w, https:\/\/marekkuchcinski.pl\/wp-content\/uploads\/2017\/12\/KU259538-768x512.jpg 768w, https:\/\/marekkuchcinski.pl\/wp-content\/uploads\/2017\/12\/KU259538-1024x683.jpg 1024w\" sizes=\"(max-width: 1800px) 100vw, 1800px\" \/><\/a> <a href=\"https:\/\/marekkuchcinski.pl\/wp-content\/uploads\/2017\/12\/KU259570.jpg\"><img loading=\"lazy\" decoding=\"async\" class=\"alignnone size-full wp-image-8060\" src=\"https:\/\/marekkuchcinski.pl\/wp-content\/uploads\/2017\/12\/KU259570.jpg\" alt=\"KU259570\" width=\"1800\" height=\"1200\" srcset=\"https:\/\/marekkuchcinski.pl\/wp-content\/uploads\/2017\/12\/KU259570.jpg 1800w, https:\/\/marekkuchcinski.pl\/wp-content\/uploads\/2017\/12\/KU259570-300x200.jpg 300w, https:\/\/marekkuchcinski.pl\/wp-content\/uploads\/2017\/12\/KU259570-768x512.jpg 768w, https:\/\/marekkuchcinski.pl\/wp-content\/uploads\/2017\/12\/KU259570-1024x683.jpg 1024w\" sizes=\"(max-width: 1800px) 100vw, 1800px\" \/><\/a> <a href=\"https:\/\/marekkuchcinski.pl\/wp-content\/uploads\/2017\/12\/KU259677.jpg\"><img loading=\"lazy\" decoding=\"async\" class=\"alignnone size-full wp-image-8061\" src=\"https:\/\/marekkuchcinski.pl\/wp-content\/uploads\/2017\/12\/KU259677.jpg\" alt=\"KU259677\" width=\"1800\" height=\"1200\" srcset=\"https:\/\/marekkuchcinski.pl\/wp-content\/uploads\/2017\/12\/KU259677.jpg 1800w, https:\/\/marekkuchcinski.pl\/wp-content\/uploads\/2017\/12\/KU259677-300x200.jpg 300w, https:\/\/marekkuchcinski.pl\/wp-content\/uploads\/2017\/12\/KU259677-768x512.jpg 768w, https:\/\/marekkuchcinski.pl\/wp-content\/uploads\/2017\/12\/KU259677-1024x683.jpg 1024w\" sizes=\"(max-width: 1800px) 100vw, 1800px\" \/><\/a> <a href=\"https:\/\/marekkuchcinski.pl\/wp-content\/uploads\/2017\/12\/KU259814.jpg\"><img loading=\"lazy\" decoding=\"async\" class=\"alignnone size-full wp-image-8062\" src=\"https:\/\/marekkuchcinski.pl\/wp-content\/uploads\/2017\/12\/KU259814.jpg\" alt=\"KU259814\" width=\"1800\" height=\"1200\" srcset=\"https:\/\/marekkuchcinski.pl\/wp-content\/uploads\/2017\/12\/KU259814.jpg 1800w, https:\/\/marekkuchcinski.pl\/wp-content\/uploads\/2017\/12\/KU259814-300x200.jpg 300w, https:\/\/marekkuchcinski.pl\/wp-content\/uploads\/2017\/12\/KU259814-768x512.jpg 768w, https:\/\/marekkuchcinski.pl\/wp-content\/uploads\/2017\/12\/KU259814-1024x683.jpg 1024w\" sizes=\"(max-width: 1800px) 100vw, 1800px\" \/><\/a> <a href=\"https:\/\/marekkuchcinski.pl\/wp-content\/uploads\/2017\/12\/KU259927.jpg\"><img loading=\"lazy\" decoding=\"async\" class=\"alignnone size-full wp-image-8063\" src=\"https:\/\/marekkuchcinski.pl\/wp-content\/uploads\/2017\/12\/KU259927.jpg\" alt=\"KU259927\" width=\"1800\" height=\"1200\" srcset=\"https:\/\/marekkuchcinski.pl\/wp-content\/uploads\/2017\/12\/KU259927.jpg 1800w, https:\/\/marekkuchcinski.pl\/wp-content\/uploads\/2017\/12\/KU259927-300x200.jpg 300w, https:\/\/marekkuchcinski.pl\/wp-content\/uploads\/2017\/12\/KU259927-768x512.jpg 768w, https:\/\/marekkuchcinski.pl\/wp-content\/uploads\/2017\/12\/KU259927-1024x683.jpg 1024w\" sizes=\"(max-width: 1800px) 100vw, 1800px\" \/><\/a> <a href=\"https:\/\/marekkuchcinski.pl\/wp-content\/uploads\/2017\/12\/KU260517.jpg\"><img loading=\"lazy\" decoding=\"async\" class=\"alignnone size-full wp-image-8064\" src=\"https:\/\/marekkuchcinski.pl\/wp-content\/uploads\/2017\/12\/KU260517.jpg\" alt=\"KU260517\" width=\"1800\" height=\"1200\" srcset=\"https:\/\/marekkuchcinski.pl\/wp-content\/uploads\/2017\/12\/KU260517.jpg 1800w, https:\/\/marekkuchcinski.pl\/wp-content\/uploads\/2017\/12\/KU260517-300x200.jpg 300w, https:\/\/marekkuchcinski.pl\/wp-content\/uploads\/2017\/12\/KU260517-768x512.jpg 768w, https:\/\/marekkuchcinski.pl\/wp-content\/uploads\/2017\/12\/KU260517-1024x683.jpg 1024w\" sizes=\"(max-width: 1800px) 100vw, 1800px\" \/><\/a> <a href=\"https:\/\/marekkuchcinski.pl\/wp-content\/uploads\/2017\/12\/KU261037.jpg\"><img loading=\"lazy\" decoding=\"async\" class=\"alignnone size-full wp-image-8065\" src=\"https:\/\/marekkuchcinski.pl\/wp-content\/uploads\/2017\/12\/KU261037.jpg\" alt=\"KU261037\" width=\"1800\" height=\"1200\" srcset=\"https:\/\/marekkuchcinski.pl\/wp-content\/uploads\/2017\/12\/KU261037.jpg 1800w, https:\/\/marekkuchcinski.pl\/wp-content\/uploads\/2017\/12\/KU261037-300x200.jpg 300w, https:\/\/marekkuchcinski.pl\/wp-content\/uploads\/2017\/12\/KU261037-768x512.jpg 768w, https:\/\/marekkuchcinski.pl\/wp-content\/uploads\/2017\/12\/KU261037-1024x683.jpg 1024w\" sizes=\"(max-width: 1800px) 100vw, 1800px\" \/><\/a> <a href=\"https:\/\/marekkuchcinski.pl\/wp-content\/uploads\/2017\/12\/KU261126.jpg\"><img loading=\"lazy\" decoding=\"async\" class=\"alignnone size-full wp-image-8067\" src=\"https:\/\/marekkuchcinski.pl\/wp-content\/uploads\/2017\/12\/KU261126.jpg\" alt=\"KU261126\" width=\"1800\" height=\"1200\" srcset=\"https:\/\/marekkuchcinski.pl\/wp-content\/uploads\/2017\/12\/KU261126.jpg 1800w, https:\/\/marekkuchcinski.pl\/wp-content\/uploads\/2017\/12\/KU261126-300x200.jpg 300w, https:\/\/marekkuchcinski.pl\/wp-content\/uploads\/2017\/12\/KU261126-768x512.jpg 768w, https:\/\/marekkuchcinski.pl\/wp-content\/uploads\/2017\/12\/KU261126-1024x683.jpg 1024w\" sizes=\"(max-width: 1800px) 100vw, 1800px\" \/><\/a><\/p>","protected":false},"excerpt":{"rendered":"<p>Prezydent Rzeczypospolitej Polskiej Andrzej Duda powo\u0142a\u0142 Mateusza Morawieckiego na urz\u0105d Prezesa Rady Ministr\u00f3w. Jak podkre\u015bli\u0142: nowy premier zdecydowa\u0142, \u017ce chce pracowa\u0107 z tymi lud\u017ami i si\u0119 do nich przekona\u0107.\u00a0&#8211; B\u0119dziemy starali si\u0119, \u017ceby rz\u0105d Zjednoczonej Prawicy by\u0142 rz\u0105dem zjednoczonej Polski, \u017ceby by\u0142 rz\u0105dem wszystkich obywateli\u00a0&#8211; powiedzia\u0142 premier. Prezydent\u00a0 powo\u0142a\u0142 tak\u017ce w sk\u0142ad Rady Ministr\u00f3w: Mateusza [&hellip;]<\/p>\n","protected":false},"author":6,"featured_media":8062,"comment_status":"open","ping_status":"open","sticky":false,"template":"","format":"standard","meta":{"ngg_post_thumbnail":0,"footnotes":""},"categories":[82,3],"tags":[],"class_list":["post-8055","post","type-post","status-publish","format-standard","has-post-thumbnail","hentry","category-prawo-i-sprawiedliwosc","category-wydarzenia"],"_links":{"self":[{"href":"https:\/\/marekkuchcinski.pl\/hu\/wp-json\/wp\/v2\/posts\/8055","targetHints":{"allow":["GET"]}}],"collection":[{"href":"https:\/\/marekkuchcinski.pl\/hu\/wp-json\/wp\/v2\/posts"}],"about":[{"href":"https:\/\/marekkuchcinski.pl\/hu\/wp-json\/wp\/v2\/types\/post"}],"author":[{"embeddable":true,"href":"https:\/\/marekkuchcinski.pl\/hu\/wp-json\/wp\/v2\/users\/6"}],"replies":[{"embeddable":true,"href":"https:\/\/marekkuchcinski.pl\/hu\/wp-json\/wp\/v2\/comments?post=8055"}],"version-history":[{"count":3,"href":"https:\/\/marekkuchcinski.pl\/hu\/wp-json\/wp\/v2\/posts\/8055\/revisions"}],"predecessor-version":[{"id":8070,"href":"https:\/\/marekkuchcinski.pl\/hu\/wp-json\/wp\/v2\/posts\/8055\/revisions\/8070"}],"wp:featuredmedia":[{"embeddable":true,"href":"https:\/\/marekkuchcinski.pl\/hu\/wp-json\/wp\/v2\/media\/8062"}],"wp:attachment":[{"href":"https:\/\/marekkuchcinski.pl\/hu\/wp-json\/wp\/v2\/media?parent=8055"}],"wp:term":[{"taxonomy":"category","embeddable":true,"href":"https:\/\/marekkuchcinski.pl\/hu\/wp-json\/wp\/v2\/categories?post=8055"},{"taxonomy":"post_tag","embeddable":true,"href":"https:\/\/marekkuchcinski.pl\/hu\/wp-json\/wp\/v2\/tags?post=8055"}],"curies":[{"name":"wp","href":"https:\/\/api.w.org\/{rel}","templated":true}]}}