{"id":8051,"date":"2017-12-11T11:16:44","date_gmt":"2017-12-11T10:16:44","guid":{"rendered":"https:\/\/marekkuchcinski.pl\/?p=8051"},"modified":"2017-12-11T11:18:17","modified_gmt":"2017-12-11T10:18:17","slug":"35-rocznica-powstania-ogolnopolskiego-komitetu-oporu-rolnikow-duszpasterstwa-rolnikow","status":"publish","type":"post","link":"https:\/\/marekkuchcinski.pl\/hu\/wydarzenia\/35-rocznica-powstania-ogolnopolskiego-komitetu-oporu-rolnikow-duszpasterstwa-rolnikow\/","title":{"rendered":"A Nemzeti F\u00f6ldm\u0171ves Ellen\u00e1ll\u00e1si Bizotts\u00e1g \u00e9s a F\u00f6ldm\u0171ves Lelk\u00e9szs\u00e9g 35. \u00e9vfordul\u00f3ja"},"content":{"rendered":"<p>A Przemy\u015bli vajdas\u00e1gban az els\u0151 OKOR-strukt\u00far\u00e1kat 1983 m\u00e1sodik fel\u00e9ben hozt\u00e1k l\u00e9tre, \u00e9s szorosan kapcsol\u00f3dtak a krasiczyni gazdak\u00e1ptalanhoz \u00e9s az RKOR-hoz (<strong>1982 decembere<\/strong>). Jozef Olszanski, akinek a tev\u00e9kenys\u00e9ge a San keleti partj\u00e1n l\u00e9v\u0151 ter\u00fcletekre terjedt ki, Tadeusz Sopel, aki a San nyugati partj\u00e1n foly\u00f3 munk\u00e1t koordin\u00e1lta, \u00e9s <strong>Marek Kuchci\u0144ski<\/strong>Kapcsolatot tartottak fenn Lengyelorsz\u00e1g m\u00e1s r\u00e9gi\u00f3inak mez\u0151gazdas\u00e1gi ellenz\u00e9ki aktivist\u00e1ival, munk\u00e1sk\u00f6r\u00f6kkel \u00e9s az \u00fagynevezett f\u00fcggetlen kult\u00far\u00e1val. Az OKOR tev\u00e9kenys\u00e9ge Przemy\u015blben els\u0151sorban r\u00f6plapok \u00e9s f\u00f6ldalatti foly\u00f3iratok nyomtat\u00e1s\u00e1ra \u00e9s terjeszt\u00e9s\u00e9re \u00f6sszpontosult, k\u00fclf\u00f6ldre, a Szovjetuni\u00f3ba is, zar\u00e1ndoklatokat szerveztek Cz\u0119stochow\u00e1ba, anyagi seg\u00edts\u00e9get \u00e9s \u00e9lelmet ny\u00fajtottak az \u00fcld\u00f6z\u00f6tt parasztcsal\u00e1doknak. A szejm- vagy nemzeti tan\u00e1csi v\u00e1laszt\u00e1sok el\u0151tt a szok\u00e1sos szabot\u00e1zs- \u00e9s inform\u00e1ci\u00f3s tev\u00e9kenys\u00e9geket kieg\u00e9sz\u00edtett\u00e9k a jelszavak falra \u00e9s buszmeg\u00e1ll\u00f3kra t\u00f6rt\u00e9n\u0151 felfest\u00e9s\u00e9vel (1984).<\/p>\n<p>Stanislaw Bartminski atya: A krasicsenyi parasztk\u00e1ptalan spont\u00e1n m\u00f3don sz\u00fcletett. A hadi\u00e1llapot \u00e9vfordul\u00f3j\u00e1n t\u00edz egyh\u00e1zmegy\u00e9b\u0151l, Lengyelorsz\u00e1g minden r\u00e9sz\u00e9b\u0151l lelkigyakorlatot szervezt\u00fcnk a gazd\u00e1k sz\u00e1m\u00e1ra. A mai marsallal - <strong>Marek Kuchci\u0144ski<\/strong> - T\u00edz egyh\u00e1zmegy\u00e9t j\u00e1rtunk k\u00f6rbe, 40-et n\u00e9v szerint, k\u00e9zbe h\u00edvtunk, 20-at pedig post\u00e1n k\u00fcldt\u00fcnk el. Sajnos a megh\u00edv\u00f3k az UB kez\u00e9be ker\u00fcltek, \u00e9s ezut\u00e1n ezeket a gazd\u00e1kat zaklatt\u00e1k.<\/p>\n<p>Neh\u00e9z volt elk\u00e9pzelni ezt a mozgalmat Tokarczuk Ign\u00e1c \u00e9rsek t\u00e1mogat\u00e1sa n\u00e9lk\u00fcl.<\/p>\n<p><em>A szolidarit\u00e1s enciklop\u00e9di\u00e1ja<\/em><\/p>\n<p><em>TVP3 Rzesz\u00f3w: https:\/\/rzeszow.tvp.pl\/35159211\/rocznica-powstania-komitetu-oporu-rolnikow-i-duszpasterstwa-rolnikow<\/em><\/p>","protected":false},"excerpt":{"rendered":"<p>W woj. przemyskim pierwsze struktury OKOR powsta\u0142y w drugiej po\u0142. 1983 i mia\u0142y \u015bcis\u0142y zwi\u0105zek z Duszpasterstwem Rolnik\u00f3w w Krasiczynie i RKOR (grudzie\u0144 1982). Tworzyli je: J\u00f3zef Olsza\u0144ski, kt\u00f3rego dzia\u0142alno\u015b\u0107 obejmowa\u0142a tereny na wschodnim brzegu Sanu, Tadeusz Sopel, koordynuj\u0105cy prac\u0119 na zachodnim brzegu Sanu i Marek Kuchci\u0144ski, utrzymuj\u0105cy kontakty z dzia\u0142aczami opozycji rolniczej w innych [&hellip;]<\/p>\n","protected":false},"author":6,"featured_media":8052,"comment_status":"open","ping_status":"open","sticky":false,"template":"","format":"standard","meta":{"ngg_post_thumbnail":0,"footnotes":""},"categories":[49,77,3],"tags":[126,87,125],"class_list":["post-8051","post","type-post","status-publish","format-standard","has-post-thumbnail","hentry","category-podkarpacie","category-wazne-daty","category-wydarzenia","tag-bartminski","tag-marek-kuchcinski","tag-okor"],"_links":{"self":[{"href":"https:\/\/marekkuchcinski.pl\/hu\/wp-json\/wp\/v2\/posts\/8051","targetHints":{"allow":["GET"]}}],"collection":[{"href":"https:\/\/marekkuchcinski.pl\/hu\/wp-json\/wp\/v2\/posts"}],"about":[{"href":"https:\/\/marekkuchcinski.pl\/hu\/wp-json\/wp\/v2\/types\/post"}],"author":[{"embeddable":true,"href":"https:\/\/marekkuchcinski.pl\/hu\/wp-json\/wp\/v2\/users\/6"}],"replies":[{"embeddable":true,"href":"https:\/\/marekkuchcinski.pl\/hu\/wp-json\/wp\/v2\/comments?post=8051"}],"version-history":[{"count":2,"href":"https:\/\/marekkuchcinski.pl\/hu\/wp-json\/wp\/v2\/posts\/8051\/revisions"}],"predecessor-version":[{"id":8054,"href":"https:\/\/marekkuchcinski.pl\/hu\/wp-json\/wp\/v2\/posts\/8051\/revisions\/8054"}],"wp:featuredmedia":[{"embeddable":true,"href":"https:\/\/marekkuchcinski.pl\/hu\/wp-json\/wp\/v2\/media\/8052"}],"wp:attachment":[{"href":"https:\/\/marekkuchcinski.pl\/hu\/wp-json\/wp\/v2\/media?parent=8051"}],"wp:term":[{"taxonomy":"category","embeddable":true,"href":"https:\/\/marekkuchcinski.pl\/hu\/wp-json\/wp\/v2\/categories?post=8051"},{"taxonomy":"post_tag","embeddable":true,"href":"https:\/\/marekkuchcinski.pl\/hu\/wp-json\/wp\/v2\/tags?post=8051"}],"curies":[{"name":"wp","href":"https:\/\/api.w.org\/{rel}","templated":true}]}}