{"id":8019,"date":"2017-12-09T19:48:05","date_gmt":"2017-12-09T18:48:05","guid":{"rendered":"https:\/\/marekkuchcinski.pl\/?p=8019"},"modified":"2017-12-09T20:53:03","modified_gmt":"2017-12-09T19:53:03","slug":"pozegnanie-roku-kultury-wegierskiej","status":"publish","type":"post","link":"https:\/\/marekkuchcinski.pl\/hu\/wydarzenia\/pozegnanie-roku-kultury-wegierskiej\/","title":{"rendered":"B\u00facs\u00fa a magyar kult\u00fara \u00e9v\u00e9t\u0151l"},"content":{"rendered":"<p><strong>Koncertek, ki\u00e1ll\u00edt\u00e1sok, filmek, dunai irodalom \u00e9s zene t\u00f6lt\u00f6tte meg egy \u00e9ven \u00e1t a lengyel kultur\u00e1lis teret.<\/strong><\/p>\n<p>L\u00e1thattunk kev\u00e9sb\u00e9 ismert, gyakran hi\u00e1nyp\u00f3tl\u00f3, eredeti form\u00e1kat, de a k\u00f6z\u00f6s lengyel-magyar t\u00f6rt\u00e9nelem szempontj\u00e1b\u00f3l ismert \u00e9s fontos esem\u00e9nyeknek, p\u00e9ld\u00e1ul 1956-nak vagy a holokausztnak szentelt ki\u00e1ll\u00edt\u00e1sokat is.<\/p>\n<p>V\u00e9g\u00e9hez k\u00f6zeledik a Magyar Kult\u00fara \u00c9ve. A legmagasabb szint\u0171 esem\u00e9nyek, a nagy adag tehets\u00e9g \u00e9s a magyar temperamentum vagy folkl\u00f3r csak meger\u0151s\u00edtheti azt a meggy\u0151z\u0151d\u00e9st, hogy Magyarorsz\u00e1g olyan orsz\u00e1g, amelyb\u0151l \u00e9rdemes mer\u00edteni a k\u00fcl\u00f6nb\u00f6z\u0151 ter\u00fcleteken.<\/p>\n<p>A Vars\u00f3i M\u0171szaki Egyetemen tartott b\u00facs\u00fakoncerten jelen volt t\u00f6bbek k\u00f6z\u00f6tt a szejm eln\u00f6ke, Marek Kuchci\u0144ski, a lengyel-magyar bar\u00e1ts\u00e1g nagy sz\u00f3sz\u00f3l\u00f3ja, a szejm aleln\u00f6ke, parlamenti k\u00e9pvisel\u0151k, miniszterek \u00e9s a magyar nagyk\u00f6vet.<\/p>\n<p>Ryszard Terlecki, a szejm aleln\u00f6ke besz\u00e9d\u00e9ben kiemelte, hogy Marek Kuchci\u0144ski h\u00e1zeln\u00f6knek \u00e9s K\u00f6v\u00e9r L\u00e1szl\u00f3 eln\u00f6knek k\u00f6sz\u00f6nhet\u0151en sz\u00e1mos tal\u00e1lkoz\u00f3ra \u00e9s k\u00f6z\u00f6s \u00fcnnepl\u00e9sre ker\u00fclt sor. <em>A bar\u00e1ts\u00e1gunk sokkal hosszabb, mint ez az \u00e9v, \u00e9s a szertart\u00e1s nem \u00e9r v\u00e9get semmit.<\/em> - mondta.<\/p>\n<p>Ryszard Terlecki arr\u00f3l is besz\u00e9lt, hogy tervezik a Wac\u0142aw Felczak Alap\u00edtv\u00e1ny l\u00e9trehoz\u00e1s\u00e1t, amely a lengyel \u00e9s magyar fiatalok k\u00f6z\u00f6tti egy\u00fcttm\u0171k\u00f6d\u00e9sr\u0151l gondoskodna. A patr\u00f3nus a mi k\u00f6z\u00f6s h\u0151s\u00fcnk. A legend\u00e1s krakk\u00f3i professzor katona, a lengyel f\u00f6ldalatti mozgalom fut\u00e1ra, kommunista fogoly \u00e9s a magyarorsz\u00e1gi antikommunista ellenz\u00e9k egyik alap\u00edt\u00f3ja volt az 1980-as \u00e9vekben, amikor az akkor m\u00e9g fiatal Orb\u00e1nnak azt tan\u00e1csolta, hogy alap\u00edtson saj\u00e1t p\u00e1rtot.<\/p>\n<p><em>Fot\u00f3: Andrzej Lek\/SDP<\/em><\/p>\n<p><a href=\"https:\/\/marekkuchcinski.pl\/wp-content\/uploads\/2017\/12\/w.jpg\"><img fetchpriority=\"high\" decoding=\"async\" class=\"alignnone size-full wp-image-8020\" src=\"https:\/\/marekkuchcinski.pl\/wp-content\/uploads\/2017\/12\/w.jpg\" alt=\"w\" width=\"800\" height=\"532\" srcset=\"https:\/\/marekkuchcinski.pl\/wp-content\/uploads\/2017\/12\/w.jpg 800w, https:\/\/marekkuchcinski.pl\/wp-content\/uploads\/2017\/12\/w-300x200.jpg 300w, https:\/\/marekkuchcinski.pl\/wp-content\/uploads\/2017\/12\/w-768x511.jpg 768w\" sizes=\"(max-width: 800px) 100vw, 800px\" \/><\/a> <a href=\"https:\/\/marekkuchcinski.pl\/wp-content\/uploads\/2017\/12\/w2.jpg\"><img decoding=\"async\" class=\"alignnone size-full wp-image-8021\" src=\"https:\/\/marekkuchcinski.pl\/wp-content\/uploads\/2017\/12\/w2.jpg\" alt=\"w2\" width=\"800\" height=\"532\" srcset=\"https:\/\/marekkuchcinski.pl\/wp-content\/uploads\/2017\/12\/w2.jpg 800w, https:\/\/marekkuchcinski.pl\/wp-content\/uploads\/2017\/12\/w2-300x200.jpg 300w, https:\/\/marekkuchcinski.pl\/wp-content\/uploads\/2017\/12\/w2-768x511.jpg 768w\" sizes=\"(max-width: 800px) 100vw, 800px\" \/><\/a> <a href=\"https:\/\/marekkuchcinski.pl\/wp-content\/uploads\/2017\/12\/w3.jpg\"><img decoding=\"async\" class=\"alignnone size-full wp-image-8022\" src=\"https:\/\/marekkuchcinski.pl\/wp-content\/uploads\/2017\/12\/w3.jpg\" alt=\"w3\" width=\"800\" height=\"532\" srcset=\"https:\/\/marekkuchcinski.pl\/wp-content\/uploads\/2017\/12\/w3.jpg 800w, https:\/\/marekkuchcinski.pl\/wp-content\/uploads\/2017\/12\/w3-300x200.jpg 300w, https:\/\/marekkuchcinski.pl\/wp-content\/uploads\/2017\/12\/w3-768x511.jpg 768w\" sizes=\"(max-width: 800px) 100vw, 800px\" \/><\/a><\/p>\n<p>&nbsp;<\/p>","protected":false},"excerpt":{"rendered":"<p>Koncerty, wystawy, filmy, literatura, muzyka znad Dunaju przez rok zape\u0142nia\u0142y polsk\u0105 przestrze\u0144 kulturaln\u0105. Mo\u017cna by\u0142o zobaczy\u0107 formy mniej znane, cz\u0119sto niszowe, oryginalne, ale i ekspozycje po\u015bwi\u0119cone wydarzeniom znanym i wa\u017cnym z punktu widzenia wsp\u00f3lnej, polsko-w\u0119gierskiej historii, jak cho\u0107by rok 1956 czy Holokaust. Rok Kultury W\u0119gierskiej dobiega ko\u0144ca. Imprezy na najwy\u017cszym poziomie, du\u017ca dawka talentu i [&hellip;]<\/p>\n","protected":false},"author":6,"featured_media":8020,"comment_status":"open","ping_status":"open","sticky":false,"template":"","format":"standard","meta":{"ngg_post_thumbnail":0,"footnotes":""},"categories":[50,3],"tags":[],"class_list":["post-8019","post","type-post","status-publish","format-standard","has-post-thumbnail","hentry","category-wspolpraca-miedzynarodowa","category-wydarzenia"],"_links":{"self":[{"href":"https:\/\/marekkuchcinski.pl\/hu\/wp-json\/wp\/v2\/posts\/8019","targetHints":{"allow":["GET"]}}],"collection":[{"href":"https:\/\/marekkuchcinski.pl\/hu\/wp-json\/wp\/v2\/posts"}],"about":[{"href":"https:\/\/marekkuchcinski.pl\/hu\/wp-json\/wp\/v2\/types\/post"}],"author":[{"embeddable":true,"href":"https:\/\/marekkuchcinski.pl\/hu\/wp-json\/wp\/v2\/users\/6"}],"replies":[{"embeddable":true,"href":"https:\/\/marekkuchcinski.pl\/hu\/wp-json\/wp\/v2\/comments?post=8019"}],"version-history":[{"count":5,"href":"https:\/\/marekkuchcinski.pl\/hu\/wp-json\/wp\/v2\/posts\/8019\/revisions"}],"predecessor-version":[{"id":8050,"href":"https:\/\/marekkuchcinski.pl\/hu\/wp-json\/wp\/v2\/posts\/8019\/revisions\/8050"}],"wp:featuredmedia":[{"embeddable":true,"href":"https:\/\/marekkuchcinski.pl\/hu\/wp-json\/wp\/v2\/media\/8020"}],"wp:attachment":[{"href":"https:\/\/marekkuchcinski.pl\/hu\/wp-json\/wp\/v2\/media?parent=8019"}],"wp:term":[{"taxonomy":"category","embeddable":true,"href":"https:\/\/marekkuchcinski.pl\/hu\/wp-json\/wp\/v2\/categories?post=8019"},{"taxonomy":"post_tag","embeddable":true,"href":"https:\/\/marekkuchcinski.pl\/hu\/wp-json\/wp\/v2\/tags?post=8019"}],"curies":[{"name":"wp","href":"https:\/\/api.w.org\/{rel}","templated":true}]}}