{"id":7967,"date":"2017-12-04T13:38:26","date_gmt":"2017-12-04T12:38:26","guid":{"rendered":"https:\/\/marekkuchcinski.pl\/?p=7967"},"modified":"2017-12-04T13:38:26","modified_gmt":"2017-12-04T12:38:26","slug":"list-marszalka-sejmu-okazji-75-lecia-powstania-zegoty","status":"publish","type":"post","link":"https:\/\/marekkuchcinski.pl\/hu\/wydarzenia\/list-marszalka-sejmu-okazji-75-lecia-powstania-zegoty\/","title":{"rendered":"A Szejm eln\u00f6k\u00e9nek levele a \u017begota 75. \u00e9vfordul\u00f3j\u00e1n"},"content":{"rendered":"<p style=\"text-align: center;\">\n<p style=\"text-align: center;\"><em>\u00a0\u00a0\u00a0\u00a0\u00a0\u00a0\u00a0\u00a0\u00a0\u00a0\u00a0 Mindannyian ismerj\u00fck a Talmud b\u00f6lcs \u00e9s sz\u00e9p szavait: \"Aki egy \u00e9letet megment, az eg\u00e9sz vil\u00e1got megmenti\". Ma h\u00e1l\u00e1val t\u00f6lt el benn\u00fcnket mindazok\u00e9rt, akik a holokauszt idej\u00e9n v\u00e1llalt\u00e1k a kock\u00e1zatot, hogy megmentsenek egy embert, m\u00e9g akkor is, ha ennek az \u00e1ra a saj\u00e1t \u00e9s szeretteik \u00e9lete lehetett volna. Id\u00e9n \u00fcnnepelj\u00fck a Zsid\u00f3kat Seg\u00edt\u0151 \u017begota Tan\u00e1cs megalakul\u00e1s\u00e1nak 75. \u00e9vfordul\u00f3j\u00e1t. Ez volt az els\u0151 \u00e9s egyetlen int\u00e9zm\u00e9nyes form\u00e1ja a zsid\u00f3k seg\u00e9lyez\u00e9s\u00e9nek a m\u00e1sodik vil\u00e1gh\u00e1bor\u00fa alatt. Ezt az egyed\u00fcl\u00e1ll\u00f3 tev\u00e9kenys\u00e9get a k\u00f6vetkez\u0151 emberek v\u00e9gezt\u00e9k<\/em><em>akiknek a totalitarizmussal \u00e9s a n\u00e9pirt\u00e1ssal szemben volt b\u00e1tors\u00e1guk megv\u00e9deni az emberi m\u00e9lt\u00f3s\u00e1got, seg\u00edteni az \u00e1ldozatokon vagy ki\u00e1llni az igazs\u00e1g\u00e9rt. Az \u0151 p\u00e9ld\u00e1juk rendk\u00edv\u00fcl fontos hivatkoz\u00e1si pont sz\u00e1munkra. Ez\u00e9rt sz\u00edvb\u0151l gratul\u00e1lok a k\u00f6zt\u00e1rsas\u00e1gi eln\u00f6k \u00e1ltal adom\u00e1nyozott \u00e1llami kit\u00fcntet\u00e9sek kit\u00fcntetettjeinek, \u00e9s sz\u00edvb\u0151l k\u00f6sz\u00f6n\u00f6m mindazoknak, akik egy ilyen neh\u00e9z id\u0151szakban bebizony\u00edtott\u00e1k, hogy a k\u00f6r\u00fclm\u00e9nyekt\u0151l \u00e9s a megpr\u00f3b\u00e1ltat\u00e1sokt\u00f3l f\u00fcggetlen\u00fcl mindig \u00e9rdemes embernek lenni.<\/em><\/p>\n<p style=\"text-align: center;\"><em>Az ilyen k\u00fcl\u00f6nleges pillanatokban \u00e9lesen tudatosul benn\u00fcnk, hogy a m\u00e9lt\u00f3s\u00e1g \u00e9s az embers\u00e9g, a nyitotts\u00e1g \u00e9s a tolerancia, az igazs\u00e1goss\u00e1g \u00e9s a b\u00e9ke kell, hogy l\u00e9t\u00fcnk alapj\u00e1t k\u00e9pezze. Ez a rendk\u00edv\u00fcl fontos \u00e9s id\u0151t\u00e1ll\u00f3 \u00fczenet a \u017begota t\u00f6rt\u00e9nelm\u00e9b\u0151l, az azt l\u00e9trehoz\u00f3 emberek rendk\u00edv\u00fcli hozz\u00e1\u00e1ll\u00e1s\u00e1b\u00f3l ered.<\/em><\/p>\n<p style=\"text-align: right;\">\n<p style=\"text-align: right;\"><em>Marek Kuchci\u0144ski<\/em><\/p>","protected":false},"excerpt":{"rendered":"<p>\u00a0\u00a0\u00a0\u00a0\u00a0\u00a0\u00a0\u00a0\u00a0\u00a0\u00a0 Wszyscy znamy m\u0105dre i pi\u0119kne s\u0142owa Talmudu: \u201eKto ratuje jedno \u017cycie, ratuje ca\u0142y \u015bwiat\u201d. Dzisiaj przepe\u0142nia nas wdzi\u0119czno\u015b\u0107 dla tych wszystkich, kt\u00f3rzy w czasach Zag\u0142ady podejmowali ryzyko ratowania cz\u0142owieka, cho\u0107 cen\u0105 mog\u0142o by\u0107 ich w\u0142asne \u017cycie i \u017cycie ich bliskich. W tym roku przypomina o nich 75. rocznica powo\u0142ania Rady Pomocy \u017bydom \u201e\u017begota\u201d. Pierwszej [&hellip;]<\/p>\n","protected":false},"author":6,"featured_media":7968,"comment_status":"open","ping_status":"open","sticky":false,"template":"","format":"standard","meta":{"ngg_post_thumbnail":0,"footnotes":""},"categories":[77,3],"tags":[],"class_list":["post-7967","post","type-post","status-publish","format-standard","has-post-thumbnail","hentry","category-wazne-daty","category-wydarzenia"],"_links":{"self":[{"href":"https:\/\/marekkuchcinski.pl\/hu\/wp-json\/wp\/v2\/posts\/7967","targetHints":{"allow":["GET"]}}],"collection":[{"href":"https:\/\/marekkuchcinski.pl\/hu\/wp-json\/wp\/v2\/posts"}],"about":[{"href":"https:\/\/marekkuchcinski.pl\/hu\/wp-json\/wp\/v2\/types\/post"}],"author":[{"embeddable":true,"href":"https:\/\/marekkuchcinski.pl\/hu\/wp-json\/wp\/v2\/users\/6"}],"replies":[{"embeddable":true,"href":"https:\/\/marekkuchcinski.pl\/hu\/wp-json\/wp\/v2\/comments?post=7967"}],"version-history":[{"count":1,"href":"https:\/\/marekkuchcinski.pl\/hu\/wp-json\/wp\/v2\/posts\/7967\/revisions"}],"predecessor-version":[{"id":7969,"href":"https:\/\/marekkuchcinski.pl\/hu\/wp-json\/wp\/v2\/posts\/7967\/revisions\/7969"}],"wp:featuredmedia":[{"embeddable":true,"href":"https:\/\/marekkuchcinski.pl\/hu\/wp-json\/wp\/v2\/media\/7968"}],"wp:attachment":[{"href":"https:\/\/marekkuchcinski.pl\/hu\/wp-json\/wp\/v2\/media?parent=7967"}],"wp:term":[{"taxonomy":"category","embeddable":true,"href":"https:\/\/marekkuchcinski.pl\/hu\/wp-json\/wp\/v2\/categories?post=7967"},{"taxonomy":"post_tag","embeddable":true,"href":"https:\/\/marekkuchcinski.pl\/hu\/wp-json\/wp\/v2\/tags?post=7967"}],"curies":[{"name":"wp","href":"https:\/\/api.w.org\/{rel}","templated":true}]}}