{"id":7805,"date":"2017-11-13T10:46:30","date_gmt":"2017-11-13T09:46:30","guid":{"rendered":"https:\/\/marekkuchcinski.pl\/?p=7805"},"modified":"2017-11-13T11:02:27","modified_gmt":"2017-11-13T10:02:27","slug":"99-rocznica-odzyskania-niepodleglosci","status":"publish","type":"post","link":"https:\/\/marekkuchcinski.pl\/hu\/wydarzenia\/99-rocznica-odzyskania-niepodleglosci\/","title":{"rendered":"A f\u00fcggetlens\u00e9g 99. \u00e9vfordul\u00f3ja"},"content":{"rendered":"<p dir=\"ltr\">Az Isteni Gondvisel\u00e9s temploma, az eln\u00f6ki palota, a Pi\u0142sudski marsall t\u00e9r - ezek voltak a szombati f\u00fcggetlens\u00e9g napi \u00fcnneps\u00e9gek f\u0151 helysz\u00ednei Vars\u00f3ban. A legmagasabb rang\u00fa korm\u00e1nytisztvisel\u0151k - k\u00f6zt\u00fck Marek Kuchci\u0144ski, a szejm eln\u00f6ke - tisztelegtek a szabad lengyel \u00e1llam alap\u00edt\u00f3 aty\u00e1i el\u0151tt, amely sz\u00e1z \u00e9vvel ezel\u0151tt t\u00e9rt vissza Eur\u00f3pa t\u00e9rk\u00e9p\u00e9re. \"H\u0151siess\u00e9ggel, hazaszeretettel, v\u00e9rrel, im\u00e1val \u00e9s b\u00f6lcsess\u00e9ggel 99 \u00e9vvel ezel\u0151tt a lengyelek visszaszerezt\u00e9k szabads\u00e1gukat. \u00dagy szeretj\u00fck \u00e9s \u00e9rt\u00e9kelj\u00fck, mint a vil\u00e1gon kev\u00e9s orsz\u00e1g. Ez egy gy\u00f6ny\u00f6r\u0171 \u00fcnnep, mutassunk tiszteletet Lengyelorsz\u00e1gunk ir\u00e1nt, \u00e9s tisztelj\u00fck magunkat miatta. - \u00edrta Marek Kuchci\u0144ski a Twitteren, bejelentve az \u00fcnnepl\u00e9st. - Nem szabad elfelejten\u00fcnk, hogy a f\u00fcggetlens\u00e9g nem egyszer \u00e9s mindenkorra adott. A politikai folyamatban a legfontosabb, hogy meger\u0151s\u00edts\u00fck azt\" - mondta Andrzej Duda eln\u00f6k az \u00fcnneps\u00e9gen.<\/p>\n<p dir=\"ltr\">D\u00e9lel\u0151tt az Isteni Gondvisel\u00e9s templom\u00e1ban szentmis\u00e9t celebr\u00e1ltak a haz\u00e1\u00e9rt, amely a Nagy Szejm \u00e1ltal v\u00e1llalt k\u00f6telezetts\u00e9g teljes\u00edt\u00e9se volt, \u00e9s amelyen Kazimierz Nycz b\u00edboros, vars\u00f3i metropolita \u00e9rsek eln\u00f6k\u00f6lt. A Szejm r\u00e9sz\u00e9r\u0151l Marek Kuchci\u0144ski marsall \u00e9s Ma\u0142gorzata Kidawa-B\u0142o\u0144ska marsallhelyettes vett r\u00e9szt a rendezv\u00e9nyen. A Nagy-Lengyel Pantheonban tartott \u00fcnnepi szentmise el\u0151tt Marek Kuchci\u0144ski tisztelgett a Lengyel K\u00f6zt\u00e1rsas\u00e1g utols\u00f3 sz\u00e1m\u0171zet\u00e9sben \u00e9l\u0151 eln\u00f6ke, Ryszard Kaczorowski eml\u00e9ke el\u0151tt, akit ott temettek el, valamint a szmolenszki katasztr\u00f3fa valamennyi \u00e1ldozata el\u0151tt.<\/p>\n<p dir=\"ltr\">- A k\u00f6z\u00f6ss\u00e9g\u00e9p\u00edt\u00e9s alapvet\u0151 feladat a jelen \u00e9s a j\u00f6v\u0151 sz\u00e1m\u00e1ra - mondta J\u00f3zef Guzdek t\u00e1bori p\u00fcsp\u00f6k az Isteni Gondvisel\u00e9s templom\u00e1ban tartott szentmis\u00e9n elmondott hom\u00edli\u00e1j\u00e1ban. - K\u00f6vetkezetesen el kell t\u00e1vol\u00edtani azt, ami elv\u00e1laszt, \u00e9s megsokszorozni azt, ami \u00f6sszek\u00f6ti a k\u00f6z\u00f6ss\u00e9get. Szolidarit\u00e1sra, al\u00e1zatra, k\u00f6lcs\u00f6n\u00f6s bizalomra, felel\u0151ss\u00e9gre minden szavunk\u00e9rt, k\u00f6lcs\u00f6n\u00f6s tiszteletre \u00e9s az igazs\u00e1g szolg\u00e1lat\u00e1ra van sz\u00fcks\u00e9g\u00fcnk - mondta a hierarchia. Hangs\u00falyozta, hogy a k\u00f6z\u00f6ss\u00e9g a kulcssz\u00f3 a f\u00fcggetlen Lengyelorsz\u00e1g \u00fajj\u00e1sz\u00fclet\u00e9s\u00e9nek jelens\u00e9g\u00e9nek meg\u00e9rt\u00e9s\u00e9hez. - Ahogy a privatiz\u00e1ci\u00f3 \u00e9s a megosztotts\u00e1g a lengyel \u00e1llam \u00f6sszeoml\u00e1s\u00e1t okozta, \u00fagy az eg\u00e9sz nemzetnek a f\u00fcggetlens\u00e9g eszm\u00e9je k\u00f6r\u00e9 val\u00f3 egyes\u00edt\u00e9se vezetett a felt\u00e1mad\u00e1s\u00e1hoz - eml\u00e9keztetett.<\/p>\n<p dir=\"ltr\">A vars\u00f3i nemzeti f\u00fcggetlens\u00e9g napja alkalm\u00e1b\u00f3l rendezett \u00fcnneps\u00e9gek r\u00e9szek\u00e9nt Marek Kuchci\u0144ski szejm marsall is koszor\u00fat helyezett el J\u00f3zef Pi\u0142sudski marsall eml\u00e9km\u0171v\u00e9n\u00e9l a Belvederen. R\u00e9szt vett azon az \u00fcnneps\u00e9gen is, amelyen Andrzej Duda eln\u00f6k \u00e1llami kit\u00fcntet\u00e9seket adott \u00e1t kiv\u00e1l\u00f3 szem\u00e9lyeknek. A d\u00edjat t\u00f6bbek k\u00f6z\u00f6tt Franciszek Pieczka sz\u00edn\u00e9sz, Jacek Salij teol\u00f3gus \u00e9s publicista atya, Jerzy Jachowicz publicista \u00e9s riporter, valamint Tomasz Majewski atl\u00e9ta \u00e9s olimpiai bajnok kapta.<\/p>\n<p dir=\"ltr\"><em>sz\u00f6veg: A Szejm kancell\u00e1ri\u00e1ja<\/em><\/p>\n<p dir=\"ltr\"><em>fot\u00f3: Pawe\u0142 Kula, Krzysztof Bia\u0142osk\u00f3rski, Rafa\u0142 Zambrzycki<\/em><\/p>\n<p dir=\"ltr\"><a href=\"https:\/\/marekkuchcinski.pl\/wp-content\/uploads\/2017\/11\/RZ__2447.jpg\"><img fetchpriority=\"high\" decoding=\"async\" class=\"alignnone size-full wp-image-7809\" src=\"https:\/\/marekkuchcinski.pl\/wp-content\/uploads\/2017\/11\/RZ__2447.jpg\" alt=\"RZ__2447\" width=\"800\" height=\"534\" srcset=\"https:\/\/marekkuchcinski.pl\/wp-content\/uploads\/2017\/11\/RZ__2447.jpg 800w, https:\/\/marekkuchcinski.pl\/wp-content\/uploads\/2017\/11\/RZ__2447-300x200.jpg 300w, https:\/\/marekkuchcinski.pl\/wp-content\/uploads\/2017\/11\/RZ__2447-768x513.jpg 768w\" sizes=\"(max-width: 800px) 100vw, 800px\" \/><\/a> <a href=\"https:\/\/marekkuchcinski.pl\/wp-content\/uploads\/2017\/11\/RZ__1914.jpg\"><img decoding=\"async\" class=\"alignnone size-full wp-image-7810\" src=\"https:\/\/marekkuchcinski.pl\/wp-content\/uploads\/2017\/11\/RZ__1914.jpg\" alt=\"RZ__1914\" width=\"800\" height=\"534\" srcset=\"https:\/\/marekkuchcinski.pl\/wp-content\/uploads\/2017\/11\/RZ__1914.jpg 800w, https:\/\/marekkuchcinski.pl\/wp-content\/uploads\/2017\/11\/RZ__1914-300x200.jpg 300w, https:\/\/marekkuchcinski.pl\/wp-content\/uploads\/2017\/11\/RZ__1914-768x513.jpg 768w\" sizes=\"(max-width: 800px) 100vw, 800px\" \/><\/a> <a href=\"https:\/\/marekkuchcinski.pl\/wp-content\/uploads\/2017\/11\/RZ__1804.jpg\"><img decoding=\"async\" class=\"alignnone size-full wp-image-7811\" src=\"https:\/\/marekkuchcinski.pl\/wp-content\/uploads\/2017\/11\/RZ__1804.jpg\" alt=\"RZ__1804\" width=\"800\" height=\"534\" srcset=\"https:\/\/marekkuchcinski.pl\/wp-content\/uploads\/2017\/11\/RZ__1804.jpg 800w, https:\/\/marekkuchcinski.pl\/wp-content\/uploads\/2017\/11\/RZ__1804-300x200.jpg 300w, https:\/\/marekkuchcinski.pl\/wp-content\/uploads\/2017\/11\/RZ__1804-768x513.jpg 768w\" sizes=\"(max-width: 800px) 100vw, 800px\" \/><\/a> <a href=\"https:\/\/marekkuchcinski.pl\/wp-content\/uploads\/2017\/11\/RZ__1677.jpg\"><img loading=\"lazy\" decoding=\"async\" class=\"alignnone size-full wp-image-7812\" src=\"https:\/\/marekkuchcinski.pl\/wp-content\/uploads\/2017\/11\/RZ__1677.jpg\" alt=\"RZ__1677\" width=\"800\" height=\"535\" srcset=\"https:\/\/marekkuchcinski.pl\/wp-content\/uploads\/2017\/11\/RZ__1677.jpg 800w, https:\/\/marekkuchcinski.pl\/wp-content\/uploads\/2017\/11\/RZ__1677-300x201.jpg 300w, https:\/\/marekkuchcinski.pl\/wp-content\/uploads\/2017\/11\/RZ__1677-768x514.jpg 768w\" sizes=\"(max-width: 800px) 100vw, 800px\" \/><\/a> <a href=\"https:\/\/marekkuchcinski.pl\/wp-content\/uploads\/2017\/11\/RZ__1187.jpg\"><img loading=\"lazy\" decoding=\"async\" class=\"alignnone size-full wp-image-7813\" src=\"https:\/\/marekkuchcinski.pl\/wp-content\/uploads\/2017\/11\/RZ__1187.jpg\" alt=\"RZ__1187\" width=\"800\" height=\"534\" srcset=\"https:\/\/marekkuchcinski.pl\/wp-content\/uploads\/2017\/11\/RZ__1187.jpg 800w, https:\/\/marekkuchcinski.pl\/wp-content\/uploads\/2017\/11\/RZ__1187-300x200.jpg 300w, https:\/\/marekkuchcinski.pl\/wp-content\/uploads\/2017\/11\/RZ__1187-768x513.jpg 768w\" sizes=\"(max-width: 800px) 100vw, 800px\" \/><\/a> <a href=\"https:\/\/marekkuchcinski.pl\/wp-content\/uploads\/2017\/11\/KU234807.jpg\"><img loading=\"lazy\" decoding=\"async\" class=\"alignnone size-full wp-image-7814\" src=\"https:\/\/marekkuchcinski.pl\/wp-content\/uploads\/2017\/11\/KU234807.jpg\" alt=\"KU234807\" width=\"800\" height=\"534\" srcset=\"https:\/\/marekkuchcinski.pl\/wp-content\/uploads\/2017\/11\/KU234807.jpg 800w, https:\/\/marekkuchcinski.pl\/wp-content\/uploads\/2017\/11\/KU234807-300x200.jpg 300w, https:\/\/marekkuchcinski.pl\/wp-content\/uploads\/2017\/11\/KU234807-768x513.jpg 768w\" sizes=\"(max-width: 800px) 100vw, 800px\" \/><\/a> <a href=\"https:\/\/marekkuchcinski.pl\/wp-content\/uploads\/2017\/11\/KU234514.jpg\"><img loading=\"lazy\" decoding=\"async\" class=\"alignnone size-full wp-image-7815\" src=\"https:\/\/marekkuchcinski.pl\/wp-content\/uploads\/2017\/11\/KU234514.jpg\" alt=\"KU234514\" width=\"800\" height=\"534\" srcset=\"https:\/\/marekkuchcinski.pl\/wp-content\/uploads\/2017\/11\/KU234514.jpg 800w, https:\/\/marekkuchcinski.pl\/wp-content\/uploads\/2017\/11\/KU234514-300x200.jpg 300w, https:\/\/marekkuchcinski.pl\/wp-content\/uploads\/2017\/11\/KU234514-768x513.jpg 768w\" sizes=\"(max-width: 800px) 100vw, 800px\" \/><\/a> <a href=\"https:\/\/marekkuchcinski.pl\/wp-content\/uploads\/2017\/11\/maro3.jpg\"><img loading=\"lazy\" decoding=\"async\" class=\"alignnone size-full wp-image-7816\" src=\"https:\/\/marekkuchcinski.pl\/wp-content\/uploads\/2017\/11\/maro3.jpg\" alt=\"maro3\" width=\"800\" height=\"534\" srcset=\"https:\/\/marekkuchcinski.pl\/wp-content\/uploads\/2017\/11\/maro3.jpg 800w, https:\/\/marekkuchcinski.pl\/wp-content\/uploads\/2017\/11\/maro3-300x200.jpg 300w, https:\/\/marekkuchcinski.pl\/wp-content\/uploads\/2017\/11\/maro3-768x513.jpg 768w\" sizes=\"(max-width: 800px) 100vw, 800px\" \/><\/a><\/p>\n<p dir=\"ltr\"><a href=\"https:\/\/marekkuchcinski.pl\/wp-content\/uploads\/2017\/11\/RZ__2233.view_.jpg\"><img loading=\"lazy\" decoding=\"async\" class=\"alignnone size-full wp-image-7826\" src=\"https:\/\/marekkuchcinski.pl\/wp-content\/uploads\/2017\/11\/RZ__2233.view_.jpg\" alt=\"RZ__2233.view\" width=\"800\" height=\"533\" srcset=\"https:\/\/marekkuchcinski.pl\/wp-content\/uploads\/2017\/11\/RZ__2233.view_.jpg 800w, https:\/\/marekkuchcinski.pl\/wp-content\/uploads\/2017\/11\/RZ__2233.view_-300x200.jpg 300w, https:\/\/marekkuchcinski.pl\/wp-content\/uploads\/2017\/11\/RZ__2233.view_-768x512.jpg 768w\" sizes=\"(max-width: 800px) 100vw, 800px\" \/><\/a><a href=\"https:\/\/marekkuchcinski.pl\/wp-content\/uploads\/2017\/11\/DOV_gmrW0AMDpCP.jpg\"><img loading=\"lazy\" decoding=\"async\" class=\"alignnone size-full wp-image-7817\" src=\"https:\/\/marekkuchcinski.pl\/wp-content\/uploads\/2017\/11\/DOV_gmrW0AMDpCP.jpg\" alt=\"DOV_gmrW0AMDpCP\" width=\"800\" height=\"533\" srcset=\"https:\/\/marekkuchcinski.pl\/wp-content\/uploads\/2017\/11\/DOV_gmrW0AMDpCP.jpg 800w, https:\/\/marekkuchcinski.pl\/wp-content\/uploads\/2017\/11\/DOV_gmrW0AMDpCP-300x200.jpg 300w, https:\/\/marekkuchcinski.pl\/wp-content\/uploads\/2017\/11\/DOV_gmrW0AMDpCP-768x512.jpg 768w\" sizes=\"(max-width: 800px) 100vw, 800px\" \/><\/a> <a href=\"https:\/\/marekkuchcinski.pl\/wp-content\/uploads\/2017\/11\/KU234205.jpg\"><img loading=\"lazy\" decoding=\"async\" class=\"alignnone size-full wp-image-7818\" src=\"https:\/\/marekkuchcinski.pl\/wp-content\/uploads\/2017\/11\/KU234205.jpg\" alt=\"KU234205\" width=\"800\" height=\"535\" srcset=\"https:\/\/marekkuchcinski.pl\/wp-content\/uploads\/2017\/11\/KU234205.jpg 800w, https:\/\/marekkuchcinski.pl\/wp-content\/uploads\/2017\/11\/KU234205-300x201.jpg 300w, https:\/\/marekkuchcinski.pl\/wp-content\/uploads\/2017\/11\/KU234205-768x514.jpg 768w\" sizes=\"(max-width: 800px) 100vw, 800px\" \/><\/a><a href=\"https:\/\/marekkuchcinski.pl\/wp-content\/uploads\/2017\/11\/KU234842.jpg\"><img loading=\"lazy\" decoding=\"async\" class=\"alignnone size-full wp-image-7823\" src=\"https:\/\/marekkuchcinski.pl\/wp-content\/uploads\/2017\/11\/KU234842.jpg\" alt=\"KU234842\" width=\"2736\" height=\"1824\" srcset=\"https:\/\/marekkuchcinski.pl\/wp-content\/uploads\/2017\/11\/KU234842.jpg 2048w, https:\/\/marekkuchcinski.pl\/wp-content\/uploads\/2017\/11\/KU234842-300x200.jpg 300w, https:\/\/marekkuchcinski.pl\/wp-content\/uploads\/2017\/11\/KU234842-768x512.jpg 768w, https:\/\/marekkuchcinski.pl\/wp-content\/uploads\/2017\/11\/KU234842-1024x683.jpg 1024w\" sizes=\"(max-width: 2736px) 100vw, 2736px\" \/><\/a> <a href=\"https:\/\/marekkuchcinski.pl\/wp-content\/uploads\/2017\/11\/KU234596.jpg\"><img loading=\"lazy\" decoding=\"async\" class=\"alignnone size-full wp-image-7824\" src=\"https:\/\/marekkuchcinski.pl\/wp-content\/uploads\/2017\/11\/KU234596.jpg\" alt=\"KU234596\" width=\"2736\" height=\"1824\" srcset=\"https:\/\/marekkuchcinski.pl\/wp-content\/uploads\/2017\/11\/KU234596.jpg 2048w, https:\/\/marekkuchcinski.pl\/wp-content\/uploads\/2017\/11\/KU234596-300x200.jpg 300w, https:\/\/marekkuchcinski.pl\/wp-content\/uploads\/2017\/11\/KU234596-768x512.jpg 768w, https:\/\/marekkuchcinski.pl\/wp-content\/uploads\/2017\/11\/KU234596-1024x683.jpg 1024w\" sizes=\"(max-width: 2736px) 100vw, 2736px\" \/><\/a> <a href=\"https:\/\/marekkuchcinski.pl\/wp-content\/uploads\/2017\/11\/KU234680.jpg\"><img loading=\"lazy\" decoding=\"async\" class=\"alignnone size-full wp-image-7825\" src=\"https:\/\/marekkuchcinski.pl\/wp-content\/uploads\/2017\/11\/KU234680.jpg\" alt=\"KU234680\" width=\"2736\" height=\"1824\" srcset=\"https:\/\/marekkuchcinski.pl\/wp-content\/uploads\/2017\/11\/KU234680.jpg 2048w, https:\/\/marekkuchcinski.pl\/wp-content\/uploads\/2017\/11\/KU234680-300x200.jpg 300w, https:\/\/marekkuchcinski.pl\/wp-content\/uploads\/2017\/11\/KU234680-768x512.jpg 768w, https:\/\/marekkuchcinski.pl\/wp-content\/uploads\/2017\/11\/KU234680-1024x683.jpg 1024w\" sizes=\"(max-width: 2736px) 100vw, 2736px\" \/><\/a><\/p>","protected":false},"excerpt":{"rendered":"<p>\u015awi\u0105tynia Opatrzno\u015bci Bo\u017cej, Pa\u0142ac Prezydencki, Plac Marsza\u0142ka Pi\u0142sudskiego &#8211; to g\u0142\u00f3wne miejsca sobotnich obchod\u00f3w \u015awi\u0119ta Niepodleg\u0142o\u015bci w Warszawie. Najwy\u017csi rang\u0105 urz\u0119dnicy pa\u0144stwowi &#8211; w\u015br\u00f3d nich marsza\u0142ek Sejmu Marek Kuchci\u0144ski &#8211; oddali ho\u0142d ojcom za\u0142o\u017cycielom wolnego pa\u0144stwa polskiego, kt\u00f3re przed wiekiem wr\u00f3ci\u0142o na map\u0119 Europy. &#8222;Heroizmem, mi\u0142o\u015bci\u0105 do ojczyzny, krwi\u0105, modlitw\u0105 i m\u0105dro\u015bci\u0105 99 lat temu [&hellip;]<\/p>\n","protected":false},"author":6,"featured_media":7810,"comment_status":"open","ping_status":"open","sticky":false,"template":"","format":"standard","meta":{"ngg_post_thumbnail":0,"footnotes":""},"categories":[77,3],"tags":[88,101,124,123],"class_list":["post-7805","post","type-post","status-publish","format-standard","has-post-thumbnail","hentry","category-wazne-daty","category-wydarzenia","tag-marszalek-sejmu","tag-niepodleglosc","tag-pilsudski","tag-swiatynia-opatrznosci"],"_links":{"self":[{"href":"https:\/\/marekkuchcinski.pl\/hu\/wp-json\/wp\/v2\/posts\/7805","targetHints":{"allow":["GET"]}}],"collection":[{"href":"https:\/\/marekkuchcinski.pl\/hu\/wp-json\/wp\/v2\/posts"}],"about":[{"href":"https:\/\/marekkuchcinski.pl\/hu\/wp-json\/wp\/v2\/types\/post"}],"author":[{"embeddable":true,"href":"https:\/\/marekkuchcinski.pl\/hu\/wp-json\/wp\/v2\/users\/6"}],"replies":[{"embeddable":true,"href":"https:\/\/marekkuchcinski.pl\/hu\/wp-json\/wp\/v2\/comments?post=7805"}],"version-history":[{"count":4,"href":"https:\/\/marekkuchcinski.pl\/hu\/wp-json\/wp\/v2\/posts\/7805\/revisions"}],"predecessor-version":[{"id":7827,"href":"https:\/\/marekkuchcinski.pl\/hu\/wp-json\/wp\/v2\/posts\/7805\/revisions\/7827"}],"wp:featuredmedia":[{"embeddable":true,"href":"https:\/\/marekkuchcinski.pl\/hu\/wp-json\/wp\/v2\/media\/7810"}],"wp:attachment":[{"href":"https:\/\/marekkuchcinski.pl\/hu\/wp-json\/wp\/v2\/media?parent=7805"}],"wp:term":[{"taxonomy":"category","embeddable":true,"href":"https:\/\/marekkuchcinski.pl\/hu\/wp-json\/wp\/v2\/categories?post=7805"},{"taxonomy":"post_tag","embeddable":true,"href":"https:\/\/marekkuchcinski.pl\/hu\/wp-json\/wp\/v2\/tags?post=7805"}],"curies":[{"name":"wp","href":"https:\/\/api.w.org\/{rel}","templated":true}]}}