{"id":7641,"date":"2022-11-01T10:29:00","date_gmt":"2022-11-01T09:29:00","guid":{"rendered":"https:\/\/marekkuchcinski.pl\/?p=7641"},"modified":"2022-11-01T11:39:47","modified_gmt":"2022-11-01T10:39:47","slug":"7641","status":"publish","type":"post","link":"https:\/\/marekkuchcinski.pl\/hu\/wydarzenia\/7641\/","title":{"rendered":"Przemyskie nekropolie"},"content":{"rendered":"<hr \/>\n<p><strong>Kto\u015b kiedy\u015b powiedzia\u0142, \u017ce je\u017celi chce si\u0119 pozna\u0107 histori\u0119 miasta i jego obywateli, trzeba si\u0119 wybra\u0107 na cmentarz. Jest on jakby otwart\u0105 ksi\u0119g\u0105, z kt\u00f3rej wiele mo\u017cna wyczyta\u0107.<\/strong><\/p>\n<p>Na przemyskich cmentarzach spoczywaj\u0105 \u017co\u0142nierze dw\u00f3ch wojen, \u017co\u0142nierze armii austro-w\u0119gierskiej, legioni\u015bci polegli w walkach o Przemy\u015bl, kresowiacy pomordowani przez OUN-UPA, ofiary NKWD, \u017co\u0142nierze AK, Orl\u0119ta Przemyskie, \u017bo\u0142nierze Wykl\u0119ci i wielu innych.<\/p>\n<p>Nie mo\u017cna zrozumie\u0107 miasta bez zanurzenia si\u0119 w jego historii. Podkarpackie nekropolie, jak ta w Jaros\u0142awiu, nale\u017c\u0105 do najstarszych w Europie. Snuj\u0105 opowie\u015b\u0107 o dawnych dziejach, cmentarne dr\u00f3\u017cki wiod\u0105 nas pomi\u0119dzy klimatycznymi pomnikami wykutymi w warsztatach mistrz\u00f3w, prowadz\u0105 w \u015bwiat, a mo\u017ce za\u015bwiat \u017co\u0142nierzy, powsta\u0144c\u00f3w, my\u015blicieli, artyst\u00f3w i zwyk\u0142ych mieszka\u0144c\u00f3w regionu, z kt\u00f3rych ka\u017cdy mia\u0142 przecie\u017c sw\u00f3j ciekawy los. Rzecz\u0105 niewykonaln\u0105 by\u0142oby przypomnienie Pa\u0144stwu ich wszystkich. Chcieliby\u015bmy wi\u0119c zwr\u00f3ci\u0107 uwag\u0119 na kilka mogi\u0142:<\/p>\n<p><em>fot. Piotr Michalski<\/em><\/p>\n<p><a href=\"https:\/\/marekkuchcinski.pl\/wp-content\/uploads\/2017\/10\/pjk.jpg\"><img fetchpriority=\"high\" decoding=\"async\" class=\"alignnone size-full wp-image-10550\" src=\"https:\/\/marekkuchcinski.pl\/wp-content\/uploads\/2017\/10\/pjk.jpg\" alt=\"pjk\" width=\"1365\" height=\"2048\" srcset=\"https:\/\/marekkuchcinski.pl\/wp-content\/uploads\/2017\/10\/pjk.jpg 1365w, https:\/\/marekkuchcinski.pl\/wp-content\/uploads\/2017\/10\/pjk-200x300.jpg 200w, https:\/\/marekkuchcinski.pl\/wp-content\/uploads\/2017\/10\/pjk-768x1152.jpg 768w, https:\/\/marekkuchcinski.pl\/wp-content\/uploads\/2017\/10\/pjk-683x1024.jpg 683w\" sizes=\"(max-width: 1365px) 100vw, 1365px\" \/><\/a>Na cmentarzu g\u0142\u00f3wnym pochowano pierwszego prezydenta Przemy\u015bla<a href=\"https:\/\/marekkuchcinski.pl\/wp-content\/uploads\/2017\/10\/14753853_1229535310452827_8810917204655088661_o.jpg\"><img decoding=\"async\" class=\"alignnone size-full wp-image-7654\" src=\"https:\/\/marekkuchcinski.pl\/wp-content\/uploads\/2017\/10\/14753853_1229535310452827_8810917204655088661_o.jpg\" alt=\"14753853_1229535310452827_8810917204655088661_o\" width=\"1362\" height=\"2048\" srcset=\"https:\/\/marekkuchcinski.pl\/wp-content\/uploads\/2017\/10\/14753853_1229535310452827_8810917204655088661_o.jpg 1362w, https:\/\/marekkuchcinski.pl\/wp-content\/uploads\/2017\/10\/14753853_1229535310452827_8810917204655088661_o-200x300.jpg 200w, https:\/\/marekkuchcinski.pl\/wp-content\/uploads\/2017\/10\/14753853_1229535310452827_8810917204655088661_o-768x1155.jpg 768w, https:\/\/marekkuchcinski.pl\/wp-content\/uploads\/2017\/10\/14753853_1229535310452827_8810917204655088661_o-681x1024.jpg 681w\" sizes=\"(max-width: 1362px) 100vw, 1362px\" \/><\/a>Na zasa\u0144skim cmentarzu uwag\u0119\u00a0przykuwa pot\u0119\u017cny 28-metrowy krzy\u017c wykonany z fragment\u00f3w prz\u0119se\u0142 zburzonego mostu.<a href=\"https:\/\/marekkuchcinski.pl\/wp-content\/uploads\/2017\/10\/23131529_1717857454953941_229588672_o.jpg\"><img decoding=\"async\" class=\"alignnone size-full wp-image-7643\" src=\"https:\/\/marekkuchcinski.pl\/wp-content\/uploads\/2017\/10\/23131529_1717857454953941_229588672_o.jpg\" alt=\"23131529_1717857454953941_229588672_o\" width=\"2048\" height=\"1365\" srcset=\"https:\/\/marekkuchcinski.pl\/wp-content\/uploads\/2017\/10\/23131529_1717857454953941_229588672_o.jpg 2048w, https:\/\/marekkuchcinski.pl\/wp-content\/uploads\/2017\/10\/23131529_1717857454953941_229588672_o-300x200.jpg 300w, https:\/\/marekkuchcinski.pl\/wp-content\/uploads\/2017\/10\/23131529_1717857454953941_229588672_o-768x512.jpg 768w, https:\/\/marekkuchcinski.pl\/wp-content\/uploads\/2017\/10\/23131529_1717857454953941_229588672_o-1024x683.jpg 1024w\" sizes=\"(max-width: 2048px) 100vw, 2048px\" \/><\/a>Cmentarz \u017co\u0142nierzy austro-w\u0119gierskich (1914-1918) jest kompleksem czterech cmentarzy z I wojny \u015bwiatowej. Ich powstanie wi\u0105\u017ce si\u0119 z rol\u0105, jak\u0105 w czasie Wielkiej Wojny odegra\u0142a Twierdza Przemy\u015bl.\u00a0Znalaz\u0142y tu miejsce wiecznego spoczynku tysi\u0105ce \u017co\u0142nierzy poleg\u0142ych w trakcie krwawego, trzykrotnego obl\u0119\u017cenia Twierdzy Przemy\u015bl w latach 1914 &#8211; 1915. (Bia\u0142o-czerwona wst\u0119ga na kwiatach: Marsza\u0142ek Sejmu RP Marek Kuchci\u0144ski).<\/p>\n<p><a href=\"https:\/\/marekkuchcinski.pl\/wp-content\/uploads\/2017\/10\/23157995_1717854338287586_73979395_o.jpg\"><img loading=\"lazy\" decoding=\"async\" class=\"alignnone size-full wp-image-7649\" src=\"https:\/\/marekkuchcinski.pl\/wp-content\/uploads\/2017\/10\/23157995_1717854338287586_73979395_o.jpg\" alt=\"23157995_1717854338287586_73979395_o\" width=\"1363\" height=\"2048\" srcset=\"https:\/\/marekkuchcinski.pl\/wp-content\/uploads\/2017\/10\/23157995_1717854338287586_73979395_o.jpg 1363w, https:\/\/marekkuchcinski.pl\/wp-content\/uploads\/2017\/10\/23157995_1717854338287586_73979395_o-200x300.jpg 200w, https:\/\/marekkuchcinski.pl\/wp-content\/uploads\/2017\/10\/23157995_1717854338287586_73979395_o-768x1154.jpg 768w, https:\/\/marekkuchcinski.pl\/wp-content\/uploads\/2017\/10\/23157995_1717854338287586_73979395_o-682x1024.jpg 682w\" sizes=\"(max-width: 1363px) 100vw, 1363px\" \/><\/a>Pomnik upami\u0119tniaj\u0105cy \u017co\u0142nierzy Armii Krajowej \u2013 zakonspirowanych si\u0142 zbrojnych Polskiego Pa\u0144stwa Podziemnego w latach II wojny \u015bwiatowej, dzia\u0142aj\u0105cych na terytorium Rzeczypospolitej Polskiej okupowanym przez Niemcy i ZSRR.<a href=\"https:\/\/marekkuchcinski.pl\/wp-content\/uploads\/2017\/10\/23131191_1717821934957493_1745297038_o.jpg\"><img loading=\"lazy\" decoding=\"async\" class=\"alignnone size-full wp-image-7652\" src=\"https:\/\/marekkuchcinski.pl\/wp-content\/uploads\/2017\/10\/23131191_1717821934957493_1745297038_o.jpg\" alt=\"23131191_1717821934957493_1745297038_o\" width=\"2048\" height=\"1365\" srcset=\"https:\/\/marekkuchcinski.pl\/wp-content\/uploads\/2017\/10\/23131191_1717821934957493_1745297038_o.jpg 2048w, https:\/\/marekkuchcinski.pl\/wp-content\/uploads\/2017\/10\/23131191_1717821934957493_1745297038_o-300x200.jpg 300w, https:\/\/marekkuchcinski.pl\/wp-content\/uploads\/2017\/10\/23131191_1717821934957493_1745297038_o-768x512.jpg 768w, https:\/\/marekkuchcinski.pl\/wp-content\/uploads\/2017\/10\/23131191_1717821934957493_1745297038_o-1024x683.jpg 1024w\" sizes=\"(max-width: 2048px) 100vw, 2048px\" \/><\/a>Grobowiec Orl\u0105t Przemyskich<a href=\"https:\/\/marekkuchcinski.pl\/wp-content\/uploads\/2017\/10\/23134982_1717990318273988_1237749262_o.jpg\"><img loading=\"lazy\" decoding=\"async\" class=\"alignnone size-full wp-image-7678\" src=\"https:\/\/marekkuchcinski.pl\/wp-content\/uploads\/2017\/10\/23134982_1717990318273988_1237749262_o.jpg\" alt=\"23134982_1717990318273988_1237749262_o\" width=\"2048\" height=\"1365\" srcset=\"https:\/\/marekkuchcinski.pl\/wp-content\/uploads\/2017\/10\/23134982_1717990318273988_1237749262_o.jpg 2048w, https:\/\/marekkuchcinski.pl\/wp-content\/uploads\/2017\/10\/23134982_1717990318273988_1237749262_o-300x200.jpg 300w, https:\/\/marekkuchcinski.pl\/wp-content\/uploads\/2017\/10\/23134982_1717990318273988_1237749262_o-768x512.jpg 768w, https:\/\/marekkuchcinski.pl\/wp-content\/uploads\/2017\/10\/23134982_1717990318273988_1237749262_o-1024x683.jpg 1024w\" sizes=\"(max-width: 2048px) 100vw, 2048px\" \/><\/a><a href=\"https:\/\/marekkuchcinski.pl\/wp-content\/uploads\/2017\/10\/23134950_1717822551624098_1010820101_o.jpg\"><img loading=\"lazy\" decoding=\"async\" class=\"alignnone size-full wp-image-7656\" src=\"https:\/\/marekkuchcinski.pl\/wp-content\/uploads\/2017\/10\/23134950_1717822551624098_1010820101_o.jpg\" alt=\"23134950_1717822551624098_1010820101_o\" width=\"1365\" height=\"2048\" srcset=\"https:\/\/marekkuchcinski.pl\/wp-content\/uploads\/2017\/10\/23134950_1717822551624098_1010820101_o.jpg 1365w, https:\/\/marekkuchcinski.pl\/wp-content\/uploads\/2017\/10\/23134950_1717822551624098_1010820101_o-200x300.jpg 200w, https:\/\/marekkuchcinski.pl\/wp-content\/uploads\/2017\/10\/23134950_1717822551624098_1010820101_o-768x1152.jpg 768w, https:\/\/marekkuchcinski.pl\/wp-content\/uploads\/2017\/10\/23134950_1717822551624098_1010820101_o-683x1024.jpg 683w\" sizes=\"(max-width: 1365px) 100vw, 1365px\" \/><\/a><strong>Gwiazda Przemy\u015bla<\/strong> to odznaka przyznawana uczestnikom walk o zdobycie miasta Przemy\u015bla toczonych od listopada 1918 do maja 1919. W listopadzie 1919 r. Komitet Wojskowo-Obywatelski opracowa\u0142 Statut Odznaki Honorowej dla obro\u0144c\u00f3w Przemy\u015bla pod nazw\u0105 \u201eGwiazda Przemy\u015bla\u201d. Projekt odznaki wykonali prof. Jankowski i in\u017c. Kazimierz Osi\u0144ski. Stempel zosta\u0142 wykonany przez artyst\u0119 plastyka Wiktora W\u0142osi\u0144skiego, a odznaki wybijano w lwowskiej firmie E. Ungera.<\/p>\n<p><a href=\"https:\/\/marekkuchcinski.pl\/wp-content\/uploads\/2017\/10\/23134885_1717853538287666_461682229_o.jpg\"><img loading=\"lazy\" decoding=\"async\" class=\"alignnone size-full wp-image-7655\" src=\"https:\/\/marekkuchcinski.pl\/wp-content\/uploads\/2017\/10\/23134885_1717853538287666_461682229_o.jpg\" alt=\"23134885_1717853538287666_461682229_o\" width=\"1363\" height=\"2048\" srcset=\"https:\/\/marekkuchcinski.pl\/wp-content\/uploads\/2017\/10\/23134885_1717853538287666_461682229_o.jpg 1363w, https:\/\/marekkuchcinski.pl\/wp-content\/uploads\/2017\/10\/23134885_1717853538287666_461682229_o-200x300.jpg 200w, https:\/\/marekkuchcinski.pl\/wp-content\/uploads\/2017\/10\/23134885_1717853538287666_461682229_o-768x1154.jpg 768w, https:\/\/marekkuchcinski.pl\/wp-content\/uploads\/2017\/10\/23134885_1717853538287666_461682229_o-682x1024.jpg 682w\" sizes=\"(max-width: 1363px) 100vw, 1363px\" \/><\/a><strong>Pomnik upami\u0119tniaj\u0105cy Polak\u00f3w z Kres\u00f3w Wschodnich pomordowanych\u00a0 przez OUN-UPA.<\/strong>\u00a0Inskrypcja na pomniku brzmi:\u00a0\u2026Je\u015bli zapomn\u0119 o nich, Ty, Bo\u017ce\u2026\u00a0 zapomnij o mnie\u2026\u00a0W ho\u0142dzie Polakom pomordowanym w latach 1943-1945 na Wo\u0142yniu i w Ma\u0142opolsce Wschodniej tak\u017ce tym, kt\u00f3rzy opu\u015bcili rodzinne strony, uchodz\u0105c przed terrorem i zag\u0142ad\u0105 z r\u0105k OUN-UPA w 60. rocznic\u0119 tej wielkiej tragedii \u2013 Rodacy,\u00a0Przemy\u015bl, lipiec 2003 r.<a href=\"https:\/\/marekkuchcinski.pl\/wp-content\/uploads\/2017\/10\/23113210_1717856214954065_290753323_o.jpg\"><img loading=\"lazy\" decoding=\"async\" class=\"alignnone size-full wp-image-7647\" src=\"https:\/\/marekkuchcinski.pl\/wp-content\/uploads\/2017\/10\/23113210_1717856214954065_290753323_o.jpg\" alt=\"23113210_1717856214954065_290753323_o\" width=\"2048\" height=\"1365\" srcset=\"https:\/\/marekkuchcinski.pl\/wp-content\/uploads\/2017\/10\/23113210_1717856214954065_290753323_o.jpg 2048w, https:\/\/marekkuchcinski.pl\/wp-content\/uploads\/2017\/10\/23113210_1717856214954065_290753323_o-300x200.jpg 300w, https:\/\/marekkuchcinski.pl\/wp-content\/uploads\/2017\/10\/23113210_1717856214954065_290753323_o-768x512.jpg 768w, https:\/\/marekkuchcinski.pl\/wp-content\/uploads\/2017\/10\/23113210_1717856214954065_290753323_o-1024x683.jpg 1024w\" sizes=\"(max-width: 2048px) 100vw, 2048px\" \/><\/a><strong>Gr\u00f3b Nieznanego \u017bo\u0142nierza.<\/strong> Znajduj\u0105 si\u0119 w nim bezimienne szcz\u0105tki\u00a0 \u017co\u0142nierza poleg\u0142ego w 1918 r. na przedpolach Przemy\u015bla w czasie walk pod Ni\u017cankowicami. Inskrypcja na p\u0142ycie grobu brzmi:\u00a0Nieznanemu \u017bo\u0142nierzowi Rodacy 31 V\u00a0 MCMXXV.<a href=\"https:\/\/marekkuchcinski.pl\/wp-content\/uploads\/2017\/10\/23131436_1717856828287337_2107238758_o.jpg\"><img loading=\"lazy\" decoding=\"async\" class=\"alignnone size-full wp-image-7646\" src=\"https:\/\/marekkuchcinski.pl\/wp-content\/uploads\/2017\/10\/23131436_1717856828287337_2107238758_o.jpg\" alt=\"23131436_1717856828287337_2107238758_o\" width=\"2048\" height=\"1366\" srcset=\"https:\/\/marekkuchcinski.pl\/wp-content\/uploads\/2017\/10\/23131436_1717856828287337_2107238758_o.jpg 2048w, https:\/\/marekkuchcinski.pl\/wp-content\/uploads\/2017\/10\/23131436_1717856828287337_2107238758_o-300x200.jpg 300w, https:\/\/marekkuchcinski.pl\/wp-content\/uploads\/2017\/10\/23131436_1717856828287337_2107238758_o-768x512.jpg 768w, https:\/\/marekkuchcinski.pl\/wp-content\/uploads\/2017\/10\/23131436_1717856828287337_2107238758_o-1024x683.jpg 1024w\" sizes=\"(max-width: 2048px) 100vw, 2048px\" \/><\/a><strong>Obelisk po\u015bwi\u0119cony poleg\u0142ym Legionistom Polskim<\/strong>, kt\u00f3ry zosta\u0142\u00a0 przeniesiony na Cmentarz Wojskowy z Cmentarza G\u0142\u00f3wnego.<a href=\"https:\/\/marekkuchcinski.pl\/wp-content\/uploads\/2017\/10\/23131310_1717983111608042_727793413_o.jpg\"><img loading=\"lazy\" decoding=\"async\" class=\"alignnone size-full wp-image-7673\" src=\"https:\/\/marekkuchcinski.pl\/wp-content\/uploads\/2017\/10\/23131310_1717983111608042_727793413_o.jpg\" alt=\"23131310_1717983111608042_727793413_o\" width=\"2048\" height=\"1367\" srcset=\"https:\/\/marekkuchcinski.pl\/wp-content\/uploads\/2017\/10\/23131310_1717983111608042_727793413_o.jpg 2048w, https:\/\/marekkuchcinski.pl\/wp-content\/uploads\/2017\/10\/23131310_1717983111608042_727793413_o-300x200.jpg 300w, https:\/\/marekkuchcinski.pl\/wp-content\/uploads\/2017\/10\/23131310_1717983111608042_727793413_o-768x513.jpg 768w, https:\/\/marekkuchcinski.pl\/wp-content\/uploads\/2017\/10\/23131310_1717983111608042_727793413_o-1024x684.jpg 1024w\" sizes=\"(max-width: 2048px) 100vw, 2048px\" \/><\/a>Napis na\u00a0nim brzmi:\u00a0Poleg\u0142ym Legionistom Polskim 1914-1918\u00a0w 70. rocznic\u0119 odzyskania Niepodleg\u0142o\u015bci Polski staraniem Towarzystwa Przyjaci\u00f3\u0142 Miasta i Regionu ten pami\u0105tkowy obelisk uratowano od zniszczenia, odnowiono i postawiono w nowym miejscu.<a href=\"https:\/\/marekkuchcinski.pl\/wp-content\/uploads\/2017\/10\/23113033_1717823888290631_1650057608_o.jpg\"><img loading=\"lazy\" decoding=\"async\" class=\"alignnone size-full wp-image-7651\" src=\"https:\/\/marekkuchcinski.pl\/wp-content\/uploads\/2017\/10\/23113033_1717823888290631_1650057608_o.jpg\" alt=\"23113033_1717823888290631_1650057608_o\" width=\"2048\" height=\"1365\" srcset=\"https:\/\/marekkuchcinski.pl\/wp-content\/uploads\/2017\/10\/23113033_1717823888290631_1650057608_o.jpg 2048w, https:\/\/marekkuchcinski.pl\/wp-content\/uploads\/2017\/10\/23113033_1717823888290631_1650057608_o-300x200.jpg 300w, https:\/\/marekkuchcinski.pl\/wp-content\/uploads\/2017\/10\/23113033_1717823888290631_1650057608_o-768x512.jpg 768w, https:\/\/marekkuchcinski.pl\/wp-content\/uploads\/2017\/10\/23113033_1717823888290631_1650057608_o-1024x683.jpg 1024w\" sizes=\"(max-width: 2048px) 100vw, 2048px\" \/><\/a><strong>Grobowiec rodziny Wnorowskich.<\/strong> Alicja\u00a0 Wnorowska\u00a0 \u201eEwa\u201d,\u00a0\u00a0Irena\u00a0 Szajowska\u00a0 \u201eHanka\u201d\u00a0 i\u00a0\u00a0Maria\u00a0 Grzegorczyk\u00a0pracowa\u0142y dla przemyskich Brygad Wywiadowczych. Do po\u0142owy 1946 r. przekazywa\u0142y plany dzia\u0142a\u0144 operacyjnych, wykazy i fotografie funkcjonariuszy urz\u0119d\u00f3w, wykazy os\u00f3b \u015bciganych listami go\u0144czymi i poszukiwanych za dzia\u0142alno\u015b\u0107 w konspiracji, wyci\u0105gi z\u00a0 protoko\u0142\u00f3w\u00a0 przes\u0142ucha\u0144\u00a0 aresztowanych,\u00a0 dane\u00a0 personalne\u00a0 i\u00a0 zadania\u00a0agentury, spisy wi\u0119\u017ani\u00f3w oraz dokumenty sprawozdawcze i schemat funkcjonowania\u00a0 WUBP.\u00a0 Wnorowska zosta\u0142a skazana na kar\u0119 \u015bmierci, zamienion\u0105 ze wzgl\u0119du na zaawansowan\u0105 ci\u0105\u017c\u0119 na do\u017cywocie. Grzegorczyk skazano na do\u017cywocie. Szajowska otrzyma\u0142a wyrok 15 lat wi\u0119zienia.<a href=\"https:\/\/marekkuchcinski.pl\/wp-content\/uploads\/2017\/10\/23135045_1717852671621086_512518898_o.jpg\"><img loading=\"lazy\" decoding=\"async\" class=\"alignnone size-full wp-image-7657\" src=\"https:\/\/marekkuchcinski.pl\/wp-content\/uploads\/2017\/10\/23135045_1717852671621086_512518898_o.jpg\" alt=\"23135045_1717852671621086_512518898_o\" width=\"2048\" height=\"1365\" srcset=\"https:\/\/marekkuchcinski.pl\/wp-content\/uploads\/2017\/10\/23135045_1717852671621086_512518898_o.jpg 2048w, https:\/\/marekkuchcinski.pl\/wp-content\/uploads\/2017\/10\/23135045_1717852671621086_512518898_o-300x200.jpg 300w, https:\/\/marekkuchcinski.pl\/wp-content\/uploads\/2017\/10\/23135045_1717852671621086_512518898_o-768x512.jpg 768w, https:\/\/marekkuchcinski.pl\/wp-content\/uploads\/2017\/10\/23135045_1717852671621086_512518898_o-1024x683.jpg 1024w\" sizes=\"(max-width: 2048px) 100vw, 2048px\" \/><\/a><a href=\"https:\/\/marekkuchcinski.pl\/wp-content\/uploads\/2017\/10\/IMG_3710-1.jpg\"><img loading=\"lazy\" decoding=\"async\" class=\"alignnone wp-image-7718\" src=\"https:\/\/marekkuchcinski.pl\/wp-content\/uploads\/2017\/10\/IMG_3710-1.jpg\" alt=\"IMG_3710 (1)\" width=\"873\" height=\"1164\" srcset=\"https:\/\/marekkuchcinski.pl\/wp-content\/uploads\/2017\/10\/IMG_3710-1.jpg 600w, https:\/\/marekkuchcinski.pl\/wp-content\/uploads\/2017\/10\/IMG_3710-1-225x300.jpg 225w\" sizes=\"(max-width: 873px) 100vw, 873px\" \/><\/a><\/p>\n<p>Tu spoczywa\u00a0<strong>Aleksander Dworski<\/strong>, polski dzia\u0142acz spo\u0142eczny, adwokat, pose\u0142 do Rady Pa\u0144stwa oraz Sejmu Krajowego Galicji, wieloletni burmistrz Przemy\u015bla.\u00a0Powo\u0142a\u0142 do \u017cycia Komunaln\u0105 Kas\u0119 Oszcz\u0119dno\u015bci, z jego inicjatywy za\u0142o\u017cono Zwi\u0105zek Miast Galicyjskich. W czasie jego urz\u0119dowania rozbudowano w Przemy\u015blu szko\u0142y, zaprowadzono wodoci\u0105gi, rozpocz\u0119to elektryfikacj\u0119 miasta, wybudowano schronisko dla bezdomnych im. Brata Alberta oraz \u201eDom przytu\u0142ku i pracy dla starszych\u201d. By\u0142 przewodnicz\u0105cym komitetu szpitalnego, z inicjatywy kt\u00f3rego wybudowano szpital powszechny.\u00a0Odznaczony komandori\u0105 orderu \u015bw. Grzegorza przez papie\u017ca Leona XIII oraz orderem Franciszka J\u00f3zefa.<a href=\"https:\/\/marekkuchcinski.pl\/wp-content\/uploads\/2017\/10\/received_1719110504828636-1.jpeg\"><img loading=\"lazy\" decoding=\"async\" class=\"alignnone size-full wp-image-7723\" src=\"https:\/\/marekkuchcinski.pl\/wp-content\/uploads\/2017\/10\/received_1719110504828636-1.jpeg\" alt=\"received_1719110504828636\" width=\"2048\" height=\"1355\" srcset=\"https:\/\/marekkuchcinski.pl\/wp-content\/uploads\/2017\/10\/received_1719110504828636-1.jpeg 2048w, https:\/\/marekkuchcinski.pl\/wp-content\/uploads\/2017\/10\/received_1719110504828636-1-300x198.jpeg 300w, https:\/\/marekkuchcinski.pl\/wp-content\/uploads\/2017\/10\/received_1719110504828636-1-768x508.jpeg 768w, https:\/\/marekkuchcinski.pl\/wp-content\/uploads\/2017\/10\/received_1719110504828636-1-1024x678.jpeg 1024w\" sizes=\"(max-width: 2048px) 100vw, 2048px\" \/><\/a>P\u0142askorze\u017aba \u015aw. J\u00f3zefa wie\u0144cz\u0105ca grobowiec Lanikiewicz\u00f3w, w kt\u00f3rym pochowany jest J\u00f3zef Lanikiewicz, uczestnik powstania 1863, starosta przemyski w latach 1897-1910 oraz komisarz rz\u0105dowy (w zste\u0119pstwie burmistrza) od 28 stycznia 1914 do 5 listopada 19134 r.<a href=\"https:\/\/marekkuchcinski.pl\/wp-content\/uploads\/2017\/10\/23131475_1717987684940918_1104667609_o.jpg\"><img loading=\"lazy\" decoding=\"async\" class=\"alignnone size-full wp-image-7676\" src=\"https:\/\/marekkuchcinski.pl\/wp-content\/uploads\/2017\/10\/23131475_1717987684940918_1104667609_o.jpg\" alt=\"23131475_1717987684940918_1104667609_o\" width=\"1381\" height=\"2048\" srcset=\"https:\/\/marekkuchcinski.pl\/wp-content\/uploads\/2017\/10\/23131475_1717987684940918_1104667609_o.jpg 1381w, https:\/\/marekkuchcinski.pl\/wp-content\/uploads\/2017\/10\/23131475_1717987684940918_1104667609_o-202x300.jpg 202w, https:\/\/marekkuchcinski.pl\/wp-content\/uploads\/2017\/10\/23131475_1717987684940918_1104667609_o-768x1139.jpg 768w, https:\/\/marekkuchcinski.pl\/wp-content\/uploads\/2017\/10\/23131475_1717987684940918_1104667609_o-691x1024.jpg 691w\" sizes=\"(max-width: 1381px) 100vw, 1381px\" \/><\/a> <a href=\"https:\/\/marekkuchcinski.pl\/wp-content\/uploads\/2017\/10\/23135078_1717987498274270_2040358593_o.jpg\"><img loading=\"lazy\" decoding=\"async\" class=\"alignnone size-full wp-image-7677\" src=\"https:\/\/marekkuchcinski.pl\/wp-content\/uploads\/2017\/10\/23135078_1717987498274270_2040358593_o.jpg\" alt=\"23135078_1717987498274270_2040358593_o\" width=\"2048\" height=\"1365\" srcset=\"https:\/\/marekkuchcinski.pl\/wp-content\/uploads\/2017\/10\/23135078_1717987498274270_2040358593_o.jpg 2048w, https:\/\/marekkuchcinski.pl\/wp-content\/uploads\/2017\/10\/23135078_1717987498274270_2040358593_o-300x200.jpg 300w, https:\/\/marekkuchcinski.pl\/wp-content\/uploads\/2017\/10\/23135078_1717987498274270_2040358593_o-768x512.jpg 768w, https:\/\/marekkuchcinski.pl\/wp-content\/uploads\/2017\/10\/23135078_1717987498274270_2040358593_o-1024x683.jpg 1024w\" sizes=\"(max-width: 2048px) 100vw, 2048px\" \/><\/a>Pracownicy kolejowi zwi\u0105zani z kolej\u0105 w\u0119giersko-galicyjsk\u0105.<em><a href=\"https:\/\/marekkuchcinski.pl\/wp-content\/uploads\/2017\/10\/23134972_1716592005080486_13718885_o.jpg\"><img loading=\"lazy\" decoding=\"async\" class=\"alignnone size-full wp-image-7679\" src=\"https:\/\/marekkuchcinski.pl\/wp-content\/uploads\/2017\/10\/23134972_1716592005080486_13718885_o.jpg\" alt=\"23134972_1716592005080486_13718885_o\" width=\"1355\" height=\"2048\" srcset=\"https:\/\/marekkuchcinski.pl\/wp-content\/uploads\/2017\/10\/23134972_1716592005080486_13718885_o.jpg 1355w, https:\/\/marekkuchcinski.pl\/wp-content\/uploads\/2017\/10\/23134972_1716592005080486_13718885_o-198x300.jpg 198w, https:\/\/marekkuchcinski.pl\/wp-content\/uploads\/2017\/10\/23134972_1716592005080486_13718885_o-768x1161.jpg 768w, https:\/\/marekkuchcinski.pl\/wp-content\/uploads\/2017\/10\/23134972_1716592005080486_13718885_o-678x1024.jpg 678w\" sizes=\"(max-width: 1355px) 100vw, 1355px\" \/><\/a> <a href=\"https:\/\/marekkuchcinski.pl\/wp-content\/uploads\/2017\/10\/23157953_1716657175073969_131672227_o.jpg\"><img loading=\"lazy\" decoding=\"async\" class=\"alignnone size-full wp-image-7680\" src=\"https:\/\/marekkuchcinski.pl\/wp-content\/uploads\/2017\/10\/23157953_1716657175073969_131672227_o.jpg\" alt=\"23157953_1716657175073969_131672227_o\" width=\"1365\" height=\"2048\" srcset=\"https:\/\/marekkuchcinski.pl\/wp-content\/uploads\/2017\/10\/23157953_1716657175073969_131672227_o.jpg 1365w, https:\/\/marekkuchcinski.pl\/wp-content\/uploads\/2017\/10\/23157953_1716657175073969_131672227_o-200x300.jpg 200w, https:\/\/marekkuchcinski.pl\/wp-content\/uploads\/2017\/10\/23157953_1716657175073969_131672227_o-768x1152.jpg 768w, https:\/\/marekkuchcinski.pl\/wp-content\/uploads\/2017\/10\/23157953_1716657175073969_131672227_o-683x1024.jpg 683w\" sizes=\"(max-width: 1365px) 100vw, 1365px\" \/><\/a> <a href=\"https:\/\/marekkuchcinski.pl\/wp-content\/uploads\/2017\/10\/23113225_1716656151740738_1429173171_o.jpg\"><img loading=\"lazy\" decoding=\"async\" class=\"alignnone size-full wp-image-7681\" src=\"https:\/\/marekkuchcinski.pl\/wp-content\/uploads\/2017\/10\/23113225_1716656151740738_1429173171_o.jpg\" alt=\"23113225_1716656151740738_1429173171_o\" width=\"1369\" height=\"2048\" srcset=\"https:\/\/marekkuchcinski.pl\/wp-content\/uploads\/2017\/10\/23113225_1716656151740738_1429173171_o.jpg 1369w, https:\/\/marekkuchcinski.pl\/wp-content\/uploads\/2017\/10\/23113225_1716656151740738_1429173171_o-201x300.jpg 201w, https:\/\/marekkuchcinski.pl\/wp-content\/uploads\/2017\/10\/23113225_1716656151740738_1429173171_o-768x1149.jpg 768w, https:\/\/marekkuchcinski.pl\/wp-content\/uploads\/2017\/10\/23113225_1716656151740738_1429173171_o-685x1024.jpg 685w\" sizes=\"(max-width: 1369px) 100vw, 1369px\" \/><\/a><\/em><a href=\"https:\/\/marekkuchcinski.pl\/wp-content\/uploads\/2017\/10\/22829212_1714913918581628_1911785337789979390_o.jpg\"><img loading=\"lazy\" decoding=\"async\" class=\"alignnone size-full wp-image-7688\" src=\"https:\/\/marekkuchcinski.pl\/wp-content\/uploads\/2017\/10\/22829212_1714913918581628_1911785337789979390_o.jpg\" alt=\"22829212_1714913918581628_1911785337789979390_o\" width=\"2048\" height=\"1365\" srcset=\"https:\/\/marekkuchcinski.pl\/wp-content\/uploads\/2017\/10\/22829212_1714913918581628_1911785337789979390_o.jpg 2048w, https:\/\/marekkuchcinski.pl\/wp-content\/uploads\/2017\/10\/22829212_1714913918581628_1911785337789979390_o-300x200.jpg 300w, https:\/\/marekkuchcinski.pl\/wp-content\/uploads\/2017\/10\/22829212_1714913918581628_1911785337789979390_o-768x512.jpg 768w, https:\/\/marekkuchcinski.pl\/wp-content\/uploads\/2017\/10\/22829212_1714913918581628_1911785337789979390_o-1024x683.jpg 1024w\" sizes=\"(max-width: 2048px) 100vw, 2048px\" \/><\/a> <a href=\"https:\/\/marekkuchcinski.pl\/wp-content\/uploads\/2017\/10\/22713376_1705476522858701_1811237956598670209_o.jpg\"><img loading=\"lazy\" decoding=\"async\" class=\"alignnone size-full wp-image-7689\" src=\"https:\/\/marekkuchcinski.pl\/wp-content\/uploads\/2017\/10\/22713376_1705476522858701_1811237956598670209_o.jpg\" alt=\"22713376_1705476522858701_1811237956598670209_o\" width=\"1365\" height=\"2048\" srcset=\"https:\/\/marekkuchcinski.pl\/wp-content\/uploads\/2017\/10\/22713376_1705476522858701_1811237956598670209_o.jpg 1365w, https:\/\/marekkuchcinski.pl\/wp-content\/uploads\/2017\/10\/22713376_1705476522858701_1811237956598670209_o-200x300.jpg 200w, https:\/\/marekkuchcinski.pl\/wp-content\/uploads\/2017\/10\/22713376_1705476522858701_1811237956598670209_o-768x1152.jpg 768w, https:\/\/marekkuchcinski.pl\/wp-content\/uploads\/2017\/10\/22713376_1705476522858701_1811237956598670209_o-683x1024.jpg 683w\" sizes=\"(max-width: 1365px) 100vw, 1365px\" \/><\/a> Nagrobek genera\u0142a Macieja Maruniaka.\u00a0W wieku 18 lat jako ochotnik wst\u0105pi\u0142 do armii austriackiej, otrzymuj\u0105c przydzia\u0142 do 10 Pu\u0142ku Piechoty w Przemy\u015blu. W roku 1849 uzyska\u0142 pierwszy stopie\u0144 oficerski. Po 27 latach s\u0142u\u017cby w 10 Pu\u0142ku Piechoty, w roku 1872 zosta\u0142 przeniesiony do Obrony Krajowej. W roku 1874 z\u0142o\u017cy\u0142 egzamin na oficera sztabowego, otrzyma\u0142 awans na stopie\u0144 majora i zosta\u0142 dow\u00f3dc\u0105 59 Batalionu Obrony Krajowej w Przemy\u015blu. <a href=\"https:\/\/marekkuchcinski.pl\/wp-content\/uploads\/2017\/10\/22549071_1705539819519038_8076641234468170915_o.jpg\"><img loading=\"lazy\" decoding=\"async\" class=\"alignnone size-full wp-image-7690\" src=\"https:\/\/marekkuchcinski.pl\/wp-content\/uploads\/2017\/10\/22549071_1705539819519038_8076641234468170915_o.jpg\" alt=\"22549071_1705539819519038_8076641234468170915_o\" width=\"1367\" height=\"2048\" srcset=\"https:\/\/marekkuchcinski.pl\/wp-content\/uploads\/2017\/10\/22549071_1705539819519038_8076641234468170915_o.jpg 1367w, https:\/\/marekkuchcinski.pl\/wp-content\/uploads\/2017\/10\/22549071_1705539819519038_8076641234468170915_o-200x300.jpg 200w, https:\/\/marekkuchcinski.pl\/wp-content\/uploads\/2017\/10\/22549071_1705539819519038_8076641234468170915_o-768x1151.jpg 768w, https:\/\/marekkuchcinski.pl\/wp-content\/uploads\/2017\/10\/22549071_1705539819519038_8076641234468170915_o-684x1024.jpg 684w\" sizes=\"(max-width: 1367px) 100vw, 1367px\" \/><\/a> <a href=\"https:\/\/marekkuchcinski.pl\/wp-content\/uploads\/2017\/10\/22555641_1706459172760436_6167898631354337267_o.jpg\"><img loading=\"lazy\" decoding=\"async\" class=\"alignnone size-full wp-image-7691\" src=\"https:\/\/marekkuchcinski.pl\/wp-content\/uploads\/2017\/10\/22555641_1706459172760436_6167898631354337267_o.jpg\" alt=\"22555641_1706459172760436_6167898631354337267_o\" width=\"1365\" height=\"2048\" srcset=\"https:\/\/marekkuchcinski.pl\/wp-content\/uploads\/2017\/10\/22555641_1706459172760436_6167898631354337267_o.jpg 1365w, https:\/\/marekkuchcinski.pl\/wp-content\/uploads\/2017\/10\/22555641_1706459172760436_6167898631354337267_o-200x300.jpg 200w, https:\/\/marekkuchcinski.pl\/wp-content\/uploads\/2017\/10\/22555641_1706459172760436_6167898631354337267_o-768x1152.jpg 768w, https:\/\/marekkuchcinski.pl\/wp-content\/uploads\/2017\/10\/22555641_1706459172760436_6167898631354337267_o-683x1024.jpg 683w\" sizes=\"(max-width: 1365px) 100vw, 1365px\" \/><\/a> Gr\u00f3b Kazimierza Schallera, 23-letniego porucznika 37 Pu\u0142ku Piechoty poleg\u0142ego bohatersk\u0105 \u015bmierci\u0105 w obronie Kres\u00f3w Wschodnich pod Lwowem dnia 30 kwietnia 1919 r.\u00a030 IV 1919 roku we wsi Glinna jego oddzia\u0142 zosta\u0142 otoczony, a sam Schaller zgin\u0105\u0142 w walce. Zosta\u0142 odznaczony orderem Virtuti Militari oraz \u201eGwiazd\u0105 Przemy\u015bla\u201d. <a href=\"https:\/\/marekkuchcinski.pl\/wp-content\/uploads\/2017\/10\/22555607_1706314746108212_5869912935474862851_o.jpg\"><img loading=\"lazy\" decoding=\"async\" class=\"alignnone size-full wp-image-7692\" src=\"https:\/\/marekkuchcinski.pl\/wp-content\/uploads\/2017\/10\/22555607_1706314746108212_5869912935474862851_o.jpg\" alt=\"22555607_1706314746108212_5869912935474862851_o\" width=\"2048\" height=\"1365\" srcset=\"https:\/\/marekkuchcinski.pl\/wp-content\/uploads\/2017\/10\/22555607_1706314746108212_5869912935474862851_o.jpg 2048w, https:\/\/marekkuchcinski.pl\/wp-content\/uploads\/2017\/10\/22555607_1706314746108212_5869912935474862851_o-300x200.jpg 300w, https:\/\/marekkuchcinski.pl\/wp-content\/uploads\/2017\/10\/22555607_1706314746108212_5869912935474862851_o-768x512.jpg 768w, https:\/\/marekkuchcinski.pl\/wp-content\/uploads\/2017\/10\/22555607_1706314746108212_5869912935474862851_o-1024x683.jpg 1024w\" sizes=\"(max-width: 2048px) 100vw, 2048px\" \/><\/a> <a href=\"https:\/\/marekkuchcinski.pl\/wp-content\/uploads\/2017\/10\/22829030_1709017562504597_4897967895364143590_o.jpg\"><img loading=\"lazy\" decoding=\"async\" class=\"alignnone size-full wp-image-7693\" src=\"https:\/\/marekkuchcinski.pl\/wp-content\/uploads\/2017\/10\/22829030_1709017562504597_4897967895364143590_o.jpg\" alt=\"22829030_1709017562504597_4897967895364143590_o\" width=\"2048\" height=\"1386\" srcset=\"https:\/\/marekkuchcinski.pl\/wp-content\/uploads\/2017\/10\/22829030_1709017562504597_4897967895364143590_o.jpg 2048w, https:\/\/marekkuchcinski.pl\/wp-content\/uploads\/2017\/10\/22829030_1709017562504597_4897967895364143590_o-300x203.jpg 300w, https:\/\/marekkuchcinski.pl\/wp-content\/uploads\/2017\/10\/22829030_1709017562504597_4897967895364143590_o-768x520.jpg 768w, https:\/\/marekkuchcinski.pl\/wp-content\/uploads\/2017\/10\/22829030_1709017562504597_4897967895364143590_o-1024x693.jpg 1024w\" sizes=\"(max-width: 2048px) 100vw, 2048px\" \/><\/a> <a href=\"https:\/\/marekkuchcinski.pl\/wp-content\/uploads\/2017\/10\/23172442_1725129704226716_3957114162695109585_n.jpg\"><img loading=\"lazy\" decoding=\"async\" class=\"alignnone  wp-image-7763\" src=\"https:\/\/marekkuchcinski.pl\/wp-content\/uploads\/2017\/10\/23172442_1725129704226716_3957114162695109585_n.jpg\" alt=\"23172442_1725129704226716_3957114162695109585_n\" width=\"913\" height=\"1370\" srcset=\"https:\/\/marekkuchcinski.pl\/wp-content\/uploads\/2017\/10\/23172442_1725129704226716_3957114162695109585_n.jpg 640w, https:\/\/marekkuchcinski.pl\/wp-content\/uploads\/2017\/10\/23172442_1725129704226716_3957114162695109585_n-200x300.jpg 200w\" sizes=\"(max-width: 913px) 100vw, 913px\" \/><\/a><a href=\"https:\/\/marekkuchcinski.pl\/wp-content\/uploads\/2017\/10\/23172735_1726258890780464_3269487978065371923_n.jpg\"><img loading=\"lazy\" decoding=\"async\" class=\"alignnone  wp-image-7764\" src=\"https:\/\/marekkuchcinski.pl\/wp-content\/uploads\/2017\/10\/23172735_1726258890780464_3269487978065371923_n.jpg\" alt=\"23172735_1726258890780464_3269487978065371923_n\" width=\"859\" height=\"1289\" srcset=\"https:\/\/marekkuchcinski.pl\/wp-content\/uploads\/2017\/10\/23172735_1726258890780464_3269487978065371923_n.jpg 640w, https:\/\/marekkuchcinski.pl\/wp-content\/uploads\/2017\/10\/23172735_1726258890780464_3269487978065371923_n-200x300.jpg 200w\" sizes=\"(max-width: 859px) 100vw, 859px\" \/><\/a> <a href=\"https:\/\/marekkuchcinski.pl\/wp-content\/uploads\/2017\/10\/23215541_1723565101049843_2410519086298710660_o.jpg\"><img loading=\"lazy\" decoding=\"async\" class=\"alignnone size-full wp-image-7765\" src=\"https:\/\/marekkuchcinski.pl\/wp-content\/uploads\/2017\/10\/23215541_1723565101049843_2410519086298710660_o.jpg\" alt=\"23215541_1723565101049843_2410519086298710660_o\" width=\"2048\" height=\"1367\" srcset=\"https:\/\/marekkuchcinski.pl\/wp-content\/uploads\/2017\/10\/23215541_1723565101049843_2410519086298710660_o.jpg 2048w, https:\/\/marekkuchcinski.pl\/wp-content\/uploads\/2017\/10\/23215541_1723565101049843_2410519086298710660_o-300x200.jpg 300w, https:\/\/marekkuchcinski.pl\/wp-content\/uploads\/2017\/10\/23215541_1723565101049843_2410519086298710660_o-768x513.jpg 768w, https:\/\/marekkuchcinski.pl\/wp-content\/uploads\/2017\/10\/23215541_1723565101049843_2410519086298710660_o-1024x684.jpg 1024w\" sizes=\"(max-width: 2048px) 100vw, 2048px\" \/><\/a>\u00a0<a href=\"https:\/\/marekkuchcinski.pl\/wp-content\/uploads\/2017\/10\/23270112_1726253340781019_4660197318406454605_o.jpg\"><img loading=\"lazy\" decoding=\"async\" class=\"alignnone size-full wp-image-7767\" src=\"https:\/\/marekkuchcinski.pl\/wp-content\/uploads\/2017\/10\/23270112_1726253340781019_4660197318406454605_o.jpg\" alt=\"23270112_1726253340781019_4660197318406454605_o\" width=\"2048\" height=\"1365\" srcset=\"https:\/\/marekkuchcinski.pl\/wp-content\/uploads\/2017\/10\/23270112_1726253340781019_4660197318406454605_o.jpg 2048w, https:\/\/marekkuchcinski.pl\/wp-content\/uploads\/2017\/10\/23270112_1726253340781019_4660197318406454605_o-300x200.jpg 300w, https:\/\/marekkuchcinski.pl\/wp-content\/uploads\/2017\/10\/23270112_1726253340781019_4660197318406454605_o-768x512.jpg 768w, https:\/\/marekkuchcinski.pl\/wp-content\/uploads\/2017\/10\/23270112_1726253340781019_4660197318406454605_o-1024x683.jpg 1024w\" sizes=\"(max-width: 2048px) 100vw, 2048px\" \/><\/a> <a href=\"https:\/\/marekkuchcinski.pl\/wp-content\/uploads\/2017\/10\/23316708_1726258824113804_7983266386168127469_n.jpg\"><img loading=\"lazy\" decoding=\"async\" class=\"alignnone  wp-image-7768\" src=\"https:\/\/marekkuchcinski.pl\/wp-content\/uploads\/2017\/10\/23316708_1726258824113804_7983266386168127469_n.jpg\" alt=\"23316708_1726258824113804_7983266386168127469_n\" width=\"834\" height=\"1251\" srcset=\"https:\/\/marekkuchcinski.pl\/wp-content\/uploads\/2017\/10\/23316708_1726258824113804_7983266386168127469_n.jpg 640w, https:\/\/marekkuchcinski.pl\/wp-content\/uploads\/2017\/10\/23316708_1726258824113804_7983266386168127469_n-200x300.jpg 200w\" sizes=\"(max-width: 834px) 100vw, 834px\" \/><\/a><a href=\"https:\/\/marekkuchcinski.pl\/wp-content\/uploads\/2017\/10\/22792008_1710324139040606_5916074600236349574_o.jpg\"><img loading=\"lazy\" decoding=\"async\" class=\"alignnone size-full wp-image-7694\" src=\"https:\/\/marekkuchcinski.pl\/wp-content\/uploads\/2017\/10\/22792008_1710324139040606_5916074600236349574_o.jpg\" alt=\"22792008_1710324139040606_5916074600236349574_o\" width=\"2048\" height=\"1386\" srcset=\"https:\/\/marekkuchcinski.pl\/wp-content\/uploads\/2017\/10\/22792008_1710324139040606_5916074600236349574_o.jpg 2048w, https:\/\/marekkuchcinski.pl\/wp-content\/uploads\/2017\/10\/22792008_1710324139040606_5916074600236349574_o-300x203.jpg 300w, https:\/\/marekkuchcinski.pl\/wp-content\/uploads\/2017\/10\/22792008_1710324139040606_5916074600236349574_o-768x520.jpg 768w, https:\/\/marekkuchcinski.pl\/wp-content\/uploads\/2017\/10\/22792008_1710324139040606_5916074600236349574_o-1024x693.jpg 1024w\" sizes=\"(max-width: 2048px) 100vw, 2048px\" \/><\/a> <a href=\"https:\/\/marekkuchcinski.pl\/wp-content\/uploads\/2017\/10\/22791697_1712694132136940_6324121462643483742_o.jpg\"><img loading=\"lazy\" decoding=\"async\" class=\"alignnone size-full wp-image-7695\" src=\"https:\/\/marekkuchcinski.pl\/wp-content\/uploads\/2017\/10\/22791697_1712694132136940_6324121462643483742_o.jpg\" alt=\"22791697_1712694132136940_6324121462643483742_o\" width=\"1365\" height=\"2048\" srcset=\"https:\/\/marekkuchcinski.pl\/wp-content\/uploads\/2017\/10\/22791697_1712694132136940_6324121462643483742_o.jpg 1365w, https:\/\/marekkuchcinski.pl\/wp-content\/uploads\/2017\/10\/22791697_1712694132136940_6324121462643483742_o-200x300.jpg 200w, https:\/\/marekkuchcinski.pl\/wp-content\/uploads\/2017\/10\/22791697_1712694132136940_6324121462643483742_o-768x1152.jpg 768w, https:\/\/marekkuchcinski.pl\/wp-content\/uploads\/2017\/10\/22791697_1712694132136940_6324121462643483742_o-683x1024.jpg 683w\" sizes=\"(max-width: 1365px) 100vw, 1365px\" \/><\/a> <a href=\"https:\/\/marekkuchcinski.pl\/wp-content\/uploads\/2017\/10\/22792288_1713551875384499_1438115001718709660_o.jpg\"><img loading=\"lazy\" decoding=\"async\" class=\"alignnone size-full wp-image-7696\" src=\"https:\/\/marekkuchcinski.pl\/wp-content\/uploads\/2017\/10\/22792288_1713551875384499_1438115001718709660_o.jpg\" alt=\"22792288_1713551875384499_1438115001718709660_o\" width=\"2048\" height=\"1365\" srcset=\"https:\/\/marekkuchcinski.pl\/wp-content\/uploads\/2017\/10\/22792288_1713551875384499_1438115001718709660_o.jpg 2048w, https:\/\/marekkuchcinski.pl\/wp-content\/uploads\/2017\/10\/22792288_1713551875384499_1438115001718709660_o-300x200.jpg 300w, https:\/\/marekkuchcinski.pl\/wp-content\/uploads\/2017\/10\/22792288_1713551875384499_1438115001718709660_o-768x512.jpg 768w, https:\/\/marekkuchcinski.pl\/wp-content\/uploads\/2017\/10\/22792288_1713551875384499_1438115001718709660_o-1024x683.jpg 1024w\" sizes=\"(max-width: 2048px) 100vw, 2048px\" \/><\/a> <a href=\"https:\/\/marekkuchcinski.pl\/wp-content\/uploads\/2017\/10\/22859754_1714922525247434_8789341561454646164_o.jpg\"><img loading=\"lazy\" decoding=\"async\" class=\"alignnone size-full wp-image-7697\" src=\"https:\/\/marekkuchcinski.pl\/wp-content\/uploads\/2017\/10\/22859754_1714922525247434_8789341561454646164_o.jpg\" alt=\"22859754_1714922525247434_8789341561454646164_o\" width=\"1367\" height=\"2048\" srcset=\"https:\/\/marekkuchcinski.pl\/wp-content\/uploads\/2017\/10\/22859754_1714922525247434_8789341561454646164_o.jpg 1367w, https:\/\/marekkuchcinski.pl\/wp-content\/uploads\/2017\/10\/22859754_1714922525247434_8789341561454646164_o-200x300.jpg 200w, https:\/\/marekkuchcinski.pl\/wp-content\/uploads\/2017\/10\/22859754_1714922525247434_8789341561454646164_o-768x1151.jpg 768w, https:\/\/marekkuchcinski.pl\/wp-content\/uploads\/2017\/10\/22859754_1714922525247434_8789341561454646164_o-684x1024.jpg 684w\" sizes=\"(max-width: 1367px) 100vw, 1367px\" \/><\/a> <a href=\"https:\/\/marekkuchcinski.pl\/wp-content\/uploads\/2017\/10\/22860112_1716655038407516_1287516788227956390_o.jpg\"><img loading=\"lazy\" decoding=\"async\" class=\"alignnone size-full wp-image-7698\" src=\"https:\/\/marekkuchcinski.pl\/wp-content\/uploads\/2017\/10\/22860112_1716655038407516_1287516788227956390_o.jpg\" alt=\"22860112_1716655038407516_1287516788227956390_o\" width=\"2048\" height=\"1365\" srcset=\"https:\/\/marekkuchcinski.pl\/wp-content\/uploads\/2017\/10\/22860112_1716655038407516_1287516788227956390_o.jpg 2048w, https:\/\/marekkuchcinski.pl\/wp-content\/uploads\/2017\/10\/22860112_1716655038407516_1287516788227956390_o-300x200.jpg 300w, https:\/\/marekkuchcinski.pl\/wp-content\/uploads\/2017\/10\/22860112_1716655038407516_1287516788227956390_o-768x512.jpg 768w, https:\/\/marekkuchcinski.pl\/wp-content\/uploads\/2017\/10\/22860112_1716655038407516_1287516788227956390_o-1024x683.jpg 1024w\" sizes=\"(max-width: 2048px) 100vw, 2048px\" \/><\/a><a href=\"https:\/\/marekkuchcinski.pl\/wp-content\/uploads\/2017\/10\/gur.jpg\"><img loading=\"lazy\" decoding=\"async\" class=\"wp-image-7707 alignleft\" src=\"https:\/\/marekkuchcinski.pl\/wp-content\/uploads\/2017\/10\/gur.jpg\" alt=\"gur\" width=\"350\" height=\"506\" srcset=\"https:\/\/marekkuchcinski.pl\/wp-content\/uploads\/2017\/10\/gur.jpg 358w, https:\/\/marekkuchcinski.pl\/wp-content\/uploads\/2017\/10\/gur-207x300.jpg 207w\" sizes=\"(max-width: 350px) 100vw, 350px\" \/><\/a><\/p>\n<p>Kazimierz Gurbiel bra\u0142 udzia\u0142 w kampanii wrze\u015bniowej. W czasie walk pod Krakowcem zosta\u0142 ranny, a nast\u0119pnie trafi\u0142 do niewoli niemieckiej, z kt\u00f3rej ratowa\u0142 si\u0119 ucieczk\u0105. W czasie pr\u00f3by przedostania si\u0119 na W\u0119gry zosta\u0142 aresztowany przez NKWD i zes\u0142any do \u0142agru. W marcu 1942 roku wst\u0105pi\u0142 w szeregi armii polskiej gen. Andersa. Na froncie w\u0142oskim walczy\u0142 jako \u017co\u0142nierz 12 Pu\u0142ku U\u0142an\u00f3w Podolskich, wchodz\u0105cego w sk\u0142ad 2 Korpusu Polskiego. Ws\u0142awi\u0142 si\u0119 jako dow\u00f3dca pierwszego patrolu, kt\u00f3ry 18 maja 1944 roku wkroczy\u0142 do opactwa Monte Cassino i za jego to spraw\u0105 na gruzach zdobytego klasztoru zawis\u0142a polska flaga (uszyta przez innego przemy\u015blanina plutonowego\u00a0Jana Donocika).<\/p>\n<p><a href=\"https:\/\/marekkuchcinski.pl\/wp-content\/uploads\/2017\/10\/IMG_3711.jpg\"><img loading=\"lazy\" decoding=\"async\" class=\"alignnone size-full wp-image-7711\" src=\"https:\/\/marekkuchcinski.pl\/wp-content\/uploads\/2017\/10\/IMG_3711.jpg\" alt=\"IMG_3711\" width=\"3024\" height=\"4032\" srcset=\"https:\/\/marekkuchcinski.pl\/wp-content\/uploads\/2017\/10\/IMG_3711.jpg 1536w, https:\/\/marekkuchcinski.pl\/wp-content\/uploads\/2017\/10\/IMG_3711-225x300.jpg 225w, https:\/\/marekkuchcinski.pl\/wp-content\/uploads\/2017\/10\/IMG_3711-768x1024.jpg 768w\" sizes=\"(max-width: 3024px) 100vw, 3024px\" \/><\/a> <a href=\"https:\/\/marekkuchcinski.pl\/wp-content\/uploads\/2017\/10\/IMG_3709.jpg\"><img loading=\"lazy\" decoding=\"async\" class=\"alignnone size-full wp-image-7712\" src=\"https:\/\/marekkuchcinski.pl\/wp-content\/uploads\/2017\/10\/IMG_3709.jpg\" alt=\"IMG_3709\" width=\"2773\" height=\"3156\" srcset=\"https:\/\/marekkuchcinski.pl\/wp-content\/uploads\/2017\/10\/IMG_3709.jpg 1799w, https:\/\/marekkuchcinski.pl\/wp-content\/uploads\/2017\/10\/IMG_3709-264x300.jpg 264w, https:\/\/marekkuchcinski.pl\/wp-content\/uploads\/2017\/10\/IMG_3709-768x874.jpg 768w, https:\/\/marekkuchcinski.pl\/wp-content\/uploads\/2017\/10\/IMG_3709-900x1024.jpg 900w\" sizes=\"(max-width: 2773px) 100vw, 2773px\" \/><\/a> <a href=\"https:\/\/marekkuchcinski.pl\/wp-content\/uploads\/2017\/10\/IMG_3705.jpg\"><img loading=\"lazy\" decoding=\"async\" class=\"alignnone size-full wp-image-7714\" src=\"https:\/\/marekkuchcinski.pl\/wp-content\/uploads\/2017\/10\/IMG_3705.jpg\" alt=\"IMG_3705\" width=\"3024\" height=\"4032\" srcset=\"https:\/\/marekkuchcinski.pl\/wp-content\/uploads\/2017\/10\/IMG_3705.jpg 1536w, https:\/\/marekkuchcinski.pl\/wp-content\/uploads\/2017\/10\/IMG_3705-225x300.jpg 225w, https:\/\/marekkuchcinski.pl\/wp-content\/uploads\/2017\/10\/IMG_3705-768x1024.jpg 768w\" sizes=\"(max-width: 3024px) 100vw, 3024px\" \/><\/a>Kwatery\u00a0powsta\u0144c\u00f3w styczniowych i listopadowych. Na przemyskim cmentarzu le\u017cy ich kilkudziesi\u0119ciu.<a href=\"https:\/\/marekkuchcinski.pl\/wp-content\/uploads\/2017\/10\/IMG_3698.jpg\"><img loading=\"lazy\" decoding=\"async\" class=\"alignnone size-full wp-image-7713\" src=\"https:\/\/marekkuchcinski.pl\/wp-content\/uploads\/2017\/10\/IMG_3698.jpg\" alt=\"IMG_3698\" width=\"3163\" height=\"2876\" srcset=\"https:\/\/marekkuchcinski.pl\/wp-content\/uploads\/2017\/10\/IMG_3698.jpg 2048w, https:\/\/marekkuchcinski.pl\/wp-content\/uploads\/2017\/10\/IMG_3698-300x273.jpg 300w, https:\/\/marekkuchcinski.pl\/wp-content\/uploads\/2017\/10\/IMG_3698-768x698.jpg 768w, https:\/\/marekkuchcinski.pl\/wp-content\/uploads\/2017\/10\/IMG_3698-1024x931.jpg 1024w\" sizes=\"(max-width: 3163px) 100vw, 3163px\" \/><\/a>Gr\u00f3b Zbigniewa Kuchci\u0144skiego, pierwszego prezesa TML w Przemy\u015blu, ojca obecnego marsza\u0142ka Sejmu. Projekt wykona\u0142 architekt Mieczys\u0142aw G\u0119barowicz, cz\u0142owiek wybitny i wielkiego serca. By\u0142y to pierwsze lata wolno\u015bci po komunizmie.<\/p>\n<p><strong>Gr\u00f3b ks. abp. Ignacego Tokarczuka<\/strong>\u00a0w kryptach Archikatedry Przemyskiej \u2013 pierwszego metropolity przemyskiego, przeciwnika komunistycznej w\u0142adzy, budowniczego kilkuset ko\u015bcio\u0142\u00f3w w okresie PRL, kawalera Orderu Or\u0142a Bia\u0142ego.<\/p>\n<p><strong>Pomnik upami\u0119tniaj\u0105cy \u017co\u0142nierzy Armii Krajowej<\/strong>\u00a0\u2013 zakonspirowanych si\u0142 zbrojnych Polskiego Pa\u0144stwa Podziemnego w latach II wojny \u015bwiatowej, dzia\u0142aj\u0105cych na terytorium Rzeczypospolitej Polskiej okupowanym przez Niemcy i ZSRR.<\/p>\n<p><strong>Obelisk po\u015bwi\u0119cony poleg\u0142ym Legionistom Polskim,<\/strong>\u00a0kt\u00f3ry zosta\u0142 przeniesiony na Cmentarz Wojskowy z Cmentarza G\u0142\u00f3wnego. Napis na nim brzmi: Poleg\u0142ym Legionistom Polskim 1914-1918 w 70. rocznic\u0119 odzyskania Niepodleg\u0142o\u015bci Polski staraniem Towarzystwa Przyjaci\u00f3\u0142 Miasta i Regionu ten pami\u0105tkowy obelisk uratowano od zniszczenia, odnowiono i postawiono w nowym miejscu.<\/p>\n<p><strong>Gr\u00f3b Nieznanego \u017bo\u0142nierza<\/strong>\u00a0\u2013 znajduj\u0105 si\u0119 w nim bezimienne szcz\u0105tki poleg\u0142ego w 1918 r. na przedpolach Przemy\u015bla w czasie walk pod Ni\u017cankowicami. Inskrypcja na p\u0142ycie grobu brzmi: Nieznanemu \u017bo\u0142nierzowi Rodacy 31 V MCMXXV.<\/p>\n<p>Gr\u00f3b W\u0142adys\u0142awa Bukowskiego \u2013 Przewodnicz\u0105cego Rady Miejskiej w Przemy\u015blu, Radnego Rady Miejskiej w Przemy\u015blu V, VI, VII kadencji, Dyrektora Muzeum Narodowego Ziemi Przemyskiej.<\/p>\n<p><strong>Kwatery z prochami z mogi\u0142 uczestnik\u00f3w Powstania Listopadowego i Powstania Styczniowego<\/strong>.<\/p>\n<p><strong>Grobowiec Orl\u0105t Przemyskich na Cmentarzu G\u0142\u00f3wnym<\/strong>\u00a0przy ul. S\u0142owackiego \u2013 gimnazjalnej m\u0142odzie\u017cy heroicznie broni\u0105cej swojego miasta przed ukrai\u0144skim szturmem. Pomnik upami\u0119tniaj\u0105cy Polak\u00f3w z Kres\u00f3w Wschodnich pomordowanych przez OUN-UPA \u2013 inskrypcja na pomniku brzmi: \u2026Je\u015bli zapomn\u0119 o nich, Ty, Bo\u017ce\u2026 zapomnij o mnie\u2026 W ho\u0142dzie Polakom pomordowanym w latach 1943-1945 na Wo\u0142yniu i w Ma\u0142opolsce Wschodniej, tak\u017ce tym, kt\u00f3rzy opu\u015bcili rodzinne strony, uchodz\u0105c przed terrorem i zag\u0142ad\u0105 z r\u0105k OUN-UPA w 60. rocznic\u0119 tej wielkiej tragedii \u2013 Rodacy, Przemy\u015bl, lipiec 2003 r.<\/p>\n<p><strong>Gr\u00f3b Zygmunta Majgera\u00a0<\/strong>\u2013 cz\u0142onka Komitetu Za\u0142o\u017cycielskiego, przew. KZ, od 7 X 1980 cz\u0142onka prezydium Komitetu Za\u0142o\u017cycielskiego NSZZ \u201eSolidarno\u015b\u0107\u201d Regionu Po\u0142udniowo-Wschodniego, wsp\u00f3\u0142organizatora i cz\u0142onka Tymczasowej Komisji Regionalnej\/RKW Regionu Po\u0142udniowo-Wschodniego, odpowiedzialnego za kontakty z tajnymi komisjami zak\u0142adowymi, kolportera i drukarza podziemnego pisma \u201eBusola\u201d; wsp\u00f3\u0142organizatora pomocy represjonowanym i ich rodzinom. Wsp\u00f3\u0142organizatora spotka\u0144 i prelekcji w ko\u015bcio\u0142ach w Przemy\u015blu i Krasiczynie (m.in. Andrzej Stelmachowski, W\u0142adys\u0142aw Si\u0142a-Nowicki, Maria Jab\u0142o\u0144ska-Deptu\u0142a); wsp\u00f3\u0142organizatora oraz uczestnika wiec\u00f3w i demonstracji z okazji 3 V i 11 XI, akcji ulotkowych, mszy za Ojczyzn\u0119, mszy 13. dnia ka\u017cdego mies. i w rocznice \u015bmierci ks. Jerzego Popie\u0142uszki. Wsp\u00f3\u0142organizatora wyjazdu do Warszawy na gr\u00f3b ks. J. Popie\u0142uszki, Pielgrzymek Ludzi Pracy na Jasn\u0105 G\u00f3r\u0119; wsp\u00f3\u0142pracownik Solidarno\u015bci RI w regionie przemyskim. Zygmunt Majgier by\u0142 wielokrotnie zatrzymywany i przes\u0142uchiwany, karany grzywnami przez kolegia ds. wykrocze\u0144, poddawany rewizjom; zatrzymano mu prawo jazdy (uniemo\u017cliwiaj\u0105c prac\u0119 zarobkow\u0105), przebijano opony w samochodzie. W 1989 cz\u0142onek KO woj. przemyskiego. W 1990 inicjator, cz\u0142onek za\u0142o\u017cyciel Stowarzyszenia Mi\u0142o\u015bnik\u00f3w Mo\u015bcisk i Kres\u00f3w Wschodnich w Przemy\u015blu. Od 1995 w ROP, wsp\u00f3\u0142za\u0142o\u017cyciel oddzia\u0142u w Przemy\u015blu (Ogniwo Przemy\u015bl), od 2002 przew. ROP tam\u017ce. Od 1995 uczestnik Ruchu \u015awiat\u0142o-\u017bycie. 1998\u20132002 radny Miasta Przemy\u015bla z listy Ruchu Patriotycznego Ojczyzna, 2002\u20132006 z listy Przemy\u015bl Razem. Gr\u00f3b Leonarda Tarnawskiego \u2013 pos\u0142a, adwokata, dzia\u0142acza spo\u0142ecznego, polityka, wsp\u00f3\u0142tw\u00f3rcy konstytucji marcowej. Podporucznika, weterana Powstania Styczniowego.<\/p>\n<p><strong>Gr\u00f3b Mariana Stro\u0144skiego\u00a0<\/strong>\u2013 wybitnego malarza, za ca\u0142okszta\u0142t pracy odznaczonego Krzy\u017cem Kawalerskim Orderu Odrodzenia Polski.<\/p>\n<p><strong>Gr\u00f3b ks. Stanis\u0142awa Krzywi\u0144skiego,<\/strong>\u00a0duszpasterza, przyjaciela Solidarno\u015bci, niez\u0142omnie wspieraj\u0105cego opozycj\u0119 demokratyczn\u0105.<\/p>\n<p><strong>Gr\u00f3b Ryszarda Siwca<\/strong>\u00a0\u2013 absolwenta filozofii, \u017co\u0142nierza Armii Krajowej, kt\u00f3ry protestuj\u0105c przeciwko inwazji na Czechos\u0142owacj\u0119, dokona\u0142 8 wrze\u015bnia 1968 samospalenia w czasie og\u00f3lnokrajowych do\u017cynek na Stadionie Dziesi\u0119ciolecia w Warszawie w obecno\u015bci przyw\u00f3dc\u00f3w Polskiej Zjednoczonej Partii Robotniczej, dyplomat\u00f3w i 100 tysi\u0119cy widz\u00f3w.<\/p>\n<p><strong>Gr\u00f3b majora W\u0142adys\u0142awa Koby<\/strong>\u00a0\u2013 \u017co\u0142nierza wykl\u0119tego, kapitana Wojska Polskiego i Armii Krajowej, dzia\u0142acza WiN.Gr\u00f3b Stanis\u0142awa Barana \u2013 polskiego dzia\u0142acza zwi\u0105zkowego, pos\u0142a na Sejm I kadencji.<\/p>\n<p><strong>Gr\u00f3b Andrzeja Tadeusza Mazurkiewicza<\/strong>\u00a0\u2013 prawnika i polityka, pos\u0142a na Sejm I kadencji, senatora IV, VI i VII kadencji.<\/p>\n<p><strong>Gr\u00f3b Stanis\u0142awa Sudo\u0142a<\/strong>\u00a0\u2013 \u017co\u0142nierza AK 1978, przedstawiciela Przemy\u015bla w Radzie Zespo\u0142u Inicjatywy Obywatelskiej; po podzia\u0142ach w ROPCiO wsp\u00f3\u0142pracownika KSS KOR; kolportera niezale\u017cnych pism \u015brodowisk rolniczych w Przemy\u015blu, przywo\u017conych z Warszawy od Wies\u0142awa K\u0119cika; w 1978 dzia\u0142acza Komitetu Samoobrony Ch\u0142opskiej Ziemi Rzeszowskiej; uczestnika spotka\u0144 opozycji ch\u0142opskiej w Woli Zarczyckiej; 4 VIII 1979 wsp\u00f3\u0142za\u0142o\u017cyciela Przemyskiego Komitetu Samoobrony Ludzi Wierz\u0105cych.<\/p>\n<p>\u00a0<\/p>\n\n\n<figure class=\"wp-block-image size-large\"><a href=\"https:\/\/marekkuchcinski.pl\/wp-content\/uploads\/2022\/11\/Majgier-3.jpg\"><img loading=\"lazy\" decoding=\"async\" width=\"1024\" height=\"461\" src=\"https:\/\/marekkuchcinski.pl\/wp-content\/uploads\/2022\/11\/Majgier-3-1024x461.jpg\" alt=\"\" class=\"wp-image-26864\" srcset=\"https:\/\/marekkuchcinski.pl\/wp-content\/uploads\/2022\/11\/Majgier-3-1024x461.jpg 1024w, https:\/\/marekkuchcinski.pl\/wp-content\/uploads\/2022\/11\/Majgier-3-300x135.jpg 300w, https:\/\/marekkuchcinski.pl\/wp-content\/uploads\/2022\/11\/Majgier-3-768x346.jpg 768w, https:\/\/marekkuchcinski.pl\/wp-content\/uploads\/2022\/11\/Majgier-3-1536x691.jpg 1536w, https:\/\/marekkuchcinski.pl\/wp-content\/uploads\/2022\/11\/Majgier-3-18x8.jpg 18w, https:\/\/marekkuchcinski.pl\/wp-content\/uploads\/2022\/11\/Majgier-3.jpg 1600w\" sizes=\"(max-width: 1024px) 100vw, 1024px\" \/><\/a><\/figure>\n\n\n\n<figure class=\"wp-block-image size-large\"><a href=\"https:\/\/marekkuchcinski.pl\/wp-content\/uploads\/2022\/11\/313361103_801137044446239_6761118077685412016_n.jpg\"><img loading=\"lazy\" decoding=\"async\" width=\"1024\" height=\"577\" src=\"https:\/\/marekkuchcinski.pl\/wp-content\/uploads\/2022\/11\/313361103_801137044446239_6761118077685412016_n-1024x577.jpg\" alt=\"\" class=\"wp-image-26865\" srcset=\"https:\/\/marekkuchcinski.pl\/wp-content\/uploads\/2022\/11\/313361103_801137044446239_6761118077685412016_n-1024x577.jpg 1024w, https:\/\/marekkuchcinski.pl\/wp-content\/uploads\/2022\/11\/313361103_801137044446239_6761118077685412016_n-300x169.jpg 300w, https:\/\/marekkuchcinski.pl\/wp-content\/uploads\/2022\/11\/313361103_801137044446239_6761118077685412016_n-768x433.jpg 768w, https:\/\/marekkuchcinski.pl\/wp-content\/uploads\/2022\/11\/313361103_801137044446239_6761118077685412016_n-1536x866.jpg 1536w, https:\/\/marekkuchcinski.pl\/wp-content\/uploads\/2022\/11\/313361103_801137044446239_6761118077685412016_n-18x10.jpg 18w, https:\/\/marekkuchcinski.pl\/wp-content\/uploads\/2022\/11\/313361103_801137044446239_6761118077685412016_n.jpg 1600w\" sizes=\"(max-width: 1024px) 100vw, 1024px\" \/><\/a><\/figure>\n\n\n\n<figure class=\"wp-block-image size-large\"><a href=\"https:\/\/marekkuchcinski.pl\/wp-content\/uploads\/2022\/11\/313216839_2619508314853107_458559183874683701_n-1.jpg\"><img loading=\"lazy\" decoding=\"async\" width=\"1024\" height=\"461\" src=\"https:\/\/marekkuchcinski.pl\/wp-content\/uploads\/2022\/11\/313216839_2619508314853107_458559183874683701_n-1-1024x461.jpg\" alt=\"\" class=\"wp-image-26866\" srcset=\"https:\/\/marekkuchcinski.pl\/wp-content\/uploads\/2022\/11\/313216839_2619508314853107_458559183874683701_n-1-1024x461.jpg 1024w, https:\/\/marekkuchcinski.pl\/wp-content\/uploads\/2022\/11\/313216839_2619508314853107_458559183874683701_n-1-300x135.jpg 300w, https:\/\/marekkuchcinski.pl\/wp-content\/uploads\/2022\/11\/313216839_2619508314853107_458559183874683701_n-1-768x346.jpg 768w, https:\/\/marekkuchcinski.pl\/wp-content\/uploads\/2022\/11\/313216839_2619508314853107_458559183874683701_n-1-1536x691.jpg 1536w, https:\/\/marekkuchcinski.pl\/wp-content\/uploads\/2022\/11\/313216839_2619508314853107_458559183874683701_n-1-18x8.jpg 18w, https:\/\/marekkuchcinski.pl\/wp-content\/uploads\/2022\/11\/313216839_2619508314853107_458559183874683701_n-1.jpg 1600w\" sizes=\"(max-width: 1024px) 100vw, 1024px\" \/><\/a><\/figure>\n\n\n\n<figure class=\"wp-block-image size-large\"><a href=\"https:\/\/marekkuchcinski.pl\/wp-content\/uploads\/2022\/11\/307771008_443188494590368_6086207111079506121_n-2.jpg\"><img loading=\"lazy\" decoding=\"async\" width=\"1024\" height=\"576\" src=\"https:\/\/marekkuchcinski.pl\/wp-content\/uploads\/2022\/11\/307771008_443188494590368_6086207111079506121_n-2-1024x576.jpg\" alt=\"\" class=\"wp-image-26867\" srcset=\"https:\/\/marekkuchcinski.pl\/wp-content\/uploads\/2022\/11\/307771008_443188494590368_6086207111079506121_n-2-1024x576.jpg 1024w, https:\/\/marekkuchcinski.pl\/wp-content\/uploads\/2022\/11\/307771008_443188494590368_6086207111079506121_n-2-300x169.jpg 300w, https:\/\/marekkuchcinski.pl\/wp-content\/uploads\/2022\/11\/307771008_443188494590368_6086207111079506121_n-2-768x432.jpg 768w, https:\/\/marekkuchcinski.pl\/wp-content\/uploads\/2022\/11\/307771008_443188494590368_6086207111079506121_n-2-1536x864.jpg 1536w, https:\/\/marekkuchcinski.pl\/wp-content\/uploads\/2022\/11\/307771008_443188494590368_6086207111079506121_n-2-18x10.jpg 18w, https:\/\/marekkuchcinski.pl\/wp-content\/uploads\/2022\/11\/307771008_443188494590368_6086207111079506121_n-2.jpg 1600w\" sizes=\"(max-width: 1024px) 100vw, 1024px\" \/><\/a><\/figure>\n\n\n\n<figure class=\"wp-block-image size-large\"><a href=\"https:\/\/marekkuchcinski.pl\/wp-content\/uploads\/2022\/11\/312542843_612403100665878_8839783013036040114_n-1.jpg\"><img loading=\"lazy\" decoding=\"async\" width=\"1024\" height=\"461\" src=\"https:\/\/marekkuchcinski.pl\/wp-content\/uploads\/2022\/11\/312542843_612403100665878_8839783013036040114_n-1-1024x461.jpg\" alt=\"\" class=\"wp-image-26868\" srcset=\"https:\/\/marekkuchcinski.pl\/wp-content\/uploads\/2022\/11\/312542843_612403100665878_8839783013036040114_n-1-1024x461.jpg 1024w, https:\/\/marekkuchcinski.pl\/wp-content\/uploads\/2022\/11\/312542843_612403100665878_8839783013036040114_n-1-300x135.jpg 300w, https:\/\/marekkuchcinski.pl\/wp-content\/uploads\/2022\/11\/312542843_612403100665878_8839783013036040114_n-1-768x346.jpg 768w, https:\/\/marekkuchcinski.pl\/wp-content\/uploads\/2022\/11\/312542843_612403100665878_8839783013036040114_n-1-1536x691.jpg 1536w, https:\/\/marekkuchcinski.pl\/wp-content\/uploads\/2022\/11\/312542843_612403100665878_8839783013036040114_n-1-18x8.jpg 18w, https:\/\/marekkuchcinski.pl\/wp-content\/uploads\/2022\/11\/312542843_612403100665878_8839783013036040114_n-1.jpg 1600w\" sizes=\"(max-width: 1024px) 100vw, 1024px\" \/><\/a><\/figure>\n\n\n\n<figure class=\"wp-block-image size-large\"><a href=\"https:\/\/marekkuchcinski.pl\/wp-content\/uploads\/2022\/11\/313298437_1342717146533303_2791879687384187396_n-1.jpg\"><img loading=\"lazy\" decoding=\"async\" width=\"1024\" height=\"577\" src=\"https:\/\/marekkuchcinski.pl\/wp-content\/uploads\/2022\/11\/313298437_1342717146533303_2791879687384187396_n-1-1024x577.jpg\" alt=\"\" class=\"wp-image-26869\" srcset=\"https:\/\/marekkuchcinski.pl\/wp-content\/uploads\/2022\/11\/313298437_1342717146533303_2791879687384187396_n-1-1024x577.jpg 1024w, https:\/\/marekkuchcinski.pl\/wp-content\/uploads\/2022\/11\/313298437_1342717146533303_2791879687384187396_n-1-300x169.jpg 300w, https:\/\/marekkuchcinski.pl\/wp-content\/uploads\/2022\/11\/313298437_1342717146533303_2791879687384187396_n-1-768x433.jpg 768w, https:\/\/marekkuchcinski.pl\/wp-content\/uploads\/2022\/11\/313298437_1342717146533303_2791879687384187396_n-1-1536x866.jpg 1536w, https:\/\/marekkuchcinski.pl\/wp-content\/uploads\/2022\/11\/313298437_1342717146533303_2791879687384187396_n-1-18x10.jpg 18w, https:\/\/marekkuchcinski.pl\/wp-content\/uploads\/2022\/11\/313298437_1342717146533303_2791879687384187396_n-1.jpg 1600w\" sizes=\"(max-width: 1024px) 100vw, 1024px\" \/><\/a><\/figure>\n\n\n\n<figure class=\"wp-block-image size-large\"><a href=\"https:\/\/marekkuchcinski.pl\/wp-content\/uploads\/2022\/11\/313338213_1733409260360738_7537598976626592411_n.jpg\"><img loading=\"lazy\" decoding=\"async\" width=\"1024\" height=\"461\" src=\"https:\/\/marekkuchcinski.pl\/wp-content\/uploads\/2022\/11\/313338213_1733409260360738_7537598976626592411_n-1024x461.jpg\" alt=\"\" class=\"wp-image-26870\" srcset=\"https:\/\/marekkuchcinski.pl\/wp-content\/uploads\/2022\/11\/313338213_1733409260360738_7537598976626592411_n-1024x461.jpg 1024w, https:\/\/marekkuchcinski.pl\/wp-content\/uploads\/2022\/11\/313338213_1733409260360738_7537598976626592411_n-300x135.jpg 300w, https:\/\/marekkuchcinski.pl\/wp-content\/uploads\/2022\/11\/313338213_1733409260360738_7537598976626592411_n-768x346.jpg 768w, https:\/\/marekkuchcinski.pl\/wp-content\/uploads\/2022\/11\/313338213_1733409260360738_7537598976626592411_n-1536x691.jpg 1536w, https:\/\/marekkuchcinski.pl\/wp-content\/uploads\/2022\/11\/313338213_1733409260360738_7537598976626592411_n-18x8.jpg 18w, https:\/\/marekkuchcinski.pl\/wp-content\/uploads\/2022\/11\/313338213_1733409260360738_7537598976626592411_n.jpg 1600w\" sizes=\"(max-width: 1024px) 100vw, 1024px\" \/><\/a><\/figure>","protected":false},"excerpt":{"rendered":"<p>Kto\u015b kiedy\u015b powiedzia\u0142, \u017ce je\u017celi chce si\u0119 pozna\u0107 histori\u0119 miasta i jego obywateli, trzeba si\u0119 wybra\u0107 na cmentarz. Jest on jakby otwart\u0105 ksi\u0119g\u0105, z kt\u00f3rej wiele mo\u017cna wyczyta\u0107. Na przemyskich cmentarzach spoczywaj\u0105 \u017co\u0142nierze dw\u00f3ch wojen, \u017co\u0142nierze armii austro-w\u0119gierskiej, legioni\u015bci polegli w walkach o Przemy\u015bl, kresowiacy pomordowani przez OUN-UPA, ofiary NKWD, \u017co\u0142nierze AK, Orl\u0119ta Przemyskie, \u017bo\u0142nierze [&hellip;]<\/p>\n","protected":false},"author":1,"featured_media":26878,"comment_status":"open","ping_status":"open","sticky":false,"template":"","format":"standard","meta":{"ngg_post_thumbnail":0,"footnotes":""},"categories":[49,3],"tags":[],"class_list":["post-7641","post","type-post","status-publish","format-standard","has-post-thumbnail","hentry","category-podkarpacie","category-wydarzenia"],"yoast_head":"<!-- This site is optimized with the Yoast SEO plugin v28.4 - https:\/\/yoast.com\/product\/yoast-seo-wordpress\/ -->\n<title>Przemyskie nekropolie &#8211; Marek Kuchci\u0144ski<\/title>\n<meta name=\"robots\" content=\"index, follow, max-snippet:-1, max-image-preview:large, max-video-preview:-1\" \/>\n<link rel=\"canonical\" href=\"https:\/\/marekkuchcinski.pl\/hu\/wydarzenia\/7641\/\" \/>\n<meta property=\"og:locale\" content=\"hu_HU\" \/>\n<meta property=\"og:type\" content=\"article\" \/>\n<meta property=\"og:title\" content=\"Przemyskie nekropolie &#8211; Marek Kuchci\u0144ski\" \/>\n<meta property=\"og:description\" content=\"Kto\u015b kiedy\u015b powiedzia\u0142, \u017ce je\u017celi chce si\u0119 pozna\u0107 histori\u0119 miasta i jego obywateli, trzeba si\u0119 wybra\u0107 na cmentarz. Jest on jakby otwart\u0105 ksi\u0119g\u0105, z kt\u00f3rej wiele mo\u017cna wyczyta\u0107. Na przemyskich cmentarzach spoczywaj\u0105 \u017co\u0142nierze dw\u00f3ch wojen, \u017co\u0142nierze armii austro-w\u0119gierskiej, legioni\u015bci polegli w walkach o Przemy\u015bl, kresowiacy pomordowani przez OUN-UPA, ofiary NKWD, \u017co\u0142nierze AK, Orl\u0119ta Przemyskie, \u017bo\u0142nierze [&hellip;]\" \/>\n<meta property=\"og:url\" content=\"https:\/\/marekkuchcinski.pl\/hu\/wydarzenia\/7641\/\" \/>\n<meta property=\"og:site_name\" content=\"Marek Kuchci\u0144ski\" \/>\n<meta property=\"article:published_time\" content=\"2022-11-01T09:29:00+00:00\" \/>\n<meta property=\"article:modified_time\" content=\"2022-11-01T10:39:47+00:00\" \/>\n<meta property=\"og:image\" content=\"https:\/\/marekkuchcinski.pl\/wp-content\/uploads\/2022\/11\/23134972_1716592005080486_13718885_o_edited.jpg\" \/>\n\t<meta property=\"og:image:width\" content=\"1344\" \/>\n\t<meta property=\"og:image:height\" content=\"896\" \/>\n\t<meta property=\"og:image:type\" content=\"image\/jpeg\" \/>\n<meta name=\"author\" content=\"admin\" \/>\n<meta name=\"twitter:card\" content=\"summary_large_image\" \/>\n<meta name=\"twitter:label1\" content=\"Written by\" \/>\n\t<meta name=\"twitter:data1\" content=\"admin\" \/>\n\t<meta name=\"twitter:label2\" content=\"Est. reading time\" \/>\n\t<meta name=\"twitter:data2\" content=\"9 minutes\" \/>\n<script type=\"application\/ld+json\" class=\"yoast-schema-graph\">{\"@context\":\"https:\\\/\\\/schema.org\",\"@graph\":[{\"@type\":\"Article\",\"@id\":\"https:\\\/\\\/marekkuchcinski.pl\\\/wydarzenia\\\/7641\\\/#article\",\"isPartOf\":{\"@id\":\"https:\\\/\\\/marekkuchcinski.pl\\\/wydarzenia\\\/7641\\\/\"},\"author\":{\"name\":\"admin\",\"@id\":\"https:\\\/\\\/marekkuchcinski.pl\\\/#\\\/schema\\\/person\\\/3df5731f1d989baf25555b5a344773d5\"},\"headline\":\"Przemyskie nekropolie\",\"datePublished\":\"2022-11-01T09:29:00+00:00\",\"dateModified\":\"2022-11-01T10:39:47+00:00\",\"mainEntityOfPage\":{\"@id\":\"https:\\\/\\\/marekkuchcinski.pl\\\/wydarzenia\\\/7641\\\/\"},\"wordCount\":1851,\"commentCount\":0,\"publisher\":{\"@id\":\"https:\\\/\\\/marekkuchcinski.pl\\\/#organization\"},\"image\":{\"@id\":\"https:\\\/\\\/marekkuchcinski.pl\\\/wydarzenia\\\/7641\\\/#primaryimage\"},\"thumbnailUrl\":\"https:\\\/\\\/marekkuchcinski.pl\\\/wp-content\\\/uploads\\\/2022\\\/11\\\/23134972_1716592005080486_13718885_o_edited.jpg\",\"articleSection\":[\"Podkarpacie\",\"Wydarzenia\"],\"inLanguage\":\"hu-HU\",\"potentialAction\":[{\"@type\":\"CommentAction\",\"name\":\"Comment\",\"target\":[\"https:\\\/\\\/marekkuchcinski.pl\\\/wydarzenia\\\/7641\\\/#respond\"]}]},{\"@type\":\"WebPage\",\"@id\":\"https:\\\/\\\/marekkuchcinski.pl\\\/wydarzenia\\\/7641\\\/\",\"url\":\"https:\\\/\\\/marekkuchcinski.pl\\\/wydarzenia\\\/7641\\\/\",\"name\":\"Przemyskie nekropolie &#8211; Marek Kuchci\u0144ski\",\"isPartOf\":{\"@id\":\"https:\\\/\\\/marekkuchcinski.pl\\\/#website\"},\"primaryImageOfPage\":{\"@id\":\"https:\\\/\\\/marekkuchcinski.pl\\\/wydarzenia\\\/7641\\\/#primaryimage\"},\"image\":{\"@id\":\"https:\\\/\\\/marekkuchcinski.pl\\\/wydarzenia\\\/7641\\\/#primaryimage\"},\"thumbnailUrl\":\"https:\\\/\\\/marekkuchcinski.pl\\\/wp-content\\\/uploads\\\/2022\\\/11\\\/23134972_1716592005080486_13718885_o_edited.jpg\",\"datePublished\":\"2022-11-01T09:29:00+00:00\",\"dateModified\":\"2022-11-01T10:39:47+00:00\",\"breadcrumb\":{\"@id\":\"https:\\\/\\\/marekkuchcinski.pl\\\/wydarzenia\\\/7641\\\/#breadcrumb\"},\"inLanguage\":\"hu-HU\",\"potentialAction\":[{\"@type\":\"ReadAction\",\"target\":[\"https:\\\/\\\/marekkuchcinski.pl\\\/wydarzenia\\\/7641\\\/\"]}]},{\"@type\":\"ImageObject\",\"inLanguage\":\"hu-HU\",\"@id\":\"https:\\\/\\\/marekkuchcinski.pl\\\/wydarzenia\\\/7641\\\/#primaryimage\",\"url\":\"https:\\\/\\\/marekkuchcinski.pl\\\/wp-content\\\/uploads\\\/2022\\\/11\\\/23134972_1716592005080486_13718885_o_edited.jpg\",\"contentUrl\":\"https:\\\/\\\/marekkuchcinski.pl\\\/wp-content\\\/uploads\\\/2022\\\/11\\\/23134972_1716592005080486_13718885_o_edited.jpg\",\"width\":1344,\"height\":896},{\"@type\":\"BreadcrumbList\",\"@id\":\"https:\\\/\\\/marekkuchcinski.pl\\\/wydarzenia\\\/7641\\\/#breadcrumb\",\"itemListElement\":[{\"@type\":\"ListItem\",\"position\":1,\"name\":\"Strona g\u0142\u00f3wna\",\"item\":\"https:\\\/\\\/marekkuchcinski.pl\\\/\"},{\"@type\":\"ListItem\",\"position\":2,\"name\":\"Przemyskie nekropolie\"}]},{\"@type\":\"WebSite\",\"@id\":\"https:\\\/\\\/marekkuchcinski.pl\\\/#website\",\"url\":\"https:\\\/\\\/marekkuchcinski.pl\\\/\",\"name\":\"Marek Kuchci\u0144ski\",\"description\":\"Marek Kuchci\u0144ski \",\"publisher\":{\"@id\":\"https:\\\/\\\/marekkuchcinski.pl\\\/#organization\"},\"potentialAction\":[{\"@type\":\"SearchAction\",\"target\":{\"@type\":\"EntryPoint\",\"urlTemplate\":\"https:\\\/\\\/marekkuchcinski.pl\\\/?s={search_term_string}\"},\"query-input\":{\"@type\":\"PropertyValueSpecification\",\"valueRequired\":true,\"valueName\":\"search_term_string\"}}],\"inLanguage\":\"hu-HU\"},{\"@type\":\"Organization\",\"@id\":\"https:\\\/\\\/marekkuchcinski.pl\\\/#organization\",\"name\":\"Marek Kuchci\u0144ski\",\"url\":\"https:\\\/\\\/marekkuchcinski.pl\\\/\",\"logo\":{\"@type\":\"ImageObject\",\"inLanguage\":\"hu-HU\",\"@id\":\"https:\\\/\\\/marekkuchcinski.pl\\\/#\\\/schema\\\/logo\\\/image\\\/\",\"url\":\"https:\\\/\\\/marekkuchcinski.pl\\\/wp-content\\\/uploads\\\/2022\\\/09\\\/Marek.jpg\",\"contentUrl\":\"https:\\\/\\\/marekkuchcinski.pl\\\/wp-content\\\/uploads\\\/2022\\\/09\\\/Marek.jpg\",\"width\":1600,\"height\":971,\"caption\":\"Marek Kuchci\u0144ski\"},\"image\":{\"@id\":\"https:\\\/\\\/marekkuchcinski.pl\\\/#\\\/schema\\\/logo\\\/image\\\/\"}},{\"@type\":\"Person\",\"@id\":\"https:\\\/\\\/marekkuchcinski.pl\\\/#\\\/schema\\\/person\\\/3df5731f1d989baf25555b5a344773d5\",\"name\":\"admin\",\"image\":{\"@type\":\"ImageObject\",\"inLanguage\":\"hu-HU\",\"@id\":\"https:\\\/\\\/secure.gravatar.com\\\/avatar\\\/8fdd2bf34b2a04a8cfb92bbed2c60d558452e5d61a8064e677da4778b9cf4898?s=96&d=mm&r=g\",\"url\":\"https:\\\/\\\/secure.gravatar.com\\\/avatar\\\/8fdd2bf34b2a04a8cfb92bbed2c60d558452e5d61a8064e677da4778b9cf4898?s=96&d=mm&r=g\",\"contentUrl\":\"https:\\\/\\\/secure.gravatar.com\\\/avatar\\\/8fdd2bf34b2a04a8cfb92bbed2c60d558452e5d61a8064e677da4778b9cf4898?s=96&d=mm&r=g\",\"caption\":\"admin\"},\"sameAs\":[\"https:\\\/\\\/marekkuchcinski.pl\"],\"url\":\"https:\\\/\\\/marekkuchcinski.pl\\\/hu\\\/author\\\/admin\\\/\"}]}<\/script>\n<!-- \/ Yoast SEO plugin. -->","yoast_head_json":{"title":"Przemyskie nekropolie &#8211; Marek Kuchci\u0144ski","robots":{"index":"index","follow":"follow","max-snippet":"max-snippet:-1","max-image-preview":"max-image-preview:large","max-video-preview":"max-video-preview:-1"},"canonical":"https:\/\/marekkuchcinski.pl\/hu\/wydarzenia\/7641\/","og_locale":"hu_HU","og_type":"article","og_title":"Przemyskie nekropolie &#8211; Marek Kuchci\u0144ski","og_description":"Kto\u015b kiedy\u015b powiedzia\u0142, \u017ce je\u017celi chce si\u0119 pozna\u0107 histori\u0119 miasta i jego obywateli, trzeba si\u0119 wybra\u0107 na cmentarz. Jest on jakby otwart\u0105 ksi\u0119g\u0105, z kt\u00f3rej wiele mo\u017cna wyczyta\u0107. Na przemyskich cmentarzach spoczywaj\u0105 \u017co\u0142nierze dw\u00f3ch wojen, \u017co\u0142nierze armii austro-w\u0119gierskiej, legioni\u015bci polegli w walkach o Przemy\u015bl, kresowiacy pomordowani przez OUN-UPA, ofiary NKWD, \u017co\u0142nierze AK, Orl\u0119ta Przemyskie, \u017bo\u0142nierze [&hellip;]","og_url":"https:\/\/marekkuchcinski.pl\/hu\/wydarzenia\/7641\/","og_site_name":"Marek Kuchci\u0144ski","article_published_time":"2022-11-01T09:29:00+00:00","article_modified_time":"2022-11-01T10:39:47+00:00","og_image":[{"width":1344,"height":896,"url":"https:\/\/marekkuchcinski.pl\/wp-content\/uploads\/2022\/11\/23134972_1716592005080486_13718885_o_edited.jpg","type":"image\/jpeg"}],"author":"admin","twitter_card":"summary_large_image","twitter_misc":{"Written by":"admin","Est. reading time":"9 minutes"},"schema":{"@context":"https:\/\/schema.org","@graph":[{"@type":"Article","@id":"https:\/\/marekkuchcinski.pl\/wydarzenia\/7641\/#article","isPartOf":{"@id":"https:\/\/marekkuchcinski.pl\/wydarzenia\/7641\/"},"author":{"name":"admin","@id":"https:\/\/marekkuchcinski.pl\/#\/schema\/person\/3df5731f1d989baf25555b5a344773d5"},"headline":"Przemyskie nekropolie","datePublished":"2022-11-01T09:29:00+00:00","dateModified":"2022-11-01T10:39:47+00:00","mainEntityOfPage":{"@id":"https:\/\/marekkuchcinski.pl\/wydarzenia\/7641\/"},"wordCount":1851,"commentCount":0,"publisher":{"@id":"https:\/\/marekkuchcinski.pl\/#organization"},"image":{"@id":"https:\/\/marekkuchcinski.pl\/wydarzenia\/7641\/#primaryimage"},"thumbnailUrl":"https:\/\/marekkuchcinski.pl\/wp-content\/uploads\/2022\/11\/23134972_1716592005080486_13718885_o_edited.jpg","articleSection":["Podkarpacie","Wydarzenia"],"inLanguage":"hu-HU","potentialAction":[{"@type":"CommentAction","name":"Comment","target":["https:\/\/marekkuchcinski.pl\/wydarzenia\/7641\/#respond"]}]},{"@type":"WebPage","@id":"https:\/\/marekkuchcinski.pl\/wydarzenia\/7641\/","url":"https:\/\/marekkuchcinski.pl\/wydarzenia\/7641\/","name":"Przemyskie nekropolie &#8211; Marek Kuchci\u0144ski","isPartOf":{"@id":"https:\/\/marekkuchcinski.pl\/#website"},"primaryImageOfPage":{"@id":"https:\/\/marekkuchcinski.pl\/wydarzenia\/7641\/#primaryimage"},"image":{"@id":"https:\/\/marekkuchcinski.pl\/wydarzenia\/7641\/#primaryimage"},"thumbnailUrl":"https:\/\/marekkuchcinski.pl\/wp-content\/uploads\/2022\/11\/23134972_1716592005080486_13718885_o_edited.jpg","datePublished":"2022-11-01T09:29:00+00:00","dateModified":"2022-11-01T10:39:47+00:00","breadcrumb":{"@id":"https:\/\/marekkuchcinski.pl\/wydarzenia\/7641\/#breadcrumb"},"inLanguage":"hu-HU","potentialAction":[{"@type":"ReadAction","target":["https:\/\/marekkuchcinski.pl\/wydarzenia\/7641\/"]}]},{"@type":"ImageObject","inLanguage":"hu-HU","@id":"https:\/\/marekkuchcinski.pl\/wydarzenia\/7641\/#primaryimage","url":"https:\/\/marekkuchcinski.pl\/wp-content\/uploads\/2022\/11\/23134972_1716592005080486_13718885_o_edited.jpg","contentUrl":"https:\/\/marekkuchcinski.pl\/wp-content\/uploads\/2022\/11\/23134972_1716592005080486_13718885_o_edited.jpg","width":1344,"height":896},{"@type":"BreadcrumbList","@id":"https:\/\/marekkuchcinski.pl\/wydarzenia\/7641\/#breadcrumb","itemListElement":[{"@type":"ListItem","position":1,"name":"Strona g\u0142\u00f3wna","item":"https:\/\/marekkuchcinski.pl\/"},{"@type":"ListItem","position":2,"name":"Przemyskie nekropolie"}]},{"@type":"WebSite","@id":"https:\/\/marekkuchcinski.pl\/#website","url":"https:\/\/marekkuchcinski.pl\/","name":"Marek Kuchci\u0144ski","description":"Marek Kuchci\u0144ski","publisher":{"@id":"https:\/\/marekkuchcinski.pl\/#organization"},"potentialAction":[{"@type":"SearchAction","target":{"@type":"EntryPoint","urlTemplate":"https:\/\/marekkuchcinski.pl\/?s={search_term_string}"},"query-input":{"@type":"PropertyValueSpecification","valueRequired":true,"valueName":"search_term_string"}}],"inLanguage":"hu-HU"},{"@type":"Organization","@id":"https:\/\/marekkuchcinski.pl\/#organization","name":"Marek Kuchci\u0144ski","url":"https:\/\/marekkuchcinski.pl\/","logo":{"@type":"ImageObject","inLanguage":"hu-HU","@id":"https:\/\/marekkuchcinski.pl\/#\/schema\/logo\/image\/","url":"https:\/\/marekkuchcinski.pl\/wp-content\/uploads\/2022\/09\/Marek.jpg","contentUrl":"https:\/\/marekkuchcinski.pl\/wp-content\/uploads\/2022\/09\/Marek.jpg","width":1600,"height":971,"caption":"Marek Kuchci\u0144ski"},"image":{"@id":"https:\/\/marekkuchcinski.pl\/#\/schema\/logo\/image\/"}},{"@type":"Person","@id":"https:\/\/marekkuchcinski.pl\/#\/schema\/person\/3df5731f1d989baf25555b5a344773d5","name":"admin","image":{"@type":"ImageObject","inLanguage":"hu-HU","@id":"https:\/\/secure.gravatar.com\/avatar\/8fdd2bf34b2a04a8cfb92bbed2c60d558452e5d61a8064e677da4778b9cf4898?s=96&d=mm&r=g","url":"https:\/\/secure.gravatar.com\/avatar\/8fdd2bf34b2a04a8cfb92bbed2c60d558452e5d61a8064e677da4778b9cf4898?s=96&d=mm&r=g","contentUrl":"https:\/\/secure.gravatar.com\/avatar\/8fdd2bf34b2a04a8cfb92bbed2c60d558452e5d61a8064e677da4778b9cf4898?s=96&d=mm&r=g","caption":"admin"},"sameAs":["https:\/\/marekkuchcinski.pl"],"url":"https:\/\/marekkuchcinski.pl\/hu\/author\/admin\/"}]}},"_links":{"self":[{"href":"https:\/\/marekkuchcinski.pl\/hu\/wp-json\/wp\/v2\/posts\/7641","targetHints":{"allow":["GET"]}}],"collection":[{"href":"https:\/\/marekkuchcinski.pl\/hu\/wp-json\/wp\/v2\/posts"}],"about":[{"href":"https:\/\/marekkuchcinski.pl\/hu\/wp-json\/wp\/v2\/types\/post"}],"author":[{"embeddable":true,"href":"https:\/\/marekkuchcinski.pl\/hu\/wp-json\/wp\/v2\/users\/1"}],"replies":[{"embeddable":true,"href":"https:\/\/marekkuchcinski.pl\/hu\/wp-json\/wp\/v2\/comments?post=7641"}],"version-history":[{"count":42,"href":"https:\/\/marekkuchcinski.pl\/hu\/wp-json\/wp\/v2\/posts\/7641\/revisions"}],"predecessor-version":[{"id":26879,"href":"https:\/\/marekkuchcinski.pl\/hu\/wp-json\/wp\/v2\/posts\/7641\/revisions\/26879"}],"wp:featuredmedia":[{"embeddable":true,"href":"https:\/\/marekkuchcinski.pl\/hu\/wp-json\/wp\/v2\/media\/26878"}],"wp:attachment":[{"href":"https:\/\/marekkuchcinski.pl\/hu\/wp-json\/wp\/v2\/media?parent=7641"}],"wp:term":[{"taxonomy":"category","embeddable":true,"href":"https:\/\/marekkuchcinski.pl\/hu\/wp-json\/wp\/v2\/categories?post=7641"},{"taxonomy":"post_tag","embeddable":true,"href":"https:\/\/marekkuchcinski.pl\/hu\/wp-json\/wp\/v2\/tags?post=7641"}],"curies":[{"name":"wp","href":"https:\/\/api.w.org\/{rel}","templated":true}]}}