{"id":7622,"date":"2017-10-27T13:37:56","date_gmt":"2017-10-27T11:37:56","guid":{"rendered":"https:\/\/marekkuchcinski.pl\/?p=7622"},"modified":"2017-10-31T14:17:01","modified_gmt":"2017-10-31T13:17:01","slug":"spotkanie-komitetu-narodowych-obchodow-100-rocznicy-odzyskania-niepodleglosci","status":"publish","type":"post","link":"https:\/\/marekkuchcinski.pl\/hu\/wydarzenia\/spotkanie-komitetu-narodowych-obchodow-100-rocznicy-odzyskania-niepodleglosci\/","title":{"rendered":"A F\u00fcggetlens\u00e9g 100. \u00e9vfordul\u00f3ja nemzeti \u00fcnneps\u00e9g\u00e9re l\u00e9trehozott bizotts\u00e1g \u00fcl\u00e9se"},"content":{"rendered":"<p>A Lengyel K\u00f6zt\u00e1rsas\u00e1g f\u00fcggetlens\u00e9ge visszanyer\u00e9s\u00e9nek sz\u00e1zadik \u00e9vfordul\u00f3ja meg\u00fcnnepl\u00e9s\u00e9re l\u00e9trehozott nemzeti bizotts\u00e1g els\u0151 munkatal\u00e1lkoz\u00f3j\u00e1t cs\u00fct\u00f6rt\u00f6k\u00f6n tartott\u00e1k az eln\u00f6ki palot\u00e1ban.<\/p>\n<p>Andrzej Duda, a Lengyel K\u00f6zt\u00e1rsas\u00e1g eln\u00f6ke \u00e9s egyben a bizotts\u00e1g eln\u00f6ke megnyit\u00f3 besz\u00e9d\u00e9ben megk\u00f6sz\u00f6nte az egybegy\u0171lteknek, hogy folytatj\u00e1k a f\u00fcggetlens\u00e9g visszaszerz\u00e9s\u00e9nek centen\u00e1riumi \u00e9v\u00e9re val\u00f3 felk\u00e9sz\u00fcl\u00e9sr\u0151l sz\u00f3l\u00f3 vit\u00e1t. Az eln\u00f6k azt is bejelentette, hogy a bizotts\u00e1g \u00f6sszet\u00e9tele kib\u0151v\u00fcl a F\u00fcggetlens\u00e9gi Menetel\u00e9shez kapcsol\u00f3d\u00f3 k\u00f6r\u00f6k k\u00e9pvisel\u0151ivel \u00e9s a vil\u00e1gszerte m\u0171k\u00f6d\u0151 \"Gazeta Polska\" klubok k\u00e9pvisel\u0151ivel.<\/p>\n<p>Andrzej Duda eln\u00f6k arr\u00f3l is t\u00e1j\u00e9koztatott, hogy\u00a0<strong><a tabindex=\"132\" href=\"http:\/\/www.prezydent.pl\/aktualnosci\/wydarzenia\/art,760,prezydent-wnioskuje-o-zwolanie-na-5-grudnia-zgromadzenia-narodowego.html\">az Orsz\u00e1ggy\u0171l\u00e9s 2017. december 5-re tervezett \u00fcl\u00e9se,<\/a>\u00a0<\/strong>a centen\u00e1riumi \u00fcnneps\u00e9gek nemzeti dimenzi\u00f3j\u00e1nak megnyit\u00e1sa. Az \u00fcl\u00e9st az\u00e9rt h\u00edvt\u00e1k \u00f6ssze, hogy meghallgass\u00e1k a Lengyel K\u00f6zt\u00e1rsas\u00e1g eln\u00f6k\u00e9nek besz\u00e9d\u00e9t a f\u00fcggetlens\u00e9g egyik atyja, J\u00f3zef Pi\u0142sudski 150. sz\u00fclet\u00e9snapja alkalm\u00e1b\u00f3l. Az eln\u00f6k megk\u00f6sz\u00f6ni a Szejm \u00e9s a Szen\u00e1tus eln\u00f6k\u00e9nek a kezdem\u00e9nyez\u00e9s t\u00e1mogat\u00e1s\u00e1t, \u00e9s felk\u00e9ri a bizotts\u00e1g minden tagj\u00e1t, hogy vegyen r\u00e9szt a Nemzetgy\u0171l\u00e9sben.<\/p>\n<p>Az \u00fcl\u00e9sen a bizotts\u00e1g egyhang\u00falag elfogadta a munk\u00e1j\u00e1t meghat\u00e1roz\u00f3 \u00fcgyrendet, valamint elfogadta a 2017. \u00e9vi \u00fcnneps\u00e9gek programj\u00e1t, amely a fent eml\u00edtett nemzetgy\u0171l\u00e9sen k\u00edv\u00fcl t\u00f6bbek k\u00f6z\u00f6tt a Lengyel K\u00f6zt\u00e1rsas\u00e1g f\u00fcggetlens\u00e9g\u00e9nek visszaszerz\u00e9se 99. \u00e9vfordul\u00f3ja alkalm\u00e1b\u00f3l 2017. november 9-\u00e9n megrendez\u00e9sre ker\u00fcl\u0151 \"Dics\u0151s\u00e9ggel telve t\u00e9r\u00fcnk vissza\" \u00fcnnepi koncertet is tartalmaz, a \"Niepodleg\u0142a\" t\u00f6bb\u00e9ves program keret\u00e9ben 2017-2021 k\u00f6z\u00f6tt megval\u00f3sul\u00f3 \"Wyspia\u0144ski\" c\u00edm\u0171 ki\u00e1ll\u00edt\u00e1s megnyit\u00f3ja a krakk\u00f3i Nemzeti M\u00fazeumban 2017. november 27-\u00e9n, valamint a J\u00f3zef Pi\u0142sudski marsall sz\u00fclet\u00e9s\u00e9nek 150. \u00e9vfordul\u00f3ja alkalm\u00e1b\u00f3l 2017. december 27-\u00e9n megrendezett \u00fcnnepi koncert.<\/p>\n<p><em>sz\u00f6veg: president.pl<\/em><\/p>\n<p><em>Fot\u00f3: M. Olejnik<\/em><\/p>\n<p><a href=\"https:\/\/marekkuchcinski.pl\/wp-content\/uploads\/2017\/10\/23114821_1690187114370937_845194446_n.jpg\"><img fetchpriority=\"high\" decoding=\"async\" class=\"alignnone wp-image-7623\" src=\"https:\/\/marekkuchcinski.pl\/wp-content\/uploads\/2017\/10\/23114821_1690187114370937_845194446_n.jpg\" alt=\"23114821_1690187114370937_845194446_n\" width=\"857\" height=\"602\" srcset=\"https:\/\/marekkuchcinski.pl\/wp-content\/uploads\/2017\/10\/23114821_1690187114370937_845194446_n.jpg 642w, https:\/\/marekkuchcinski.pl\/wp-content\/uploads\/2017\/10\/23114821_1690187114370937_845194446_n-300x211.jpg 300w\" sizes=\"(max-width: 857px) 100vw, 857px\" \/><\/a> <a href=\"https:\/\/marekkuchcinski.pl\/wp-content\/uploads\/2017\/10\/Niepodleg\u0142a_edited.jpg\"><img decoding=\"async\" class=\"alignnone size-full wp-image-7636\" src=\"https:\/\/marekkuchcinski.pl\/wp-content\/uploads\/2017\/10\/Niepodleg\u0142a_edited.jpg\" alt=\"Niepodleg\u0142a_edited\" width=\"4896\" height=\"2760\" srcset=\"https:\/\/marekkuchcinski.pl\/wp-content\/uploads\/2017\/10\/Niepodleg\u0142a_edited.jpg 2048w, https:\/\/marekkuchcinski.pl\/wp-content\/uploads\/2017\/10\/Niepodleg\u0142a_edited-300x169.jpg 300w, https:\/\/marekkuchcinski.pl\/wp-content\/uploads\/2017\/10\/Niepodleg\u0142a_edited-768x433.jpg 768w, https:\/\/marekkuchcinski.pl\/wp-content\/uploads\/2017\/10\/Niepodleg\u0142a_edited-1024x577.jpg 1024w\" sizes=\"(max-width: 4896px) 100vw, 4896px\" \/><\/a> <a href=\"https:\/\/marekkuchcinski.pl\/wp-content\/uploads\/2017\/10\/DSCF7048.jpg\"><img decoding=\"async\" class=\"alignnone size-full wp-image-7626\" src=\"https:\/\/marekkuchcinski.pl\/wp-content\/uploads\/2017\/10\/DSCF7048.jpg\" alt=\"DSCF7048\" width=\"4896\" height=\"2760\" srcset=\"https:\/\/marekkuchcinski.pl\/wp-content\/uploads\/2017\/10\/DSCF7048.jpg 2048w, https:\/\/marekkuchcinski.pl\/wp-content\/uploads\/2017\/10\/DSCF7048-300x169.jpg 300w, https:\/\/marekkuchcinski.pl\/wp-content\/uploads\/2017\/10\/DSCF7048-768x433.jpg 768w, https:\/\/marekkuchcinski.pl\/wp-content\/uploads\/2017\/10\/DSCF7048-1024x577.jpg 1024w\" sizes=\"(max-width: 4896px) 100vw, 4896px\" \/><\/a> <a href=\"https:\/\/marekkuchcinski.pl\/wp-content\/uploads\/2017\/10\/DSCF7036.jpg\"><img loading=\"lazy\" decoding=\"async\" class=\"alignnone size-full wp-image-7627\" src=\"https:\/\/marekkuchcinski.pl\/wp-content\/uploads\/2017\/10\/DSCF7036.jpg\" alt=\"DSCF7036\" width=\"4896\" height=\"2760\" srcset=\"https:\/\/marekkuchcinski.pl\/wp-content\/uploads\/2017\/10\/DSCF7036.jpg 2048w, https:\/\/marekkuchcinski.pl\/wp-content\/uploads\/2017\/10\/DSCF7036-300x169.jpg 300w, https:\/\/marekkuchcinski.pl\/wp-content\/uploads\/2017\/10\/DSCF7036-768x433.jpg 768w, https:\/\/marekkuchcinski.pl\/wp-content\/uploads\/2017\/10\/DSCF7036-1024x577.jpg 1024w\" sizes=\"(max-width: 4896px) 100vw, 4896px\" \/><\/a> <a href=\"https:\/\/marekkuchcinski.pl\/wp-content\/uploads\/2017\/10\/DSCF7033.jpg\"><img loading=\"lazy\" decoding=\"async\" class=\"alignnone size-full wp-image-7628\" src=\"https:\/\/marekkuchcinski.pl\/wp-content\/uploads\/2017\/10\/DSCF7033.jpg\" alt=\"DSCF7033\" width=\"4896\" height=\"2760\" srcset=\"https:\/\/marekkuchcinski.pl\/wp-content\/uploads\/2017\/10\/DSCF7033.jpg 2048w, https:\/\/marekkuchcinski.pl\/wp-content\/uploads\/2017\/10\/DSCF7033-300x169.jpg 300w, https:\/\/marekkuchcinski.pl\/wp-content\/uploads\/2017\/10\/DSCF7033-768x433.jpg 768w, https:\/\/marekkuchcinski.pl\/wp-content\/uploads\/2017\/10\/DSCF7033-1024x577.jpg 1024w\" sizes=\"(max-width: 4896px) 100vw, 4896px\" \/><\/a> <a href=\"https:\/\/marekkuchcinski.pl\/wp-content\/uploads\/2017\/10\/DSCF7007.jpg\"><img loading=\"lazy\" decoding=\"async\" class=\"alignnone size-full wp-image-7630\" src=\"https:\/\/marekkuchcinski.pl\/wp-content\/uploads\/2017\/10\/DSCF7007.jpg\" alt=\"DSCF7007\" width=\"4896\" height=\"2760\" srcset=\"https:\/\/marekkuchcinski.pl\/wp-content\/uploads\/2017\/10\/DSCF7007.jpg 2048w, https:\/\/marekkuchcinski.pl\/wp-content\/uploads\/2017\/10\/DSCF7007-300x169.jpg 300w, https:\/\/marekkuchcinski.pl\/wp-content\/uploads\/2017\/10\/DSCF7007-768x433.jpg 768w, https:\/\/marekkuchcinski.pl\/wp-content\/uploads\/2017\/10\/DSCF7007-1024x577.jpg 1024w\" sizes=\"(max-width: 4896px) 100vw, 4896px\" \/><\/a> <a href=\"https:\/\/marekkuchcinski.pl\/wp-content\/uploads\/2017\/10\/DSCF6999.jpg\"><img loading=\"lazy\" decoding=\"async\" class=\"alignnone size-full wp-image-7632\" src=\"https:\/\/marekkuchcinski.pl\/wp-content\/uploads\/2017\/10\/DSCF6999.jpg\" alt=\"DSCF6999\" width=\"4896\" height=\"2760\" srcset=\"https:\/\/marekkuchcinski.pl\/wp-content\/uploads\/2017\/10\/DSCF6999.jpg 2048w, https:\/\/marekkuchcinski.pl\/wp-content\/uploads\/2017\/10\/DSCF6999-300x169.jpg 300w, https:\/\/marekkuchcinski.pl\/wp-content\/uploads\/2017\/10\/DSCF6999-768x433.jpg 768w, https:\/\/marekkuchcinski.pl\/wp-content\/uploads\/2017\/10\/DSCF6999-1024x577.jpg 1024w\" sizes=\"(max-width: 4896px) 100vw, 4896px\" \/><\/a><\/p>","protected":false},"excerpt":{"rendered":"<p>Pierwsze robocze posiedzenie Komitetu Narodowych Obchod\u00f3w Setnej Rocznicy Odzyskania Niepodleg\u0142o\u015bci Rzeczypospolitej Polskiej odby\u0142o si\u0119 w czwartek w Pa\u0142acu Prezydenckim. Prezydent Rzeczypospolitej Polskiej Andrzej Duda, a jednocze\u015bnie Przewodnicz\u0105cy Komitetu, w wyst\u0105pieniu otwieraj\u0105cym, podzi\u0119kowa\u0142 zebranym za kontynuowanie debaty, dotycz\u0105cej przygotowa\u0144 do roku stulecia odzyskania niepodleg\u0142o\u015bci. Prezydent zapowiedzia\u0142 tak\u017ce, \u017ce sk\u0142ad Komitetu zostanie poszerzony o przedstawicieli \u015brodowisk zwi\u0105zanych [&hellip;]<\/p>\n","protected":false},"author":6,"featured_media":7623,"comment_status":"open","ping_status":"open","sticky":false,"template":"","format":"standard","meta":{"ngg_post_thumbnail":0,"footnotes":""},"categories":[77,3],"tags":[],"class_list":["post-7622","post","type-post","status-publish","format-standard","has-post-thumbnail","hentry","category-wazne-daty","category-wydarzenia"],"_links":{"self":[{"href":"https:\/\/marekkuchcinski.pl\/hu\/wp-json\/wp\/v2\/posts\/7622","targetHints":{"allow":["GET"]}}],"collection":[{"href":"https:\/\/marekkuchcinski.pl\/hu\/wp-json\/wp\/v2\/posts"}],"about":[{"href":"https:\/\/marekkuchcinski.pl\/hu\/wp-json\/wp\/v2\/types\/post"}],"author":[{"embeddable":true,"href":"https:\/\/marekkuchcinski.pl\/hu\/wp-json\/wp\/v2\/users\/6"}],"replies":[{"embeddable":true,"href":"https:\/\/marekkuchcinski.pl\/hu\/wp-json\/wp\/v2\/comments?post=7622"}],"version-history":[{"count":2,"href":"https:\/\/marekkuchcinski.pl\/hu\/wp-json\/wp\/v2\/posts\/7622\/revisions"}],"predecessor-version":[{"id":7637,"href":"https:\/\/marekkuchcinski.pl\/hu\/wp-json\/wp\/v2\/posts\/7622\/revisions\/7637"}],"wp:featuredmedia":[{"embeddable":true,"href":"https:\/\/marekkuchcinski.pl\/hu\/wp-json\/wp\/v2\/media\/7623"}],"wp:attachment":[{"href":"https:\/\/marekkuchcinski.pl\/hu\/wp-json\/wp\/v2\/media?parent=7622"}],"wp:term":[{"taxonomy":"category","embeddable":true,"href":"https:\/\/marekkuchcinski.pl\/hu\/wp-json\/wp\/v2\/categories?post=7622"},{"taxonomy":"post_tag","embeddable":true,"href":"https:\/\/marekkuchcinski.pl\/hu\/wp-json\/wp\/v2\/tags?post=7622"}],"curies":[{"name":"wp","href":"https:\/\/api.w.org\/{rel}","templated":true}]}}