{"id":7548,"date":"2017-10-29T22:15:24","date_gmt":"2017-10-29T21:15:24","guid":{"rendered":"https:\/\/marekkuchcinski.pl\/?p=7548"},"modified":"2017-10-31T21:30:37","modified_gmt":"2017-10-31T20:30:37","slug":"marszalek-sejmu-zapalil-znicze-przemyskich-cmentarzach-zlozyl-hold-bohaterom","status":"publish","type":"post","link":"https:\/\/marekkuchcinski.pl\/hu\/wydarzenia\/marszalek-sejmu-zapalil-znicze-przemyskich-cmentarzach-zlozyl-hold-bohaterom\/","title":{"rendered":"A szejm eln\u00f6ke gyerty\u00e1t gy\u00fajtott \u00e9s vir\u00e1got helyezett el a przemy\u015bli temet\u0151kben. Tisztelettel ad\u00f3zott a h\u0151s\u00f6k el\u0151tt"},"content":{"rendered":"<p class=\"hyphenate\" data-scroll=\"paragraph_1\">Marek Kuchci\u0144ski marsall \u00e9s k\u00eds\u00e9r\u0151 vend\u00e9gei, k\u00f6zt\u00fck Robert Choma, Przemy\u015bl polg\u00e1rmestere, a temetkez\u00e9si helyek \u00fcnnep\u00e9lyes l\u00e1togat\u00e1s\u00e1t azzal kezdt\u00e9k, hogy vir\u00e1got helyeztek el Ignacy Tokarczuk \u00e9rsek s\u00edrj\u00e1n\u00e1l a przemy\u015bli \u00e9rseks\u00e9g kript\u00e1j\u00e1ban. Innen az osztr\u00e1k-magyar temet\u0151be ment, ahol megeml\u00e9kezett a Przemy\u015bl er\u0151d\u00e9rt folytatott 1914-1918-as harcokban harcol\u00f3 osztr\u00e1k-magyarokr\u00f3l. K\u00f6zt\u00fck nyugszik K\u00f6v\u00e9r L\u00e1szl\u00f3, a magyar Orsz\u00e1ggy\u0171l\u00e9s jelenlegi eln\u00f6k\u00e9nek nagyapja \u00e9s Antall J\u00f3zsef nagyapja.<\/p>\n<p class=\"hyphenate\" data-scroll=\"paragraph_2\">A marsall \u00e9s seg\u00edt\u0151i gyerty\u00e1kat gy\u00fajtottak \u00e9s vir\u00e1gcsokrokat helyeztek el az eml\u00e9km\u0171vekn\u00e9l, t\u00f6bbek k\u00f6z\u00f6tt: Honv\u00e9ds\u00e9g, az OUN-UPA \u00e1ltal meggyilkolt keleti hat\u00e1rvid\u00e9ki lengyelek \u00e9s az NKVD \u00e1ltal meggyilkoltak eml\u00e9km\u0171ve (az \u00fagynevezett katyni eml\u00e9km\u0171), a l\u00e9gi\u00f3sok \u00e9s az Ismeretlen katona s\u00edrj\u00e1n\u00e1l.<\/p>\n<p class=\"hyphenate\" data-scroll=\"paragraph_3\">Kuchci\u0144ski \u00e9s k\u00eds\u00e9r\u0151 vend\u00e9gei megl\u00e1togatt\u00e1k t\u00f6bbek k\u00f6z\u00f6tt az Ukr\u00e1n Felkel\u0151 Hadsereg (UPA) elleni harcban 1946-ban elesett lengyel katon\u00e1k s\u00edrj\u00e1t is, amely a Zasa\u0144ski temet\u0151ben tal\u00e1lhat\u00f3. A F\u0151temet\u0151ben a marsall felkereste \u00e9desapja, Zbigniew Kuchci\u0144ski s\u00edrj\u00e1t, aki a Lviv \u00e9s a d\u00e9li \u00e9s keleti hat\u00e1rvid\u00e9k szerelmeseinek t\u00e1rsas\u00e1g\u00e1nak eln\u00f6ke volt, valamint a novemberi \u00e9s a janu\u00e1ri felkel\u00e9s r\u00e9sztvev\u0151inek s\u00edrj\u00e1t \u00e9s a Przemysl v\u00e9d\u0151inek s\u00edrj\u00e1t.<\/p>\n<p class=\"hyphenate\" data-scroll=\"paragraph_4\">Gyerty\u00e1kat gy\u00fajtottak a h\u0151s\u00f6k - a Honi Hadsereg katon\u00e1i \u00e9s Przemy\u015bl ismert lak\u00f3i, k\u00f6zt\u00fck Ryszard Siwiec, W\u0142adys\u0142aw Koba \u0151rnagy, Alicja Wronowska \u00e9s Jerzy Mi\u015bkiewicz, a Polonia Przemy\u015bl hossz\u00fa t\u00e1v\u00fa eln\u00f6ke - s\u00edrj\u00e1n\u00e1l is.<\/p>\n<p class=\"hyphenate\" data-scroll=\"paragraph_5\">El\u0151z\u0151 nap azonban Kuchci\u0144ski marsall \u00e9s a polg\u00e1rmester megb\u00edz\u00e1s\u00e1b\u00f3l a k\u00e9pvisel\u0151i iroda \u00e9s a v\u00e1ros\u0151rs\u00e9g munkat\u00e1rsai vir\u00e1gcsokrokat helyeztek el \u00e9s gyerty\u00e1kat gy\u00fajtottak a jeles przemy\u015bli polg\u00e1rok s\u00edrj\u00e1n\u00e1l \u00e9s az 1920-ban a f\u00fcggetlens\u00e9g\u00e9rt harcol\u00f3 lengyel \u00e9s amerikai rep\u00fcl\u0151k eml\u00e9kt\u00e1bl\u00e1j\u00e1n\u00e1l.<\/p>\n<p class=\"hyphenate\" data-scroll=\"paragraph_5\"><em>PAP<\/em><\/p>\n<p class=\"hyphenate\" data-scroll=\"paragraph_5\"><em>Fot\u00f3: A. Czereba<\/em><\/p>\n<p class=\"hyphenate\" data-scroll=\"paragraph_5\"><a href=\"https:\/\/marekkuchcinski.pl\/wp-content\/uploads\/2017\/10\/Przy-Pomniku-Ofiar-UPA-2.jpg\"><img fetchpriority=\"high\" decoding=\"async\" class=\"alignnone size-full wp-image-7549\" src=\"https:\/\/marekkuchcinski.pl\/wp-content\/uploads\/2017\/10\/Przy-Pomniku-Ofiar-UPA-2.jpg\" alt=\"Przy Pomniku Ofiar UPA (2)\" width=\"4109\" height=\"2753\" srcset=\"https:\/\/marekkuchcinski.pl\/wp-content\/uploads\/2017\/10\/Przy-Pomniku-Ofiar-UPA-2.jpg 2048w, https:\/\/marekkuchcinski.pl\/wp-content\/uploads\/2017\/10\/Przy-Pomniku-Ofiar-UPA-2-300x201.jpg 300w, https:\/\/marekkuchcinski.pl\/wp-content\/uploads\/2017\/10\/Przy-Pomniku-Ofiar-UPA-2-768x515.jpg 768w, https:\/\/marekkuchcinski.pl\/wp-content\/uploads\/2017\/10\/Przy-Pomniku-Ofiar-UPA-2-1024x686.jpg 1024w\" sizes=\"(max-width: 4109px) 100vw, 4109px\" \/><\/a> <a href=\"https:\/\/marekkuchcinski.pl\/wp-content\/uploads\/2017\/10\/29.11.2017_fot.-A-59.jpg\"><img decoding=\"async\" class=\"alignnone size-full wp-image-7551\" src=\"https:\/\/marekkuchcinski.pl\/wp-content\/uploads\/2017\/10\/29.11.2017_fot.-A-59.jpg\" alt=\"29.11.2017_fot. A (59)\" width=\"4021\" height=\"2422\" srcset=\"https:\/\/marekkuchcinski.pl\/wp-content\/uploads\/2017\/10\/29.11.2017_fot.-A-59.jpg 2048w, https:\/\/marekkuchcinski.pl\/wp-content\/uploads\/2017\/10\/29.11.2017_fot.-A-59-300x181.jpg 300w, https:\/\/marekkuchcinski.pl\/wp-content\/uploads\/2017\/10\/29.11.2017_fot.-A-59-768x463.jpg 768w, https:\/\/marekkuchcinski.pl\/wp-content\/uploads\/2017\/10\/29.11.2017_fot.-A-59-1024x617.jpg 1024w\" sizes=\"(max-width: 4021px) 100vw, 4021px\" \/><\/a> <a href=\"https:\/\/marekkuchcinski.pl\/wp-content\/uploads\/2017\/10\/29.11.2017_fot.-A-57.jpg\"><img decoding=\"async\" class=\"alignnone size-full wp-image-7552\" src=\"https:\/\/marekkuchcinski.pl\/wp-content\/uploads\/2017\/10\/29.11.2017_fot.-A-57.jpg\" alt=\"29.11.2017_fot. A (57)\" width=\"3765\" height=\"2452\" srcset=\"https:\/\/marekkuchcinski.pl\/wp-content\/uploads\/2017\/10\/29.11.2017_fot.-A-57.jpg 2048w, https:\/\/marekkuchcinski.pl\/wp-content\/uploads\/2017\/10\/29.11.2017_fot.-A-57-300x195.jpg 300w, https:\/\/marekkuchcinski.pl\/wp-content\/uploads\/2017\/10\/29.11.2017_fot.-A-57-768x500.jpg 768w, https:\/\/marekkuchcinski.pl\/wp-content\/uploads\/2017\/10\/29.11.2017_fot.-A-57-1024x667.jpg 1024w\" sizes=\"(max-width: 3765px) 100vw, 3765px\" \/><\/a> <a href=\"https:\/\/marekkuchcinski.pl\/wp-content\/uploads\/2017\/10\/29.11.2017_fot.-A-45.jpg\"><img loading=\"lazy\" decoding=\"async\" class=\"alignnone size-full wp-image-7554\" src=\"https:\/\/marekkuchcinski.pl\/wp-content\/uploads\/2017\/10\/29.11.2017_fot.-A-45.jpg\" alt=\"29.11.2017_fot. A (45)\" width=\"4170\" height=\"2709\" srcset=\"https:\/\/marekkuchcinski.pl\/wp-content\/uploads\/2017\/10\/29.11.2017_fot.-A-45.jpg 2048w, https:\/\/marekkuchcinski.pl\/wp-content\/uploads\/2017\/10\/29.11.2017_fot.-A-45-300x195.jpg 300w, https:\/\/marekkuchcinski.pl\/wp-content\/uploads\/2017\/10\/29.11.2017_fot.-A-45-768x499.jpg 768w, https:\/\/marekkuchcinski.pl\/wp-content\/uploads\/2017\/10\/29.11.2017_fot.-A-45-1024x665.jpg 1024w\" sizes=\"(max-width: 4170px) 100vw, 4170px\" \/><\/a> <a href=\"https:\/\/marekkuchcinski.pl\/wp-content\/uploads\/2017\/10\/29.11.2017_fot.-A-27.jpg\"><img loading=\"lazy\" decoding=\"async\" class=\"alignnone size-full wp-image-7557\" src=\"https:\/\/marekkuchcinski.pl\/wp-content\/uploads\/2017\/10\/29.11.2017_fot.-A-27.jpg\" alt=\"29.11.2017_fot. A (27)\" width=\"3888\" height=\"2632\" srcset=\"https:\/\/marekkuchcinski.pl\/wp-content\/uploads\/2017\/10\/29.11.2017_fot.-A-27.jpg 2048w, https:\/\/marekkuchcinski.pl\/wp-content\/uploads\/2017\/10\/29.11.2017_fot.-A-27-300x203.jpg 300w, https:\/\/marekkuchcinski.pl\/wp-content\/uploads\/2017\/10\/29.11.2017_fot.-A-27-768x520.jpg 768w, https:\/\/marekkuchcinski.pl\/wp-content\/uploads\/2017\/10\/29.11.2017_fot.-A-27-1024x693.jpg 1024w\" sizes=\"(max-width: 3888px) 100vw, 3888px\" \/><\/a> <a href=\"https:\/\/marekkuchcinski.pl\/wp-content\/uploads\/2017\/10\/29.11.2017_fot.-A-24.jpg\"><img loading=\"lazy\" decoding=\"async\" class=\"alignnone size-full wp-image-7559\" src=\"https:\/\/marekkuchcinski.pl\/wp-content\/uploads\/2017\/10\/29.11.2017_fot.-A-24.jpg\" alt=\"29.11.2017_fot. A (24)\" width=\"3476\" height=\"2447\" srcset=\"https:\/\/marekkuchcinski.pl\/wp-content\/uploads\/2017\/10\/29.11.2017_fot.-A-24.jpg 2048w, https:\/\/marekkuchcinski.pl\/wp-content\/uploads\/2017\/10\/29.11.2017_fot.-A-24-300x211.jpg 300w, https:\/\/marekkuchcinski.pl\/wp-content\/uploads\/2017\/10\/29.11.2017_fot.-A-24-768x541.jpg 768w, https:\/\/marekkuchcinski.pl\/wp-content\/uploads\/2017\/10\/29.11.2017_fot.-A-24-1024x721.jpg 1024w\" sizes=\"(max-width: 3476px) 100vw, 3476px\" \/><\/a> <a href=\"https:\/\/marekkuchcinski.pl\/wp-content\/uploads\/2017\/10\/29.11.2017_fot.-A-30.jpg\"><img loading=\"lazy\" decoding=\"async\" class=\"alignnone size-full wp-image-7562\" src=\"https:\/\/marekkuchcinski.pl\/wp-content\/uploads\/2017\/10\/29.11.2017_fot.-A-30.jpg\" alt=\"29.11.2017_fot. A (30)\" width=\"3656\" height=\"2797\" srcset=\"https:\/\/marekkuchcinski.pl\/wp-content\/uploads\/2017\/10\/29.11.2017_fot.-A-30.jpg 2048w, https:\/\/marekkuchcinski.pl\/wp-content\/uploads\/2017\/10\/29.11.2017_fot.-A-30-300x230.jpg 300w, https:\/\/marekkuchcinski.pl\/wp-content\/uploads\/2017\/10\/29.11.2017_fot.-A-30-768x588.jpg 768w, https:\/\/marekkuchcinski.pl\/wp-content\/uploads\/2017\/10\/29.11.2017_fot.-A-30-1024x783.jpg 1024w\" sizes=\"(max-width: 3656px) 100vw, 3656px\" \/><\/a> <a href=\"https:\/\/marekkuchcinski.pl\/wp-content\/uploads\/2017\/10\/29.11.2017_fot.-A-49.jpg\"><img loading=\"lazy\" decoding=\"async\" class=\"alignnone size-full wp-image-7564\" src=\"https:\/\/marekkuchcinski.pl\/wp-content\/uploads\/2017\/10\/29.11.2017_fot.-A-49.jpg\" alt=\"29.11.2017_fot. A (49)\" width=\"3605\" height=\"2709\" srcset=\"https:\/\/marekkuchcinski.pl\/wp-content\/uploads\/2017\/10\/29.11.2017_fot.-A-49.jpg 2048w, https:\/\/marekkuchcinski.pl\/wp-content\/uploads\/2017\/10\/29.11.2017_fot.-A-49-300x225.jpg 300w, https:\/\/marekkuchcinski.pl\/wp-content\/uploads\/2017\/10\/29.11.2017_fot.-A-49-768x577.jpg 768w, https:\/\/marekkuchcinski.pl\/wp-content\/uploads\/2017\/10\/29.11.2017_fot.-A-49-1024x769.jpg 1024w\" sizes=\"(max-width: 3605px) 100vw, 3605px\" \/><\/a> <a href=\"https:\/\/marekkuchcinski.pl\/wp-content\/uploads\/2017\/10\/29.11.2017_fot.-A-37.jpg\"><img loading=\"lazy\" decoding=\"async\" class=\"alignnone size-full wp-image-7565\" src=\"https:\/\/marekkuchcinski.pl\/wp-content\/uploads\/2017\/10\/29.11.2017_fot.-A-37.jpg\" alt=\"29.11.2017_fot. A (37)\" width=\"3394\" height=\"2560\" srcset=\"https:\/\/marekkuchcinski.pl\/wp-content\/uploads\/2017\/10\/29.11.2017_fot.-A-37.jpg 2048w, https:\/\/marekkuchcinski.pl\/wp-content\/uploads\/2017\/10\/29.11.2017_fot.-A-37-300x226.jpg 300w, https:\/\/marekkuchcinski.pl\/wp-content\/uploads\/2017\/10\/29.11.2017_fot.-A-37-768x579.jpg 768w, https:\/\/marekkuchcinski.pl\/wp-content\/uploads\/2017\/10\/29.11.2017_fot.-A-37-1024x772.jpg 1024w\" sizes=\"(max-width: 3394px) 100vw, 3394px\" \/><\/a> <a href=\"https:\/\/marekkuchcinski.pl\/wp-content\/uploads\/2017\/10\/g3.jpg\"><img loading=\"lazy\" decoding=\"async\" class=\"alignnone size-full wp-image-7574\" src=\"https:\/\/marekkuchcinski.pl\/wp-content\/uploads\/2017\/10\/g3.jpg\" alt=\"g3\" width=\"4036\" height=\"2493\" srcset=\"https:\/\/marekkuchcinski.pl\/wp-content\/uploads\/2017\/10\/g3.jpg 2048w, https:\/\/marekkuchcinski.pl\/wp-content\/uploads\/2017\/10\/g3-300x185.jpg 300w, https:\/\/marekkuchcinski.pl\/wp-content\/uploads\/2017\/10\/g3-768x474.jpg 768w, https:\/\/marekkuchcinski.pl\/wp-content\/uploads\/2017\/10\/g3-1024x633.jpg 1024w\" sizes=\"(max-width: 4036px) 100vw, 4036px\" \/><\/a> <a href=\"https:\/\/marekkuchcinski.pl\/wp-content\/uploads\/2017\/10\/G1.jpg\"><img loading=\"lazy\" decoding=\"async\" class=\"alignnone size-full wp-image-7575\" src=\"https:\/\/marekkuchcinski.pl\/wp-content\/uploads\/2017\/10\/G1.jpg\" alt=\"G1\" width=\"3990\" height=\"2534\" srcset=\"https:\/\/marekkuchcinski.pl\/wp-content\/uploads\/2017\/10\/G1.jpg 2048w, https:\/\/marekkuchcinski.pl\/wp-content\/uploads\/2017\/10\/G1-300x191.jpg 300w, https:\/\/marekkuchcinski.pl\/wp-content\/uploads\/2017\/10\/G1-768x488.jpg 768w, https:\/\/marekkuchcinski.pl\/wp-content\/uploads\/2017\/10\/G1-1024x650.jpg 1024w\" sizes=\"(max-width: 3990px) 100vw, 3990px\" \/><\/a><\/p>","protected":false},"excerpt":{"rendered":"<p>Uroczyste odwiedzanie miejsc poch\u00f3wku marsza\u0142ek Marek Kuchci\u0144ski wraz z towarzysz\u0105cymi mu osobami, w tym\u00a0m.in. z prezydentem Przemy\u015bla Robertem Chom\u0105, rozpocz\u0105\u0142 od z\u0142o\u017cenia kwiat\u00f3w na grobie ks. abp. Ignacego Tokarczuka w kryptach Archikatedry Przemyskiej. Stamt\u0105d uda\u0142 si\u0119 na Cmentarz Austro-W\u0119gierski, gdzie upami\u0119tni\u0142 Austro-W\u0119gr\u00f3w walcz\u0105cych w latach 1914-1918 w walkach o Twierdz\u0119 Przemy\u015bl. W\u015br\u00f3d nich spoczywa dziadek [&hellip;]<\/p>\n","protected":false},"author":6,"featured_media":7551,"comment_status":"open","ping_status":"open","sticky":false,"template":"","format":"standard","meta":{"ngg_post_thumbnail":0,"footnotes":""},"categories":[49,77,3],"tags":[],"class_list":["post-7548","post","type-post","status-publish","format-standard","has-post-thumbnail","hentry","category-podkarpacie","category-wazne-daty","category-wydarzenia"],"_links":{"self":[{"href":"https:\/\/marekkuchcinski.pl\/hu\/wp-json\/wp\/v2\/posts\/7548","targetHints":{"allow":["GET"]}}],"collection":[{"href":"https:\/\/marekkuchcinski.pl\/hu\/wp-json\/wp\/v2\/posts"}],"about":[{"href":"https:\/\/marekkuchcinski.pl\/hu\/wp-json\/wp\/v2\/types\/post"}],"author":[{"embeddable":true,"href":"https:\/\/marekkuchcinski.pl\/hu\/wp-json\/wp\/v2\/users\/6"}],"replies":[{"embeddable":true,"href":"https:\/\/marekkuchcinski.pl\/hu\/wp-json\/wp\/v2\/comments?post=7548"}],"version-history":[{"count":5,"href":"https:\/\/marekkuchcinski.pl\/hu\/wp-json\/wp\/v2\/posts\/7548\/revisions"}],"predecessor-version":[{"id":7640,"href":"https:\/\/marekkuchcinski.pl\/hu\/wp-json\/wp\/v2\/posts\/7548\/revisions\/7640"}],"wp:featuredmedia":[{"embeddable":true,"href":"https:\/\/marekkuchcinski.pl\/hu\/wp-json\/wp\/v2\/media\/7551"}],"wp:attachment":[{"href":"https:\/\/marekkuchcinski.pl\/hu\/wp-json\/wp\/v2\/media?parent=7548"}],"wp:term":[{"taxonomy":"category","embeddable":true,"href":"https:\/\/marekkuchcinski.pl\/hu\/wp-json\/wp\/v2\/categories?post=7548"},{"taxonomy":"post_tag","embeddable":true,"href":"https:\/\/marekkuchcinski.pl\/hu\/wp-json\/wp\/v2\/tags?post=7548"}],"curies":[{"name":"wp","href":"https:\/\/api.w.org\/{rel}","templated":true}]}}