{"id":7510,"date":"2017-10-18T09:52:20","date_gmt":"2017-10-18T07:52:20","guid":{"rendered":"https:\/\/marekkuchcinski.pl\/?p=7510"},"modified":"2017-10-18T13:45:04","modified_gmt":"2017-10-18T11:45:04","slug":"marszalek-sejmu-tej-czesci-swiata-bez-turcji-mozliwosci-zapewnienia-bezpieczenstwa-obywatelom","status":"publish","type":"post","link":"https:\/\/marekkuchcinski.pl\/hu\/wydarzenia\/marszalek-sejmu-tej-czesci-swiata-bez-turcji-mozliwosci-zapewnienia-bezpieczenstwa-obywatelom\/","title":{"rendered":"A Szejm eln\u00f6ke: A vil\u00e1gnak ezen a r\u00e9sz\u00e9n T\u00f6r\u00f6korsz\u00e1g n\u00e9lk\u00fcl nem lehet biztos\u00edtani a polg\u00e1rok biztons\u00e1g\u00e1t."},"content":{"rendered":"<p><strong>A szejm eln\u00f6ke \u00e9s a t\u00f6r\u00f6k eln\u00f6k k\u00f6z\u00f6tti megbesz\u00e9l\u00e9sek f\u0151 t\u00e9m\u00e1i a schengeni t\u00e9rs\u00e9g mindk\u00e9t oldal\u00e1n megval\u00f3sul\u00f3 region\u00e1lis egy\u00fcttm\u0171k\u00f6d\u00e9s, a gazdas\u00e1gi, ipari, NATO-, turisztikai \u00e9s infrastruktur\u00e1lis egy\u00fcttm\u0171k\u00f6d\u00e9s.<\/strong><\/p>\n<p>Egy \u00e9vvel ezel\u0151tt Marek Kuchci\u0144ski h\u00e1zeln\u00f6k\u00f6t fogadta Erdo\u011fan Recep Erdo\u011fan Ankar\u00e1ban, teh\u00e1t mondhatni eln\u00f6ki l\u00e1togat\u00e1s volt.<\/p>\n<p>Kuchci\u0144ski hangs\u00falyozta, hogy k\u00fcl\u00f6n\u00f6sen fontos a Balti-tenger, a Kaszpi-tenger, a Fekete-tenger \u00e9s a F\u00f6ldk\u00f6zi-tenger k\u00f6z\u00f6tti egy\u00fcttm\u0171k\u00f6d\u00e9s, illetve az \u00e9szak-d\u00e9li k\u00f6zleked\u00e9si \u00fatvonal, k\u00f6zt\u00fck a Via Carpatia fejleszt\u00e9se. Az eln\u00f6k megjegyezte, hogy 2017-ben t\u00f6bb mint 200 000 lengyel l\u00e1togatott T\u00f6r\u00f6korsz\u00e1gba. A kommunik\u00e1ci\u00f3 fejleszt\u00e9se ebben a r\u00e9gi\u00f3ban ez\u00e9rt k\u00fcl\u00f6n\u00f6sen fontos.<\/p>\n<p>A politikusok abban is egyet\u00e9rtettek, hogy tapasztalatot kell cser\u00e9lni az uni\u00f3s orsz\u00e1gokban \u00e9l\u0151 nemzeti kisebbs\u00e9gekkel, a k\u00fcl\u00f6nb\u00f6z\u0151 kult\u00far\u00e1j\u00fa \u00e9s vall\u00e1s\u00fa emberekkel kapcsolatban.<\/p>\n<p>A Szejm eln\u00f6ke t\u00e1mogat\u00e1s\u00e1r\u00f3l biztos\u00edtotta T\u00f6r\u00f6korsz\u00e1g uni\u00f3s t\u00f6rekv\u00e9seit. - Tiszt\u00e1ban vagyunk azzal, hogy a vil\u00e1gnak ezen a r\u00e9sz\u00e9n T\u00f6r\u00f6korsz\u00e1g n\u00e9lk\u00fcl nincs lehet\u0151s\u00e9g a polg\u00e1rok biztons\u00e1g\u00e1nak garant\u00e1l\u00e1s\u00e1ra\" - mondta. A h\u00e1zeln\u00f6k szerint a j\u00f3 parlamenti egy\u00fcttm\u0171k\u00f6d\u00e9sre is sz\u00fcks\u00e9g van.<\/p>\n<p>Recep Tayyip Erdo\u011fan lengyelorsz\u00e1gi l\u00e1togat\u00e1s\u00e1t Andrzej Duda eln\u00f6kkel val\u00f3 tal\u00e1lkoz\u00f3val kezdte. \u00d6t fontos korm\u00e1nyk\u00f6zi meg\u00e1llapod\u00e1st \u00edrtak al\u00e1. Mint a Szejm eln\u00f6ke hangs\u00falyozta - ilyen nagy l\u00e9tsz\u00e1m\u00fa deleg\u00e1ci\u00f3 m\u00e9g nem volt a kabinetj\u00e9ben. Erdo\u011fant t\u00f6bbek k\u00f6z\u00f6tt a k\u00fcl\u00fcgyminiszter, a v\u00e9delmi miniszter \u00e9s a gazdas\u00e1gi miniszter k\u00eds\u00e9rte el.<\/p>\n<p><em>fot\u00f3, sz\u00f6veg. M. Olejnik<\/em><\/p>\n<p><a href=\"https:\/\/marekkuchcinski.pl\/wp-content\/uploads\/2017\/10\/Er1.jpg\"><img fetchpriority=\"high\" decoding=\"async\" class=\"alignnone size-full wp-image-7511\" src=\"https:\/\/marekkuchcinski.pl\/wp-content\/uploads\/2017\/10\/Er1.jpg\" alt=\"Er1\" width=\"4896\" height=\"2760\" srcset=\"https:\/\/marekkuchcinski.pl\/wp-content\/uploads\/2017\/10\/Er1.jpg 2048w, https:\/\/marekkuchcinski.pl\/wp-content\/uploads\/2017\/10\/Er1-300x169.jpg 300w, https:\/\/marekkuchcinski.pl\/wp-content\/uploads\/2017\/10\/Er1-768x433.jpg 768w, https:\/\/marekkuchcinski.pl\/wp-content\/uploads\/2017\/10\/Er1-1024x577.jpg 1024w\" sizes=\"(max-width: 4896px) 100vw, 4896px\" \/><\/a> <a href=\"https:\/\/marekkuchcinski.pl\/wp-content\/uploads\/2017\/10\/Er3.jpg\"><img decoding=\"async\" class=\"alignnone size-full wp-image-7512\" src=\"https:\/\/marekkuchcinski.pl\/wp-content\/uploads\/2017\/10\/Er3.jpg\" alt=\"Er3\" width=\"4896\" height=\"2760\" srcset=\"https:\/\/marekkuchcinski.pl\/wp-content\/uploads\/2017\/10\/Er3.jpg 2048w, https:\/\/marekkuchcinski.pl\/wp-content\/uploads\/2017\/10\/Er3-300x169.jpg 300w, https:\/\/marekkuchcinski.pl\/wp-content\/uploads\/2017\/10\/Er3-768x433.jpg 768w, https:\/\/marekkuchcinski.pl\/wp-content\/uploads\/2017\/10\/Er3-1024x577.jpg 1024w\" sizes=\"(max-width: 4896px) 100vw, 4896px\" \/><\/a> <a href=\"https:\/\/marekkuchcinski.pl\/wp-content\/uploads\/2017\/10\/Er4.jpg\"><img decoding=\"async\" class=\"alignnone size-full wp-image-7513\" src=\"https:\/\/marekkuchcinski.pl\/wp-content\/uploads\/2017\/10\/Er4.jpg\" alt=\"Er4\" width=\"4188\" height=\"2558\" srcset=\"https:\/\/marekkuchcinski.pl\/wp-content\/uploads\/2017\/10\/Er4.jpg 2048w, https:\/\/marekkuchcinski.pl\/wp-content\/uploads\/2017\/10\/Er4-300x183.jpg 300w, https:\/\/marekkuchcinski.pl\/wp-content\/uploads\/2017\/10\/Er4-768x469.jpg 768w, https:\/\/marekkuchcinski.pl\/wp-content\/uploads\/2017\/10\/Er4-1024x625.jpg 1024w\" sizes=\"(max-width: 4188px) 100vw, 4188px\" \/><\/a> <a href=\"https:\/\/marekkuchcinski.pl\/wp-content\/uploads\/2017\/10\/Er5.jpg\"><img loading=\"lazy\" decoding=\"async\" class=\"alignnone size-full wp-image-7514\" src=\"https:\/\/marekkuchcinski.pl\/wp-content\/uploads\/2017\/10\/Er5.jpg\" alt=\"Er5\" width=\"3786\" height=\"2291\" srcset=\"https:\/\/marekkuchcinski.pl\/wp-content\/uploads\/2017\/10\/Er5.jpg 2048w, https:\/\/marekkuchcinski.pl\/wp-content\/uploads\/2017\/10\/Er5-300x182.jpg 300w, https:\/\/marekkuchcinski.pl\/wp-content\/uploads\/2017\/10\/Er5-768x465.jpg 768w, https:\/\/marekkuchcinski.pl\/wp-content\/uploads\/2017\/10\/Er5-1024x620.jpg 1024w\" sizes=\"(max-width: 3786px) 100vw, 3786px\" \/><\/a><\/p>\n<p><iframe title=\"A t\u00f6r\u00f6k eln\u00f6k lengyelorsz\u00e1gi l\u00e1togat\u00e1sa. Recep Tayyip Erdo\u011fan tal\u00e1lkozott a szejm eln\u00f6k\u00e9vel\" width=\"800\" height=\"450\" src=\"https:\/\/www.youtube.com\/embed\/JGzQ-hXXdqw?feature=oembed\" frameborder=\"0\" allow=\"accelerometer; autoplay; clipboard-write; encrypted-media; gyroscope; picture-in-picture\" allowfullscreen><\/iframe><\/p>","protected":false},"excerpt":{"rendered":"<p>Wsp\u00f3\u0142praca regionalna po obu stronach Schengen, wsp\u00f3\u0142praca gospodarcza, przemys\u0142owa, w ramach NATO, turystyki i infrastruktury to g\u0142\u00f3wne tematy rozm\u00f3w marsza\u0142ka Sejmu z prezydentem Turcji. Rok temu marsza\u0142ek Marek Kuchci\u0144ski zosta\u0142 przyj\u0119ty przez Recipa Erdo\u011fana w Ankarze, mo\u017cna wi\u0119c powiedzie\u0107, \u017ce by\u0142a to rewizyta prezydenta. Kuchci\u0144ski podkre\u015bla\u0142, \u017ce szczeg\u00f3lnie wa\u017cna jest wsp\u00f3\u0142praca kraj\u00f3w mi\u0119dzy morzami: Ba\u0142tyckim, [&hellip;]<\/p>\n","protected":false},"author":6,"featured_media":7511,"comment_status":"open","ping_status":"open","sticky":false,"template":"","format":"standard","meta":{"ngg_post_thumbnail":0,"footnotes":""},"categories":[81,50,3],"tags":[],"class_list":["post-7510","post","type-post","status-publish","format-standard","has-post-thumbnail","hentry","category-wiesci-z-sejmu","category-wspolpraca-miedzynarodowa","category-wydarzenia"],"_links":{"self":[{"href":"https:\/\/marekkuchcinski.pl\/hu\/wp-json\/wp\/v2\/posts\/7510","targetHints":{"allow":["GET"]}}],"collection":[{"href":"https:\/\/marekkuchcinski.pl\/hu\/wp-json\/wp\/v2\/posts"}],"about":[{"href":"https:\/\/marekkuchcinski.pl\/hu\/wp-json\/wp\/v2\/types\/post"}],"author":[{"embeddable":true,"href":"https:\/\/marekkuchcinski.pl\/hu\/wp-json\/wp\/v2\/users\/6"}],"replies":[{"embeddable":true,"href":"https:\/\/marekkuchcinski.pl\/hu\/wp-json\/wp\/v2\/comments?post=7510"}],"version-history":[{"count":2,"href":"https:\/\/marekkuchcinski.pl\/hu\/wp-json\/wp\/v2\/posts\/7510\/revisions"}],"predecessor-version":[{"id":7517,"href":"https:\/\/marekkuchcinski.pl\/hu\/wp-json\/wp\/v2\/posts\/7510\/revisions\/7517"}],"wp:featuredmedia":[{"embeddable":true,"href":"https:\/\/marekkuchcinski.pl\/hu\/wp-json\/wp\/v2\/media\/7511"}],"wp:attachment":[{"href":"https:\/\/marekkuchcinski.pl\/hu\/wp-json\/wp\/v2\/media?parent=7510"}],"wp:term":[{"taxonomy":"category","embeddable":true,"href":"https:\/\/marekkuchcinski.pl\/hu\/wp-json\/wp\/v2\/categories?post=7510"},{"taxonomy":"post_tag","embeddable":true,"href":"https:\/\/marekkuchcinski.pl\/hu\/wp-json\/wp\/v2\/tags?post=7510"}],"curies":[{"name":"wp","href":"https:\/\/api.w.org\/{rel}","templated":true}]}}