{"id":7484,"date":"2017-10-14T11:03:09","date_gmt":"2017-10-14T09:03:09","guid":{"rendered":"https:\/\/marekkuchcinski.pl\/?p=7484"},"modified":"2017-10-14T11:03:09","modified_gmt":"2017-10-14T09:03:09","slug":"zyczenia-okazji-edukacji-narodowej","status":"publish","type":"post","link":"https:\/\/marekkuchcinski.pl\/hu\/wydarzenia\/zyczenia-okazji-edukacji-narodowej\/","title":{"rendered":"\u00dcdv\u00f6zlet a nemzeti oktat\u00e1si nap alkalm\u00e1b\u00f3l"},"content":{"rendered":"<p style=\"text-align: center;\"><em>A Nemzeti Oktat\u00e1si Nap alkalm\u00e1b\u00f3l minden tan\u00e1r \u00e9s di\u00e1k\u00a0<\/em><br \/>\n<em>K\u00edv\u00e1nom \u00d6n\u00f6knek \u00e9s di\u00e1kjaiknak, hogy kapcsolataik k\u00f6lcs\u00f6n\u00f6s tisztelettel \u00e9s meg\u00e9rt\u00e9ssel legyenek tele, \u00e9s hogy az iskol\u00e1k a pozit\u00edv energi\u00e1k hely\u00e9vel t\u00e1rsuljanak, \u00f6r\u00f6met \u00e9s el\u00e9gedetts\u00e9get adva a megszerzett tud\u00e1sb\u00f3l \u00e9s fejl\u0151d\u00e9sb\u0151l. Legyen a reggeli \u00e9breszt\u0151\u00f3ra egy olyan k\u00f6nyv \u00faj fejezet\u00e9nek kezdet\u00e9t jelk\u00e9pezi, amely mag\u00e1val ragad, eml\u00e9kezetess\u00e9 tesz, sz\u00f3rakoztat, tan\u00edt, \u00e9s kedvet \u00e9breszt a t\u00f6bbre, a tud\u00e1s tov\u00e1bbi keres\u00e9s\u00e9re. M\u00e9g mindig \u00edrjuk ezt a k\u00f6nyvet, \u00faj oldalakat adunk hozz\u00e1, b\u0151v\u00edtj\u00fck a l\u00e1t\u00f3k\u00f6r\u00fcnket - ez a fejl\u0151d\u00e9s l\u00e9nyege. \u00c9s az egym\u00e1st k\u00f6vet\u0151 fejezetek felfedez\u00e9s\u00e9\u00e9rt \u0151szint\u00e9n k\u00f6sz\u00f6netet mondok azoknak, akik tan\u00edtanak \u00e9s azoknak, akiket tan\u00edtanak.<\/em><\/p>\n<p><em>Marek Kuchci\u0144ski<\/em><\/p>","protected":false},"excerpt":{"rendered":"<p>Z okazji Dnia Edukacji Narodowej wszystkim nauczycielkom i nauczycielom oraz uczniom\u00a0 i uczennicom \u017cycz\u0119, by Wasze relacje by\u0142y pe\u0142ne wzajemnego szacunku i zrozumienia, szko\u0142y kojarzy\u0142y si\u0119 z miejscem pozytywnej energii, daj\u0105cym rado\u015b\u0107\u00a0i satysfakcj\u0119 ze zdobywanej wiedzy i rozwoju. Niech poranny budzik b\u0119dzie symbolem pocz\u0105tku nowego rozdzia\u0142u ksi\u0105\u017cki, kt\u00f3ra wci\u0105ga, zapada w pami\u0119\u0107, bawi, uczy i [&hellip;]<\/p>\n","protected":false},"author":6,"featured_media":7485,"comment_status":"open","ping_status":"open","sticky":false,"template":"","format":"standard","meta":{"ngg_post_thumbnail":0,"footnotes":""},"categories":[3],"tags":[],"class_list":["post-7484","post","type-post","status-publish","format-standard","has-post-thumbnail","hentry","category-wydarzenia"],"_links":{"self":[{"href":"https:\/\/marekkuchcinski.pl\/hu\/wp-json\/wp\/v2\/posts\/7484","targetHints":{"allow":["GET"]}}],"collection":[{"href":"https:\/\/marekkuchcinski.pl\/hu\/wp-json\/wp\/v2\/posts"}],"about":[{"href":"https:\/\/marekkuchcinski.pl\/hu\/wp-json\/wp\/v2\/types\/post"}],"author":[{"embeddable":true,"href":"https:\/\/marekkuchcinski.pl\/hu\/wp-json\/wp\/v2\/users\/6"}],"replies":[{"embeddable":true,"href":"https:\/\/marekkuchcinski.pl\/hu\/wp-json\/wp\/v2\/comments?post=7484"}],"version-history":[{"count":1,"href":"https:\/\/marekkuchcinski.pl\/hu\/wp-json\/wp\/v2\/posts\/7484\/revisions"}],"predecessor-version":[{"id":7486,"href":"https:\/\/marekkuchcinski.pl\/hu\/wp-json\/wp\/v2\/posts\/7484\/revisions\/7486"}],"wp:featuredmedia":[{"embeddable":true,"href":"https:\/\/marekkuchcinski.pl\/hu\/wp-json\/wp\/v2\/media\/7485"}],"wp:attachment":[{"href":"https:\/\/marekkuchcinski.pl\/hu\/wp-json\/wp\/v2\/media?parent=7484"}],"wp:term":[{"taxonomy":"category","embeddable":true,"href":"https:\/\/marekkuchcinski.pl\/hu\/wp-json\/wp\/v2\/categories?post=7484"},{"taxonomy":"post_tag","embeddable":true,"href":"https:\/\/marekkuchcinski.pl\/hu\/wp-json\/wp\/v2\/tags?post=7484"}],"curies":[{"name":"wp","href":"https:\/\/api.w.org\/{rel}","templated":true}]}}