{"id":7329,"date":"2017-09-20T10:47:17","date_gmt":"2017-09-20T08:47:17","guid":{"rendered":"https:\/\/marekkuchcinski.pl\/?p=7329"},"modified":"2017-09-20T11:03:12","modified_gmt":"2017-09-20T09:03:12","slug":"60-latach-skazania-niepamiec-janos-esterhazy-doczekal-godnego-pochowku","status":"publish","type":"post","link":"https:\/\/marekkuchcinski.pl\/hu\/wydarzenia\/60-latach-skazania-niepamiec-janos-esterhazy-doczekal-godnego-pochowku\/","title":{"rendered":"\u00c9veken \u00e1t tart\u00f3 feled\u00e9sbe mer\u00fcl\u00e9s ut\u00e1n m\u00e9lt\u00f3 temet\u00e9st kapott Esterh\u00e1zy J\u00e1nos"},"content":{"rendered":"<p><strong>60 \u00e9v ut\u00e1n tal\u00e1lt\u00e1k meg a m\u00e1sodik vil\u00e1gh\u00e1bor\u00fa alatt a lengyeleket seg\u00edt\u0151 Esterh\u00e1zy J\u00e1nos hamvait, akit sz\u00fcl\u0151faluj\u00e1ban, Doln\u00ed Obdokovecben, egy k\u00e1poln\u00e1ban helyeztek \u00f6r\u00f6k nyugalomra. A temet\u00e9si szertart\u00e1sokon Marek J\u0119draszewski krakk\u00f3i \u00e9rsek eln\u00f6k\u00f6lt.<\/strong><\/p>\n<p>- A totalit\u00e1rius rendszerek nem voltak hajland\u00f3k s\u00edrhelyet adni nemes \u00e9s nagyszer\u0171 embereknek, \u00e9s ez vonatkozott Esterh\u00e1zy J\u00e1nosra is\" - mondta Marek J\u0119draszewski \u00e9rsek a Szent Kereszt Felmagasztal\u00e1sa k\u00e1poln\u00e1ban tartott szertart\u00e1son. - Magyarorsz\u00e1g, Lengyelorsz\u00e1g \u00e9s Szlov\u00e1kia e h\u0151s\u00e9nek hamvai v\u00e9gre megtal\u00e1lt\u00e1k s\u00edrjukat, ami egyr\u00e9szt a r\u00e1 val\u00f3 eml\u00e9kez\u00e9s\u00fcnk kifejez\u00e9se, m\u00e1sr\u00e9szt pedig egy olyan hely, amely mindannyiunk sz\u00e1m\u00e1ra a szolidarit\u00e1s, az eml\u00e9kez\u00e9s, a hit, a megbocs\u00e1t\u00e1s \u00e9s a megb\u00e9k\u00e9l\u00e9s nagy k\u00f6teless\u00e9g\u00e9v\u00e9 v\u00e1lik.<\/p>\n<div id=\"main\">\n<div class=\"lColA\">\n<div class=\"article\">\n<p>- Esterh\u00e1zy J\u00e1nos \u00fagy \u00e9rezte, hogy \u0151 demokrata, kereszt\u00e9ny \u00e9s k\u00f6z\u00e9p-kelet-eur\u00f3pai ember. Akkoriban b\u00e1rmelyik ok el\u00e9g volt ahhoz, hogy beb\u00f6rt\u00f6n\u00f6zz\u00e9k vagy ak\u00e1r az \u00e9let\u00e9t\u0151l is megfossz\u00e1k - mutatott r\u00e1 az \u00e9rsek.<\/p>\n<p>A krakk\u00f3i metropolita egy olyan politikus alakj\u00e1ra eml\u00e9kezett, aki a k\u00f6z\u00f6s lengyel-magyar t\u00f6rt\u00e9nelem \u00e9s hagyom\u00e1nyok szimb\u00f3luma volt. Esterh\u00e1zy J\u00e1nos, kihaszn\u00e1lva ismerets\u00e9geit \u00e9s csal\u00e1di kapcsolatait - egy magyar arisztokrata \u00e9s El\u017cbieta, Stanis\u0142aw Tarnowski gr\u00f3f l\u00e1ny\u00e1nak a fia volt -, seg\u00edtett a Szlov\u00e1ki\u00e1b\u00f3l bet\u00f6r\u0151 lengyeleknek, hogy Magyarorsz\u00e1gon \u00e9s Rom\u00e1ni\u00e1n kereszt\u00fcl nyugatra jussanak, ahol a lengyel hadsereg megalakult.<\/p>\n<p>Az els\u0151 Szlov\u00e1k K\u00f6zt\u00e1rsas\u00e1g egyetlen parlamenti k\u00e9pvisel\u0151jek\u00e9nt ellenezte a szlov\u00e1kiai zsid\u00f3k 1942-es megsemmis\u00edt\u0151 t\u00e1borokba val\u00f3 deport\u00e1l\u00e1s\u00e1t. A h\u00e1bor\u00fa befejez\u00e9se ut\u00e1n, 1945-ben a szlov\u00e1k kommunist\u00e1k beb\u00f6rt\u00f6n\u00f6zt\u00e9k \u00e9s \u00e1tadt\u00e1k az NKVD-nek. Hal\u00e1lb\u00fcntet\u00e9s\u00e9t munkat\u00e1borban val\u00f3 munk\u00e1ra v\u00e1ltoztatt\u00e1k, ahol tal\u00e1lkozott lengyelekkel, az AK vilniusi k\u00f6rzet\u00e9nek katon\u00e1ival. - B\u00e1rhol is volt, minden\u00fctt meger\u0151s\u00edtette az embereket a hitben, a kereszt\u00e9ny rem\u00e9nys\u00e9gben, lelki erej\u00fcket Krisztus keresztj\u00e9b\u0151l mer\u00edtve - mondta a hierarchia. - \u00c9lete utols\u00f3 \u00e9veit egy Ostrava melletti kem\u00e9ny b\u00f6rt\u00f6nben t\u00f6lt\u00f6tte, \u00e9s ott halt meg a szentek v\u00e9lem\u00e9nye szerint. F\u00e1radhatatlan k\u00f6vet\u0151je volt Krisztus keresztj\u00e9nek. 1957-ben halt meg, de eml\u00e9k\u00e9t a magyarok, szlov\u00e1kok, csehek \u00e9s lengyelek nem tisztelt\u00e9k.<\/p>\n<p>- Csak most \u00e9ledt fel ez az eml\u00e9k, \u00e9s a mai \u00fcnneps\u00e9gen Magyarorsz\u00e1g, Szlov\u00e1kia \u00e9s Lengyelorsz\u00e1g p\u00fcsp\u00f6kei, valamint a Cseh P\u00fcsp\u00f6ki Konferencia magas rang\u00fa k\u00e9pvisel\u0151je is r\u00e9szt vett. Eszterh\u00e1zy szem\u00e9ly\u00e9ben olyan emberrel van dolgunk, aki egyes\u00edt benn\u00fcnket, aki egyes\u00edti a nemzeteket Eur\u00f3pa ezen r\u00e9sz\u00e9n abban, hogy ugyanazt a hitet vallj\u00e1k, hogy er\u0151t mer\u00edtsenek Krisztus keresztj\u00e9b\u0151l, aki a megosztotts\u00e1gon t\u00fali egys\u00e9gre tan\u00edt, aki megmutatja, hogy mindenki sz\u00e1m\u00e1ra Krisztus egyh\u00e1za az igazi otthon\" - hangs\u00falyozta Marek J\u0119draszewski \u00e9rsek, hogy a Krisztus evang\u00e9lium\u00e1ba vetett hit az egyetlen alap, amely egyes\u00edtheti Eur\u00f3p\u00e1t \u00e9s megmentheti Eur\u00f3p\u00e1t abban a korban, amikor az evang\u00e9liumot, a keresztet \u00e9s azokat, akik megteremtett\u00e9k a kereszt\u00e9ny Eur\u00f3pa \u00e9s egys\u00e9g\u00e9nek alapjait, minden\u00e1ron el kell felejteni.<\/p>\n<p>\"Eg\u00e9sz \u00e9let\u00e9ben h\u0171 maradt a kereszt\u00e9ny Eur\u00f3pa elveihez, \u00e9s a teljes vesz\u00e9ly ellen\u00e9re rend\u00fcletlen\u00fcl ki\u00e1llt az \u00fcld\u00f6z\u00f6ttek mellett. Ma a b\u00e1tors\u00e1g \u00e9s az \u00f3vatoss\u00e1g szimb\u00f3luma. (...) Ahogyan kort\u00e1rsainak sz\u00fcks\u00e9ge volt r\u00e1, hogy nev\u00e9n nevezze a dolgokat, \u00e9s \u00f3va intett az \u0151r\u00fclt, t\u00e9bolyult ideol\u00f3gi\u00e1kt\u00f3l, \u00fagy van r\u00e1 sz\u00fcks\u00e9g\u00fcnk ma is, hogy ne vesz\u00edts\u00fck el identit\u00e1sunkat, \u00e9s hivatkozhassunk egyedi \u00fczenet\u00e9re\" - \u00edrta Jaros\u0142aw Szarek, a Nemzeti Eml\u00e9kezet Int\u00e9zet\u00e9nek eln\u00f6ke az \u00fcnneps\u00e9g r\u00e9sztvev\u0151inek c\u00edmzett, Esterh\u00e1zy J\u00e1nosr\u00f3l sz\u00f3l\u00f3 level\u00e9ben.<\/p>\n<p>A m\u00e1sodik vil\u00e1gh\u00e1bor\u00fa alatti lengyel menek\u00fcltek megseg\u00edt\u00e9s\u00e9\u00e9rt Esterh\u00e1zy J\u00e1nos 2009-ben posztumusz megkapta a Polonia Restituta Rend parancsnoki keresztj\u00e9t Lech Kaczy\u0144ski eln\u00f6kt\u0151l.<\/p>\n<p><em>forr\u00e1s: Krakk\u00f3i F\u0151egyh\u00e1zmegye<\/em><\/p>\n<p><a href=\"https:\/\/marekkuchcinski.pl\/wp-content\/uploads\/2017\/09\/Esterhazy.jpg\"><img fetchpriority=\"high\" decoding=\"async\" class=\"alignnone wp-image-7330\" src=\"https:\/\/marekkuchcinski.pl\/wp-content\/uploads\/2017\/09\/Esterhazy.jpg\" alt=\"Esterhazy\" width=\"971\" height=\"1456\" srcset=\"https:\/\/marekkuchcinski.pl\/wp-content\/uploads\/2017\/09\/Esterhazy.jpg 683w, https:\/\/marekkuchcinski.pl\/wp-content\/uploads\/2017\/09\/Esterhazy-200x300.jpg 200w\" sizes=\"(max-width: 971px) 100vw, 971px\" \/><\/a><\/p>\n<\/div>\n<\/div>\n<\/div>","protected":false},"excerpt":{"rendered":"<p>Odnalezione po 60 latach prochy J\u00e1nosa Esterh\u00e1zego, cz\u0142owieka, kt\u00f3ry\u00a0 w czasie II wojny pomaga\u0142 Polakom, spocz\u0119\u0142y w kaplicy w jego rodzinnej miejscowo\u015bci w Dolnych Obdokovcach. Obrz\u0119dom pogrzebowym przewodniczy\u0142 metropolita krakowski abp Marek J\u0119draszewski. &#8211; Systemy totalitarne odmawia\u0142y prawa do grobu ludziom szlachetnym i wspania\u0142ym, odnosi\u0142o si\u0119 to tak\u017ce do J\u00e1nosa Esterh\u00e1zego &#8211; m\u00f3wi\u0142 podczas uroczysto\u015bci [&hellip;]<\/p>\n","protected":false},"author":6,"featured_media":7330,"comment_status":"open","ping_status":"open","sticky":false,"template":"","format":"standard","meta":{"ngg_post_thumbnail":0,"footnotes":""},"categories":[50,3],"tags":[],"class_list":["post-7329","post","type-post","status-publish","format-standard","has-post-thumbnail","hentry","category-wspolpraca-miedzynarodowa","category-wydarzenia"],"_links":{"self":[{"href":"https:\/\/marekkuchcinski.pl\/hu\/wp-json\/wp\/v2\/posts\/7329","targetHints":{"allow":["GET"]}}],"collection":[{"href":"https:\/\/marekkuchcinski.pl\/hu\/wp-json\/wp\/v2\/posts"}],"about":[{"href":"https:\/\/marekkuchcinski.pl\/hu\/wp-json\/wp\/v2\/types\/post"}],"author":[{"embeddable":true,"href":"https:\/\/marekkuchcinski.pl\/hu\/wp-json\/wp\/v2\/users\/6"}],"replies":[{"embeddable":true,"href":"https:\/\/marekkuchcinski.pl\/hu\/wp-json\/wp\/v2\/comments?post=7329"}],"version-history":[{"count":6,"href":"https:\/\/marekkuchcinski.pl\/hu\/wp-json\/wp\/v2\/posts\/7329\/revisions"}],"predecessor-version":[{"id":7336,"href":"https:\/\/marekkuchcinski.pl\/hu\/wp-json\/wp\/v2\/posts\/7329\/revisions\/7336"}],"wp:featuredmedia":[{"embeddable":true,"href":"https:\/\/marekkuchcinski.pl\/hu\/wp-json\/wp\/v2\/media\/7330"}],"wp:attachment":[{"href":"https:\/\/marekkuchcinski.pl\/hu\/wp-json\/wp\/v2\/media?parent=7329"}],"wp:term":[{"taxonomy":"category","embeddable":true,"href":"https:\/\/marekkuchcinski.pl\/hu\/wp-json\/wp\/v2\/categories?post=7329"},{"taxonomy":"post_tag","embeddable":true,"href":"https:\/\/marekkuchcinski.pl\/hu\/wp-json\/wp\/v2\/tags?post=7329"}],"curies":[{"name":"wp","href":"https:\/\/api.w.org\/{rel}","templated":true}]}}