{"id":7223,"date":"2017-09-08T23:55:04","date_gmt":"2017-09-08T21:55:04","guid":{"rendered":"https:\/\/marekkuchcinski.pl\/?p=7223"},"modified":"2017-09-16T17:12:21","modified_gmt":"2017-09-16T15:12:21","slug":"7223","status":"publish","type":"post","link":"https:\/\/marekkuchcinski.pl\/hu\/wydarzenia\/7223\/","title":{"rendered":"\"Eur\u00f3pa elvesz\u00edti a kereszt\u00e9ny \u00e9rt\u00e9keket\". A Szejm eln\u00f6ke a Krynicai Gazdas\u00e1gi F\u00f3rumon az Eur\u00f3pa j\u00f6v\u0151j\u00e9r\u0151l sz\u00f3l\u00f3 \u00fcl\u00e9sszak vend\u00e9gek\u00e9nt"},"content":{"rendered":"<p dir=\"ltr\">Cs\u00fct\u00f6rt\u00f6k\u00f6n Marek Kuchci\u0144ski r\u00e9szt vett a f\u00f3rum utols\u00f3 napj\u00e1n a Krynic\u00e1ban tartott tal\u00e1lkoz\u00f3t lez\u00e1r\u00f3 panelbesz\u00e9lget\u00e9sen. A megbesz\u00e9l\u00e9s t\u00e9m\u00e1ja a k\u00f6vetkez\u0151 volt: \"Projekt: Eur\u00f3pa. Milyen recept a k\u00f6vetkez\u0151 \u00e9vtizedekre?\". - Eur\u00f3pa egyik alapvet\u0151 probl\u00e9m\u00e1ja az identit\u00e1sv\u00e1ls\u00e1g. A recept nem egy gyors integr\u00e1ci\u00f3 az Eur\u00f3pai Egyes\u00fclt \u00c1llamok ir\u00e1ny\u00e1ba, hanem az Uni\u00f3 bels\u0151 m\u0171k\u00f6d\u00e9s\u00e9nek rendez\u00e9se, egy \u00e9rt\u00e9krend kialak\u00edt\u00e1sa \u00e9s a szuver\u00e9n \u00e1llamok tiszteletben tart\u00e1sa r\u00e9v\u00e9n az integr\u00e1ci\u00f3hoz val\u00f3 fokozatos eljut\u00e1s - mondta a szejm eln\u00f6ke.<\/p>\n<p dir=\"ltr\">Kuchci\u0144ski h\u00e1zeln\u00f6k szerint az EU v\u00e1ls\u00e1g\u00e1nak alapja a hagyom\u00e1nyos kereszt\u00e9ny \u00e9rt\u00e9kekt\u0151l val\u00f3 elt\u00e1volod\u00e1s. A h\u00e1zeln\u00f6k r\u00e1mutat, hogy ezek az \u00e9rt\u00e9kek elvesznek. Hangs\u00falyozta tov\u00e1bb\u00e1, hogy az uni\u00f3s tag\u00e1llamoknak tiszteletben kell tartaniuk az \u00faj eur\u00f3pai \u00e1llamok f\u00fcggetlens\u00e9g\u00e9nek \u00e9s szuverenit\u00e1s\u00e1nak meger\u0151s\u00edt\u00e9s\u00e9t.<br \/>\nA szejm eln\u00f6ke a demogr\u00e1fiai v\u00e1ls\u00e1gr\u00f3l is besz\u00e9lt, \u00e9s eml\u00e9keztetett arra, hogy Lengyelorsz\u00e1g, mik\u00f6zben t\u00e1mogatja az \u00e9rkez\u0151 ukr\u00e1nokat, kereszt\u00e9ny \u00e9rt\u00e9keket alkalmaz, amelyeknek az EU alapj\u00e1t kell k\u00e9pezni\u00fck. - T\u00f6bb mint 1,5 milli\u00f3 ukr\u00e1n dolgozik Lengyelorsz\u00e1gban, \u00e9s becsl\u00e9seink szerint legal\u00e1bb 20%-uk az orsz\u00e1g keleti r\u00e9sz\u00e9n zajl\u00f3 h\u00e1bor\u00fa miatt \u00e9rkezett. Ez a mi v\u00e1laszunk a haz\u00e1k Eur\u00f3p\u00e1j\u00e1nak \u00e9s az emberek kereszt\u00e9ny megk\u00f6zel\u00edt\u00e9s\u00e9nek \u00f6sszef\u00fcgg\u00e9s\u00e9ben.<\/p>\n<p dir=\"ltr\">Az Eur\u00f3pa j\u00f6v\u0151j\u00e9r\u0151l sz\u00f3l\u00f3, Maurizio Caprara rovatvezet\u0151 \u00e1ltal moder\u00e1lt panelbesz\u00e9lget\u00e9sen r\u00e9szt vett Traian B\u0103sescu volt rom\u00e1n eln\u00f6k, Eamon Gilmore volt \u00edr minisztereln\u00f6k-helyettes \u00e9s k\u00fcl\u00fcgyminiszter, valamint Boris Reitschuster \u00fajs\u00e1g\u00edr\u00f3 is.<\/p>\n<p dir=\"ltr\"><em>Sz\u00f6veg A Szejm kancell\u00e1ri\u00e1ja<\/em><\/p>\n<p dir=\"ltr\"><em>Fot\u00f3: Pawe\u0142 Kula<\/em><\/p>\n<p dir=\"ltr\"><a href=\"https:\/\/marekkuchcinski.pl\/wp-content\/uploads\/2017\/09\/KU203155.jpg\"><img fetchpriority=\"high\" decoding=\"async\" class=\"alignnone size-full wp-image-7227\" src=\"https:\/\/marekkuchcinski.pl\/wp-content\/uploads\/2017\/09\/KU203155.jpg\" alt=\"KU203155\" width=\"2736\" height=\"1824\" srcset=\"https:\/\/marekkuchcinski.pl\/wp-content\/uploads\/2017\/09\/KU203155.jpg 2048w, https:\/\/marekkuchcinski.pl\/wp-content\/uploads\/2017\/09\/KU203155-300x200.jpg 300w, https:\/\/marekkuchcinski.pl\/wp-content\/uploads\/2017\/09\/KU203155-768x512.jpg 768w, https:\/\/marekkuchcinski.pl\/wp-content\/uploads\/2017\/09\/KU203155-1024x683.jpg 1024w\" sizes=\"(max-width: 2736px) 100vw, 2736px\" \/><\/a> <a href=\"https:\/\/marekkuchcinski.pl\/wp-content\/uploads\/2017\/09\/KU203184.jpg\"><img decoding=\"async\" class=\"alignnone size-full wp-image-7228\" src=\"https:\/\/marekkuchcinski.pl\/wp-content\/uploads\/2017\/09\/KU203184.jpg\" alt=\"KU203184\" width=\"2736\" height=\"1824\" srcset=\"https:\/\/marekkuchcinski.pl\/wp-content\/uploads\/2017\/09\/KU203184.jpg 2048w, https:\/\/marekkuchcinski.pl\/wp-content\/uploads\/2017\/09\/KU203184-300x200.jpg 300w, https:\/\/marekkuchcinski.pl\/wp-content\/uploads\/2017\/09\/KU203184-768x512.jpg 768w, https:\/\/marekkuchcinski.pl\/wp-content\/uploads\/2017\/09\/KU203184-1024x683.jpg 1024w\" sizes=\"(max-width: 2736px) 100vw, 2736px\" \/><\/a> <a href=\"https:\/\/marekkuchcinski.pl\/wp-content\/uploads\/2017\/09\/KU203246-1.jpg\"><img decoding=\"async\" class=\"alignnone size-full wp-image-7229\" src=\"https:\/\/marekkuchcinski.pl\/wp-content\/uploads\/2017\/09\/KU203246-1.jpg\" alt=\"KU203246\" width=\"2736\" height=\"1824\" srcset=\"https:\/\/marekkuchcinski.pl\/wp-content\/uploads\/2017\/09\/KU203246-1.jpg 2048w, https:\/\/marekkuchcinski.pl\/wp-content\/uploads\/2017\/09\/KU203246-1-300x200.jpg 300w, https:\/\/marekkuchcinski.pl\/wp-content\/uploads\/2017\/09\/KU203246-1-768x512.jpg 768w, https:\/\/marekkuchcinski.pl\/wp-content\/uploads\/2017\/09\/KU203246-1-1024x683.jpg 1024w\" sizes=\"(max-width: 2736px) 100vw, 2736px\" \/><\/a> <a href=\"https:\/\/marekkuchcinski.pl\/wp-content\/uploads\/2017\/09\/KU203311.jpg\"><img loading=\"lazy\" decoding=\"async\" class=\"alignnone size-full wp-image-7230\" src=\"https:\/\/marekkuchcinski.pl\/wp-content\/uploads\/2017\/09\/KU203311.jpg\" alt=\"KU203311\" width=\"2736\" height=\"1824\" srcset=\"https:\/\/marekkuchcinski.pl\/wp-content\/uploads\/2017\/09\/KU203311.jpg 2048w, https:\/\/marekkuchcinski.pl\/wp-content\/uploads\/2017\/09\/KU203311-300x200.jpg 300w, https:\/\/marekkuchcinski.pl\/wp-content\/uploads\/2017\/09\/KU203311-768x512.jpg 768w, https:\/\/marekkuchcinski.pl\/wp-content\/uploads\/2017\/09\/KU203311-1024x683.jpg 1024w\" sizes=\"(max-width: 2736px) 100vw, 2736px\" \/><\/a> <a href=\"https:\/\/marekkuchcinski.pl\/wp-content\/uploads\/2017\/09\/KU203338.jpg\"><img loading=\"lazy\" decoding=\"async\" class=\"alignnone size-full wp-image-7231\" src=\"https:\/\/marekkuchcinski.pl\/wp-content\/uploads\/2017\/09\/KU203338.jpg\" alt=\"KU203338\" width=\"2736\" height=\"1824\" srcset=\"https:\/\/marekkuchcinski.pl\/wp-content\/uploads\/2017\/09\/KU203338.jpg 2048w, https:\/\/marekkuchcinski.pl\/wp-content\/uploads\/2017\/09\/KU203338-300x200.jpg 300w, https:\/\/marekkuchcinski.pl\/wp-content\/uploads\/2017\/09\/KU203338-768x512.jpg 768w, https:\/\/marekkuchcinski.pl\/wp-content\/uploads\/2017\/09\/KU203338-1024x683.jpg 1024w\" sizes=\"(max-width: 2736px) 100vw, 2736px\" \/><\/a> <a href=\"https:\/\/marekkuchcinski.pl\/wp-content\/uploads\/2017\/09\/KU203357.jpg\"><img loading=\"lazy\" decoding=\"async\" class=\"alignnone size-full wp-image-7232\" src=\"https:\/\/marekkuchcinski.pl\/wp-content\/uploads\/2017\/09\/KU203357.jpg\" alt=\"KU203357\" width=\"2736\" height=\"1824\" srcset=\"https:\/\/marekkuchcinski.pl\/wp-content\/uploads\/2017\/09\/KU203357.jpg 2048w, https:\/\/marekkuchcinski.pl\/wp-content\/uploads\/2017\/09\/KU203357-300x200.jpg 300w, https:\/\/marekkuchcinski.pl\/wp-content\/uploads\/2017\/09\/KU203357-768x512.jpg 768w, https:\/\/marekkuchcinski.pl\/wp-content\/uploads\/2017\/09\/KU203357-1024x683.jpg 1024w\" sizes=\"(max-width: 2736px) 100vw, 2736px\" \/><\/a><\/p>","protected":false},"excerpt":{"rendered":"<p>W czwartek Marek Kuchci\u0144ski w ostatnim dniu Forum uczestniczy\u0142 w panelu zamykaj\u0105cym spotkanie w Krynicy. Tematem dyskusji by\u0142o: \u201eProjekt: Europa. Jaki przepis na nast\u0119pne dekady?\u201d. &#8211; Jednym z fundamentalnych problem\u00f3w Europy jest kryzys to\u017csamo\u015bci. Recept\u0105 nie jest szybka integracja w stron\u0119 Stan\u00f3w Zjednoczonych Europy, ale uporz\u0105dkowanie funkcjonowania Unii wewn\u0105trz, ustalenie systemu warto\u015bci i stopniowe dochodzenie [&hellip;]<\/p>\n","protected":false},"author":6,"featured_media":7232,"comment_status":"open","ping_status":"open","sticky":false,"template":"","format":"standard","meta":{"ngg_post_thumbnail":0,"footnotes":""},"categories":[78,50,3],"tags":[],"class_list":["post-7223","post","type-post","status-publish","format-standard","has-post-thumbnail","hentry","category-europa-karpat","category-wspolpraca-miedzynarodowa","category-wydarzenia"],"_links":{"self":[{"href":"https:\/\/marekkuchcinski.pl\/hu\/wp-json\/wp\/v2\/posts\/7223","targetHints":{"allow":["GET"]}}],"collection":[{"href":"https:\/\/marekkuchcinski.pl\/hu\/wp-json\/wp\/v2\/posts"}],"about":[{"href":"https:\/\/marekkuchcinski.pl\/hu\/wp-json\/wp\/v2\/types\/post"}],"author":[{"embeddable":true,"href":"https:\/\/marekkuchcinski.pl\/hu\/wp-json\/wp\/v2\/users\/6"}],"replies":[{"embeddable":true,"href":"https:\/\/marekkuchcinski.pl\/hu\/wp-json\/wp\/v2\/comments?post=7223"}],"version-history":[{"count":2,"href":"https:\/\/marekkuchcinski.pl\/hu\/wp-json\/wp\/v2\/posts\/7223\/revisions"}],"predecessor-version":[{"id":7234,"href":"https:\/\/marekkuchcinski.pl\/hu\/wp-json\/wp\/v2\/posts\/7223\/revisions\/7234"}],"wp:featuredmedia":[{"embeddable":true,"href":"https:\/\/marekkuchcinski.pl\/hu\/wp-json\/wp\/v2\/media\/7232"}],"wp:attachment":[{"href":"https:\/\/marekkuchcinski.pl\/hu\/wp-json\/wp\/v2\/media?parent=7223"}],"wp:term":[{"taxonomy":"category","embeddable":true,"href":"https:\/\/marekkuchcinski.pl\/hu\/wp-json\/wp\/v2\/categories?post=7223"},{"taxonomy":"post_tag","embeddable":true,"href":"https:\/\/marekkuchcinski.pl\/hu\/wp-json\/wp\/v2\/tags?post=7223"}],"curies":[{"name":"wp","href":"https:\/\/api.w.org\/{rel}","templated":true}]}}